{"id":98918,"date":"2023-02-24T16:36:48","date_gmt":"2023-02-24T16:36:48","guid":{"rendered":"https:\/\/quehacerpolitico.mx\/?p=98918"},"modified":"2023-02-24T16:36:51","modified_gmt":"2023-02-24T16:36:51","slug":"la-ministra-yasmin-esquivel-no-solo-plagio-a-uno-plagio-a-12-personas-en-su-tesis-de-doctorado-segun-el-pais","status":"publish","type":"post","link":"https:\/\/quehacerpolitico.mx\/?p=98918","title":{"rendered":"La ministra Yasm\u00edn Esquivel no s\u00f3lo plagi\u00f3 a uno, plagi\u00f3 a 12 personas en su tesis de doctorado, seg\u00fan El Pa\u00eds"},"content":{"rendered":"\n<p>Por Redacci\u00f3n QP<\/p>\n\n\n\n<p>Una investigaci\u00f3n del diario espa\u00f1ol se\u00f1ala que el trabajo cuenta con partes \u00edntegras de publicaciones de otros 12 autores<\/p>\n\n\n\n<p>La ministra Yasm\u00edn Esquivel, quien es acusada de plagiar su tesis de licenciatura en 1987 cuando estudiaba en la UNAM<strong>, habr\u00eda hecho lo mismo con el trabajo con el que se convirti\u00f3 en doctora en Derecho por la Universidad An\u00e1huac,<\/strong>\u00a0de acuerdo con una investigaci\u00f3n elaborada por el diario espa\u00f1ol El Pa\u00eds publicada este viernes<\/p>\n\n\n\n<figure class=\"wp-block-image size-large\"><img loading=\"lazy\" decoding=\"async\" width=\"1024\" height=\"683\" src=\"https:\/\/quehacerpolitico.mx\/wp-content\/uploads\/2023\/02\/image-60-1024x683.jpeg\" alt=\"\" class=\"wp-image-98919\" srcset=\"https:\/\/quehacerpolitico.mx\/wp-content\/uploads\/2023\/02\/image-60-1024x683.jpeg 1024w, https:\/\/quehacerpolitico.mx\/wp-content\/uploads\/2023\/02\/image-60-300x200.jpeg 300w, https:\/\/quehacerpolitico.mx\/wp-content\/uploads\/2023\/02\/image-60-768x512.jpeg 768w, https:\/\/quehacerpolitico.mx\/wp-content\/uploads\/2023\/02\/image-60-219x146.jpeg 219w, https:\/\/quehacerpolitico.mx\/wp-content\/uploads\/2023\/02\/image-60-50x33.jpeg 50w, https:\/\/quehacerpolitico.mx\/wp-content\/uploads\/2023\/02\/image-60-113x75.jpeg 113w, https:\/\/quehacerpolitico.mx\/wp-content\/uploads\/2023\/02\/image-60.jpeg 1500w\" sizes=\"auto, (max-width: 1024px) 100vw, 1024px\" \/><\/figure>\n\n\n\n<p>En el trabajo, periodistas corroboraron que<strong>\u00a0209 de las 456 p\u00e1ginas<\/strong>\u00a0del texto escrito por ella, titulado \u201cLos derechos fundamentales en el sistema jur\u00eddico mexicano y su defensa\u201d,\u00a0<strong>cuentan con partes \u00edntegras de publicaciones de otros 12 autores.<\/strong>\u00a0Dos de los autores plagiados incluso confirmaron a El Pa\u00eds que se trata de una copia, esto luego de revisar \u201clas pruebas a ciegas\u201d sin que antes les dijeran que era la tesis de la ministra.<\/p>\n\n\n\n<figure class=\"wp-block-embed is-type-rich is-provider-twitter wp-block-embed-twitter\"><div class=\"wp-block-embed__wrapper\">\n<blockquote class=\"twitter-tweet\" data-width=\"550\" data-dnt=\"true\"><p lang=\"es\" dir=\"ltr\">\ud83d\udd34 EXCLUSIVA | La ministra Yasm\u00edn Esquivel (<a href=\"https:\/\/twitter.com\/YasminEsquivel_?ref_src=twsrc%5Etfw\">@YasminEsquivel_<\/a>) plagi\u00f3 en su tesis de doctorado<br><br>\ud83d\udd8b <a href=\"https:\/\/twitter.com\/amormundi_?ref_src=twsrc%5Etfw\">@amormundi_<\/a> | <a href=\"https:\/\/twitter.com\/BeaGTorres?ref_src=twsrc%5Etfw\">@BeaGTorres<\/a><br>\ud83d\udd17 <a href=\"https:\/\/t.co\/cgSBU6mj3g\">https:\/\/t.co\/cgSBU6mj3g<\/a> <br><br>\ud83e\uddf5\u2935 <a href=\"https:\/\/t.co\/Pk3ubIGP3b\">pic.twitter.com\/Pk3ubIGP3b<\/a><\/p>&mdash; EL PA\u00cdS M\u00e9xico (@elpaismexico) <a href=\"https:\/\/twitter.com\/elpaismexico\/status\/1629119043658448896?ref_src=twsrc%5Etfw\">February 24, 2023<\/a><\/blockquote><script async src=\"https:\/\/platform.twitter.com\/widgets.js\" charset=\"utf-8\"><\/script>\n<\/div><\/figure>\n\n\n\n<h2 class=\"wp-block-heading\">Autores confirman plagio<\/h2>\n\n\n\n<p>Jos\u00e9 Manuel Rodr\u00edguez Uribes, quien fue ministro de Cultura y Deporte de Espa\u00f1a, afirm\u00f3 en entrevista con El Pa\u00eds que la jurista no cit\u00f3 su texto \u201cRousseau y los derechos humanos\u201d, el cual se public\u00f3 en \u201cHistoria de los derechos fundamentales\u201d (Dykinson, 1998). Seg\u00fan la investigaci\u00f3n, el plagio corresponde al 46.5 por ciento de lo escrito por Esquivel en su tesis de doctorado.<\/p>\n\n\n\n<figure class=\"wp-block-image\"><img decoding=\"async\" src=\"https:\/\/www.informador.mx\/export\/sites\/elinformador\/img\/2023\/02\/24\/yas1.jpg_1151807935.jpg\" alt=\"\" title=\"\"\/><\/figure>\n\n\n\n<p>\u201cEn el caso de mi cap\u00edtulo, lo he reconocido inmediatamente<strong>, es una reproducci\u00f3n textual, literal, de p\u00e1ginas y p\u00e1ginas. Ella no pone comillas, por lo tanto es un plagio de libro<\/strong>, lo que ha hecho es un corta y pega. Es evidente que lo que ha hecho es copiar directamente. Lo he visto enseguida. No es una cuesti\u00f3n sutil. Lo ha hecho de una manera muy burda\u201d, afirm\u00f3 Jos\u00e9 Manuel Rodr\u00edguez.<\/p>\n\n\n\n<figure class=\"wp-block-image\"><img decoding=\"async\" src=\"https:\/\/www.informador.mx\/export\/sites\/elinformador\/img\/2023\/02\/24\/yas2.jpg_1151807935.jpg\" alt=\"\" title=\"\"\/><\/figure>\n\n\n\n<p>Por ejemplo, El Pa\u00eds realiz\u00f3 una comparaci\u00f3n entre dos p\u00e1ginas del trabajo de la ministra y del exministro espa\u00f1ol Rodr\u00edguez Uribes, donde se marca con amarillo la parte del texto plagiada, mientras que en verde los p\u00e1rrafos con concordancia en el pie de p\u00e1gina.<\/p>\n\n\n\n<p>El peri\u00f3dico solicit\u00f3 una entrevista con Yasm\u00edn Esquivel; sin embargo, no obtuvo respuesta; mientras que el director del proyecto, Jos\u00e9 Antonio N\u00fa\u00f1ez, tambi\u00e9n se abstuvo a dar alguna declaraci\u00f3n.<\/p>\n","protected":false},"excerpt":{"rendered":"<p>Por Redacci\u00f3n QP Una investigaci\u00f3n del diario espa\u00f1ol se\u00f1ala que el trabajo cuenta con partes&#8230;<\/p>\n","protected":false},"author":2,"featured_media":98920,"comment_status":"open","ping_status":"open","sticky":false,"template":"","format":"standard","meta":{"_monsterinsights_skip_tracking":false,"_monsterinsights_sitenote_active":false,"_monsterinsights_sitenote_note":"","_monsterinsights_sitenote_category":0,"footnotes":""},"categories":[2],"tags":[],"class_list":["post-98918","post","type-post","status-publish","format-standard","has-post-thumbnail","hentry","category-noticias"],"yoast_head":"<!-- This site is optimized with the Yoast SEO plugin v27.3 - https:\/\/yoast.com\/product\/yoast-seo-wordpress\/ -->\n<title>La ministra Yasm\u00edn Esquivel no s\u00f3lo plagi\u00f3 a uno, plagi\u00f3 a 12 personas en su tesis de doctorado, seg\u00fan El Pa\u00eds -<\/title>\n<meta name=\"robots\" content=\"index, follow, max-snippet:-1, max-image-preview:large, max-video-preview:-1\" \/>\n<link rel=\"canonical\" href=\"https:\/\/quehacerpolitico.mx\/?p=98918\" \/>\n<meta property=\"og:locale\" content=\"es_MX\" \/>\n<meta property=\"og:type\" content=\"article\" \/>\n<meta property=\"og:title\" content=\"La ministra Yasm\u00edn Esquivel no s\u00f3lo plagi\u00f3 a uno, plagi\u00f3 a 12 personas en su tesis de doctorado, seg\u00fan El Pa\u00eds -\" \/>\n<meta property=\"og:description\" content=\"Por Redacci\u00f3n QP Una investigaci\u00f3n del diario espa\u00f1ol se\u00f1ala que el trabajo cuenta con partes...\" \/>\n<meta property=\"og:url\" content=\"https:\/\/quehacerpolitico.mx\/?p=98918\" \/>\n<meta property=\"article:published_time\" content=\"2023-02-24T16:36:48+00:00\" \/>\n<meta property=\"article:modified_time\" content=\"2023-02-24T16:36:51+00:00\" \/>\n<meta property=\"og:image\" content=\"https:\/\/quehacerpolitico.mx\/wp-content\/uploads\/2023\/02\/0CF84519-9E3A-4DCF-B311-14EC03347B50.webp\" \/>\n\t<meta property=\"og:image:width\" content=\"774\" \/>\n\t<meta property=\"og:image:height\" content=\"482\" \/>\n\t<meta property=\"og:image:type\" content=\"image\/webp\" \/>\n<meta name=\"author\" content=\"Redacci\u00f3n QP\" \/>\n<meta name=\"twitter:card\" content=\"summary_large_image\" \/>\n<meta name=\"twitter:label1\" content=\"Escrito por\" \/>\n\t<meta name=\"twitter:data1\" content=\"Redacci\u00f3n QP\" \/>\n\t<meta name=\"twitter:label2\" content=\"Tiempo de lectura\" \/>\n\t<meta name=\"twitter:data2\" content=\"2 minutos\" \/>\n<script type=\"application\/ld+json\" class=\"yoast-schema-graph\">{\"@context\":\"https:\\\/\\\/schema.org\",\"@graph\":[{\"@type\":\"Article\",\"@id\":\"https:\\\/\\\/quehacerpolitico.mx\\\/?p=98918#article\",\"isPartOf\":{\"@id\":\"https:\\\/\\\/quehacerpolitico.mx\\\/?p=98918\"},\"author\":{\"name\":\"Redacci\u00f3n QP\",\"@id\":\"https:\\\/\\\/quehacerpolitico.mx\\\/#\\\/schema\\\/person\\\/496d8ad2d1d3f8036101dca7ee39e585\"},\"headline\":\"La ministra Yasm\u00edn Esquivel no s\u00f3lo plagi\u00f3 a uno, plagi\u00f3 a 12 personas en su tesis de doctorado, seg\u00fan El Pa\u00eds\",\"datePublished\":\"2023-02-24T16:36:48+00:00\",\"dateModified\":\"2023-02-24T16:36:51+00:00\",\"mainEntityOfPage\":{\"@id\":\"https:\\\/\\\/quehacerpolitico.mx\\\/?p=98918\"},\"wordCount\":426,\"commentCount\":0,\"image\":{\"@id\":\"https:\\\/\\\/quehacerpolitico.mx\\\/?p=98918#primaryimage\"},\"thumbnailUrl\":\"https:\\\/\\\/quehacerpolitico.mx\\\/wp-content\\\/uploads\\\/2023\\\/02\\\/0CF84519-9E3A-4DCF-B311-14EC03347B50.webp\",\"articleSection\":[\"Noticias\"],\"inLanguage\":\"es\",\"potentialAction\":[{\"@type\":\"CommentAction\",\"name\":\"Comment\",\"target\":[\"https:\\\/\\\/quehacerpolitico.mx\\\/?p=98918#respond\"]}]},{\"@type\":\"WebPage\",\"@id\":\"https:\\\/\\\/quehacerpolitico.mx\\\/?p=98918\",\"url\":\"https:\\\/\\\/quehacerpolitico.mx\\\/?p=98918\",\"name\":\"La ministra Yasm\u00edn Esquivel no s\u00f3lo plagi\u00f3 a uno, plagi\u00f3 a 12 personas en su tesis de doctorado, seg\u00fan El Pa\u00eds -\",\"isPartOf\":{\"@id\":\"https:\\\/\\\/quehacerpolitico.mx\\\/#website\"},\"primaryImageOfPage\":{\"@id\":\"https:\\\/\\\/quehacerpolitico.mx\\\/?p=98918#primaryimage\"},\"image\":{\"@id\":\"https:\\\/\\\/quehacerpolitico.mx\\\/?p=98918#primaryimage\"},\"thumbnailUrl\":\"https:\\\/\\\/quehacerpolitico.mx\\\/wp-content\\\/uploads\\\/2023\\\/02\\\/0CF84519-9E3A-4DCF-B311-14EC03347B50.webp\",\"datePublished\":\"2023-02-24T16:36:48+00:00\",\"dateModified\":\"2023-02-24T16:36:51+00:00\",\"author\":{\"@id\":\"https:\\\/\\\/quehacerpolitico.mx\\\/#\\\/schema\\\/person\\\/496d8ad2d1d3f8036101dca7ee39e585\"},\"breadcrumb\":{\"@id\":\"https:\\\/\\\/quehacerpolitico.mx\\\/?p=98918#breadcrumb\"},\"inLanguage\":\"es\",\"potentialAction\":[{\"@type\":\"ReadAction\",\"target\":[\"https:\\\/\\\/quehacerpolitico.mx\\\/?p=98918\"]}]},{\"@type\":\"ImageObject\",\"inLanguage\":\"es\",\"@id\":\"https:\\\/\\\/quehacerpolitico.mx\\\/?p=98918#primaryimage\",\"url\":\"https:\\\/\\\/quehacerpolitico.mx\\\/wp-content\\\/uploads\\\/2023\\\/02\\\/0CF84519-9E3A-4DCF-B311-14EC03347B50.webp\",\"contentUrl\":\"https:\\\/\\\/quehacerpolitico.mx\\\/wp-content\\\/uploads\\\/2023\\\/02\\\/0CF84519-9E3A-4DCF-B311-14EC03347B50.webp\",\"width\":774,\"height\":482},{\"@type\":\"BreadcrumbList\",\"@id\":\"https:\\\/\\\/quehacerpolitico.mx\\\/?p=98918#breadcrumb\",\"itemListElement\":[{\"@type\":\"ListItem\",\"position\":1,\"name\":\"Inicio\",\"item\":\"https:\\\/\\\/quehacerpolitico.mx\\\/\"},{\"@type\":\"ListItem\",\"position\":2,\"name\":\"La ministra Yasm\u00edn Esquivel no s\u00f3lo plagi\u00f3 a uno, plagi\u00f3 a 12 personas en su tesis de doctorado, seg\u00fan El Pa\u00eds\"}]},{\"@type\":\"WebSite\",\"@id\":\"https:\\\/\\\/quehacerpolitico.mx\\\/#website\",\"url\":\"https:\\\/\\\/quehacerpolitico.mx\\\/\",\"name\":\"\",\"description\":\"\",\"potentialAction\":[{\"@type\":\"SearchAction\",\"target\":{\"@type\":\"EntryPoint\",\"urlTemplate\":\"https:\\\/\\\/quehacerpolitico.mx\\\/?s={search_term_string}\"},\"query-input\":{\"@type\":\"PropertyValueSpecification\",\"valueRequired\":true,\"valueName\":\"search_term_string\"}}],\"inLanguage\":\"es\"},{\"@type\":\"Person\",\"@id\":\"https:\\\/\\\/quehacerpolitico.mx\\\/#\\\/schema\\\/person\\\/496d8ad2d1d3f8036101dca7ee39e585\",\"name\":\"Redacci\u00f3n QP\",\"image\":{\"@type\":\"ImageObject\",\"inLanguage\":\"es\",\"@id\":\"https:\\\/\\\/secure.gravatar.com\\\/avatar\\\/c7164ed6fdec453195284ad24a5ae5b6e1eed2b848477fa2a4787ba9adf39a41?s=96&d=mm&r=g\",\"url\":\"https:\\\/\\\/secure.gravatar.com\\\/avatar\\\/c7164ed6fdec453195284ad24a5ae5b6e1eed2b848477fa2a4787ba9adf39a41?s=96&d=mm&r=g\",\"contentUrl\":\"https:\\\/\\\/secure.gravatar.com\\\/avatar\\\/c7164ed6fdec453195284ad24a5ae5b6e1eed2b848477fa2a4787ba9adf39a41?s=96&d=mm&r=g\",\"caption\":\"Redacci\u00f3n QP\"},\"url\":\"https:\\\/\\\/quehacerpolitico.mx\\\/?author=2\"}]}<\/script>\n<!-- \/ Yoast SEO plugin. -->","yoast_head_json":{"title":"La ministra Yasm\u00edn Esquivel no s\u00f3lo plagi\u00f3 a uno, plagi\u00f3 a 12 personas en su tesis de doctorado, seg\u00fan El Pa\u00eds -","robots":{"index":"index","follow":"follow","max-snippet":"max-snippet:-1","max-image-preview":"max-image-preview:large","max-video-preview":"max-video-preview:-1"},"canonical":"https:\/\/quehacerpolitico.mx\/?p=98918","og_locale":"es_MX","og_type":"article","og_title":"La ministra Yasm\u00edn Esquivel no s\u00f3lo plagi\u00f3 a uno, plagi\u00f3 a 12 personas en su tesis de doctorado, seg\u00fan El Pa\u00eds -","og_description":"Por Redacci\u00f3n QP Una investigaci\u00f3n del diario espa\u00f1ol se\u00f1ala que el trabajo cuenta con partes...","og_url":"https:\/\/quehacerpolitico.mx\/?p=98918","article_published_time":"2023-02-24T16:36:48+00:00","article_modified_time":"2023-02-24T16:36:51+00:00","og_image":[{"width":774,"height":482,"url":"https:\/\/quehacerpolitico.mx\/wp-content\/uploads\/2023\/02\/0CF84519-9E3A-4DCF-B311-14EC03347B50.webp","type":"image\/webp"}],"author":"Redacci\u00f3n QP","twitter_card":"summary_large_image","twitter_misc":{"Escrito por":"Redacci\u00f3n QP","Tiempo de lectura":"2 minutos"},"schema":{"@context":"https:\/\/schema.org","@graph":[{"@type":"Article","@id":"https:\/\/quehacerpolitico.mx\/?p=98918#article","isPartOf":{"@id":"https:\/\/quehacerpolitico.mx\/?p=98918"},"author":{"name":"Redacci\u00f3n QP","@id":"https:\/\/quehacerpolitico.mx\/#\/schema\/person\/496d8ad2d1d3f8036101dca7ee39e585"},"headline":"La ministra Yasm\u00edn Esquivel no s\u00f3lo plagi\u00f3 a uno, plagi\u00f3 a 12 personas en su tesis de doctorado, seg\u00fan El Pa\u00eds","datePublished":"2023-02-24T16:36:48+00:00","dateModified":"2023-02-24T16:36:51+00:00","mainEntityOfPage":{"@id":"https:\/\/quehacerpolitico.mx\/?p=98918"},"wordCount":426,"commentCount":0,"image":{"@id":"https:\/\/quehacerpolitico.mx\/?p=98918#primaryimage"},"thumbnailUrl":"https:\/\/quehacerpolitico.mx\/wp-content\/uploads\/2023\/02\/0CF84519-9E3A-4DCF-B311-14EC03347B50.webp","articleSection":["Noticias"],"inLanguage":"es","potentialAction":[{"@type":"CommentAction","name":"Comment","target":["https:\/\/quehacerpolitico.mx\/?p=98918#respond"]}]},{"@type":"WebPage","@id":"https:\/\/quehacerpolitico.mx\/?p=98918","url":"https:\/\/quehacerpolitico.mx\/?p=98918","name":"La ministra Yasm\u00edn Esquivel no s\u00f3lo plagi\u00f3 a uno, plagi\u00f3 a 12 personas en su tesis de doctorado, seg\u00fan El Pa\u00eds -","isPartOf":{"@id":"https:\/\/quehacerpolitico.mx\/#website"},"primaryImageOfPage":{"@id":"https:\/\/quehacerpolitico.mx\/?p=98918#primaryimage"},"image":{"@id":"https:\/\/quehacerpolitico.mx\/?p=98918#primaryimage"},"thumbnailUrl":"https:\/\/quehacerpolitico.mx\/wp-content\/uploads\/2023\/02\/0CF84519-9E3A-4DCF-B311-14EC03347B50.webp","datePublished":"2023-02-24T16:36:48+00:00","dateModified":"2023-02-24T16:36:51+00:00","author":{"@id":"https:\/\/quehacerpolitico.mx\/#\/schema\/person\/496d8ad2d1d3f8036101dca7ee39e585"},"breadcrumb":{"@id":"https:\/\/quehacerpolitico.mx\/?p=98918#breadcrumb"},"inLanguage":"es","potentialAction":[{"@type":"ReadAction","target":["https:\/\/quehacerpolitico.mx\/?p=98918"]}]},{"@type":"ImageObject","inLanguage":"es","@id":"https:\/\/quehacerpolitico.mx\/?p=98918#primaryimage","url":"https:\/\/quehacerpolitico.mx\/wp-content\/uploads\/2023\/02\/0CF84519-9E3A-4DCF-B311-14EC03347B50.webp","contentUrl":"https:\/\/quehacerpolitico.mx\/wp-content\/uploads\/2023\/02\/0CF84519-9E3A-4DCF-B311-14EC03347B50.webp","width":774,"height":482},{"@type":"BreadcrumbList","@id":"https:\/\/quehacerpolitico.mx\/?p=98918#breadcrumb","itemListElement":[{"@type":"ListItem","position":1,"name":"Inicio","item":"https:\/\/quehacerpolitico.mx\/"},{"@type":"ListItem","position":2,"name":"La ministra Yasm\u00edn Esquivel no s\u00f3lo plagi\u00f3 a uno, plagi\u00f3 a 12 personas en su tesis de doctorado, seg\u00fan El Pa\u00eds"}]},{"@type":"WebSite","@id":"https:\/\/quehacerpolitico.mx\/#website","url":"https:\/\/quehacerpolitico.mx\/","name":"","description":"","potentialAction":[{"@type":"SearchAction","target":{"@type":"EntryPoint","urlTemplate":"https:\/\/quehacerpolitico.mx\/?s={search_term_string}"},"query-input":{"@type":"PropertyValueSpecification","valueRequired":true,"valueName":"search_term_string"}}],"inLanguage":"es"},{"@type":"Person","@id":"https:\/\/quehacerpolitico.mx\/#\/schema\/person\/496d8ad2d1d3f8036101dca7ee39e585","name":"Redacci\u00f3n QP","image":{"@type":"ImageObject","inLanguage":"es","@id":"https:\/\/secure.gravatar.com\/avatar\/c7164ed6fdec453195284ad24a5ae5b6e1eed2b848477fa2a4787ba9adf39a41?s=96&d=mm&r=g","url":"https:\/\/secure.gravatar.com\/avatar\/c7164ed6fdec453195284ad24a5ae5b6e1eed2b848477fa2a4787ba9adf39a41?s=96&d=mm&r=g","contentUrl":"https:\/\/secure.gravatar.com\/avatar\/c7164ed6fdec453195284ad24a5ae5b6e1eed2b848477fa2a4787ba9adf39a41?s=96&d=mm&r=g","caption":"Redacci\u00f3n QP"},"url":"https:\/\/quehacerpolitico.mx\/?author=2"}]}},"featured_image_urls":{"full":["https:\/\/quehacerpolitico.mx\/wp-content\/uploads\/2023\/02\/0CF84519-9E3A-4DCF-B311-14EC03347B50.webp",774,482,false],"thumbnail":["https:\/\/quehacerpolitico.mx\/wp-content\/uploads\/2023\/02\/0CF84519-9E3A-4DCF-B311-14EC03347B50-150x150.webp",150,150,true],"medium":["https:\/\/quehacerpolitico.mx\/wp-content\/uploads\/2023\/02\/0CF84519-9E3A-4DCF-B311-14EC03347B50-300x187.webp",300,187,true],"medium_large":["https:\/\/quehacerpolitico.mx\/wp-content\/uploads\/2023\/02\/0CF84519-9E3A-4DCF-B311-14EC03347B50-768x478.webp",640,398,true],"large":["https:\/\/quehacerpolitico.mx\/wp-content\/uploads\/2023\/02\/0CF84519-9E3A-4DCF-B311-14EC03347B50.webp",640,399,false],"1536x1536":["https:\/\/quehacerpolitico.mx\/wp-content\/uploads\/2023\/02\/0CF84519-9E3A-4DCF-B311-14EC03347B50.webp",774,482,false],"2048x2048":["https:\/\/quehacerpolitico.mx\/wp-content\/uploads\/2023\/02\/0CF84519-9E3A-4DCF-B311-14EC03347B50.webp",774,482,false],"covernews-featured":["https:\/\/quehacerpolitico.mx\/wp-content\/uploads\/2023\/02\/0CF84519-9E3A-4DCF-B311-14EC03347B50.webp",774,482,false],"covernews-medium":["https:\/\/quehacerpolitico.mx\/wp-content\/uploads\/2023\/02\/0CF84519-9E3A-4DCF-B311-14EC03347B50.webp",540,336,false]},"author_info":{"display_name":"Redacci\u00f3n QP","author_link":"https:\/\/quehacerpolitico.mx\/?author=2"},"category_info":"<a href=\"https:\/\/quehacerpolitico.mx\/?cat=2\" rel=\"category\">Noticias<\/a>","tag_info":"Noticias","comment_count":"0","_links":{"self":[{"href":"https:\/\/quehacerpolitico.mx\/index.php?rest_route=\/wp\/v2\/posts\/98918","targetHints":{"allow":["GET"]}}],"collection":[{"href":"https:\/\/quehacerpolitico.mx\/index.php?rest_route=\/wp\/v2\/posts"}],"about":[{"href":"https:\/\/quehacerpolitico.mx\/index.php?rest_route=\/wp\/v2\/types\/post"}],"author":[{"embeddable":true,"href":"https:\/\/quehacerpolitico.mx\/index.php?rest_route=\/wp\/v2\/users\/2"}],"replies":[{"embeddable":true,"href":"https:\/\/quehacerpolitico.mx\/index.php?rest_route=%2Fwp%2Fv2%2Fcomments&post=98918"}],"version-history":[{"count":1,"href":"https:\/\/quehacerpolitico.mx\/index.php?rest_route=\/wp\/v2\/posts\/98918\/revisions"}],"predecessor-version":[{"id":98921,"href":"https:\/\/quehacerpolitico.mx\/index.php?rest_route=\/wp\/v2\/posts\/98918\/revisions\/98921"}],"wp:featuredmedia":[{"embeddable":true,"href":"https:\/\/quehacerpolitico.mx\/index.php?rest_route=\/wp\/v2\/media\/98920"}],"wp:attachment":[{"href":"https:\/\/quehacerpolitico.mx\/index.php?rest_route=%2Fwp%2Fv2%2Fmedia&parent=98918"}],"wp:term":[{"taxonomy":"category","embeddable":true,"href":"https:\/\/quehacerpolitico.mx\/index.php?rest_route=%2Fwp%2Fv2%2Fcategories&post=98918"},{"taxonomy":"post_tag","embeddable":true,"href":"https:\/\/quehacerpolitico.mx\/index.php?rest_route=%2Fwp%2Fv2%2Ftags&post=98918"}],"curies":[{"name":"wp","href":"https:\/\/api.w.org\/{rel}","templated":true}]}}