{"id":98911,"date":"2023-02-24T01:37:31","date_gmt":"2023-02-24T01:37:31","guid":{"rendered":"https:\/\/quehacerpolitico.mx\/?p=98911"},"modified":"2023-02-24T01:37:35","modified_gmt":"2023-02-24T01:37:35","slug":"tuca-ferreti-presentando-como-tecnico-del-cruz-azul-comienza-una-nueva-era","status":"publish","type":"post","link":"https:\/\/quehacerpolitico.mx\/?p=98911","title":{"rendered":"&#8220;Tuca&#8221; Ferreti, presentando como t\u00e9cnico del Cruz Azul \u00a1Comienza una nueva era!"},"content":{"rendered":"\n<p>Por Redacci\u00f3n QP<\/p>\n\n\n\n<p>&#8220;Tuca&#8221; Ferreti se dijo afortunado de haber llegado a Cruz Azul; lo acompa\u00f1an Guillermo V\u00e1zquez como auxiliar t\u00e9cnico y \u00d3scar P\u00e9rez como director deportivo<\/p>\n\n\n\n<p>Una nueva era ha iniciado en Cruz Azul.<strong>\u00a0El experimentado Ricardo &#8216;Tuca&#8217; Ferretti fue presentado como nuevo entrenador de La M\u00e1quina<\/strong>, para este torneo Clausura 2023 y los pr\u00f3ximos dos a\u00f1os.<\/p>\n\n\n\n<figure class=\"wp-block-embed is-type-rich is-provider-twitter wp-block-embed-twitter\"><div class=\"wp-block-embed__wrapper\">\n<blockquote class=\"twitter-tweet\" data-width=\"550\" data-dnt=\"true\"><p lang=\"es\" dir=\"ltr\">En Cemento Cruz Azul damos la bienvenida a Ricardo Tuca Ferretti, nuevo entrenador de Cruz Azul. Estamos entusiasmados por su llegada y le deseamos el mayor de los \u00e9xitos. <a href=\"https:\/\/twitter.com\/hashtag\/AzulDePorVida?src=hash&amp;ref_src=twsrc%5Etfw\">#AzulDePorVida<\/a> <a href=\"https:\/\/twitter.com\/hashtag\/CementoCruzAzul?src=hash&amp;ref_src=twsrc%5Etfw\">#CementoCruzAzul<\/a> <a href=\"https:\/\/t.co\/VpPQGC62oH\">pic.twitter.com\/VpPQGC62oH<\/a><\/p>&mdash; Cemento Cruz Azul \u00ae (@lacruzazul) <a href=\"https:\/\/twitter.com\/lacruzazul\/status\/1628907687332257792?ref_src=twsrc%5Etfw\">February 24, 2023<\/a><\/blockquote><script async src=\"https:\/\/platform.twitter.com\/widgets.js\" charset=\"utf-8\"><\/script>\n<\/div><\/figure>\n\n\n\n<p>Ferretti, que ya vio a su equipo ayer ante Atlas en el Estadio Azteca y que ya cruz\u00f3 palabras con los jugadores en las instalaciones de La Noria,\u00a0<strong>se dijo ilusionado para tomar las riendas de la instituci\u00f3n celeste.<\/strong><\/p>\n\n\n\n<p>&#8220;Es uno de los cuatro grandes del futbol mexicano, que m\u00e1s honor puedes tener como trabajador, como entrenador, que estar en una instituci\u00f3n tan grande.\u00a0<strong>Cu\u00e1ntos no quisieran estar en mi lugar&#8221;,<\/strong>declar\u00f3 el tambi\u00e9n exfutbolista.<\/p>\n\n\n\n<p>Ferretti sabe que la exigencia de la afici\u00f3n en el equipo de La Noria es distinta y asegur\u00f3 que de \u00e9l, cuerpo t\u00e9cnico y jugadores, depende mantenerla.<\/p>\n\n\n\n<figure class=\"wp-block-embed is-type-video is-provider-youtube wp-block-embed-youtube wp-embed-aspect-16-9 wp-has-aspect-ratio\"><div class=\"wp-block-embed__wrapper\">\n<iframe loading=\"lazy\" title=\"OFICIAL Tuca Ferretti, presentado como nuevo t\u00e9cnico de CRUZ AZUL: Hay potencial | Futbol Picante\" width=\"640\" height=\"360\" src=\"https:\/\/www.youtube.com\/embed\/qKP3InDSwkM?feature=oembed\" frameborder=\"0\" allow=\"accelerometer; autoplay; clipboard-write; encrypted-media; gyroscope; picture-in-picture; web-share\" referrerpolicy=\"strict-origin-when-cross-origin\" allowfullscreen><\/iframe>\n<\/div><\/figure>\n\n\n\n<p><strong>&#8220;La afici\u00f3n tiene la ilusi\u00f3n y nadie se las puede quitar<\/strong>, de nosotros depende que siga aumentando con resultados. Debemos ser conscientes de d\u00f3nde estamos parados, tenemos que dar un plus&#8221;, asever\u00f3 el ex estratega de Tigres, Chivas, Pumas y FC Ju\u00e1rez.<\/p>\n\n\n\n<p>Llega a un equipo que suma \u00fanicamente dos victorias, que por ahora se encuentra fuera de los puestos de repechaje, no conoce a todo el plantel, pero&nbsp;<strong>acepta que tendr\u00e1n buena qu\u00edmica para encarar lo que resta del Clausura 2023.<\/strong><\/p>\n\n\n\n<p><strong>&#8220;Un 80 por ciento del equipo lo conozco porque soy gente de futbol, y ellos me conocen<\/strong>. Creo que vamos a hacer muy buena qu\u00edmica. Ya los felicitamos por el triunfo de ayer y naturalmente tambi\u00e9n las observaciones pertinentes que Memo V\u00e1zquez y yo pretendemos trabajar a partir del lunes&#8221;, dijo ante los medios de comunicaci\u00f3n.<\/p>\n\n\n\n<p>Con informaci\u00f3n de SUN<\/p>\n","protected":false},"excerpt":{"rendered":"<p>Por Redacci\u00f3n QP &#8220;Tuca&#8221; Ferreti se dijo afortunado de haber llegado a Cruz Azul; lo&#8230;<\/p>\n","protected":false},"author":2,"featured_media":98912,"comment_status":"open","ping_status":"open","sticky":false,"template":"","format":"standard","meta":{"_monsterinsights_skip_tracking":false,"_monsterinsights_sitenote_active":false,"_monsterinsights_sitenote_note":"","_monsterinsights_sitenote_category":0,"footnotes":""},"categories":[54],"tags":[],"class_list":["post-98911","post","type-post","status-publish","format-standard","has-post-thumbnail","hentry","category-deportes"],"yoast_head":"<!-- This site is optimized with the Yoast SEO plugin v27.3 - https:\/\/yoast.com\/product\/yoast-seo-wordpress\/ -->\n<title>&quot;Tuca&quot; Ferreti, presentando como t\u00e9cnico del Cruz Azul \u00a1Comienza una nueva era! -<\/title>\n<meta name=\"robots\" content=\"index, follow, max-snippet:-1, max-image-preview:large, max-video-preview:-1\" \/>\n<link rel=\"canonical\" href=\"https:\/\/quehacerpolitico.mx\/?p=98911\" \/>\n<meta property=\"og:locale\" content=\"es_MX\" \/>\n<meta property=\"og:type\" content=\"article\" \/>\n<meta property=\"og:title\" content=\"&quot;Tuca&quot; Ferreti, presentando como t\u00e9cnico del Cruz Azul \u00a1Comienza una nueva era! -\" \/>\n<meta property=\"og:description\" content=\"Por Redacci\u00f3n QP &#8220;Tuca&#8221; Ferreti se dijo afortunado de haber llegado a Cruz Azul; lo...\" \/>\n<meta property=\"og:url\" content=\"https:\/\/quehacerpolitico.mx\/?p=98911\" \/>\n<meta property=\"article:published_time\" content=\"2023-02-24T01:37:31+00:00\" \/>\n<meta property=\"article:modified_time\" content=\"2023-02-24T01:37:35+00:00\" \/>\n<meta property=\"og:image\" content=\"https:\/\/quehacerpolitico.mx\/wp-content\/uploads\/2023\/02\/C5955451-3C9B-4C65-B860-8E82FC9E9128.webp\" \/>\n\t<meta property=\"og:image:width\" content=\"300\" \/>\n\t<meta property=\"og:image:height\" content=\"186\" \/>\n\t<meta property=\"og:image:type\" content=\"image\/webp\" \/>\n<meta name=\"author\" content=\"Redacci\u00f3n QP\" \/>\n<meta name=\"twitter:card\" content=\"summary_large_image\" \/>\n<meta name=\"twitter:label1\" content=\"Escrito por\" \/>\n\t<meta name=\"twitter:data1\" content=\"Redacci\u00f3n QP\" \/>\n\t<meta name=\"twitter:label2\" content=\"Tiempo de lectura\" \/>\n\t<meta name=\"twitter:data2\" content=\"2 minutos\" \/>\n<script type=\"application\/ld+json\" class=\"yoast-schema-graph\">{\"@context\":\"https:\\\/\\\/schema.org\",\"@graph\":[{\"@type\":\"Article\",\"@id\":\"https:\\\/\\\/quehacerpolitico.mx\\\/?p=98911#article\",\"isPartOf\":{\"@id\":\"https:\\\/\\\/quehacerpolitico.mx\\\/?p=98911\"},\"author\":{\"name\":\"Redacci\u00f3n QP\",\"@id\":\"https:\\\/\\\/quehacerpolitico.mx\\\/#\\\/schema\\\/person\\\/496d8ad2d1d3f8036101dca7ee39e585\"},\"headline\":\"&#8220;Tuca&#8221; Ferreti, presentando como t\u00e9cnico del Cruz Azul \u00a1Comienza una nueva era!\",\"datePublished\":\"2023-02-24T01:37:31+00:00\",\"dateModified\":\"2023-02-24T01:37:35+00:00\",\"mainEntityOfPage\":{\"@id\":\"https:\\\/\\\/quehacerpolitico.mx\\\/?p=98911\"},\"wordCount\":357,\"commentCount\":0,\"image\":{\"@id\":\"https:\\\/\\\/quehacerpolitico.mx\\\/?p=98911#primaryimage\"},\"thumbnailUrl\":\"https:\\\/\\\/quehacerpolitico.mx\\\/wp-content\\\/uploads\\\/2023\\\/02\\\/C5955451-3C9B-4C65-B860-8E82FC9E9128.webp\",\"articleSection\":[\"Deportes\"],\"inLanguage\":\"es\",\"potentialAction\":[{\"@type\":\"CommentAction\",\"name\":\"Comment\",\"target\":[\"https:\\\/\\\/quehacerpolitico.mx\\\/?p=98911#respond\"]}]},{\"@type\":\"WebPage\",\"@id\":\"https:\\\/\\\/quehacerpolitico.mx\\\/?p=98911\",\"url\":\"https:\\\/\\\/quehacerpolitico.mx\\\/?p=98911\",\"name\":\"\\\"Tuca\\\" Ferreti, presentando como t\u00e9cnico del Cruz Azul \u00a1Comienza una nueva era! -\",\"isPartOf\":{\"@id\":\"https:\\\/\\\/quehacerpolitico.mx\\\/#website\"},\"primaryImageOfPage\":{\"@id\":\"https:\\\/\\\/quehacerpolitico.mx\\\/?p=98911#primaryimage\"},\"image\":{\"@id\":\"https:\\\/\\\/quehacerpolitico.mx\\\/?p=98911#primaryimage\"},\"thumbnailUrl\":\"https:\\\/\\\/quehacerpolitico.mx\\\/wp-content\\\/uploads\\\/2023\\\/02\\\/C5955451-3C9B-4C65-B860-8E82FC9E9128.webp\",\"datePublished\":\"2023-02-24T01:37:31+00:00\",\"dateModified\":\"2023-02-24T01:37:35+00:00\",\"author\":{\"@id\":\"https:\\\/\\\/quehacerpolitico.mx\\\/#\\\/schema\\\/person\\\/496d8ad2d1d3f8036101dca7ee39e585\"},\"breadcrumb\":{\"@id\":\"https:\\\/\\\/quehacerpolitico.mx\\\/?p=98911#breadcrumb\"},\"inLanguage\":\"es\",\"potentialAction\":[{\"@type\":\"ReadAction\",\"target\":[\"https:\\\/\\\/quehacerpolitico.mx\\\/?p=98911\"]}]},{\"@type\":\"ImageObject\",\"inLanguage\":\"es\",\"@id\":\"https:\\\/\\\/quehacerpolitico.mx\\\/?p=98911#primaryimage\",\"url\":\"https:\\\/\\\/quehacerpolitico.mx\\\/wp-content\\\/uploads\\\/2023\\\/02\\\/C5955451-3C9B-4C65-B860-8E82FC9E9128.webp\",\"contentUrl\":\"https:\\\/\\\/quehacerpolitico.mx\\\/wp-content\\\/uploads\\\/2023\\\/02\\\/C5955451-3C9B-4C65-B860-8E82FC9E9128.webp\",\"width\":300,\"height\":186},{\"@type\":\"BreadcrumbList\",\"@id\":\"https:\\\/\\\/quehacerpolitico.mx\\\/?p=98911#breadcrumb\",\"itemListElement\":[{\"@type\":\"ListItem\",\"position\":1,\"name\":\"Inicio\",\"item\":\"https:\\\/\\\/quehacerpolitico.mx\\\/\"},{\"@type\":\"ListItem\",\"position\":2,\"name\":\"&#8220;Tuca&#8221; Ferreti, presentando como t\u00e9cnico del Cruz Azul \u00a1Comienza una nueva era!\"}]},{\"@type\":\"WebSite\",\"@id\":\"https:\\\/\\\/quehacerpolitico.mx\\\/#website\",\"url\":\"https:\\\/\\\/quehacerpolitico.mx\\\/\",\"name\":\"\",\"description\":\"\",\"potentialAction\":[{\"@type\":\"SearchAction\",\"target\":{\"@type\":\"EntryPoint\",\"urlTemplate\":\"https:\\\/\\\/quehacerpolitico.mx\\\/?s={search_term_string}\"},\"query-input\":{\"@type\":\"PropertyValueSpecification\",\"valueRequired\":true,\"valueName\":\"search_term_string\"}}],\"inLanguage\":\"es\"},{\"@type\":\"Person\",\"@id\":\"https:\\\/\\\/quehacerpolitico.mx\\\/#\\\/schema\\\/person\\\/496d8ad2d1d3f8036101dca7ee39e585\",\"name\":\"Redacci\u00f3n QP\",\"image\":{\"@type\":\"ImageObject\",\"inLanguage\":\"es\",\"@id\":\"https:\\\/\\\/secure.gravatar.com\\\/avatar\\\/c7164ed6fdec453195284ad24a5ae5b6e1eed2b848477fa2a4787ba9adf39a41?s=96&d=mm&r=g\",\"url\":\"https:\\\/\\\/secure.gravatar.com\\\/avatar\\\/c7164ed6fdec453195284ad24a5ae5b6e1eed2b848477fa2a4787ba9adf39a41?s=96&d=mm&r=g\",\"contentUrl\":\"https:\\\/\\\/secure.gravatar.com\\\/avatar\\\/c7164ed6fdec453195284ad24a5ae5b6e1eed2b848477fa2a4787ba9adf39a41?s=96&d=mm&r=g\",\"caption\":\"Redacci\u00f3n QP\"},\"url\":\"https:\\\/\\\/quehacerpolitico.mx\\\/?author=2\"}]}<\/script>\n<!-- \/ Yoast SEO plugin. -->","yoast_head_json":{"title":"\"Tuca\" Ferreti, presentando como t\u00e9cnico del Cruz Azul \u00a1Comienza una nueva era! -","robots":{"index":"index","follow":"follow","max-snippet":"max-snippet:-1","max-image-preview":"max-image-preview:large","max-video-preview":"max-video-preview:-1"},"canonical":"https:\/\/quehacerpolitico.mx\/?p=98911","og_locale":"es_MX","og_type":"article","og_title":"\"Tuca\" Ferreti, presentando como t\u00e9cnico del Cruz Azul \u00a1Comienza una nueva era! -","og_description":"Por Redacci\u00f3n QP &#8220;Tuca&#8221; Ferreti se dijo afortunado de haber llegado a Cruz Azul; lo...","og_url":"https:\/\/quehacerpolitico.mx\/?p=98911","article_published_time":"2023-02-24T01:37:31+00:00","article_modified_time":"2023-02-24T01:37:35+00:00","og_image":[{"width":300,"height":186,"url":"https:\/\/quehacerpolitico.mx\/wp-content\/uploads\/2023\/02\/C5955451-3C9B-4C65-B860-8E82FC9E9128.webp","type":"image\/webp"}],"author":"Redacci\u00f3n QP","twitter_card":"summary_large_image","twitter_misc":{"Escrito por":"Redacci\u00f3n QP","Tiempo de lectura":"2 minutos"},"schema":{"@context":"https:\/\/schema.org","@graph":[{"@type":"Article","@id":"https:\/\/quehacerpolitico.mx\/?p=98911#article","isPartOf":{"@id":"https:\/\/quehacerpolitico.mx\/?p=98911"},"author":{"name":"Redacci\u00f3n QP","@id":"https:\/\/quehacerpolitico.mx\/#\/schema\/person\/496d8ad2d1d3f8036101dca7ee39e585"},"headline":"&#8220;Tuca&#8221; Ferreti, presentando como t\u00e9cnico del Cruz Azul \u00a1Comienza una nueva era!","datePublished":"2023-02-24T01:37:31+00:00","dateModified":"2023-02-24T01:37:35+00:00","mainEntityOfPage":{"@id":"https:\/\/quehacerpolitico.mx\/?p=98911"},"wordCount":357,"commentCount":0,"image":{"@id":"https:\/\/quehacerpolitico.mx\/?p=98911#primaryimage"},"thumbnailUrl":"https:\/\/quehacerpolitico.mx\/wp-content\/uploads\/2023\/02\/C5955451-3C9B-4C65-B860-8E82FC9E9128.webp","articleSection":["Deportes"],"inLanguage":"es","potentialAction":[{"@type":"CommentAction","name":"Comment","target":["https:\/\/quehacerpolitico.mx\/?p=98911#respond"]}]},{"@type":"WebPage","@id":"https:\/\/quehacerpolitico.mx\/?p=98911","url":"https:\/\/quehacerpolitico.mx\/?p=98911","name":"\"Tuca\" Ferreti, presentando como t\u00e9cnico del Cruz Azul \u00a1Comienza una nueva era! -","isPartOf":{"@id":"https:\/\/quehacerpolitico.mx\/#website"},"primaryImageOfPage":{"@id":"https:\/\/quehacerpolitico.mx\/?p=98911#primaryimage"},"image":{"@id":"https:\/\/quehacerpolitico.mx\/?p=98911#primaryimage"},"thumbnailUrl":"https:\/\/quehacerpolitico.mx\/wp-content\/uploads\/2023\/02\/C5955451-3C9B-4C65-B860-8E82FC9E9128.webp","datePublished":"2023-02-24T01:37:31+00:00","dateModified":"2023-02-24T01:37:35+00:00","author":{"@id":"https:\/\/quehacerpolitico.mx\/#\/schema\/person\/496d8ad2d1d3f8036101dca7ee39e585"},"breadcrumb":{"@id":"https:\/\/quehacerpolitico.mx\/?p=98911#breadcrumb"},"inLanguage":"es","potentialAction":[{"@type":"ReadAction","target":["https:\/\/quehacerpolitico.mx\/?p=98911"]}]},{"@type":"ImageObject","inLanguage":"es","@id":"https:\/\/quehacerpolitico.mx\/?p=98911#primaryimage","url":"https:\/\/quehacerpolitico.mx\/wp-content\/uploads\/2023\/02\/C5955451-3C9B-4C65-B860-8E82FC9E9128.webp","contentUrl":"https:\/\/quehacerpolitico.mx\/wp-content\/uploads\/2023\/02\/C5955451-3C9B-4C65-B860-8E82FC9E9128.webp","width":300,"height":186},{"@type":"BreadcrumbList","@id":"https:\/\/quehacerpolitico.mx\/?p=98911#breadcrumb","itemListElement":[{"@type":"ListItem","position":1,"name":"Inicio","item":"https:\/\/quehacerpolitico.mx\/"},{"@type":"ListItem","position":2,"name":"&#8220;Tuca&#8221; Ferreti, presentando como t\u00e9cnico del Cruz Azul \u00a1Comienza una nueva era!"}]},{"@type":"WebSite","@id":"https:\/\/quehacerpolitico.mx\/#website","url":"https:\/\/quehacerpolitico.mx\/","name":"","description":"","potentialAction":[{"@type":"SearchAction","target":{"@type":"EntryPoint","urlTemplate":"https:\/\/quehacerpolitico.mx\/?s={search_term_string}"},"query-input":{"@type":"PropertyValueSpecification","valueRequired":true,"valueName":"search_term_string"}}],"inLanguage":"es"},{"@type":"Person","@id":"https:\/\/quehacerpolitico.mx\/#\/schema\/person\/496d8ad2d1d3f8036101dca7ee39e585","name":"Redacci\u00f3n QP","image":{"@type":"ImageObject","inLanguage":"es","@id":"https:\/\/secure.gravatar.com\/avatar\/c7164ed6fdec453195284ad24a5ae5b6e1eed2b848477fa2a4787ba9adf39a41?s=96&d=mm&r=g","url":"https:\/\/secure.gravatar.com\/avatar\/c7164ed6fdec453195284ad24a5ae5b6e1eed2b848477fa2a4787ba9adf39a41?s=96&d=mm&r=g","contentUrl":"https:\/\/secure.gravatar.com\/avatar\/c7164ed6fdec453195284ad24a5ae5b6e1eed2b848477fa2a4787ba9adf39a41?s=96&d=mm&r=g","caption":"Redacci\u00f3n QP"},"url":"https:\/\/quehacerpolitico.mx\/?author=2"}]}},"featured_image_urls":{"full":["https:\/\/quehacerpolitico.mx\/wp-content\/uploads\/2023\/02\/C5955451-3C9B-4C65-B860-8E82FC9E9128.webp",300,186,false],"thumbnail":["https:\/\/quehacerpolitico.mx\/wp-content\/uploads\/2023\/02\/C5955451-3C9B-4C65-B860-8E82FC9E9128-150x150.webp",150,150,true],"medium":["https:\/\/quehacerpolitico.mx\/wp-content\/uploads\/2023\/02\/C5955451-3C9B-4C65-B860-8E82FC9E9128.webp",300,186,false],"medium_large":["https:\/\/quehacerpolitico.mx\/wp-content\/uploads\/2023\/02\/C5955451-3C9B-4C65-B860-8E82FC9E9128.webp",300,186,false],"large":["https:\/\/quehacerpolitico.mx\/wp-content\/uploads\/2023\/02\/C5955451-3C9B-4C65-B860-8E82FC9E9128.webp",300,186,false],"1536x1536":["https:\/\/quehacerpolitico.mx\/wp-content\/uploads\/2023\/02\/C5955451-3C9B-4C65-B860-8E82FC9E9128.webp",300,186,false],"2048x2048":["https:\/\/quehacerpolitico.mx\/wp-content\/uploads\/2023\/02\/C5955451-3C9B-4C65-B860-8E82FC9E9128.webp",300,186,false],"covernews-featured":["https:\/\/quehacerpolitico.mx\/wp-content\/uploads\/2023\/02\/C5955451-3C9B-4C65-B860-8E82FC9E9128.webp",300,186,false],"covernews-medium":["https:\/\/quehacerpolitico.mx\/wp-content\/uploads\/2023\/02\/C5955451-3C9B-4C65-B860-8E82FC9E9128.webp",300,186,false]},"author_info":{"display_name":"Redacci\u00f3n QP","author_link":"https:\/\/quehacerpolitico.mx\/?author=2"},"category_info":"<a href=\"https:\/\/quehacerpolitico.mx\/?cat=54\" rel=\"category\">Deportes<\/a>","tag_info":"Deportes","comment_count":"0","_links":{"self":[{"href":"https:\/\/quehacerpolitico.mx\/index.php?rest_route=\/wp\/v2\/posts\/98911","targetHints":{"allow":["GET"]}}],"collection":[{"href":"https:\/\/quehacerpolitico.mx\/index.php?rest_route=\/wp\/v2\/posts"}],"about":[{"href":"https:\/\/quehacerpolitico.mx\/index.php?rest_route=\/wp\/v2\/types\/post"}],"author":[{"embeddable":true,"href":"https:\/\/quehacerpolitico.mx\/index.php?rest_route=\/wp\/v2\/users\/2"}],"replies":[{"embeddable":true,"href":"https:\/\/quehacerpolitico.mx\/index.php?rest_route=%2Fwp%2Fv2%2Fcomments&post=98911"}],"version-history":[{"count":1,"href":"https:\/\/quehacerpolitico.mx\/index.php?rest_route=\/wp\/v2\/posts\/98911\/revisions"}],"predecessor-version":[{"id":98913,"href":"https:\/\/quehacerpolitico.mx\/index.php?rest_route=\/wp\/v2\/posts\/98911\/revisions\/98913"}],"wp:featuredmedia":[{"embeddable":true,"href":"https:\/\/quehacerpolitico.mx\/index.php?rest_route=\/wp\/v2\/media\/98912"}],"wp:attachment":[{"href":"https:\/\/quehacerpolitico.mx\/index.php?rest_route=%2Fwp%2Fv2%2Fmedia&parent=98911"}],"wp:term":[{"taxonomy":"category","embeddable":true,"href":"https:\/\/quehacerpolitico.mx\/index.php?rest_route=%2Fwp%2Fv2%2Fcategories&post=98911"},{"taxonomy":"post_tag","embeddable":true,"href":"https:\/\/quehacerpolitico.mx\/index.php?rest_route=%2Fwp%2Fv2%2Ftags&post=98911"}],"curies":[{"name":"wp","href":"https:\/\/api.w.org\/{rel}","templated":true}]}}