{"id":98908,"date":"2023-02-24T00:11:22","date_gmt":"2023-02-24T00:11:22","guid":{"rendered":"https:\/\/quehacerpolitico.mx\/?p=98908"},"modified":"2023-02-24T00:11:25","modified_gmt":"2023-02-24T00:11:25","slug":"tribunal-ratifica-amparo-a-yasmin-esquivel-sobre-su-tesis","status":"publish","type":"post","link":"https:\/\/quehacerpolitico.mx\/?p=98908","title":{"rendered":"Tribunal ratifica amparo a Yasm\u00edn Esquivel sobre su tesis"},"content":{"rendered":"\n<p>Por Redacci\u00f3n QP<\/p>\n\n\n\n<p>De esta manera, las autoridades universitarias no podr\u00e1n emitir resoluci\u00f3n, dictamen u opini\u00f3n alguna, hasta que la juez revise la legalidad de sus actos<\/p>\n\n\n\n<p>El\u00a0<strong>Vig\u00e9simo Tribunal Colegiado<\/strong>\u00a0en Materia Administrativa de la Ciudad de M\u00e9xico\u00a0confirm\u00f3 la suspensi\u00f3n provisional que una jueza otorg\u00f3 a la ministra\u00a0<strong>Yasm\u00edn Esquivel Mossa<\/strong>, para efecto de que la Universidad Nacional Aut\u00f3noma de M\u00e9xico (UNAM) no dicte resolutivo sobre el caso del\u00a0<strong>supuesto plagio de la tesis<\/strong>\u00a0de licenciatura en Derecho.<\/p>\n\n\n\n<p>De esta manera, las autoridades\u00a0<strong>universitarias no podr\u00e1n emitir resoluci\u00f3n<\/strong>, dictamen u opini\u00f3n alguna, hasta que la jueza revise la legalidad de sus actos.<\/p>\n\n\n\n<p>En sesi\u00f3n de este jueves, los\u00a0<strong>magistrados resolvieron<\/strong>, por unanimidad, que el Comit\u00e9 Universitario de \u00c9tica de la UNAM\u00a0<strong>s\u00ed podr\u00e1 pronunciarse<\/strong>\u00a0sobre detalles que sean de &#8220;inter\u00e9s p\u00fablico&#8221; y sin calificativos.<\/p>\n\n\n\n<p>Al respecto, Alejandro Romano, representante de la ministra Yasm\u00edn Esquivel Mossa, ante dicho Comit\u00e9, se\u00f1al\u00f3, que&nbsp;<strong>la sociedad debe estar informada<\/strong>&nbsp;siempre que no se afecte la honorabilidad de Yasm\u00edn Esquivel, as\u00ed como la presunci\u00f3n de inocencia y el debido proceso.<\/p>\n\n\n\n<p>Agreg\u00f3 que en un estado de derecho\u00a0<strong>deben prevalecer los principios<\/strong>\u00a0que protegen a las personas.<\/p>\n\n\n\n<p>La sesi\u00f3n de los magistrados\u00a0<strong>se transmiti\u00f3 en vivo<\/strong> por la plataforma YouTube.<\/p>\n\n\n\n<p>Con Informaci\u00f3n de SUN <\/p>\n","protected":false},"excerpt":{"rendered":"<p>Por Redacci\u00f3n QP De esta manera, las autoridades universitarias no podr\u00e1n emitir resoluci\u00f3n, dictamen u&#8230;<\/p>\n","protected":false},"author":2,"featured_media":98909,"comment_status":"open","ping_status":"open","sticky":false,"template":"","format":"standard","meta":{"_monsterinsights_skip_tracking":false,"_monsterinsights_sitenote_active":false,"_monsterinsights_sitenote_note":"","_monsterinsights_sitenote_category":0,"footnotes":""},"categories":[2],"tags":[],"class_list":["post-98908","post","type-post","status-publish","format-standard","has-post-thumbnail","hentry","category-noticias"],"yoast_head":"<!-- This site is optimized with the Yoast SEO plugin v27.3 - https:\/\/yoast.com\/product\/yoast-seo-wordpress\/ -->\n<title>Tribunal ratifica amparo a Yasm\u00edn Esquivel sobre su tesis -<\/title>\n<meta name=\"robots\" content=\"index, follow, max-snippet:-1, max-image-preview:large, max-video-preview:-1\" \/>\n<link rel=\"canonical\" href=\"https:\/\/quehacerpolitico.mx\/?p=98908\" \/>\n<meta property=\"og:locale\" content=\"es_MX\" \/>\n<meta property=\"og:type\" content=\"article\" \/>\n<meta property=\"og:title\" content=\"Tribunal ratifica amparo a Yasm\u00edn Esquivel sobre su tesis -\" \/>\n<meta property=\"og:description\" content=\"Por Redacci\u00f3n QP De esta manera, las autoridades universitarias no podr\u00e1n emitir resoluci\u00f3n, dictamen u...\" \/>\n<meta property=\"og:url\" content=\"https:\/\/quehacerpolitico.mx\/?p=98908\" \/>\n<meta property=\"article:published_time\" content=\"2023-02-24T00:11:22+00:00\" \/>\n<meta property=\"article:modified_time\" content=\"2023-02-24T00:11:25+00:00\" \/>\n<meta property=\"og:image\" content=\"https:\/\/quehacerpolitico.mx\/wp-content\/uploads\/2023\/02\/493CC7DC-CA1D-489D-86EA-CF13770A88C8.jpeg\" \/>\n\t<meta property=\"og:image:width\" content=\"1157\" \/>\n\t<meta property=\"og:image:height\" content=\"651\" \/>\n\t<meta property=\"og:image:type\" content=\"image\/jpeg\" \/>\n<meta name=\"author\" content=\"Redacci\u00f3n QP\" \/>\n<meta name=\"twitter:card\" content=\"summary_large_image\" \/>\n<meta name=\"twitter:label1\" content=\"Escrito por\" \/>\n\t<meta name=\"twitter:data1\" content=\"Redacci\u00f3n QP\" \/>\n\t<meta name=\"twitter:label2\" content=\"Tiempo de lectura\" \/>\n\t<meta name=\"twitter:data2\" content=\"1 minuto\" \/>\n<script type=\"application\/ld+json\" class=\"yoast-schema-graph\">{\"@context\":\"https:\\\/\\\/schema.org\",\"@graph\":[{\"@type\":\"Article\",\"@id\":\"https:\\\/\\\/quehacerpolitico.mx\\\/?p=98908#article\",\"isPartOf\":{\"@id\":\"https:\\\/\\\/quehacerpolitico.mx\\\/?p=98908\"},\"author\":{\"name\":\"Redacci\u00f3n QP\",\"@id\":\"https:\\\/\\\/quehacerpolitico.mx\\\/#\\\/schema\\\/person\\\/496d8ad2d1d3f8036101dca7ee39e585\"},\"headline\":\"Tribunal ratifica amparo a Yasm\u00edn Esquivel sobre su tesis\",\"datePublished\":\"2023-02-24T00:11:22+00:00\",\"dateModified\":\"2023-02-24T00:11:25+00:00\",\"mainEntityOfPage\":{\"@id\":\"https:\\\/\\\/quehacerpolitico.mx\\\/?p=98908\"},\"wordCount\":244,\"commentCount\":0,\"image\":{\"@id\":\"https:\\\/\\\/quehacerpolitico.mx\\\/?p=98908#primaryimage\"},\"thumbnailUrl\":\"https:\\\/\\\/quehacerpolitico.mx\\\/wp-content\\\/uploads\\\/2023\\\/02\\\/493CC7DC-CA1D-489D-86EA-CF13770A88C8.jpeg\",\"articleSection\":[\"Noticias\"],\"inLanguage\":\"es\",\"potentialAction\":[{\"@type\":\"CommentAction\",\"name\":\"Comment\",\"target\":[\"https:\\\/\\\/quehacerpolitico.mx\\\/?p=98908#respond\"]}]},{\"@type\":\"WebPage\",\"@id\":\"https:\\\/\\\/quehacerpolitico.mx\\\/?p=98908\",\"url\":\"https:\\\/\\\/quehacerpolitico.mx\\\/?p=98908\",\"name\":\"Tribunal ratifica amparo a Yasm\u00edn Esquivel sobre su tesis -\",\"isPartOf\":{\"@id\":\"https:\\\/\\\/quehacerpolitico.mx\\\/#website\"},\"primaryImageOfPage\":{\"@id\":\"https:\\\/\\\/quehacerpolitico.mx\\\/?p=98908#primaryimage\"},\"image\":{\"@id\":\"https:\\\/\\\/quehacerpolitico.mx\\\/?p=98908#primaryimage\"},\"thumbnailUrl\":\"https:\\\/\\\/quehacerpolitico.mx\\\/wp-content\\\/uploads\\\/2023\\\/02\\\/493CC7DC-CA1D-489D-86EA-CF13770A88C8.jpeg\",\"datePublished\":\"2023-02-24T00:11:22+00:00\",\"dateModified\":\"2023-02-24T00:11:25+00:00\",\"author\":{\"@id\":\"https:\\\/\\\/quehacerpolitico.mx\\\/#\\\/schema\\\/person\\\/496d8ad2d1d3f8036101dca7ee39e585\"},\"breadcrumb\":{\"@id\":\"https:\\\/\\\/quehacerpolitico.mx\\\/?p=98908#breadcrumb\"},\"inLanguage\":\"es\",\"potentialAction\":[{\"@type\":\"ReadAction\",\"target\":[\"https:\\\/\\\/quehacerpolitico.mx\\\/?p=98908\"]}]},{\"@type\":\"ImageObject\",\"inLanguage\":\"es\",\"@id\":\"https:\\\/\\\/quehacerpolitico.mx\\\/?p=98908#primaryimage\",\"url\":\"https:\\\/\\\/quehacerpolitico.mx\\\/wp-content\\\/uploads\\\/2023\\\/02\\\/493CC7DC-CA1D-489D-86EA-CF13770A88C8.jpeg\",\"contentUrl\":\"https:\\\/\\\/quehacerpolitico.mx\\\/wp-content\\\/uploads\\\/2023\\\/02\\\/493CC7DC-CA1D-489D-86EA-CF13770A88C8.jpeg\",\"width\":1157,\"height\":651},{\"@type\":\"BreadcrumbList\",\"@id\":\"https:\\\/\\\/quehacerpolitico.mx\\\/?p=98908#breadcrumb\",\"itemListElement\":[{\"@type\":\"ListItem\",\"position\":1,\"name\":\"Inicio\",\"item\":\"https:\\\/\\\/quehacerpolitico.mx\\\/\"},{\"@type\":\"ListItem\",\"position\":2,\"name\":\"Tribunal ratifica amparo a Yasm\u00edn Esquivel sobre su tesis\"}]},{\"@type\":\"WebSite\",\"@id\":\"https:\\\/\\\/quehacerpolitico.mx\\\/#website\",\"url\":\"https:\\\/\\\/quehacerpolitico.mx\\\/\",\"name\":\"\",\"description\":\"\",\"potentialAction\":[{\"@type\":\"SearchAction\",\"target\":{\"@type\":\"EntryPoint\",\"urlTemplate\":\"https:\\\/\\\/quehacerpolitico.mx\\\/?s={search_term_string}\"},\"query-input\":{\"@type\":\"PropertyValueSpecification\",\"valueRequired\":true,\"valueName\":\"search_term_string\"}}],\"inLanguage\":\"es\"},{\"@type\":\"Person\",\"@id\":\"https:\\\/\\\/quehacerpolitico.mx\\\/#\\\/schema\\\/person\\\/496d8ad2d1d3f8036101dca7ee39e585\",\"name\":\"Redacci\u00f3n QP\",\"image\":{\"@type\":\"ImageObject\",\"inLanguage\":\"es\",\"@id\":\"https:\\\/\\\/secure.gravatar.com\\\/avatar\\\/c7164ed6fdec453195284ad24a5ae5b6e1eed2b848477fa2a4787ba9adf39a41?s=96&d=mm&r=g\",\"url\":\"https:\\\/\\\/secure.gravatar.com\\\/avatar\\\/c7164ed6fdec453195284ad24a5ae5b6e1eed2b848477fa2a4787ba9adf39a41?s=96&d=mm&r=g\",\"contentUrl\":\"https:\\\/\\\/secure.gravatar.com\\\/avatar\\\/c7164ed6fdec453195284ad24a5ae5b6e1eed2b848477fa2a4787ba9adf39a41?s=96&d=mm&r=g\",\"caption\":\"Redacci\u00f3n QP\"},\"url\":\"https:\\\/\\\/quehacerpolitico.mx\\\/?author=2\"}]}<\/script>\n<!-- \/ Yoast SEO plugin. -->","yoast_head_json":{"title":"Tribunal ratifica amparo a Yasm\u00edn Esquivel sobre su tesis -","robots":{"index":"index","follow":"follow","max-snippet":"max-snippet:-1","max-image-preview":"max-image-preview:large","max-video-preview":"max-video-preview:-1"},"canonical":"https:\/\/quehacerpolitico.mx\/?p=98908","og_locale":"es_MX","og_type":"article","og_title":"Tribunal ratifica amparo a Yasm\u00edn Esquivel sobre su tesis -","og_description":"Por Redacci\u00f3n QP De esta manera, las autoridades universitarias no podr\u00e1n emitir resoluci\u00f3n, dictamen u...","og_url":"https:\/\/quehacerpolitico.mx\/?p=98908","article_published_time":"2023-02-24T00:11:22+00:00","article_modified_time":"2023-02-24T00:11:25+00:00","og_image":[{"width":1157,"height":651,"url":"https:\/\/quehacerpolitico.mx\/wp-content\/uploads\/2023\/02\/493CC7DC-CA1D-489D-86EA-CF13770A88C8.jpeg","type":"image\/jpeg"}],"author":"Redacci\u00f3n QP","twitter_card":"summary_large_image","twitter_misc":{"Escrito por":"Redacci\u00f3n QP","Tiempo de lectura":"1 minuto"},"schema":{"@context":"https:\/\/schema.org","@graph":[{"@type":"Article","@id":"https:\/\/quehacerpolitico.mx\/?p=98908#article","isPartOf":{"@id":"https:\/\/quehacerpolitico.mx\/?p=98908"},"author":{"name":"Redacci\u00f3n QP","@id":"https:\/\/quehacerpolitico.mx\/#\/schema\/person\/496d8ad2d1d3f8036101dca7ee39e585"},"headline":"Tribunal ratifica amparo a Yasm\u00edn Esquivel sobre su tesis","datePublished":"2023-02-24T00:11:22+00:00","dateModified":"2023-02-24T00:11:25+00:00","mainEntityOfPage":{"@id":"https:\/\/quehacerpolitico.mx\/?p=98908"},"wordCount":244,"commentCount":0,"image":{"@id":"https:\/\/quehacerpolitico.mx\/?p=98908#primaryimage"},"thumbnailUrl":"https:\/\/quehacerpolitico.mx\/wp-content\/uploads\/2023\/02\/493CC7DC-CA1D-489D-86EA-CF13770A88C8.jpeg","articleSection":["Noticias"],"inLanguage":"es","potentialAction":[{"@type":"CommentAction","name":"Comment","target":["https:\/\/quehacerpolitico.mx\/?p=98908#respond"]}]},{"@type":"WebPage","@id":"https:\/\/quehacerpolitico.mx\/?p=98908","url":"https:\/\/quehacerpolitico.mx\/?p=98908","name":"Tribunal ratifica amparo a Yasm\u00edn Esquivel sobre su tesis -","isPartOf":{"@id":"https:\/\/quehacerpolitico.mx\/#website"},"primaryImageOfPage":{"@id":"https:\/\/quehacerpolitico.mx\/?p=98908#primaryimage"},"image":{"@id":"https:\/\/quehacerpolitico.mx\/?p=98908#primaryimage"},"thumbnailUrl":"https:\/\/quehacerpolitico.mx\/wp-content\/uploads\/2023\/02\/493CC7DC-CA1D-489D-86EA-CF13770A88C8.jpeg","datePublished":"2023-02-24T00:11:22+00:00","dateModified":"2023-02-24T00:11:25+00:00","author":{"@id":"https:\/\/quehacerpolitico.mx\/#\/schema\/person\/496d8ad2d1d3f8036101dca7ee39e585"},"breadcrumb":{"@id":"https:\/\/quehacerpolitico.mx\/?p=98908#breadcrumb"},"inLanguage":"es","potentialAction":[{"@type":"ReadAction","target":["https:\/\/quehacerpolitico.mx\/?p=98908"]}]},{"@type":"ImageObject","inLanguage":"es","@id":"https:\/\/quehacerpolitico.mx\/?p=98908#primaryimage","url":"https:\/\/quehacerpolitico.mx\/wp-content\/uploads\/2023\/02\/493CC7DC-CA1D-489D-86EA-CF13770A88C8.jpeg","contentUrl":"https:\/\/quehacerpolitico.mx\/wp-content\/uploads\/2023\/02\/493CC7DC-CA1D-489D-86EA-CF13770A88C8.jpeg","width":1157,"height":651},{"@type":"BreadcrumbList","@id":"https:\/\/quehacerpolitico.mx\/?p=98908#breadcrumb","itemListElement":[{"@type":"ListItem","position":1,"name":"Inicio","item":"https:\/\/quehacerpolitico.mx\/"},{"@type":"ListItem","position":2,"name":"Tribunal ratifica amparo a Yasm\u00edn Esquivel sobre su tesis"}]},{"@type":"WebSite","@id":"https:\/\/quehacerpolitico.mx\/#website","url":"https:\/\/quehacerpolitico.mx\/","name":"","description":"","potentialAction":[{"@type":"SearchAction","target":{"@type":"EntryPoint","urlTemplate":"https:\/\/quehacerpolitico.mx\/?s={search_term_string}"},"query-input":{"@type":"PropertyValueSpecification","valueRequired":true,"valueName":"search_term_string"}}],"inLanguage":"es"},{"@type":"Person","@id":"https:\/\/quehacerpolitico.mx\/#\/schema\/person\/496d8ad2d1d3f8036101dca7ee39e585","name":"Redacci\u00f3n QP","image":{"@type":"ImageObject","inLanguage":"es","@id":"https:\/\/secure.gravatar.com\/avatar\/c7164ed6fdec453195284ad24a5ae5b6e1eed2b848477fa2a4787ba9adf39a41?s=96&d=mm&r=g","url":"https:\/\/secure.gravatar.com\/avatar\/c7164ed6fdec453195284ad24a5ae5b6e1eed2b848477fa2a4787ba9adf39a41?s=96&d=mm&r=g","contentUrl":"https:\/\/secure.gravatar.com\/avatar\/c7164ed6fdec453195284ad24a5ae5b6e1eed2b848477fa2a4787ba9adf39a41?s=96&d=mm&r=g","caption":"Redacci\u00f3n QP"},"url":"https:\/\/quehacerpolitico.mx\/?author=2"}]}},"featured_image_urls":{"full":["https:\/\/quehacerpolitico.mx\/wp-content\/uploads\/2023\/02\/493CC7DC-CA1D-489D-86EA-CF13770A88C8.jpeg",1157,651,false],"thumbnail":["https:\/\/quehacerpolitico.mx\/wp-content\/uploads\/2023\/02\/493CC7DC-CA1D-489D-86EA-CF13770A88C8-150x150.jpeg",150,150,true],"medium":["https:\/\/quehacerpolitico.mx\/wp-content\/uploads\/2023\/02\/493CC7DC-CA1D-489D-86EA-CF13770A88C8-300x169.jpeg",300,169,true],"medium_large":["https:\/\/quehacerpolitico.mx\/wp-content\/uploads\/2023\/02\/493CC7DC-CA1D-489D-86EA-CF13770A88C8-768x432.jpeg",640,360,true],"large":["https:\/\/quehacerpolitico.mx\/wp-content\/uploads\/2023\/02\/493CC7DC-CA1D-489D-86EA-CF13770A88C8-1024x576.jpeg",640,360,true],"1536x1536":["https:\/\/quehacerpolitico.mx\/wp-content\/uploads\/2023\/02\/493CC7DC-CA1D-489D-86EA-CF13770A88C8.jpeg",1157,651,false],"2048x2048":["https:\/\/quehacerpolitico.mx\/wp-content\/uploads\/2023\/02\/493CC7DC-CA1D-489D-86EA-CF13770A88C8.jpeg",1157,651,false],"covernews-featured":["https:\/\/quehacerpolitico.mx\/wp-content\/uploads\/2023\/02\/493CC7DC-CA1D-489D-86EA-CF13770A88C8.jpeg",1024,576,false],"covernews-medium":["https:\/\/quehacerpolitico.mx\/wp-content\/uploads\/2023\/02\/493CC7DC-CA1D-489D-86EA-CF13770A88C8.jpeg",540,304,false]},"author_info":{"display_name":"Redacci\u00f3n QP","author_link":"https:\/\/quehacerpolitico.mx\/?author=2"},"category_info":"<a href=\"https:\/\/quehacerpolitico.mx\/?cat=2\" rel=\"category\">Noticias<\/a>","tag_info":"Noticias","comment_count":"0","_links":{"self":[{"href":"https:\/\/quehacerpolitico.mx\/index.php?rest_route=\/wp\/v2\/posts\/98908","targetHints":{"allow":["GET"]}}],"collection":[{"href":"https:\/\/quehacerpolitico.mx\/index.php?rest_route=\/wp\/v2\/posts"}],"about":[{"href":"https:\/\/quehacerpolitico.mx\/index.php?rest_route=\/wp\/v2\/types\/post"}],"author":[{"embeddable":true,"href":"https:\/\/quehacerpolitico.mx\/index.php?rest_route=\/wp\/v2\/users\/2"}],"replies":[{"embeddable":true,"href":"https:\/\/quehacerpolitico.mx\/index.php?rest_route=%2Fwp%2Fv2%2Fcomments&post=98908"}],"version-history":[{"count":1,"href":"https:\/\/quehacerpolitico.mx\/index.php?rest_route=\/wp\/v2\/posts\/98908\/revisions"}],"predecessor-version":[{"id":98910,"href":"https:\/\/quehacerpolitico.mx\/index.php?rest_route=\/wp\/v2\/posts\/98908\/revisions\/98910"}],"wp:featuredmedia":[{"embeddable":true,"href":"https:\/\/quehacerpolitico.mx\/index.php?rest_route=\/wp\/v2\/media\/98909"}],"wp:attachment":[{"href":"https:\/\/quehacerpolitico.mx\/index.php?rest_route=%2Fwp%2Fv2%2Fmedia&parent=98908"}],"wp:term":[{"taxonomy":"category","embeddable":true,"href":"https:\/\/quehacerpolitico.mx\/index.php?rest_route=%2Fwp%2Fv2%2Fcategories&post=98908"},{"taxonomy":"post_tag","embeddable":true,"href":"https:\/\/quehacerpolitico.mx\/index.php?rest_route=%2Fwp%2Fv2%2Ftags&post=98908"}],"curies":[{"name":"wp","href":"https:\/\/api.w.org\/{rel}","templated":true}]}}