{"id":98860,"date":"2023-02-22T18:29:52","date_gmt":"2023-02-22T18:29:52","guid":{"rendered":"https:\/\/quehacerpolitico.mx\/?p=98860"},"modified":"2023-02-22T18:29:56","modified_gmt":"2023-02-22T18:29:56","slug":"la-unam-interpone-queja-contra-impedimento-de-pronunciarse-sobre-yasmin-esquivel","status":"publish","type":"post","link":"https:\/\/quehacerpolitico.mx\/?p=98860","title":{"rendered":"La UNAM interpone queja contra impedimento de pronunciarse sobre Yasm\u00edn Esquivel"},"content":{"rendered":"\n<p>Por Redacci\u00f3n QP<\/p>\n\n\n\n<p>El recurso fue turnado al Tribunal Colegiado en Materia Administrativa del Primer Circuito, que en los pr\u00f3ximos d\u00edas resolver\u00e1 si lo admite o desecha<\/p>\n\n\n\n<p>La Universidad Nacional Aut\u00f3noma de M\u00e9xico (UNAM) interpuso\u00a0<strong>un recurso de queja contra la suspensi\u00f3n provisional otorgada a la ministra de la Suprema Corte de Justicia de la Naci\u00f3n (SCJN), Yasm\u00edn Esquivel Mossa<\/strong>, que evita que la instituci\u00f3n educativa se pronuncie sobre la investigaci\u00f3n del plagio de su tesis de licenciatura en Derecho.<\/p>\n\n\n\n<p>&#8220;Se tienen por recibidos los oficios registrados con los n\u00fameros de folio 3933, 3934 y 3935, de las autoridades responsables Rector, Presidenta del Comit\u00e9 Universitario de \u00c9tica, Integrantes del Comit\u00e9; Director de la Facultad de Estudios Superiores Arag\u00f3n e Integrantes del Comit\u00e9 de Integridad Acad\u00e9mica y Cient\u00edfica de la Facultad de Estudios Superiores Arag\u00f3n, todos de la Universidad Nacional Aut\u00f3noma de M\u00e9xico, a trav\u00e9s del cual interponen recurso de queja contra el prove\u00eddo de quince de febrero de dos mil veintitr\u00e9s, por el que se concedi\u00f3 la suspensi\u00f3n provisional&#8221;, se indica.<\/p>\n\n\n\n<p><strong>El recurso fue turnado al Tribunal Colegiado en Materia Administrativa del Primer Circuito<\/strong>, que en los pr\u00f3ximos d\u00edas resolver\u00e1 si admite o desecha la queja contra la resoluci\u00f3n de la jueza Quinto de Distrito en materia Administrativa, Sandra de Jes\u00fas Z\u00fa\u00f1iga, quien concedi\u00f3 la suspensi\u00f3n definitiva a Esquivel Mossa.<\/p>\n\n\n\n<p><strong>Alejandro Romano<\/strong>, abogado de la ministra, explic\u00f3 que el recurso fue promovido bajo el argumento de que la&nbsp;<strong>UNAM<\/strong>&nbsp;incurri\u00f3 en un&nbsp;<strong>da\u00f1o<\/strong>&nbsp;contra&nbsp;<strong>Yasm\u00edn Esquivel<\/strong>&nbsp;al haberla se\u00f1alado por plagio, sin darle la oportunidad de defenderse.<\/p>\n\n\n\n<p>De este modo el objetivo es que el Comit\u00e9 Universitario de \u00c9tica no pueda hablar sobre el caso para evitar profundizar el da\u00f1o.<\/p>\n\n\n\n<p>Al conceder la suspensi\u00f3n provisional una jueza determin\u00f3 que aunque se trata de un asunto medi\u00e1tico todos los \u00f3rganos del Estado tienen la obligaci\u00f3n de no condenar informalmente a una persona o emitir juicio ante la sociedad, mientras no se acredite su responsabilidad.<\/p>\n\n\n\n<p>De lo contrario, \u201ctrae como consecuencia la vulneraci\u00f3n del derecho fundamental de presunci\u00f3n de inocencia\u201d.<\/p>\n\n\n\n<p>Con informaci\u00f3n de SUN<\/p>\n","protected":false},"excerpt":{"rendered":"<p>Por Redacci\u00f3n QP El recurso fue turnado al Tribunal Colegiado en Materia Administrativa del Primer&#8230;<\/p>\n","protected":false},"author":2,"featured_media":98861,"comment_status":"open","ping_status":"open","sticky":false,"template":"","format":"standard","meta":{"_monsterinsights_skip_tracking":false,"_monsterinsights_sitenote_active":false,"_monsterinsights_sitenote_note":"","_monsterinsights_sitenote_category":0,"footnotes":""},"categories":[2],"tags":[],"class_list":["post-98860","post","type-post","status-publish","format-standard","has-post-thumbnail","hentry","category-noticias"],"yoast_head":"<!-- This site is optimized with the Yoast SEO plugin v27.3 - https:\/\/yoast.com\/product\/yoast-seo-wordpress\/ -->\n<title>La UNAM interpone queja contra impedimento de pronunciarse sobre Yasm\u00edn Esquivel -<\/title>\n<meta name=\"robots\" content=\"index, follow, max-snippet:-1, max-image-preview:large, max-video-preview:-1\" \/>\n<link rel=\"canonical\" href=\"https:\/\/quehacerpolitico.mx\/?p=98860\" \/>\n<meta property=\"og:locale\" content=\"es_MX\" \/>\n<meta property=\"og:type\" content=\"article\" \/>\n<meta property=\"og:title\" content=\"La UNAM interpone queja contra impedimento de pronunciarse sobre Yasm\u00edn Esquivel -\" \/>\n<meta property=\"og:description\" content=\"Por Redacci\u00f3n QP El recurso fue turnado al Tribunal Colegiado en Materia Administrativa del Primer...\" \/>\n<meta property=\"og:url\" content=\"https:\/\/quehacerpolitico.mx\/?p=98860\" \/>\n<meta property=\"article:published_time\" content=\"2023-02-22T18:29:52+00:00\" \/>\n<meta property=\"article:modified_time\" content=\"2023-02-22T18:29:56+00:00\" \/>\n<meta property=\"og:image\" content=\"https:\/\/quehacerpolitico.mx\/wp-content\/uploads\/2023\/02\/9AC659DF-8C43-439F-B69A-FF8CE3709B0B.jpeg\" \/>\n\t<meta property=\"og:image:width\" content=\"1121\" \/>\n\t<meta property=\"og:image:height\" content=\"602\" \/>\n\t<meta property=\"og:image:type\" content=\"image\/jpeg\" \/>\n<meta name=\"author\" content=\"Redacci\u00f3n QP\" \/>\n<meta name=\"twitter:card\" content=\"summary_large_image\" \/>\n<meta name=\"twitter:label1\" content=\"Escrito por\" \/>\n\t<meta name=\"twitter:data1\" content=\"Redacci\u00f3n QP\" \/>\n\t<meta name=\"twitter:label2\" content=\"Tiempo de lectura\" \/>\n\t<meta name=\"twitter:data2\" content=\"2 minutos\" \/>\n<script type=\"application\/ld+json\" class=\"yoast-schema-graph\">{\"@context\":\"https:\\\/\\\/schema.org\",\"@graph\":[{\"@type\":\"Article\",\"@id\":\"https:\\\/\\\/quehacerpolitico.mx\\\/?p=98860#article\",\"isPartOf\":{\"@id\":\"https:\\\/\\\/quehacerpolitico.mx\\\/?p=98860\"},\"author\":{\"name\":\"Redacci\u00f3n QP\",\"@id\":\"https:\\\/\\\/quehacerpolitico.mx\\\/#\\\/schema\\\/person\\\/496d8ad2d1d3f8036101dca7ee39e585\"},\"headline\":\"La UNAM interpone queja contra impedimento de pronunciarse sobre Yasm\u00edn Esquivel\",\"datePublished\":\"2023-02-22T18:29:52+00:00\",\"dateModified\":\"2023-02-22T18:29:56+00:00\",\"mainEntityOfPage\":{\"@id\":\"https:\\\/\\\/quehacerpolitico.mx\\\/?p=98860\"},\"wordCount\":394,\"commentCount\":0,\"image\":{\"@id\":\"https:\\\/\\\/quehacerpolitico.mx\\\/?p=98860#primaryimage\"},\"thumbnailUrl\":\"https:\\\/\\\/quehacerpolitico.mx\\\/wp-content\\\/uploads\\\/2023\\\/02\\\/9AC659DF-8C43-439F-B69A-FF8CE3709B0B.jpeg\",\"articleSection\":[\"Noticias\"],\"inLanguage\":\"es\",\"potentialAction\":[{\"@type\":\"CommentAction\",\"name\":\"Comment\",\"target\":[\"https:\\\/\\\/quehacerpolitico.mx\\\/?p=98860#respond\"]}]},{\"@type\":\"WebPage\",\"@id\":\"https:\\\/\\\/quehacerpolitico.mx\\\/?p=98860\",\"url\":\"https:\\\/\\\/quehacerpolitico.mx\\\/?p=98860\",\"name\":\"La UNAM interpone queja contra impedimento de pronunciarse sobre Yasm\u00edn Esquivel -\",\"isPartOf\":{\"@id\":\"https:\\\/\\\/quehacerpolitico.mx\\\/#website\"},\"primaryImageOfPage\":{\"@id\":\"https:\\\/\\\/quehacerpolitico.mx\\\/?p=98860#primaryimage\"},\"image\":{\"@id\":\"https:\\\/\\\/quehacerpolitico.mx\\\/?p=98860#primaryimage\"},\"thumbnailUrl\":\"https:\\\/\\\/quehacerpolitico.mx\\\/wp-content\\\/uploads\\\/2023\\\/02\\\/9AC659DF-8C43-439F-B69A-FF8CE3709B0B.jpeg\",\"datePublished\":\"2023-02-22T18:29:52+00:00\",\"dateModified\":\"2023-02-22T18:29:56+00:00\",\"author\":{\"@id\":\"https:\\\/\\\/quehacerpolitico.mx\\\/#\\\/schema\\\/person\\\/496d8ad2d1d3f8036101dca7ee39e585\"},\"breadcrumb\":{\"@id\":\"https:\\\/\\\/quehacerpolitico.mx\\\/?p=98860#breadcrumb\"},\"inLanguage\":\"es\",\"potentialAction\":[{\"@type\":\"ReadAction\",\"target\":[\"https:\\\/\\\/quehacerpolitico.mx\\\/?p=98860\"]}]},{\"@type\":\"ImageObject\",\"inLanguage\":\"es\",\"@id\":\"https:\\\/\\\/quehacerpolitico.mx\\\/?p=98860#primaryimage\",\"url\":\"https:\\\/\\\/quehacerpolitico.mx\\\/wp-content\\\/uploads\\\/2023\\\/02\\\/9AC659DF-8C43-439F-B69A-FF8CE3709B0B.jpeg\",\"contentUrl\":\"https:\\\/\\\/quehacerpolitico.mx\\\/wp-content\\\/uploads\\\/2023\\\/02\\\/9AC659DF-8C43-439F-B69A-FF8CE3709B0B.jpeg\",\"width\":1121,\"height\":602},{\"@type\":\"BreadcrumbList\",\"@id\":\"https:\\\/\\\/quehacerpolitico.mx\\\/?p=98860#breadcrumb\",\"itemListElement\":[{\"@type\":\"ListItem\",\"position\":1,\"name\":\"Inicio\",\"item\":\"https:\\\/\\\/quehacerpolitico.mx\\\/\"},{\"@type\":\"ListItem\",\"position\":2,\"name\":\"La UNAM interpone queja contra impedimento de pronunciarse sobre Yasm\u00edn Esquivel\"}]},{\"@type\":\"WebSite\",\"@id\":\"https:\\\/\\\/quehacerpolitico.mx\\\/#website\",\"url\":\"https:\\\/\\\/quehacerpolitico.mx\\\/\",\"name\":\"\",\"description\":\"\",\"potentialAction\":[{\"@type\":\"SearchAction\",\"target\":{\"@type\":\"EntryPoint\",\"urlTemplate\":\"https:\\\/\\\/quehacerpolitico.mx\\\/?s={search_term_string}\"},\"query-input\":{\"@type\":\"PropertyValueSpecification\",\"valueRequired\":true,\"valueName\":\"search_term_string\"}}],\"inLanguage\":\"es\"},{\"@type\":\"Person\",\"@id\":\"https:\\\/\\\/quehacerpolitico.mx\\\/#\\\/schema\\\/person\\\/496d8ad2d1d3f8036101dca7ee39e585\",\"name\":\"Redacci\u00f3n QP\",\"image\":{\"@type\":\"ImageObject\",\"inLanguage\":\"es\",\"@id\":\"https:\\\/\\\/secure.gravatar.com\\\/avatar\\\/c7164ed6fdec453195284ad24a5ae5b6e1eed2b848477fa2a4787ba9adf39a41?s=96&d=mm&r=g\",\"url\":\"https:\\\/\\\/secure.gravatar.com\\\/avatar\\\/c7164ed6fdec453195284ad24a5ae5b6e1eed2b848477fa2a4787ba9adf39a41?s=96&d=mm&r=g\",\"contentUrl\":\"https:\\\/\\\/secure.gravatar.com\\\/avatar\\\/c7164ed6fdec453195284ad24a5ae5b6e1eed2b848477fa2a4787ba9adf39a41?s=96&d=mm&r=g\",\"caption\":\"Redacci\u00f3n QP\"},\"url\":\"https:\\\/\\\/quehacerpolitico.mx\\\/?author=2\"}]}<\/script>\n<!-- \/ Yoast SEO plugin. -->","yoast_head_json":{"title":"La UNAM interpone queja contra impedimento de pronunciarse sobre Yasm\u00edn Esquivel -","robots":{"index":"index","follow":"follow","max-snippet":"max-snippet:-1","max-image-preview":"max-image-preview:large","max-video-preview":"max-video-preview:-1"},"canonical":"https:\/\/quehacerpolitico.mx\/?p=98860","og_locale":"es_MX","og_type":"article","og_title":"La UNAM interpone queja contra impedimento de pronunciarse sobre Yasm\u00edn Esquivel -","og_description":"Por Redacci\u00f3n QP El recurso fue turnado al Tribunal Colegiado en Materia Administrativa del Primer...","og_url":"https:\/\/quehacerpolitico.mx\/?p=98860","article_published_time":"2023-02-22T18:29:52+00:00","article_modified_time":"2023-02-22T18:29:56+00:00","og_image":[{"width":1121,"height":602,"url":"https:\/\/quehacerpolitico.mx\/wp-content\/uploads\/2023\/02\/9AC659DF-8C43-439F-B69A-FF8CE3709B0B.jpeg","type":"image\/jpeg"}],"author":"Redacci\u00f3n QP","twitter_card":"summary_large_image","twitter_misc":{"Escrito por":"Redacci\u00f3n QP","Tiempo de lectura":"2 minutos"},"schema":{"@context":"https:\/\/schema.org","@graph":[{"@type":"Article","@id":"https:\/\/quehacerpolitico.mx\/?p=98860#article","isPartOf":{"@id":"https:\/\/quehacerpolitico.mx\/?p=98860"},"author":{"name":"Redacci\u00f3n QP","@id":"https:\/\/quehacerpolitico.mx\/#\/schema\/person\/496d8ad2d1d3f8036101dca7ee39e585"},"headline":"La UNAM interpone queja contra impedimento de pronunciarse sobre Yasm\u00edn Esquivel","datePublished":"2023-02-22T18:29:52+00:00","dateModified":"2023-02-22T18:29:56+00:00","mainEntityOfPage":{"@id":"https:\/\/quehacerpolitico.mx\/?p=98860"},"wordCount":394,"commentCount":0,"image":{"@id":"https:\/\/quehacerpolitico.mx\/?p=98860#primaryimage"},"thumbnailUrl":"https:\/\/quehacerpolitico.mx\/wp-content\/uploads\/2023\/02\/9AC659DF-8C43-439F-B69A-FF8CE3709B0B.jpeg","articleSection":["Noticias"],"inLanguage":"es","potentialAction":[{"@type":"CommentAction","name":"Comment","target":["https:\/\/quehacerpolitico.mx\/?p=98860#respond"]}]},{"@type":"WebPage","@id":"https:\/\/quehacerpolitico.mx\/?p=98860","url":"https:\/\/quehacerpolitico.mx\/?p=98860","name":"La UNAM interpone queja contra impedimento de pronunciarse sobre Yasm\u00edn Esquivel -","isPartOf":{"@id":"https:\/\/quehacerpolitico.mx\/#website"},"primaryImageOfPage":{"@id":"https:\/\/quehacerpolitico.mx\/?p=98860#primaryimage"},"image":{"@id":"https:\/\/quehacerpolitico.mx\/?p=98860#primaryimage"},"thumbnailUrl":"https:\/\/quehacerpolitico.mx\/wp-content\/uploads\/2023\/02\/9AC659DF-8C43-439F-B69A-FF8CE3709B0B.jpeg","datePublished":"2023-02-22T18:29:52+00:00","dateModified":"2023-02-22T18:29:56+00:00","author":{"@id":"https:\/\/quehacerpolitico.mx\/#\/schema\/person\/496d8ad2d1d3f8036101dca7ee39e585"},"breadcrumb":{"@id":"https:\/\/quehacerpolitico.mx\/?p=98860#breadcrumb"},"inLanguage":"es","potentialAction":[{"@type":"ReadAction","target":["https:\/\/quehacerpolitico.mx\/?p=98860"]}]},{"@type":"ImageObject","inLanguage":"es","@id":"https:\/\/quehacerpolitico.mx\/?p=98860#primaryimage","url":"https:\/\/quehacerpolitico.mx\/wp-content\/uploads\/2023\/02\/9AC659DF-8C43-439F-B69A-FF8CE3709B0B.jpeg","contentUrl":"https:\/\/quehacerpolitico.mx\/wp-content\/uploads\/2023\/02\/9AC659DF-8C43-439F-B69A-FF8CE3709B0B.jpeg","width":1121,"height":602},{"@type":"BreadcrumbList","@id":"https:\/\/quehacerpolitico.mx\/?p=98860#breadcrumb","itemListElement":[{"@type":"ListItem","position":1,"name":"Inicio","item":"https:\/\/quehacerpolitico.mx\/"},{"@type":"ListItem","position":2,"name":"La UNAM interpone queja contra impedimento de pronunciarse sobre Yasm\u00edn Esquivel"}]},{"@type":"WebSite","@id":"https:\/\/quehacerpolitico.mx\/#website","url":"https:\/\/quehacerpolitico.mx\/","name":"","description":"","potentialAction":[{"@type":"SearchAction","target":{"@type":"EntryPoint","urlTemplate":"https:\/\/quehacerpolitico.mx\/?s={search_term_string}"},"query-input":{"@type":"PropertyValueSpecification","valueRequired":true,"valueName":"search_term_string"}}],"inLanguage":"es"},{"@type":"Person","@id":"https:\/\/quehacerpolitico.mx\/#\/schema\/person\/496d8ad2d1d3f8036101dca7ee39e585","name":"Redacci\u00f3n QP","image":{"@type":"ImageObject","inLanguage":"es","@id":"https:\/\/secure.gravatar.com\/avatar\/c7164ed6fdec453195284ad24a5ae5b6e1eed2b848477fa2a4787ba9adf39a41?s=96&d=mm&r=g","url":"https:\/\/secure.gravatar.com\/avatar\/c7164ed6fdec453195284ad24a5ae5b6e1eed2b848477fa2a4787ba9adf39a41?s=96&d=mm&r=g","contentUrl":"https:\/\/secure.gravatar.com\/avatar\/c7164ed6fdec453195284ad24a5ae5b6e1eed2b848477fa2a4787ba9adf39a41?s=96&d=mm&r=g","caption":"Redacci\u00f3n QP"},"url":"https:\/\/quehacerpolitico.mx\/?author=2"}]}},"featured_image_urls":{"full":["https:\/\/quehacerpolitico.mx\/wp-content\/uploads\/2023\/02\/9AC659DF-8C43-439F-B69A-FF8CE3709B0B.jpeg",1121,602,false],"thumbnail":["https:\/\/quehacerpolitico.mx\/wp-content\/uploads\/2023\/02\/9AC659DF-8C43-439F-B69A-FF8CE3709B0B-150x150.jpeg",150,150,true],"medium":["https:\/\/quehacerpolitico.mx\/wp-content\/uploads\/2023\/02\/9AC659DF-8C43-439F-B69A-FF8CE3709B0B-300x161.jpeg",300,161,true],"medium_large":["https:\/\/quehacerpolitico.mx\/wp-content\/uploads\/2023\/02\/9AC659DF-8C43-439F-B69A-FF8CE3709B0B-768x412.jpeg",640,343,true],"large":["https:\/\/quehacerpolitico.mx\/wp-content\/uploads\/2023\/02\/9AC659DF-8C43-439F-B69A-FF8CE3709B0B-1024x550.jpeg",640,344,true],"1536x1536":["https:\/\/quehacerpolitico.mx\/wp-content\/uploads\/2023\/02\/9AC659DF-8C43-439F-B69A-FF8CE3709B0B.jpeg",1121,602,false],"2048x2048":["https:\/\/quehacerpolitico.mx\/wp-content\/uploads\/2023\/02\/9AC659DF-8C43-439F-B69A-FF8CE3709B0B.jpeg",1121,602,false],"covernews-featured":["https:\/\/quehacerpolitico.mx\/wp-content\/uploads\/2023\/02\/9AC659DF-8C43-439F-B69A-FF8CE3709B0B.jpeg",1024,550,false],"covernews-medium":["https:\/\/quehacerpolitico.mx\/wp-content\/uploads\/2023\/02\/9AC659DF-8C43-439F-B69A-FF8CE3709B0B.jpeg",540,290,false]},"author_info":{"display_name":"Redacci\u00f3n QP","author_link":"https:\/\/quehacerpolitico.mx\/?author=2"},"category_info":"<a href=\"https:\/\/quehacerpolitico.mx\/?cat=2\" rel=\"category\">Noticias<\/a>","tag_info":"Noticias","comment_count":"0","_links":{"self":[{"href":"https:\/\/quehacerpolitico.mx\/index.php?rest_route=\/wp\/v2\/posts\/98860","targetHints":{"allow":["GET"]}}],"collection":[{"href":"https:\/\/quehacerpolitico.mx\/index.php?rest_route=\/wp\/v2\/posts"}],"about":[{"href":"https:\/\/quehacerpolitico.mx\/index.php?rest_route=\/wp\/v2\/types\/post"}],"author":[{"embeddable":true,"href":"https:\/\/quehacerpolitico.mx\/index.php?rest_route=\/wp\/v2\/users\/2"}],"replies":[{"embeddable":true,"href":"https:\/\/quehacerpolitico.mx\/index.php?rest_route=%2Fwp%2Fv2%2Fcomments&post=98860"}],"version-history":[{"count":1,"href":"https:\/\/quehacerpolitico.mx\/index.php?rest_route=\/wp\/v2\/posts\/98860\/revisions"}],"predecessor-version":[{"id":98862,"href":"https:\/\/quehacerpolitico.mx\/index.php?rest_route=\/wp\/v2\/posts\/98860\/revisions\/98862"}],"wp:featuredmedia":[{"embeddable":true,"href":"https:\/\/quehacerpolitico.mx\/index.php?rest_route=\/wp\/v2\/media\/98861"}],"wp:attachment":[{"href":"https:\/\/quehacerpolitico.mx\/index.php?rest_route=%2Fwp%2Fv2%2Fmedia&parent=98860"}],"wp:term":[{"taxonomy":"category","embeddable":true,"href":"https:\/\/quehacerpolitico.mx\/index.php?rest_route=%2Fwp%2Fv2%2Fcategories&post=98860"},{"taxonomy":"post_tag","embeddable":true,"href":"https:\/\/quehacerpolitico.mx\/index.php?rest_route=%2Fwp%2Fv2%2Ftags&post=98860"}],"curies":[{"name":"wp","href":"https:\/\/api.w.org\/{rel}","templated":true}]}}