{"id":98857,"date":"2023-02-22T18:04:55","date_gmt":"2023-02-22T18:04:55","guid":{"rendered":"https:\/\/quehacerpolitico.mx\/?p=98857"},"modified":"2023-02-22T18:04:59","modified_gmt":"2023-02-22T18:04:59","slug":"niegan-que-lopez-obrador-haya-contratado-a-luisito-comunica-para-hablar-del-aifa","status":"publish","type":"post","link":"https:\/\/quehacerpolitico.mx\/?p=98857","title":{"rendered":"Niegan que L\u00f3pez Obrador haya contratado a Luisito Comunica para hablar del AIFA"},"content":{"rendered":"\n<p>Por Redacci\u00f3n QP<\/p>\n\n\n\n<p>Elizabeth Garc\u00eda Vilchis habl\u00f3 sobre el tema en la secci\u00f3n &#8220;Qui\u00e9n es qui\u00e9n en las mentiras de la semana&#8221;<\/p>\n\n\n\n<p>Durante la secci\u00f3n &#8220;Qui\u00e9n es qui\u00e9n en las mentiras de la semana&#8221;, de la conferencia &#8220;ma\u00f1anera&#8221; de este mi\u00e9rcoles del Presidente Andr\u00e9s Manuel L\u00f3pez Obrador en Palacio Nacional, Elizabeth Garc\u00eda Vilchis neg\u00f3 que se haya contratado al youtuber\u00a0Luisito Comunica para promocionar al Aeropuerto Internacional \u201cFelipe Angeles\u201d (AIFA).<\/p>\n\n\n\n<figure class=\"wp-block-embed is-type-video is-provider-youtube wp-block-embed-youtube wp-embed-aspect-16-9 wp-has-aspect-ratio\"><div class=\"wp-block-embed__wrapper\">\n<iframe loading=\"lazy\" title=\"Niegan en \u2018La Ma\u00f1anera\u2019 haber pagado a Luisito Comunica para hablar &quot;maravillas del AIFA&quot;\" width=\"640\" height=\"360\" src=\"https:\/\/www.youtube.com\/embed\/ilQWrXK0et4?feature=oembed\" frameborder=\"0\" allow=\"accelerometer; autoplay; clipboard-write; encrypted-media; gyroscope; picture-in-picture; web-share\" referrerpolicy=\"strict-origin-when-cross-origin\" allowfullscreen><\/iframe>\n<\/div><\/figure>\n\n\n\n<figure class=\"wp-block-embed is-type-rich is-provider-twitter wp-block-embed-twitter\"><div class=\"wp-block-embed__wrapper\">\n<blockquote class=\"twitter-tweet\" data-width=\"550\" data-dnt=\"true\"><p lang=\"es\" dir=\"ltr\">Luisito Comunica en la ma\u00f1anera justo ahora. <br><br>Desmienten desde Palacio <a href=\"https:\/\/twitter.com\/LuisitoComunica?ref_src=twsrc%5Etfw\">@LuisitoComunica<\/a> haya recibi\u00f3 dinero por su video del AIFA. <a href=\"https:\/\/t.co\/NGR7CTgBbE\">pic.twitter.com\/NGR7CTgBbE<\/a><\/p>&mdash; Amir Ibrahim (@AmirIbrahimQRoo) <a href=\"https:\/\/twitter.com\/AmirIbrahimQRoo\/status\/1628387963125264385?ref_src=twsrc%5Etfw\">February 22, 2023<\/a><\/blockquote><script async src=\"https:\/\/platform.twitter.com\/widgets.js\" charset=\"utf-8\"><\/script>\n<\/div><\/figure>\n\n\n\n<p>&#8220;Lo acusaron de hacer propaganda pagada a favor del gobierno. Esto no es verdad&#8221;<\/p>\n\n\n\n<p>&#8220;Queremos mostrarles c\u00f3mo uno de los youtubers m\u00e1s influyentes de Am\u00e9rica Latina habla maravillas del AIFA. Lo acusaron de hacer propaganda pagada a favor del gobierno. Esto no es verdad&#8221;, dijo.<\/p>\n\n\n\n<p>En ese sentido,<strong>\u00a0reprodujo el video que Luisito Comunica comparti\u00f3 en sus redes sociales,\u00a0<\/strong>donde detallaba algunas cosas positivas del aeropuerto Felipe \u00c1ngeles.<\/p>\n\n\n\n<p>Entre ellas, que seg\u00fan \u00e9l<strong>, su trayecto para llegar a las nuevas instalaciones fue de 56 minutos, e incluso lo compar\u00f3 con el aeropuerto de Estambul, por su dise\u00f1o<\/strong>. Tambi\u00e9n critic\u00f3 al Aeropuerto Internacional de la Ciudad de M\u00e9xico al decir que tiene aspectos deficientes.<\/p>\n\n\n\n<p>Sin embargo,<strong>\u00a0el youtuber tambi\u00e9n se\u00f1al\u00f3 aspectos negativos del AIFA,\u00a0<\/strong>como que no est\u00e1 funcionando en su totalidad, y la lejan\u00eda que influye negativamente en el tiempo que se toman los pasajeros para llegar y el costo de traslado.<\/p>\n\n\n\n<p>Con Informaci\u00f3n de SUN <\/p>\n","protected":false},"excerpt":{"rendered":"<p>Por Redacci\u00f3n QP Elizabeth Garc\u00eda Vilchis habl\u00f3 sobre el tema en la secci\u00f3n &#8220;Qui\u00e9n es&#8230;<\/p>\n","protected":false},"author":2,"featured_media":98858,"comment_status":"open","ping_status":"open","sticky":false,"template":"","format":"standard","meta":{"_monsterinsights_skip_tracking":false,"_monsterinsights_sitenote_active":false,"_monsterinsights_sitenote_note":"","_monsterinsights_sitenote_category":0,"footnotes":""},"categories":[2],"tags":[],"class_list":["post-98857","post","type-post","status-publish","format-standard","has-post-thumbnail","hentry","category-noticias"],"yoast_head":"<!-- This site is optimized with the Yoast SEO plugin v27.3 - https:\/\/yoast.com\/product\/yoast-seo-wordpress\/ -->\n<title>Niegan que L\u00f3pez Obrador haya contratado a Luisito Comunica para hablar del AIFA -<\/title>\n<meta name=\"robots\" content=\"index, follow, max-snippet:-1, max-image-preview:large, max-video-preview:-1\" \/>\n<link rel=\"canonical\" href=\"https:\/\/quehacerpolitico.mx\/?p=98857\" \/>\n<meta property=\"og:locale\" content=\"es_MX\" \/>\n<meta property=\"og:type\" content=\"article\" \/>\n<meta property=\"og:title\" content=\"Niegan que L\u00f3pez Obrador haya contratado a Luisito Comunica para hablar del AIFA -\" \/>\n<meta property=\"og:description\" content=\"Por Redacci\u00f3n QP Elizabeth Garc\u00eda Vilchis habl\u00f3 sobre el tema en la secci\u00f3n &#8220;Qui\u00e9n es...\" \/>\n<meta property=\"og:url\" content=\"https:\/\/quehacerpolitico.mx\/?p=98857\" \/>\n<meta property=\"article:published_time\" content=\"2023-02-22T18:04:55+00:00\" \/>\n<meta property=\"article:modified_time\" content=\"2023-02-22T18:04:59+00:00\" \/>\n<meta property=\"og:image\" content=\"https:\/\/quehacerpolitico.mx\/wp-content\/uploads\/2023\/02\/9A21257D-9073-4C98-9FAC-CCCF600D4488.jpeg\" \/>\n\t<meta property=\"og:image:width\" content=\"1284\" \/>\n\t<meta property=\"og:image:height\" content=\"682\" \/>\n\t<meta property=\"og:image:type\" content=\"image\/jpeg\" \/>\n<meta name=\"author\" content=\"Redacci\u00f3n QP\" \/>\n<meta name=\"twitter:card\" content=\"summary_large_image\" \/>\n<meta name=\"twitter:label1\" content=\"Escrito por\" \/>\n\t<meta name=\"twitter:data1\" content=\"Redacci\u00f3n QP\" \/>\n\t<meta name=\"twitter:label2\" content=\"Tiempo de lectura\" \/>\n\t<meta name=\"twitter:data2\" content=\"1 minuto\" \/>\n<script type=\"application\/ld+json\" class=\"yoast-schema-graph\">{\"@context\":\"https:\\\/\\\/schema.org\",\"@graph\":[{\"@type\":\"Article\",\"@id\":\"https:\\\/\\\/quehacerpolitico.mx\\\/?p=98857#article\",\"isPartOf\":{\"@id\":\"https:\\\/\\\/quehacerpolitico.mx\\\/?p=98857\"},\"author\":{\"name\":\"Redacci\u00f3n QP\",\"@id\":\"https:\\\/\\\/quehacerpolitico.mx\\\/#\\\/schema\\\/person\\\/496d8ad2d1d3f8036101dca7ee39e585\"},\"headline\":\"Niegan que L\u00f3pez Obrador haya contratado a Luisito Comunica para hablar del AIFA\",\"datePublished\":\"2023-02-22T18:04:55+00:00\",\"dateModified\":\"2023-02-22T18:04:59+00:00\",\"mainEntityOfPage\":{\"@id\":\"https:\\\/\\\/quehacerpolitico.mx\\\/?p=98857\"},\"wordCount\":279,\"commentCount\":0,\"image\":{\"@id\":\"https:\\\/\\\/quehacerpolitico.mx\\\/?p=98857#primaryimage\"},\"thumbnailUrl\":\"https:\\\/\\\/quehacerpolitico.mx\\\/wp-content\\\/uploads\\\/2023\\\/02\\\/9A21257D-9073-4C98-9FAC-CCCF600D4488.jpeg\",\"articleSection\":[\"Noticias\"],\"inLanguage\":\"es\",\"potentialAction\":[{\"@type\":\"CommentAction\",\"name\":\"Comment\",\"target\":[\"https:\\\/\\\/quehacerpolitico.mx\\\/?p=98857#respond\"]}]},{\"@type\":\"WebPage\",\"@id\":\"https:\\\/\\\/quehacerpolitico.mx\\\/?p=98857\",\"url\":\"https:\\\/\\\/quehacerpolitico.mx\\\/?p=98857\",\"name\":\"Niegan que L\u00f3pez Obrador haya contratado a Luisito Comunica para hablar del AIFA -\",\"isPartOf\":{\"@id\":\"https:\\\/\\\/quehacerpolitico.mx\\\/#website\"},\"primaryImageOfPage\":{\"@id\":\"https:\\\/\\\/quehacerpolitico.mx\\\/?p=98857#primaryimage\"},\"image\":{\"@id\":\"https:\\\/\\\/quehacerpolitico.mx\\\/?p=98857#primaryimage\"},\"thumbnailUrl\":\"https:\\\/\\\/quehacerpolitico.mx\\\/wp-content\\\/uploads\\\/2023\\\/02\\\/9A21257D-9073-4C98-9FAC-CCCF600D4488.jpeg\",\"datePublished\":\"2023-02-22T18:04:55+00:00\",\"dateModified\":\"2023-02-22T18:04:59+00:00\",\"author\":{\"@id\":\"https:\\\/\\\/quehacerpolitico.mx\\\/#\\\/schema\\\/person\\\/496d8ad2d1d3f8036101dca7ee39e585\"},\"breadcrumb\":{\"@id\":\"https:\\\/\\\/quehacerpolitico.mx\\\/?p=98857#breadcrumb\"},\"inLanguage\":\"es\",\"potentialAction\":[{\"@type\":\"ReadAction\",\"target\":[\"https:\\\/\\\/quehacerpolitico.mx\\\/?p=98857\"]}]},{\"@type\":\"ImageObject\",\"inLanguage\":\"es\",\"@id\":\"https:\\\/\\\/quehacerpolitico.mx\\\/?p=98857#primaryimage\",\"url\":\"https:\\\/\\\/quehacerpolitico.mx\\\/wp-content\\\/uploads\\\/2023\\\/02\\\/9A21257D-9073-4C98-9FAC-CCCF600D4488.jpeg\",\"contentUrl\":\"https:\\\/\\\/quehacerpolitico.mx\\\/wp-content\\\/uploads\\\/2023\\\/02\\\/9A21257D-9073-4C98-9FAC-CCCF600D4488.jpeg\",\"width\":1284,\"height\":682},{\"@type\":\"BreadcrumbList\",\"@id\":\"https:\\\/\\\/quehacerpolitico.mx\\\/?p=98857#breadcrumb\",\"itemListElement\":[{\"@type\":\"ListItem\",\"position\":1,\"name\":\"Inicio\",\"item\":\"https:\\\/\\\/quehacerpolitico.mx\\\/\"},{\"@type\":\"ListItem\",\"position\":2,\"name\":\"Niegan que L\u00f3pez Obrador haya contratado a Luisito Comunica para hablar del AIFA\"}]},{\"@type\":\"WebSite\",\"@id\":\"https:\\\/\\\/quehacerpolitico.mx\\\/#website\",\"url\":\"https:\\\/\\\/quehacerpolitico.mx\\\/\",\"name\":\"\",\"description\":\"\",\"potentialAction\":[{\"@type\":\"SearchAction\",\"target\":{\"@type\":\"EntryPoint\",\"urlTemplate\":\"https:\\\/\\\/quehacerpolitico.mx\\\/?s={search_term_string}\"},\"query-input\":{\"@type\":\"PropertyValueSpecification\",\"valueRequired\":true,\"valueName\":\"search_term_string\"}}],\"inLanguage\":\"es\"},{\"@type\":\"Person\",\"@id\":\"https:\\\/\\\/quehacerpolitico.mx\\\/#\\\/schema\\\/person\\\/496d8ad2d1d3f8036101dca7ee39e585\",\"name\":\"Redacci\u00f3n QP\",\"image\":{\"@type\":\"ImageObject\",\"inLanguage\":\"es\",\"@id\":\"https:\\\/\\\/secure.gravatar.com\\\/avatar\\\/c7164ed6fdec453195284ad24a5ae5b6e1eed2b848477fa2a4787ba9adf39a41?s=96&d=mm&r=g\",\"url\":\"https:\\\/\\\/secure.gravatar.com\\\/avatar\\\/c7164ed6fdec453195284ad24a5ae5b6e1eed2b848477fa2a4787ba9adf39a41?s=96&d=mm&r=g\",\"contentUrl\":\"https:\\\/\\\/secure.gravatar.com\\\/avatar\\\/c7164ed6fdec453195284ad24a5ae5b6e1eed2b848477fa2a4787ba9adf39a41?s=96&d=mm&r=g\",\"caption\":\"Redacci\u00f3n QP\"},\"url\":\"https:\\\/\\\/quehacerpolitico.mx\\\/?author=2\"}]}<\/script>\n<!-- \/ Yoast SEO plugin. -->","yoast_head_json":{"title":"Niegan que L\u00f3pez Obrador haya contratado a Luisito Comunica para hablar del AIFA -","robots":{"index":"index","follow":"follow","max-snippet":"max-snippet:-1","max-image-preview":"max-image-preview:large","max-video-preview":"max-video-preview:-1"},"canonical":"https:\/\/quehacerpolitico.mx\/?p=98857","og_locale":"es_MX","og_type":"article","og_title":"Niegan que L\u00f3pez Obrador haya contratado a Luisito Comunica para hablar del AIFA -","og_description":"Por Redacci\u00f3n QP Elizabeth Garc\u00eda Vilchis habl\u00f3 sobre el tema en la secci\u00f3n &#8220;Qui\u00e9n es...","og_url":"https:\/\/quehacerpolitico.mx\/?p=98857","article_published_time":"2023-02-22T18:04:55+00:00","article_modified_time":"2023-02-22T18:04:59+00:00","og_image":[{"width":1284,"height":682,"url":"https:\/\/quehacerpolitico.mx\/wp-content\/uploads\/2023\/02\/9A21257D-9073-4C98-9FAC-CCCF600D4488.jpeg","type":"image\/jpeg"}],"author":"Redacci\u00f3n QP","twitter_card":"summary_large_image","twitter_misc":{"Escrito por":"Redacci\u00f3n QP","Tiempo de lectura":"1 minuto"},"schema":{"@context":"https:\/\/schema.org","@graph":[{"@type":"Article","@id":"https:\/\/quehacerpolitico.mx\/?p=98857#article","isPartOf":{"@id":"https:\/\/quehacerpolitico.mx\/?p=98857"},"author":{"name":"Redacci\u00f3n QP","@id":"https:\/\/quehacerpolitico.mx\/#\/schema\/person\/496d8ad2d1d3f8036101dca7ee39e585"},"headline":"Niegan que L\u00f3pez Obrador haya contratado a Luisito Comunica para hablar del AIFA","datePublished":"2023-02-22T18:04:55+00:00","dateModified":"2023-02-22T18:04:59+00:00","mainEntityOfPage":{"@id":"https:\/\/quehacerpolitico.mx\/?p=98857"},"wordCount":279,"commentCount":0,"image":{"@id":"https:\/\/quehacerpolitico.mx\/?p=98857#primaryimage"},"thumbnailUrl":"https:\/\/quehacerpolitico.mx\/wp-content\/uploads\/2023\/02\/9A21257D-9073-4C98-9FAC-CCCF600D4488.jpeg","articleSection":["Noticias"],"inLanguage":"es","potentialAction":[{"@type":"CommentAction","name":"Comment","target":["https:\/\/quehacerpolitico.mx\/?p=98857#respond"]}]},{"@type":"WebPage","@id":"https:\/\/quehacerpolitico.mx\/?p=98857","url":"https:\/\/quehacerpolitico.mx\/?p=98857","name":"Niegan que L\u00f3pez Obrador haya contratado a Luisito Comunica para hablar del AIFA -","isPartOf":{"@id":"https:\/\/quehacerpolitico.mx\/#website"},"primaryImageOfPage":{"@id":"https:\/\/quehacerpolitico.mx\/?p=98857#primaryimage"},"image":{"@id":"https:\/\/quehacerpolitico.mx\/?p=98857#primaryimage"},"thumbnailUrl":"https:\/\/quehacerpolitico.mx\/wp-content\/uploads\/2023\/02\/9A21257D-9073-4C98-9FAC-CCCF600D4488.jpeg","datePublished":"2023-02-22T18:04:55+00:00","dateModified":"2023-02-22T18:04:59+00:00","author":{"@id":"https:\/\/quehacerpolitico.mx\/#\/schema\/person\/496d8ad2d1d3f8036101dca7ee39e585"},"breadcrumb":{"@id":"https:\/\/quehacerpolitico.mx\/?p=98857#breadcrumb"},"inLanguage":"es","potentialAction":[{"@type":"ReadAction","target":["https:\/\/quehacerpolitico.mx\/?p=98857"]}]},{"@type":"ImageObject","inLanguage":"es","@id":"https:\/\/quehacerpolitico.mx\/?p=98857#primaryimage","url":"https:\/\/quehacerpolitico.mx\/wp-content\/uploads\/2023\/02\/9A21257D-9073-4C98-9FAC-CCCF600D4488.jpeg","contentUrl":"https:\/\/quehacerpolitico.mx\/wp-content\/uploads\/2023\/02\/9A21257D-9073-4C98-9FAC-CCCF600D4488.jpeg","width":1284,"height":682},{"@type":"BreadcrumbList","@id":"https:\/\/quehacerpolitico.mx\/?p=98857#breadcrumb","itemListElement":[{"@type":"ListItem","position":1,"name":"Inicio","item":"https:\/\/quehacerpolitico.mx\/"},{"@type":"ListItem","position":2,"name":"Niegan que L\u00f3pez Obrador haya contratado a Luisito Comunica para hablar del AIFA"}]},{"@type":"WebSite","@id":"https:\/\/quehacerpolitico.mx\/#website","url":"https:\/\/quehacerpolitico.mx\/","name":"","description":"","potentialAction":[{"@type":"SearchAction","target":{"@type":"EntryPoint","urlTemplate":"https:\/\/quehacerpolitico.mx\/?s={search_term_string}"},"query-input":{"@type":"PropertyValueSpecification","valueRequired":true,"valueName":"search_term_string"}}],"inLanguage":"es"},{"@type":"Person","@id":"https:\/\/quehacerpolitico.mx\/#\/schema\/person\/496d8ad2d1d3f8036101dca7ee39e585","name":"Redacci\u00f3n QP","image":{"@type":"ImageObject","inLanguage":"es","@id":"https:\/\/secure.gravatar.com\/avatar\/c7164ed6fdec453195284ad24a5ae5b6e1eed2b848477fa2a4787ba9adf39a41?s=96&d=mm&r=g","url":"https:\/\/secure.gravatar.com\/avatar\/c7164ed6fdec453195284ad24a5ae5b6e1eed2b848477fa2a4787ba9adf39a41?s=96&d=mm&r=g","contentUrl":"https:\/\/secure.gravatar.com\/avatar\/c7164ed6fdec453195284ad24a5ae5b6e1eed2b848477fa2a4787ba9adf39a41?s=96&d=mm&r=g","caption":"Redacci\u00f3n QP"},"url":"https:\/\/quehacerpolitico.mx\/?author=2"}]}},"featured_image_urls":{"full":["https:\/\/quehacerpolitico.mx\/wp-content\/uploads\/2023\/02\/9A21257D-9073-4C98-9FAC-CCCF600D4488.jpeg",1284,682,false],"thumbnail":["https:\/\/quehacerpolitico.mx\/wp-content\/uploads\/2023\/02\/9A21257D-9073-4C98-9FAC-CCCF600D4488-150x150.jpeg",150,150,true],"medium":["https:\/\/quehacerpolitico.mx\/wp-content\/uploads\/2023\/02\/9A21257D-9073-4C98-9FAC-CCCF600D4488-300x159.jpeg",300,159,true],"medium_large":["https:\/\/quehacerpolitico.mx\/wp-content\/uploads\/2023\/02\/9A21257D-9073-4C98-9FAC-CCCF600D4488-768x408.jpeg",640,340,true],"large":["https:\/\/quehacerpolitico.mx\/wp-content\/uploads\/2023\/02\/9A21257D-9073-4C98-9FAC-CCCF600D4488-1024x544.jpeg",640,340,true],"1536x1536":["https:\/\/quehacerpolitico.mx\/wp-content\/uploads\/2023\/02\/9A21257D-9073-4C98-9FAC-CCCF600D4488.jpeg",1284,682,false],"2048x2048":["https:\/\/quehacerpolitico.mx\/wp-content\/uploads\/2023\/02\/9A21257D-9073-4C98-9FAC-CCCF600D4488.jpeg",1284,682,false],"covernews-featured":["https:\/\/quehacerpolitico.mx\/wp-content\/uploads\/2023\/02\/9A21257D-9073-4C98-9FAC-CCCF600D4488.jpeg",1024,544,false],"covernews-medium":["https:\/\/quehacerpolitico.mx\/wp-content\/uploads\/2023\/02\/9A21257D-9073-4C98-9FAC-CCCF600D4488.jpeg",540,287,false]},"author_info":{"display_name":"Redacci\u00f3n QP","author_link":"https:\/\/quehacerpolitico.mx\/?author=2"},"category_info":"<a href=\"https:\/\/quehacerpolitico.mx\/?cat=2\" rel=\"category\">Noticias<\/a>","tag_info":"Noticias","comment_count":"0","_links":{"self":[{"href":"https:\/\/quehacerpolitico.mx\/index.php?rest_route=\/wp\/v2\/posts\/98857","targetHints":{"allow":["GET"]}}],"collection":[{"href":"https:\/\/quehacerpolitico.mx\/index.php?rest_route=\/wp\/v2\/posts"}],"about":[{"href":"https:\/\/quehacerpolitico.mx\/index.php?rest_route=\/wp\/v2\/types\/post"}],"author":[{"embeddable":true,"href":"https:\/\/quehacerpolitico.mx\/index.php?rest_route=\/wp\/v2\/users\/2"}],"replies":[{"embeddable":true,"href":"https:\/\/quehacerpolitico.mx\/index.php?rest_route=%2Fwp%2Fv2%2Fcomments&post=98857"}],"version-history":[{"count":1,"href":"https:\/\/quehacerpolitico.mx\/index.php?rest_route=\/wp\/v2\/posts\/98857\/revisions"}],"predecessor-version":[{"id":98859,"href":"https:\/\/quehacerpolitico.mx\/index.php?rest_route=\/wp\/v2\/posts\/98857\/revisions\/98859"}],"wp:featuredmedia":[{"embeddable":true,"href":"https:\/\/quehacerpolitico.mx\/index.php?rest_route=\/wp\/v2\/media\/98858"}],"wp:attachment":[{"href":"https:\/\/quehacerpolitico.mx\/index.php?rest_route=%2Fwp%2Fv2%2Fmedia&parent=98857"}],"wp:term":[{"taxonomy":"category","embeddable":true,"href":"https:\/\/quehacerpolitico.mx\/index.php?rest_route=%2Fwp%2Fv2%2Fcategories&post=98857"},{"taxonomy":"post_tag","embeddable":true,"href":"https:\/\/quehacerpolitico.mx\/index.php?rest_route=%2Fwp%2Fv2%2Ftags&post=98857"}],"curies":[{"name":"wp","href":"https:\/\/api.w.org\/{rel}","templated":true}]}}