{"id":98854,"date":"2023-02-22T17:48:23","date_gmt":"2023-02-22T17:48:23","guid":{"rendered":"https:\/\/quehacerpolitico.mx\/?p=98854"},"modified":"2023-02-22T17:48:28","modified_gmt":"2023-02-22T17:48:28","slug":"lopez-obrador-exige-explicacion-de-calderon-a-mexico-tras-condena-a-genaro-garcia-luna","status":"publish","type":"post","link":"https:\/\/quehacerpolitico.mx\/?p=98854","title":{"rendered":"L\u00f3pez Obrador exige explicaci\u00f3n de Calder\u00f3n a M\u00e9xico tras condena a Genaro Garc\u00eda Luna"},"content":{"rendered":"\n<p>Por Redacci\u00f3n QP<\/p>\n\n\n\n<p>En la ma\u00f1anera de hoy, el Presidente de M\u00e9xico se refiri\u00f3 a la respuesta del exmandatario Felipe Calder\u00f3n, donde se deslind\u00f3 del ex titular de Seguridad P\u00fablica<\/p>\n\n\n\n<p>El Presidente\u00a0Andres Manuel Lopez Obrador se refiri\u00f3 a la respuesta del expresidente Felipe Calder\u00f3n, donde\u00a0<strong>se deslind\u00f3 de Genaro Garc\u00eda Luna<\/strong>, y dijo que la explicaci\u00f3n que espera es sobre por qu\u00e9 lo nombr\u00f3 funcionario, y si estaba enterado de los delitos que cometi\u00f3.<\/p>\n\n\n\n<p><strong>&#8220;\u00bfCu\u00e1l es la explicaci\u00f3n que le vas a dar al pueblo de M\u00e9xico?, sobre el por qu\u00e9 nombraste a Garc\u00eda Luna, y si sab\u00edas o no sab\u00edas,<\/strong>\u00a0y sobre eso es que queremos informaci\u00f3n. Esa es la explicaci\u00f3n que estamos esperando&#8221;, dijo durante su conferencia matutina, en Palacio Nacional.<\/p>\n\n\n\n<figure class=\"wp-block-embed is-type-video is-provider-youtube wp-block-embed-youtube wp-embed-aspect-16-9 wp-has-aspect-ratio\"><div class=\"wp-block-embed__wrapper\">\n<iframe loading=\"lazy\" title=\"AMLO pregunta a Calder\u00f3n por Garc\u00eda Luna: \u00bfQu\u00e9 explicaci\u00f3n le vas a dar al pueblo de M\u00e9xico?\" width=\"640\" height=\"360\" src=\"https:\/\/www.youtube.com\/embed\/z1wf3Q6TcoM?feature=oembed\" frameborder=\"0\" allow=\"accelerometer; autoplay; clipboard-write; encrypted-media; gyroscope; picture-in-picture; web-share\" referrerpolicy=\"strict-origin-when-cross-origin\" allowfullscreen><\/iframe>\n<\/div><\/figure>\n\n\n\n<p>Lo acus\u00f3 de\u00a0<strong>querer desviar la atenci\u00f3n de las acusaciones<\/strong>\u00a0que se le han hecho, por la cercan\u00eda que tuvo durante su mandato con\u00a0Genaro Garc\u00eda Luna, al ser el encargado de la Seguridad P\u00fablica; y lo compar\u00f3 con el ex presidente Gustavo D\u00edaz Ordaz.<\/p>\n\n\n\n<p>&#8220;Lo que responde ayer,\u00a0Felipe Calder\u00f3n no tiene nada que ver con el tema, se va por la tangente, se va por lo que ya sabemos, dijo que \u00e9l enfrent\u00f3 con toda la fuerza a la delincuencia, eso es lo que ha sostenido siempre, y es lo que llev\u00f3 a declarar la guerra contra el narcotr\u00e1fico,\u00a0<strong>es un poco lo que sostuvo en su momento D\u00edaz Ordaz, despu\u00e9s del 68, yo soy responsable, porque lo que plante\u00f3 ayer fue eso&#8221;<\/strong>, asever\u00f3.<\/p>\n\n\n\n<p>Asegur\u00f3 que es lamentable que Felipe Calder\u00f3n &#8220;tenga el cinismo de defender eso, y llamarle a eso valent\u00eda&#8221;; y detall\u00f3 tres hip\u00f3tesis sobre su posible participaci\u00f3n en la comisi\u00f3n de delitos.<\/p>\n\n\n\n<p>&#8220;En su momento,\u00a0<strong>defin\u00ed tres hip\u00f3tesis<\/strong>: una que todo era una invenci\u00f3n, y que Garc\u00eda Luna era inocente, y que Felipe Calder\u00f3n no ten\u00eda nada de qu\u00e9 preocuparse, ya vimos que eso no es as\u00ed. Lo segundo es que en efecto, es responsable, culpable, pero que Calder\u00f3n no sab\u00eda; y tres, Garc\u00eda Luna responsable, culpable, con la anuencia de Calder\u00f3n&#8221;, explic\u00f3.<\/p>\n\n\n\n<p>Con Informaci\u00f3n de SUN <\/p>\n","protected":false},"excerpt":{"rendered":"<p>Por Redacci\u00f3n QP En la ma\u00f1anera de hoy, el Presidente de M\u00e9xico se refiri\u00f3 a&#8230;<\/p>\n","protected":false},"author":2,"featured_media":98855,"comment_status":"open","ping_status":"open","sticky":false,"template":"","format":"standard","meta":{"_monsterinsights_skip_tracking":false,"_monsterinsights_sitenote_active":false,"_monsterinsights_sitenote_note":"","_monsterinsights_sitenote_category":0,"footnotes":""},"categories":[2],"tags":[],"class_list":["post-98854","post","type-post","status-publish","format-standard","has-post-thumbnail","hentry","category-noticias"],"yoast_head":"<!-- This site is optimized with the Yoast SEO plugin v27.3 - https:\/\/yoast.com\/product\/yoast-seo-wordpress\/ -->\n<title>L\u00f3pez Obrador exige explicaci\u00f3n de Calder\u00f3n a M\u00e9xico tras condena a Genaro Garc\u00eda Luna -<\/title>\n<meta name=\"robots\" content=\"index, follow, max-snippet:-1, max-image-preview:large, max-video-preview:-1\" \/>\n<link rel=\"canonical\" href=\"https:\/\/quehacerpolitico.mx\/?p=98854\" \/>\n<meta property=\"og:locale\" content=\"es_MX\" \/>\n<meta property=\"og:type\" content=\"article\" \/>\n<meta property=\"og:title\" content=\"L\u00f3pez Obrador exige explicaci\u00f3n de Calder\u00f3n a M\u00e9xico tras condena a Genaro Garc\u00eda Luna -\" \/>\n<meta property=\"og:description\" content=\"Por Redacci\u00f3n QP En la ma\u00f1anera de hoy, el Presidente de M\u00e9xico se refiri\u00f3 a...\" \/>\n<meta property=\"og:url\" content=\"https:\/\/quehacerpolitico.mx\/?p=98854\" \/>\n<meta property=\"article:published_time\" content=\"2023-02-22T17:48:23+00:00\" \/>\n<meta property=\"article:modified_time\" content=\"2023-02-22T17:48:28+00:00\" \/>\n<meta property=\"og:image\" content=\"https:\/\/quehacerpolitico.mx\/wp-content\/uploads\/2023\/02\/A2FF8073-4753-4B33-A601-51EF1315B1B7.jpeg\" \/>\n\t<meta property=\"og:image:width\" content=\"1284\" \/>\n\t<meta property=\"og:image:height\" content=\"702\" \/>\n\t<meta property=\"og:image:type\" content=\"image\/jpeg\" \/>\n<meta name=\"author\" content=\"Redacci\u00f3n QP\" \/>\n<meta name=\"twitter:card\" content=\"summary_large_image\" \/>\n<meta name=\"twitter:label1\" content=\"Escrito por\" \/>\n\t<meta name=\"twitter:data1\" content=\"Redacci\u00f3n QP\" \/>\n\t<meta name=\"twitter:label2\" content=\"Tiempo de lectura\" \/>\n\t<meta name=\"twitter:data2\" content=\"2 minutos\" \/>\n<script type=\"application\/ld+json\" class=\"yoast-schema-graph\">{\"@context\":\"https:\\\/\\\/schema.org\",\"@graph\":[{\"@type\":\"Article\",\"@id\":\"https:\\\/\\\/quehacerpolitico.mx\\\/?p=98854#article\",\"isPartOf\":{\"@id\":\"https:\\\/\\\/quehacerpolitico.mx\\\/?p=98854\"},\"author\":{\"name\":\"Redacci\u00f3n QP\",\"@id\":\"https:\\\/\\\/quehacerpolitico.mx\\\/#\\\/schema\\\/person\\\/496d8ad2d1d3f8036101dca7ee39e585\"},\"headline\":\"L\u00f3pez Obrador exige explicaci\u00f3n de Calder\u00f3n a M\u00e9xico tras condena a Genaro Garc\u00eda Luna\",\"datePublished\":\"2023-02-22T17:48:23+00:00\",\"dateModified\":\"2023-02-22T17:48:28+00:00\",\"mainEntityOfPage\":{\"@id\":\"https:\\\/\\\/quehacerpolitico.mx\\\/?p=98854\"},\"wordCount\":411,\"commentCount\":0,\"image\":{\"@id\":\"https:\\\/\\\/quehacerpolitico.mx\\\/?p=98854#primaryimage\"},\"thumbnailUrl\":\"https:\\\/\\\/quehacerpolitico.mx\\\/wp-content\\\/uploads\\\/2023\\\/02\\\/A2FF8073-4753-4B33-A601-51EF1315B1B7.jpeg\",\"articleSection\":[\"Noticias\"],\"inLanguage\":\"es\",\"potentialAction\":[{\"@type\":\"CommentAction\",\"name\":\"Comment\",\"target\":[\"https:\\\/\\\/quehacerpolitico.mx\\\/?p=98854#respond\"]}]},{\"@type\":\"WebPage\",\"@id\":\"https:\\\/\\\/quehacerpolitico.mx\\\/?p=98854\",\"url\":\"https:\\\/\\\/quehacerpolitico.mx\\\/?p=98854\",\"name\":\"L\u00f3pez Obrador exige explicaci\u00f3n de Calder\u00f3n a M\u00e9xico tras condena a Genaro Garc\u00eda Luna -\",\"isPartOf\":{\"@id\":\"https:\\\/\\\/quehacerpolitico.mx\\\/#website\"},\"primaryImageOfPage\":{\"@id\":\"https:\\\/\\\/quehacerpolitico.mx\\\/?p=98854#primaryimage\"},\"image\":{\"@id\":\"https:\\\/\\\/quehacerpolitico.mx\\\/?p=98854#primaryimage\"},\"thumbnailUrl\":\"https:\\\/\\\/quehacerpolitico.mx\\\/wp-content\\\/uploads\\\/2023\\\/02\\\/A2FF8073-4753-4B33-A601-51EF1315B1B7.jpeg\",\"datePublished\":\"2023-02-22T17:48:23+00:00\",\"dateModified\":\"2023-02-22T17:48:28+00:00\",\"author\":{\"@id\":\"https:\\\/\\\/quehacerpolitico.mx\\\/#\\\/schema\\\/person\\\/496d8ad2d1d3f8036101dca7ee39e585\"},\"breadcrumb\":{\"@id\":\"https:\\\/\\\/quehacerpolitico.mx\\\/?p=98854#breadcrumb\"},\"inLanguage\":\"es\",\"potentialAction\":[{\"@type\":\"ReadAction\",\"target\":[\"https:\\\/\\\/quehacerpolitico.mx\\\/?p=98854\"]}]},{\"@type\":\"ImageObject\",\"inLanguage\":\"es\",\"@id\":\"https:\\\/\\\/quehacerpolitico.mx\\\/?p=98854#primaryimage\",\"url\":\"https:\\\/\\\/quehacerpolitico.mx\\\/wp-content\\\/uploads\\\/2023\\\/02\\\/A2FF8073-4753-4B33-A601-51EF1315B1B7.jpeg\",\"contentUrl\":\"https:\\\/\\\/quehacerpolitico.mx\\\/wp-content\\\/uploads\\\/2023\\\/02\\\/A2FF8073-4753-4B33-A601-51EF1315B1B7.jpeg\",\"width\":1284,\"height\":702},{\"@type\":\"BreadcrumbList\",\"@id\":\"https:\\\/\\\/quehacerpolitico.mx\\\/?p=98854#breadcrumb\",\"itemListElement\":[{\"@type\":\"ListItem\",\"position\":1,\"name\":\"Inicio\",\"item\":\"https:\\\/\\\/quehacerpolitico.mx\\\/\"},{\"@type\":\"ListItem\",\"position\":2,\"name\":\"L\u00f3pez Obrador exige explicaci\u00f3n de Calder\u00f3n a M\u00e9xico tras condena a Genaro Garc\u00eda Luna\"}]},{\"@type\":\"WebSite\",\"@id\":\"https:\\\/\\\/quehacerpolitico.mx\\\/#website\",\"url\":\"https:\\\/\\\/quehacerpolitico.mx\\\/\",\"name\":\"\",\"description\":\"\",\"potentialAction\":[{\"@type\":\"SearchAction\",\"target\":{\"@type\":\"EntryPoint\",\"urlTemplate\":\"https:\\\/\\\/quehacerpolitico.mx\\\/?s={search_term_string}\"},\"query-input\":{\"@type\":\"PropertyValueSpecification\",\"valueRequired\":true,\"valueName\":\"search_term_string\"}}],\"inLanguage\":\"es\"},{\"@type\":\"Person\",\"@id\":\"https:\\\/\\\/quehacerpolitico.mx\\\/#\\\/schema\\\/person\\\/496d8ad2d1d3f8036101dca7ee39e585\",\"name\":\"Redacci\u00f3n QP\",\"image\":{\"@type\":\"ImageObject\",\"inLanguage\":\"es\",\"@id\":\"https:\\\/\\\/secure.gravatar.com\\\/avatar\\\/c7164ed6fdec453195284ad24a5ae5b6e1eed2b848477fa2a4787ba9adf39a41?s=96&d=mm&r=g\",\"url\":\"https:\\\/\\\/secure.gravatar.com\\\/avatar\\\/c7164ed6fdec453195284ad24a5ae5b6e1eed2b848477fa2a4787ba9adf39a41?s=96&d=mm&r=g\",\"contentUrl\":\"https:\\\/\\\/secure.gravatar.com\\\/avatar\\\/c7164ed6fdec453195284ad24a5ae5b6e1eed2b848477fa2a4787ba9adf39a41?s=96&d=mm&r=g\",\"caption\":\"Redacci\u00f3n QP\"},\"url\":\"https:\\\/\\\/quehacerpolitico.mx\\\/?author=2\"}]}<\/script>\n<!-- \/ Yoast SEO plugin. -->","yoast_head_json":{"title":"L\u00f3pez Obrador exige explicaci\u00f3n de Calder\u00f3n a M\u00e9xico tras condena a Genaro Garc\u00eda Luna -","robots":{"index":"index","follow":"follow","max-snippet":"max-snippet:-1","max-image-preview":"max-image-preview:large","max-video-preview":"max-video-preview:-1"},"canonical":"https:\/\/quehacerpolitico.mx\/?p=98854","og_locale":"es_MX","og_type":"article","og_title":"L\u00f3pez Obrador exige explicaci\u00f3n de Calder\u00f3n a M\u00e9xico tras condena a Genaro Garc\u00eda Luna -","og_description":"Por Redacci\u00f3n QP En la ma\u00f1anera de hoy, el Presidente de M\u00e9xico se refiri\u00f3 a...","og_url":"https:\/\/quehacerpolitico.mx\/?p=98854","article_published_time":"2023-02-22T17:48:23+00:00","article_modified_time":"2023-02-22T17:48:28+00:00","og_image":[{"width":1284,"height":702,"url":"https:\/\/quehacerpolitico.mx\/wp-content\/uploads\/2023\/02\/A2FF8073-4753-4B33-A601-51EF1315B1B7.jpeg","type":"image\/jpeg"}],"author":"Redacci\u00f3n QP","twitter_card":"summary_large_image","twitter_misc":{"Escrito por":"Redacci\u00f3n QP","Tiempo de lectura":"2 minutos"},"schema":{"@context":"https:\/\/schema.org","@graph":[{"@type":"Article","@id":"https:\/\/quehacerpolitico.mx\/?p=98854#article","isPartOf":{"@id":"https:\/\/quehacerpolitico.mx\/?p=98854"},"author":{"name":"Redacci\u00f3n QP","@id":"https:\/\/quehacerpolitico.mx\/#\/schema\/person\/496d8ad2d1d3f8036101dca7ee39e585"},"headline":"L\u00f3pez Obrador exige explicaci\u00f3n de Calder\u00f3n a M\u00e9xico tras condena a Genaro Garc\u00eda Luna","datePublished":"2023-02-22T17:48:23+00:00","dateModified":"2023-02-22T17:48:28+00:00","mainEntityOfPage":{"@id":"https:\/\/quehacerpolitico.mx\/?p=98854"},"wordCount":411,"commentCount":0,"image":{"@id":"https:\/\/quehacerpolitico.mx\/?p=98854#primaryimage"},"thumbnailUrl":"https:\/\/quehacerpolitico.mx\/wp-content\/uploads\/2023\/02\/A2FF8073-4753-4B33-A601-51EF1315B1B7.jpeg","articleSection":["Noticias"],"inLanguage":"es","potentialAction":[{"@type":"CommentAction","name":"Comment","target":["https:\/\/quehacerpolitico.mx\/?p=98854#respond"]}]},{"@type":"WebPage","@id":"https:\/\/quehacerpolitico.mx\/?p=98854","url":"https:\/\/quehacerpolitico.mx\/?p=98854","name":"L\u00f3pez Obrador exige explicaci\u00f3n de Calder\u00f3n a M\u00e9xico tras condena a Genaro Garc\u00eda Luna -","isPartOf":{"@id":"https:\/\/quehacerpolitico.mx\/#website"},"primaryImageOfPage":{"@id":"https:\/\/quehacerpolitico.mx\/?p=98854#primaryimage"},"image":{"@id":"https:\/\/quehacerpolitico.mx\/?p=98854#primaryimage"},"thumbnailUrl":"https:\/\/quehacerpolitico.mx\/wp-content\/uploads\/2023\/02\/A2FF8073-4753-4B33-A601-51EF1315B1B7.jpeg","datePublished":"2023-02-22T17:48:23+00:00","dateModified":"2023-02-22T17:48:28+00:00","author":{"@id":"https:\/\/quehacerpolitico.mx\/#\/schema\/person\/496d8ad2d1d3f8036101dca7ee39e585"},"breadcrumb":{"@id":"https:\/\/quehacerpolitico.mx\/?p=98854#breadcrumb"},"inLanguage":"es","potentialAction":[{"@type":"ReadAction","target":["https:\/\/quehacerpolitico.mx\/?p=98854"]}]},{"@type":"ImageObject","inLanguage":"es","@id":"https:\/\/quehacerpolitico.mx\/?p=98854#primaryimage","url":"https:\/\/quehacerpolitico.mx\/wp-content\/uploads\/2023\/02\/A2FF8073-4753-4B33-A601-51EF1315B1B7.jpeg","contentUrl":"https:\/\/quehacerpolitico.mx\/wp-content\/uploads\/2023\/02\/A2FF8073-4753-4B33-A601-51EF1315B1B7.jpeg","width":1284,"height":702},{"@type":"BreadcrumbList","@id":"https:\/\/quehacerpolitico.mx\/?p=98854#breadcrumb","itemListElement":[{"@type":"ListItem","position":1,"name":"Inicio","item":"https:\/\/quehacerpolitico.mx\/"},{"@type":"ListItem","position":2,"name":"L\u00f3pez Obrador exige explicaci\u00f3n de Calder\u00f3n a M\u00e9xico tras condena a Genaro Garc\u00eda Luna"}]},{"@type":"WebSite","@id":"https:\/\/quehacerpolitico.mx\/#website","url":"https:\/\/quehacerpolitico.mx\/","name":"","description":"","potentialAction":[{"@type":"SearchAction","target":{"@type":"EntryPoint","urlTemplate":"https:\/\/quehacerpolitico.mx\/?s={search_term_string}"},"query-input":{"@type":"PropertyValueSpecification","valueRequired":true,"valueName":"search_term_string"}}],"inLanguage":"es"},{"@type":"Person","@id":"https:\/\/quehacerpolitico.mx\/#\/schema\/person\/496d8ad2d1d3f8036101dca7ee39e585","name":"Redacci\u00f3n QP","image":{"@type":"ImageObject","inLanguage":"es","@id":"https:\/\/secure.gravatar.com\/avatar\/c7164ed6fdec453195284ad24a5ae5b6e1eed2b848477fa2a4787ba9adf39a41?s=96&d=mm&r=g","url":"https:\/\/secure.gravatar.com\/avatar\/c7164ed6fdec453195284ad24a5ae5b6e1eed2b848477fa2a4787ba9adf39a41?s=96&d=mm&r=g","contentUrl":"https:\/\/secure.gravatar.com\/avatar\/c7164ed6fdec453195284ad24a5ae5b6e1eed2b848477fa2a4787ba9adf39a41?s=96&d=mm&r=g","caption":"Redacci\u00f3n QP"},"url":"https:\/\/quehacerpolitico.mx\/?author=2"}]}},"featured_image_urls":{"full":["https:\/\/quehacerpolitico.mx\/wp-content\/uploads\/2023\/02\/A2FF8073-4753-4B33-A601-51EF1315B1B7.jpeg",1284,702,false],"thumbnail":["https:\/\/quehacerpolitico.mx\/wp-content\/uploads\/2023\/02\/A2FF8073-4753-4B33-A601-51EF1315B1B7-150x150.jpeg",150,150,true],"medium":["https:\/\/quehacerpolitico.mx\/wp-content\/uploads\/2023\/02\/A2FF8073-4753-4B33-A601-51EF1315B1B7-300x164.jpeg",300,164,true],"medium_large":["https:\/\/quehacerpolitico.mx\/wp-content\/uploads\/2023\/02\/A2FF8073-4753-4B33-A601-51EF1315B1B7-768x420.jpeg",640,350,true],"large":["https:\/\/quehacerpolitico.mx\/wp-content\/uploads\/2023\/02\/A2FF8073-4753-4B33-A601-51EF1315B1B7-1024x560.jpeg",640,350,true],"1536x1536":["https:\/\/quehacerpolitico.mx\/wp-content\/uploads\/2023\/02\/A2FF8073-4753-4B33-A601-51EF1315B1B7.jpeg",1284,702,false],"2048x2048":["https:\/\/quehacerpolitico.mx\/wp-content\/uploads\/2023\/02\/A2FF8073-4753-4B33-A601-51EF1315B1B7.jpeg",1284,702,false],"covernews-featured":["https:\/\/quehacerpolitico.mx\/wp-content\/uploads\/2023\/02\/A2FF8073-4753-4B33-A601-51EF1315B1B7.jpeg",1024,560,false],"covernews-medium":["https:\/\/quehacerpolitico.mx\/wp-content\/uploads\/2023\/02\/A2FF8073-4753-4B33-A601-51EF1315B1B7.jpeg",540,295,false]},"author_info":{"display_name":"Redacci\u00f3n QP","author_link":"https:\/\/quehacerpolitico.mx\/?author=2"},"category_info":"<a href=\"https:\/\/quehacerpolitico.mx\/?cat=2\" rel=\"category\">Noticias<\/a>","tag_info":"Noticias","comment_count":"0","_links":{"self":[{"href":"https:\/\/quehacerpolitico.mx\/index.php?rest_route=\/wp\/v2\/posts\/98854","targetHints":{"allow":["GET"]}}],"collection":[{"href":"https:\/\/quehacerpolitico.mx\/index.php?rest_route=\/wp\/v2\/posts"}],"about":[{"href":"https:\/\/quehacerpolitico.mx\/index.php?rest_route=\/wp\/v2\/types\/post"}],"author":[{"embeddable":true,"href":"https:\/\/quehacerpolitico.mx\/index.php?rest_route=\/wp\/v2\/users\/2"}],"replies":[{"embeddable":true,"href":"https:\/\/quehacerpolitico.mx\/index.php?rest_route=%2Fwp%2Fv2%2Fcomments&post=98854"}],"version-history":[{"count":1,"href":"https:\/\/quehacerpolitico.mx\/index.php?rest_route=\/wp\/v2\/posts\/98854\/revisions"}],"predecessor-version":[{"id":98856,"href":"https:\/\/quehacerpolitico.mx\/index.php?rest_route=\/wp\/v2\/posts\/98854\/revisions\/98856"}],"wp:featuredmedia":[{"embeddable":true,"href":"https:\/\/quehacerpolitico.mx\/index.php?rest_route=\/wp\/v2\/media\/98855"}],"wp:attachment":[{"href":"https:\/\/quehacerpolitico.mx\/index.php?rest_route=%2Fwp%2Fv2%2Fmedia&parent=98854"}],"wp:term":[{"taxonomy":"category","embeddable":true,"href":"https:\/\/quehacerpolitico.mx\/index.php?rest_route=%2Fwp%2Fv2%2Fcategories&post=98854"},{"taxonomy":"post_tag","embeddable":true,"href":"https:\/\/quehacerpolitico.mx\/index.php?rest_route=%2Fwp%2Fv2%2Ftags&post=98854"}],"curies":[{"name":"wp","href":"https:\/\/api.w.org\/{rel}","templated":true}]}}