{"id":98845,"date":"2023-02-21T18:45:46","date_gmt":"2023-02-21T18:45:46","guid":{"rendered":"https:\/\/quehacerpolitico.mx\/?p=98845"},"modified":"2023-02-21T18:45:52","modified_gmt":"2023-02-21T18:45:52","slug":"manifestantes-de-colectivos-trans-protestan-afuera-del-congreso-de-cdmx-en-contra-de-la-discriminacion-de-america-rangel","status":"publish","type":"post","link":"https:\/\/quehacerpolitico.mx\/?p=98845","title":{"rendered":"Manifestantes de colectivos trans protestan afuera del Congreso de CDMX en contra de la discriminaci\u00f3n de Am\u00e9rica Rangel"},"content":{"rendered":"\n<p>Por Redacci\u00f3n QP<\/p>\n\n\n\n<p>Manifestantes de la comunidad LGBTIQ+ entraron por la fuerza al edificio del Congreso CDMX, en contra de algunas iniciativas legislativas<\/p>\n\n\n\n<figure class=\"wp-block-embed is-type-rich is-provider-twitter wp-block-embed-twitter\"><div class=\"wp-block-embed__wrapper\">\n<blockquote class=\"twitter-tweet\" data-width=\"550\" data-dnt=\"true\"><p lang=\"es\" dir=\"ltr\">Manifestantes de colectivos trans protestan afuera del Congreso de CDMX en contra de la discriminaci\u00f3n de Am\u00e9rica Rangel.<br><br>\ud83d\udcfd\ufe0f<a href=\"https:\/\/twitter.com\/ObturadorMX_?ref_src=twsrc%5Etfw\">@ObturadorMX_<\/a> <a href=\"https:\/\/t.co\/JHwdFEFzzv\">pic.twitter.com\/JHwdFEFzzv<\/a><\/p>&mdash; Ruido en la Red (@RuidoEnLaRed) <a href=\"https:\/\/twitter.com\/RuidoEnLaRed\/status\/1628090693842239488?ref_src=twsrc%5Etfw\">February 21, 2023<\/a><\/blockquote><script async src=\"https:\/\/platform.twitter.com\/widgets.js\" charset=\"utf-8\"><\/script>\n<\/div><\/figure>\n\n\n\n<p>Un grupo de\u00a0<strong>manifestantes<\/strong>\u00a0ingresaron este martes\u00a0<strong>por la fuerza<\/strong>\u00a0a las instalaciones del\u00a0<strong>Congreso CDMX<\/strong>, las cuales se encuentran en el\u00a0<strong>Centro Hist\u00f3rico<\/strong>.<\/p>\n\n\n\n<figure class=\"wp-block-embed is-type-rich is-provider-twitter wp-block-embed-twitter\"><div class=\"wp-block-embed__wrapper\">\n<blockquote class=\"twitter-tweet\" data-width=\"550\" data-dnt=\"true\"><p lang=\"es\" dir=\"ltr\">Buenos d\u00edas <a href=\"https:\/\/twitter.com\/OHarfuch?ref_src=twsrc%5Etfw\">@OHarfuch<\/a>, echanos una patrulla al <a href=\"https:\/\/twitter.com\/Congreso_CdMex?ref_src=twsrc%5Etfw\">@Congreso_CdMex<\/a>, no? <a href=\"https:\/\/t.co\/47n6UtumC8\">pic.twitter.com\/47n6UtumC8<\/a><\/p>&mdash; Isra P\u00e9rez De Gante (@isdegante) <a href=\"https:\/\/twitter.com\/isdegante\/status\/1628081351508340751?ref_src=twsrc%5Etfw\">February 21, 2023<\/a><\/blockquote><script async src=\"https:\/\/platform.twitter.com\/widgets.js\" charset=\"utf-8\"><\/script>\n<\/div><\/figure>\n\n\n\n<p>Los manifestantes dijeron formar parte de la\u00a0<strong>comunidad LGBTIQ+<\/strong>, quienes se manifestaron en contra de algunas iniciativas legislativas.<\/p>\n\n\n\n<p>Adem\u00e1s llevaron a cabo pintas, rompieron cristales y golpearon con objetos la puerta principal del\u00a0<strong>Congreso CDMX<\/strong>.<\/p>\n\n\n\n<figure class=\"wp-block-embed is-type-rich is-provider-twitter wp-block-embed-twitter\"><div class=\"wp-block-embed__wrapper\">\n<blockquote class=\"twitter-tweet\" data-width=\"550\" data-dnt=\"true\"><p lang=\"es\" dir=\"ltr\">\u25b6\ufe0f <a href=\"https:\/\/twitter.com\/hashtag\/%C3%9ALTIMAHORA?src=hash&amp;ref_src=twsrc%5Etfw\">#\u00daLTIMAHORA<\/a> | Liberaron a la mujer que fue retenida por autoridades dentro del Congreso de la <a href=\"https:\/\/twitter.com\/hashtag\/CdMx?src=hash&amp;ref_src=twsrc%5Etfw\">#CdMx<\/a>; forma parte de los manifestantes que est\u00e1n en contra de la iniciativa de Am\u00e9rica Rangel.<br><br>\ud83d\udcfa<a href=\"https:\/\/twitter.com\/hashtag\/TelediarioMediod%C3%ADa?src=hash&amp;ref_src=twsrc%5Etfw\">#TelediarioMediod\u00eda<\/a> con <a href=\"https:\/\/twitter.com\/janupi?ref_src=twsrc%5Etfw\">@janupi<\/a>, <a href=\"https:\/\/twitter.com\/YulianaEscobedo?ref_src=twsrc%5Etfw\">@YulianaEscobedo<\/a> y <a href=\"https:\/\/twitter.com\/cecysalamanca?ref_src=twsrc%5Etfw\">@cecysalamanca<\/a> \u2b50 <a href=\"https:\/\/t.co\/V1ej1HoHEm\">pic.twitter.com\/V1ej1HoHEm<\/a><\/p>&mdash; @telediario (@telediario) <a href=\"https:\/\/twitter.com\/telediario\/status\/1628093975688257536?ref_src=twsrc%5Etfw\">February 21, 2023<\/a><\/blockquote><script async src=\"https:\/\/platform.twitter.com\/widgets.js\" charset=\"utf-8\"><\/script>\n<\/div><\/figure>\n\n\n\n<figure class=\"wp-block-embed is-type-rich is-provider-twitter wp-block-embed-twitter\"><div class=\"wp-block-embed__wrapper\">\n<blockquote class=\"twitter-tweet\" data-width=\"550\" data-dnt=\"true\"><p lang=\"es\" dir=\"ltr\">Termin\u00f3 en ri\u00f1a la manifestaci\u00f3n que realizaban colectivos LGBT afuera del Congreso de la CDMX en contra de iniciativas de la diputada Am\u00e9rica Rangel. <a href=\"https:\/\/twitter.com\/hashtag\/LasNoticiasDeFOROtv?src=hash&amp;ref_src=twsrc%5Etfw\">#LasNoticiasDeFOROtv<\/a> con <a href=\"https:\/\/twitter.com\/eduardosalazar4?ref_src=twsrc%5Etfw\">@eduardosalazar4<\/a> | Sigue la se\u00f1al en vivo por <a href=\"https:\/\/t.co\/R0rtaHzqZe\">https:\/\/t.co\/R0rtaHzqZe<\/a> <a href=\"https:\/\/t.co\/ECWSNOq4m8\">pic.twitter.com\/ECWSNOq4m8<\/a><\/p>&mdash; N+ FORO (@nmasforo) <a href=\"https:\/\/twitter.com\/nmasforo\/status\/1628089571656204292?ref_src=twsrc%5Etfw\">February 21, 2023<\/a><\/blockquote><script async src=\"https:\/\/platform.twitter.com\/widgets.js\" charset=\"utf-8\"><\/script>\n<\/div><\/figure>\n\n\n\n<p>Los polic\u00edas resguardaron de inmediato las instalaciones legislativas. Incluso les fue lanzado polvo de extintor a las personas que realizaban la protesta.<\/p>\n\n\n\n<p>Tras la entrada de algunos manifestantes al\u00a0<strong>Congreso capitalino<\/strong>, se decidi\u00f3 suspender de manera moment\u00e1nea la sesi\u00f3n del Pleno que se estaba llevando a cabo.<\/p>\n\n\n\n<figure class=\"wp-block-embed is-type-rich is-provider-twitter wp-block-embed-twitter\"><div class=\"wp-block-embed__wrapper\">\n<blockquote class=\"twitter-tweet\" data-width=\"550\" data-dnt=\"true\"><p lang=\"es\" dir=\"ltr\">\ud83d\udea8<a href=\"https:\/\/twitter.com\/hashtag\/%C3%9ALTIMAHORA?src=hash&amp;ref_src=twsrc%5Etfw\">#\u00daLTIMAHORA<\/a> | Suspenden la sesi\u00f3n Ordinaria del Congreso de la Ciudad de M\u00e9xico por los manifestantes. <a href=\"https:\/\/t.co\/TUYfOpdPoe\">pic.twitter.com\/TUYfOpdPoe<\/a><\/p>&mdash; Ruido en la Red (@RuidoEnLaRed) <a href=\"https:\/\/twitter.com\/RuidoEnLaRed\/status\/1628093092694720522?ref_src=twsrc%5Etfw\">February 21, 2023<\/a><\/blockquote><script async src=\"https:\/\/platform.twitter.com\/widgets.js\" charset=\"utf-8\"><\/script>\n<\/div><\/figure>\n","protected":false},"excerpt":{"rendered":"<p>Por Redacci\u00f3n QP Manifestantes de la comunidad LGBTIQ+ entraron por la fuerza al edificio del&#8230;<\/p>\n","protected":false},"author":2,"featured_media":98846,"comment_status":"open","ping_status":"open","sticky":false,"template":"","format":"standard","meta":{"_monsterinsights_skip_tracking":false,"_monsterinsights_sitenote_active":false,"_monsterinsights_sitenote_note":"","_monsterinsights_sitenote_category":0,"footnotes":""},"categories":[55],"tags":[],"class_list":["post-98845","post","type-post","status-publish","format-standard","has-post-thumbnail","hentry","category-cdmx"],"yoast_head":"<!-- This site is optimized with the Yoast SEO plugin v27.3 - https:\/\/yoast.com\/product\/yoast-seo-wordpress\/ -->\n<title>Manifestantes de colectivos trans protestan afuera del Congreso de CDMX en contra de la discriminaci\u00f3n de Am\u00e9rica Rangel -<\/title>\n<meta name=\"robots\" content=\"index, follow, max-snippet:-1, max-image-preview:large, max-video-preview:-1\" \/>\n<link rel=\"canonical\" href=\"https:\/\/quehacerpolitico.mx\/?p=98845\" \/>\n<meta property=\"og:locale\" content=\"es_MX\" \/>\n<meta property=\"og:type\" content=\"article\" \/>\n<meta property=\"og:title\" content=\"Manifestantes de colectivos trans protestan afuera del Congreso de CDMX en contra de la discriminaci\u00f3n de Am\u00e9rica Rangel -\" \/>\n<meta property=\"og:description\" content=\"Por Redacci\u00f3n QP Manifestantes de la comunidad LGBTIQ+ entraron por la fuerza al edificio del...\" \/>\n<meta property=\"og:url\" content=\"https:\/\/quehacerpolitico.mx\/?p=98845\" \/>\n<meta property=\"article:published_time\" content=\"2023-02-21T18:45:46+00:00\" \/>\n<meta property=\"article:modified_time\" content=\"2023-02-21T18:45:52+00:00\" \/>\n<meta property=\"og:image\" content=\"https:\/\/quehacerpolitico.mx\/wp-content\/uploads\/2023\/02\/6D8D42CC-3F9D-4F98-8B6D-5953CF511C44.jpeg\" \/>\n\t<meta property=\"og:image:width\" content=\"1284\" \/>\n\t<meta property=\"og:image:height\" content=\"697\" \/>\n\t<meta property=\"og:image:type\" content=\"image\/jpeg\" \/>\n<meta name=\"author\" content=\"Redacci\u00f3n QP\" \/>\n<meta name=\"twitter:card\" content=\"summary_large_image\" \/>\n<meta name=\"twitter:label1\" content=\"Escrito por\" \/>\n\t<meta name=\"twitter:data1\" content=\"Redacci\u00f3n QP\" \/>\n\t<meta name=\"twitter:label2\" content=\"Tiempo de lectura\" \/>\n\t<meta name=\"twitter:data2\" content=\"1 minuto\" \/>\n<script type=\"application\/ld+json\" class=\"yoast-schema-graph\">{\"@context\":\"https:\\\/\\\/schema.org\",\"@graph\":[{\"@type\":\"Article\",\"@id\":\"https:\\\/\\\/quehacerpolitico.mx\\\/?p=98845#article\",\"isPartOf\":{\"@id\":\"https:\\\/\\\/quehacerpolitico.mx\\\/?p=98845\"},\"author\":{\"name\":\"Redacci\u00f3n QP\",\"@id\":\"https:\\\/\\\/quehacerpolitico.mx\\\/#\\\/schema\\\/person\\\/496d8ad2d1d3f8036101dca7ee39e585\"},\"headline\":\"Manifestantes de colectivos trans protestan afuera del Congreso de CDMX en contra de la discriminaci\u00f3n de Am\u00e9rica Rangel\",\"datePublished\":\"2023-02-21T18:45:46+00:00\",\"dateModified\":\"2023-02-21T18:45:52+00:00\",\"mainEntityOfPage\":{\"@id\":\"https:\\\/\\\/quehacerpolitico.mx\\\/?p=98845\"},\"wordCount\":219,\"commentCount\":0,\"image\":{\"@id\":\"https:\\\/\\\/quehacerpolitico.mx\\\/?p=98845#primaryimage\"},\"thumbnailUrl\":\"https:\\\/\\\/quehacerpolitico.mx\\\/wp-content\\\/uploads\\\/2023\\\/02\\\/6D8D42CC-3F9D-4F98-8B6D-5953CF511C44.jpeg\",\"articleSection\":[\"CDMX\"],\"inLanguage\":\"es\",\"potentialAction\":[{\"@type\":\"CommentAction\",\"name\":\"Comment\",\"target\":[\"https:\\\/\\\/quehacerpolitico.mx\\\/?p=98845#respond\"]}]},{\"@type\":\"WebPage\",\"@id\":\"https:\\\/\\\/quehacerpolitico.mx\\\/?p=98845\",\"url\":\"https:\\\/\\\/quehacerpolitico.mx\\\/?p=98845\",\"name\":\"Manifestantes de colectivos trans protestan afuera del Congreso de CDMX en contra de la discriminaci\u00f3n de Am\u00e9rica Rangel -\",\"isPartOf\":{\"@id\":\"https:\\\/\\\/quehacerpolitico.mx\\\/#website\"},\"primaryImageOfPage\":{\"@id\":\"https:\\\/\\\/quehacerpolitico.mx\\\/?p=98845#primaryimage\"},\"image\":{\"@id\":\"https:\\\/\\\/quehacerpolitico.mx\\\/?p=98845#primaryimage\"},\"thumbnailUrl\":\"https:\\\/\\\/quehacerpolitico.mx\\\/wp-content\\\/uploads\\\/2023\\\/02\\\/6D8D42CC-3F9D-4F98-8B6D-5953CF511C44.jpeg\",\"datePublished\":\"2023-02-21T18:45:46+00:00\",\"dateModified\":\"2023-02-21T18:45:52+00:00\",\"author\":{\"@id\":\"https:\\\/\\\/quehacerpolitico.mx\\\/#\\\/schema\\\/person\\\/496d8ad2d1d3f8036101dca7ee39e585\"},\"breadcrumb\":{\"@id\":\"https:\\\/\\\/quehacerpolitico.mx\\\/?p=98845#breadcrumb\"},\"inLanguage\":\"es\",\"potentialAction\":[{\"@type\":\"ReadAction\",\"target\":[\"https:\\\/\\\/quehacerpolitico.mx\\\/?p=98845\"]}]},{\"@type\":\"ImageObject\",\"inLanguage\":\"es\",\"@id\":\"https:\\\/\\\/quehacerpolitico.mx\\\/?p=98845#primaryimage\",\"url\":\"https:\\\/\\\/quehacerpolitico.mx\\\/wp-content\\\/uploads\\\/2023\\\/02\\\/6D8D42CC-3F9D-4F98-8B6D-5953CF511C44.jpeg\",\"contentUrl\":\"https:\\\/\\\/quehacerpolitico.mx\\\/wp-content\\\/uploads\\\/2023\\\/02\\\/6D8D42CC-3F9D-4F98-8B6D-5953CF511C44.jpeg\",\"width\":1284,\"height\":697},{\"@type\":\"BreadcrumbList\",\"@id\":\"https:\\\/\\\/quehacerpolitico.mx\\\/?p=98845#breadcrumb\",\"itemListElement\":[{\"@type\":\"ListItem\",\"position\":1,\"name\":\"Inicio\",\"item\":\"https:\\\/\\\/quehacerpolitico.mx\\\/\"},{\"@type\":\"ListItem\",\"position\":2,\"name\":\"Manifestantes de colectivos trans protestan afuera del Congreso de CDMX en contra de la discriminaci\u00f3n de Am\u00e9rica Rangel\"}]},{\"@type\":\"WebSite\",\"@id\":\"https:\\\/\\\/quehacerpolitico.mx\\\/#website\",\"url\":\"https:\\\/\\\/quehacerpolitico.mx\\\/\",\"name\":\"\",\"description\":\"\",\"potentialAction\":[{\"@type\":\"SearchAction\",\"target\":{\"@type\":\"EntryPoint\",\"urlTemplate\":\"https:\\\/\\\/quehacerpolitico.mx\\\/?s={search_term_string}\"},\"query-input\":{\"@type\":\"PropertyValueSpecification\",\"valueRequired\":true,\"valueName\":\"search_term_string\"}}],\"inLanguage\":\"es\"},{\"@type\":\"Person\",\"@id\":\"https:\\\/\\\/quehacerpolitico.mx\\\/#\\\/schema\\\/person\\\/496d8ad2d1d3f8036101dca7ee39e585\",\"name\":\"Redacci\u00f3n QP\",\"image\":{\"@type\":\"ImageObject\",\"inLanguage\":\"es\",\"@id\":\"https:\\\/\\\/secure.gravatar.com\\\/avatar\\\/c7164ed6fdec453195284ad24a5ae5b6e1eed2b848477fa2a4787ba9adf39a41?s=96&d=mm&r=g\",\"url\":\"https:\\\/\\\/secure.gravatar.com\\\/avatar\\\/c7164ed6fdec453195284ad24a5ae5b6e1eed2b848477fa2a4787ba9adf39a41?s=96&d=mm&r=g\",\"contentUrl\":\"https:\\\/\\\/secure.gravatar.com\\\/avatar\\\/c7164ed6fdec453195284ad24a5ae5b6e1eed2b848477fa2a4787ba9adf39a41?s=96&d=mm&r=g\",\"caption\":\"Redacci\u00f3n QP\"},\"url\":\"https:\\\/\\\/quehacerpolitico.mx\\\/?author=2\"}]}<\/script>\n<!-- \/ Yoast SEO plugin. -->","yoast_head_json":{"title":"Manifestantes de colectivos trans protestan afuera del Congreso de CDMX en contra de la discriminaci\u00f3n de Am\u00e9rica Rangel -","robots":{"index":"index","follow":"follow","max-snippet":"max-snippet:-1","max-image-preview":"max-image-preview:large","max-video-preview":"max-video-preview:-1"},"canonical":"https:\/\/quehacerpolitico.mx\/?p=98845","og_locale":"es_MX","og_type":"article","og_title":"Manifestantes de colectivos trans protestan afuera del Congreso de CDMX en contra de la discriminaci\u00f3n de Am\u00e9rica Rangel -","og_description":"Por Redacci\u00f3n QP Manifestantes de la comunidad LGBTIQ+ entraron por la fuerza al edificio del...","og_url":"https:\/\/quehacerpolitico.mx\/?p=98845","article_published_time":"2023-02-21T18:45:46+00:00","article_modified_time":"2023-02-21T18:45:52+00:00","og_image":[{"width":1284,"height":697,"url":"https:\/\/quehacerpolitico.mx\/wp-content\/uploads\/2023\/02\/6D8D42CC-3F9D-4F98-8B6D-5953CF511C44.jpeg","type":"image\/jpeg"}],"author":"Redacci\u00f3n QP","twitter_card":"summary_large_image","twitter_misc":{"Escrito por":"Redacci\u00f3n QP","Tiempo de lectura":"1 minuto"},"schema":{"@context":"https:\/\/schema.org","@graph":[{"@type":"Article","@id":"https:\/\/quehacerpolitico.mx\/?p=98845#article","isPartOf":{"@id":"https:\/\/quehacerpolitico.mx\/?p=98845"},"author":{"name":"Redacci\u00f3n QP","@id":"https:\/\/quehacerpolitico.mx\/#\/schema\/person\/496d8ad2d1d3f8036101dca7ee39e585"},"headline":"Manifestantes de colectivos trans protestan afuera del Congreso de CDMX en contra de la discriminaci\u00f3n de Am\u00e9rica Rangel","datePublished":"2023-02-21T18:45:46+00:00","dateModified":"2023-02-21T18:45:52+00:00","mainEntityOfPage":{"@id":"https:\/\/quehacerpolitico.mx\/?p=98845"},"wordCount":219,"commentCount":0,"image":{"@id":"https:\/\/quehacerpolitico.mx\/?p=98845#primaryimage"},"thumbnailUrl":"https:\/\/quehacerpolitico.mx\/wp-content\/uploads\/2023\/02\/6D8D42CC-3F9D-4F98-8B6D-5953CF511C44.jpeg","articleSection":["CDMX"],"inLanguage":"es","potentialAction":[{"@type":"CommentAction","name":"Comment","target":["https:\/\/quehacerpolitico.mx\/?p=98845#respond"]}]},{"@type":"WebPage","@id":"https:\/\/quehacerpolitico.mx\/?p=98845","url":"https:\/\/quehacerpolitico.mx\/?p=98845","name":"Manifestantes de colectivos trans protestan afuera del Congreso de CDMX en contra de la discriminaci\u00f3n de Am\u00e9rica Rangel -","isPartOf":{"@id":"https:\/\/quehacerpolitico.mx\/#website"},"primaryImageOfPage":{"@id":"https:\/\/quehacerpolitico.mx\/?p=98845#primaryimage"},"image":{"@id":"https:\/\/quehacerpolitico.mx\/?p=98845#primaryimage"},"thumbnailUrl":"https:\/\/quehacerpolitico.mx\/wp-content\/uploads\/2023\/02\/6D8D42CC-3F9D-4F98-8B6D-5953CF511C44.jpeg","datePublished":"2023-02-21T18:45:46+00:00","dateModified":"2023-02-21T18:45:52+00:00","author":{"@id":"https:\/\/quehacerpolitico.mx\/#\/schema\/person\/496d8ad2d1d3f8036101dca7ee39e585"},"breadcrumb":{"@id":"https:\/\/quehacerpolitico.mx\/?p=98845#breadcrumb"},"inLanguage":"es","potentialAction":[{"@type":"ReadAction","target":["https:\/\/quehacerpolitico.mx\/?p=98845"]}]},{"@type":"ImageObject","inLanguage":"es","@id":"https:\/\/quehacerpolitico.mx\/?p=98845#primaryimage","url":"https:\/\/quehacerpolitico.mx\/wp-content\/uploads\/2023\/02\/6D8D42CC-3F9D-4F98-8B6D-5953CF511C44.jpeg","contentUrl":"https:\/\/quehacerpolitico.mx\/wp-content\/uploads\/2023\/02\/6D8D42CC-3F9D-4F98-8B6D-5953CF511C44.jpeg","width":1284,"height":697},{"@type":"BreadcrumbList","@id":"https:\/\/quehacerpolitico.mx\/?p=98845#breadcrumb","itemListElement":[{"@type":"ListItem","position":1,"name":"Inicio","item":"https:\/\/quehacerpolitico.mx\/"},{"@type":"ListItem","position":2,"name":"Manifestantes de colectivos trans protestan afuera del Congreso de CDMX en contra de la discriminaci\u00f3n de Am\u00e9rica Rangel"}]},{"@type":"WebSite","@id":"https:\/\/quehacerpolitico.mx\/#website","url":"https:\/\/quehacerpolitico.mx\/","name":"","description":"","potentialAction":[{"@type":"SearchAction","target":{"@type":"EntryPoint","urlTemplate":"https:\/\/quehacerpolitico.mx\/?s={search_term_string}"},"query-input":{"@type":"PropertyValueSpecification","valueRequired":true,"valueName":"search_term_string"}}],"inLanguage":"es"},{"@type":"Person","@id":"https:\/\/quehacerpolitico.mx\/#\/schema\/person\/496d8ad2d1d3f8036101dca7ee39e585","name":"Redacci\u00f3n QP","image":{"@type":"ImageObject","inLanguage":"es","@id":"https:\/\/secure.gravatar.com\/avatar\/c7164ed6fdec453195284ad24a5ae5b6e1eed2b848477fa2a4787ba9adf39a41?s=96&d=mm&r=g","url":"https:\/\/secure.gravatar.com\/avatar\/c7164ed6fdec453195284ad24a5ae5b6e1eed2b848477fa2a4787ba9adf39a41?s=96&d=mm&r=g","contentUrl":"https:\/\/secure.gravatar.com\/avatar\/c7164ed6fdec453195284ad24a5ae5b6e1eed2b848477fa2a4787ba9adf39a41?s=96&d=mm&r=g","caption":"Redacci\u00f3n QP"},"url":"https:\/\/quehacerpolitico.mx\/?author=2"}]}},"featured_image_urls":{"full":["https:\/\/quehacerpolitico.mx\/wp-content\/uploads\/2023\/02\/6D8D42CC-3F9D-4F98-8B6D-5953CF511C44.jpeg",1284,697,false],"thumbnail":["https:\/\/quehacerpolitico.mx\/wp-content\/uploads\/2023\/02\/6D8D42CC-3F9D-4F98-8B6D-5953CF511C44-150x150.jpeg",150,150,true],"medium":["https:\/\/quehacerpolitico.mx\/wp-content\/uploads\/2023\/02\/6D8D42CC-3F9D-4F98-8B6D-5953CF511C44-300x163.jpeg",300,163,true],"medium_large":["https:\/\/quehacerpolitico.mx\/wp-content\/uploads\/2023\/02\/6D8D42CC-3F9D-4F98-8B6D-5953CF511C44-768x417.jpeg",640,348,true],"large":["https:\/\/quehacerpolitico.mx\/wp-content\/uploads\/2023\/02\/6D8D42CC-3F9D-4F98-8B6D-5953CF511C44-1024x556.jpeg",640,348,true],"1536x1536":["https:\/\/quehacerpolitico.mx\/wp-content\/uploads\/2023\/02\/6D8D42CC-3F9D-4F98-8B6D-5953CF511C44.jpeg",1284,697,false],"2048x2048":["https:\/\/quehacerpolitico.mx\/wp-content\/uploads\/2023\/02\/6D8D42CC-3F9D-4F98-8B6D-5953CF511C44.jpeg",1284,697,false],"covernews-featured":["https:\/\/quehacerpolitico.mx\/wp-content\/uploads\/2023\/02\/6D8D42CC-3F9D-4F98-8B6D-5953CF511C44.jpeg",1024,556,false],"covernews-medium":["https:\/\/quehacerpolitico.mx\/wp-content\/uploads\/2023\/02\/6D8D42CC-3F9D-4F98-8B6D-5953CF511C44.jpeg",540,293,false]},"author_info":{"display_name":"Redacci\u00f3n QP","author_link":"https:\/\/quehacerpolitico.mx\/?author=2"},"category_info":"<a href=\"https:\/\/quehacerpolitico.mx\/?cat=55\" rel=\"category\">CDMX<\/a>","tag_info":"CDMX","comment_count":"0","_links":{"self":[{"href":"https:\/\/quehacerpolitico.mx\/index.php?rest_route=\/wp\/v2\/posts\/98845","targetHints":{"allow":["GET"]}}],"collection":[{"href":"https:\/\/quehacerpolitico.mx\/index.php?rest_route=\/wp\/v2\/posts"}],"about":[{"href":"https:\/\/quehacerpolitico.mx\/index.php?rest_route=\/wp\/v2\/types\/post"}],"author":[{"embeddable":true,"href":"https:\/\/quehacerpolitico.mx\/index.php?rest_route=\/wp\/v2\/users\/2"}],"replies":[{"embeddable":true,"href":"https:\/\/quehacerpolitico.mx\/index.php?rest_route=%2Fwp%2Fv2%2Fcomments&post=98845"}],"version-history":[{"count":1,"href":"https:\/\/quehacerpolitico.mx\/index.php?rest_route=\/wp\/v2\/posts\/98845\/revisions"}],"predecessor-version":[{"id":98847,"href":"https:\/\/quehacerpolitico.mx\/index.php?rest_route=\/wp\/v2\/posts\/98845\/revisions\/98847"}],"wp:featuredmedia":[{"embeddable":true,"href":"https:\/\/quehacerpolitico.mx\/index.php?rest_route=\/wp\/v2\/media\/98846"}],"wp:attachment":[{"href":"https:\/\/quehacerpolitico.mx\/index.php?rest_route=%2Fwp%2Fv2%2Fmedia&parent=98845"}],"wp:term":[{"taxonomy":"category","embeddable":true,"href":"https:\/\/quehacerpolitico.mx\/index.php?rest_route=%2Fwp%2Fv2%2Fcategories&post=98845"},{"taxonomy":"post_tag","embeddable":true,"href":"https:\/\/quehacerpolitico.mx\/index.php?rest_route=%2Fwp%2Fv2%2Ftags&post=98845"}],"curies":[{"name":"wp","href":"https:\/\/api.w.org\/{rel}","templated":true}]}}