{"id":98842,"date":"2023-02-21T17:56:23","date_gmt":"2023-02-21T17:56:23","guid":{"rendered":"https:\/\/quehacerpolitico.mx\/?p=98842"},"modified":"2023-02-21T17:56:28","modified_gmt":"2023-02-21T17:56:28","slug":"tecatito-corona-vuelve-a-entrenar-con-el-sevilla-tras-su-grave-lesion","status":"publish","type":"post","link":"https:\/\/quehacerpolitico.mx\/?p=98842","title":{"rendered":"Tecatito Corona vuelve a entrenar con el Sevilla tras su grave lesi\u00f3n"},"content":{"rendered":"\n<p>Por Redacci\u00f3n QP<\/p>\n\n\n\n<p>El mexicano fue recibido con mucho cari\u00f1o por sus compa\u00f1eros, quienes le sometieron al tradicional &#8220;pasillito&#8221; de bienvenida<\/p>\n\n\n\n<p>El extremo mexicano\u00a0<strong>Jes\u00fas &#8220;Tecatito&#8221;Corona<\/strong>\u00a0se incorpor\u00f3 este martes a los entrenamientos de la plantilla del\u00a0Sevilla seis meses despu\u00e9s de que a mediados del\u00a0<strong>pasado agosto sufriera una fractura del peron\u00e9 y rotura de los ligamentos del tobillo izquierdo<\/strong>\u00a0que requiri\u00f3 una operaci\u00f3n.<\/p>\n\n\n\n<p>Al mexicano, en los minutos que la sesi\u00f3n preparatoria que dirigi\u00f3 el t\u00e9cnico argentino Jorge Sampaoli estuvo abierta para la prensa, se le vio en la din\u00e1mica del grupo en la ciudad deportiva sevillista, en la que fue recibido con mucho cari\u00f1o por sus compa\u00f1eros, quienes le sometieron al tradicional\u00a0<strong>&#8220;pasillito&#8221; de bienvenida<\/strong>.<\/p>\n\n\n\n<figure class=\"wp-block-embed is-type-rich is-provider-twitter wp-block-embed-twitter\"><div class=\"wp-block-embed__wrapper\">\n<blockquote class=\"twitter-tweet\" data-width=\"550\" data-dnt=\"true\"><p lang=\"es\" dir=\"ltr\">\u00a1Qu\u00e9 bueno volver a verte, \ud835\udc13\ud835\udc1e\ud835\udc1c\ud835\udc1a\ud835\udc2d\ud835\udc22\ud835\udc2d\ud835\udc28! <br>\ud83d\ude4c\ud83c\udffc\u2764\ufe0f <a href=\"https:\/\/t.co\/Wk3hlu8o31\">pic.twitter.com\/Wk3hlu8o31<\/a><\/p>&mdash; Sevilla F\u00fatbol Club (@SevillaFC) <a href=\"https:\/\/twitter.com\/SevillaFC\/status\/1627988102361784321?ref_src=twsrc%5Etfw\">February 21, 2023<\/a><\/blockquote><script async src=\"https:\/\/platform.twitter.com\/widgets.js\" charset=\"utf-8\"><\/script>\n<\/div><\/figure>\n\n\n\n<p>Tecatito, que el pasado enero cumpli\u00f3 30 a\u00f1os, entra as\u00ed en su \u00faltima fase de rehabilitaci\u00f3n despu\u00e9s de que el 18 de agosto anterior fuera operado en una cl\u00ednica sevillana de la grave\u00a0<strong>lesi\u00f3n que sufri\u00f3 en el entrenamiento de ese mismo d\u00eda en el Ram\u00f3n S\u00e1nchez-Pizju\u00e1n y que oblig\u00f3 a que el internacional mexicano saliera en ambulancia del estadio.<\/strong><\/p>\n\n\n\n<p>En la operaci\u00f3n, el cirujano le coloc\u00f3&nbsp;<strong>&#8220;una placa con tornillos en el peron\u00e9&#8221;<\/strong>, adem\u00e1s de aplicarle &#8220;una sutura tanto a los ligamentos externos como internos&#8221; del tobillo da\u00f1ado, seg\u00fan inform\u00f3 entonces el Sevilla, que apunt\u00f3 que la lesi\u00f3n lleg\u00f3 &#8220;en un lance del juego sin que mediara golpe alguno&#8221; y que, en un principio, este tipo de lesiones necesitaba una recuperaci\u00f3n de entre cuatro y cinco meses.<\/p>\n\n\n\n<p>Debido a este periodo, incluso la\u00a0Selecci\u00f3n Mexicana valor\u00f3 la posibilidad de incorporar al extremo para el Mundial de Qatar 2022, y m\u00e1s cuando se le vio en alguna ocasi\u00f3n haciendo ejercicios sobre el c\u00e9sped de la ciudad deportiva, aunque Tecatito tuvo que pasar otra vez por el quir\u00f3fano el pasado diciembre para ser sometido a una artroscopia en la zona afectada, algo que, seg\u00fan se indic\u00f3 entonces, estaba dentro de su plan de rehabilitaci\u00f3n.<\/p>\n\n\n\n<p><strong>El extremo mexicano lleg\u00f3 al Sevilla en enero de 2022 procedente del Porto,<\/strong>&nbsp;con Julen Lopetegui en el banquillo del equipo hispalense y como su m\u00e1ximo valedor al haberlo dirigido ya en su etapa al frente del conjunto portugu\u00e9s.<\/p>\n\n\n\n<p>En aquella media temporada pasada, Tecatito tuvo un gran rendimiento en el Sevilla, con el que disput\u00f3 veintid\u00f3s partidos oficiales,\u00a0<strong>con dos goles marcados y cuatro asistencias,<\/strong>\u00a0lo que ayudaron a que el equipo quedara cuarto clasificado en LaLiga.<\/p>\n\n\n\n<p>En esta campa\u00f1a, el mexicano fue titular en Pamplona ante Osasuna en la jornada inaugural del presente campeonato y se lesion\u00f3 el d\u00eda antes de que el equipo afrontara como local el segundo partido del torneo, ante el Valladolid.<\/p>\n\n\n\n<p>La presencia este martes de Tecatito junto a sus compa\u00f1eros llega en la \u00faltima sesi\u00f3n antes de viajar, a primera hora del mi\u00e9rcoles, a la ciudad neerlandesa de Eindhoven, donde el equipo juega el jueves ante el PSV la vuelta de la eliminatoria previa a los octavos de final de la Liga Europa, a la que llega con una renta favorable de 3-0 lograda la pasada semana en la ida.<\/p>\n\n\n\n<p>El equipo volver\u00e1 a ejercitarse ma\u00f1ana mi\u00e9rcoles, pero ya ser\u00e1 sobre el c\u00e9sped del Philips Stadion, sesi\u00f3n prevista para las 19:00 hora local tras la comparecencia ante la prensa de Jorge Sampaoli y uno de sus futbolistas en las instalaciones del escenario del partido, inform\u00f3 este martes el Sevilla.<\/p>\n\n\n\n<p>Con Informaci\u00f3n de EFE<\/p>\n","protected":false},"excerpt":{"rendered":"<p>Por Redacci\u00f3n QP El mexicano fue recibido con mucho cari\u00f1o por sus compa\u00f1eros, quienes le&#8230;<\/p>\n","protected":false},"author":2,"featured_media":98843,"comment_status":"open","ping_status":"open","sticky":false,"template":"","format":"standard","meta":{"_monsterinsights_skip_tracking":false,"_monsterinsights_sitenote_active":false,"_monsterinsights_sitenote_note":"","_monsterinsights_sitenote_category":0,"footnotes":""},"categories":[54],"tags":[],"class_list":["post-98842","post","type-post","status-publish","format-standard","has-post-thumbnail","hentry","category-deportes"],"yoast_head":"<!-- This site is optimized with the Yoast SEO plugin v27.3 - https:\/\/yoast.com\/product\/yoast-seo-wordpress\/ -->\n<title>Tecatito Corona vuelve a entrenar con el Sevilla tras su grave lesi\u00f3n -<\/title>\n<meta name=\"robots\" content=\"index, follow, max-snippet:-1, max-image-preview:large, max-video-preview:-1\" \/>\n<link rel=\"canonical\" href=\"https:\/\/quehacerpolitico.mx\/?p=98842\" \/>\n<meta property=\"og:locale\" content=\"es_MX\" \/>\n<meta property=\"og:type\" content=\"article\" \/>\n<meta property=\"og:title\" content=\"Tecatito Corona vuelve a entrenar con el Sevilla tras su grave lesi\u00f3n -\" \/>\n<meta property=\"og:description\" content=\"Por Redacci\u00f3n QP El mexicano fue recibido con mucho cari\u00f1o por sus compa\u00f1eros, quienes le...\" \/>\n<meta property=\"og:url\" content=\"https:\/\/quehacerpolitico.mx\/?p=98842\" \/>\n<meta property=\"article:published_time\" content=\"2023-02-21T17:56:23+00:00\" \/>\n<meta property=\"article:modified_time\" content=\"2023-02-21T17:56:28+00:00\" \/>\n<meta property=\"og:image\" content=\"https:\/\/quehacerpolitico.mx\/wp-content\/uploads\/2023\/02\/CE333CC8-405A-47A2-9288-1353D8BB81E3.jpeg\" \/>\n\t<meta property=\"og:image:width\" content=\"1284\" \/>\n\t<meta property=\"og:image:height\" content=\"1227\" \/>\n\t<meta property=\"og:image:type\" content=\"image\/jpeg\" \/>\n<meta name=\"author\" content=\"Redacci\u00f3n QP\" \/>\n<meta name=\"twitter:card\" content=\"summary_large_image\" \/>\n<meta name=\"twitter:label1\" content=\"Escrito por\" \/>\n\t<meta name=\"twitter:data1\" content=\"Redacci\u00f3n QP\" \/>\n\t<meta name=\"twitter:label2\" content=\"Tiempo de lectura\" \/>\n\t<meta name=\"twitter:data2\" content=\"3 minutos\" \/>\n<script type=\"application\/ld+json\" class=\"yoast-schema-graph\">{\"@context\":\"https:\\\/\\\/schema.org\",\"@graph\":[{\"@type\":\"Article\",\"@id\":\"https:\\\/\\\/quehacerpolitico.mx\\\/?p=98842#article\",\"isPartOf\":{\"@id\":\"https:\\\/\\\/quehacerpolitico.mx\\\/?p=98842\"},\"author\":{\"name\":\"Redacci\u00f3n QP\",\"@id\":\"https:\\\/\\\/quehacerpolitico.mx\\\/#\\\/schema\\\/person\\\/496d8ad2d1d3f8036101dca7ee39e585\"},\"headline\":\"Tecatito Corona vuelve a entrenar con el Sevilla tras su grave lesi\u00f3n\",\"datePublished\":\"2023-02-21T17:56:23+00:00\",\"dateModified\":\"2023-02-21T17:56:28+00:00\",\"mainEntityOfPage\":{\"@id\":\"https:\\\/\\\/quehacerpolitico.mx\\\/?p=98842\"},\"wordCount\":629,\"commentCount\":0,\"image\":{\"@id\":\"https:\\\/\\\/quehacerpolitico.mx\\\/?p=98842#primaryimage\"},\"thumbnailUrl\":\"https:\\\/\\\/quehacerpolitico.mx\\\/wp-content\\\/uploads\\\/2023\\\/02\\\/CE333CC8-405A-47A2-9288-1353D8BB81E3.jpeg\",\"articleSection\":[\"Deportes\"],\"inLanguage\":\"es\",\"potentialAction\":[{\"@type\":\"CommentAction\",\"name\":\"Comment\",\"target\":[\"https:\\\/\\\/quehacerpolitico.mx\\\/?p=98842#respond\"]}]},{\"@type\":\"WebPage\",\"@id\":\"https:\\\/\\\/quehacerpolitico.mx\\\/?p=98842\",\"url\":\"https:\\\/\\\/quehacerpolitico.mx\\\/?p=98842\",\"name\":\"Tecatito Corona vuelve a entrenar con el Sevilla tras su grave lesi\u00f3n -\",\"isPartOf\":{\"@id\":\"https:\\\/\\\/quehacerpolitico.mx\\\/#website\"},\"primaryImageOfPage\":{\"@id\":\"https:\\\/\\\/quehacerpolitico.mx\\\/?p=98842#primaryimage\"},\"image\":{\"@id\":\"https:\\\/\\\/quehacerpolitico.mx\\\/?p=98842#primaryimage\"},\"thumbnailUrl\":\"https:\\\/\\\/quehacerpolitico.mx\\\/wp-content\\\/uploads\\\/2023\\\/02\\\/CE333CC8-405A-47A2-9288-1353D8BB81E3.jpeg\",\"datePublished\":\"2023-02-21T17:56:23+00:00\",\"dateModified\":\"2023-02-21T17:56:28+00:00\",\"author\":{\"@id\":\"https:\\\/\\\/quehacerpolitico.mx\\\/#\\\/schema\\\/person\\\/496d8ad2d1d3f8036101dca7ee39e585\"},\"breadcrumb\":{\"@id\":\"https:\\\/\\\/quehacerpolitico.mx\\\/?p=98842#breadcrumb\"},\"inLanguage\":\"es\",\"potentialAction\":[{\"@type\":\"ReadAction\",\"target\":[\"https:\\\/\\\/quehacerpolitico.mx\\\/?p=98842\"]}]},{\"@type\":\"ImageObject\",\"inLanguage\":\"es\",\"@id\":\"https:\\\/\\\/quehacerpolitico.mx\\\/?p=98842#primaryimage\",\"url\":\"https:\\\/\\\/quehacerpolitico.mx\\\/wp-content\\\/uploads\\\/2023\\\/02\\\/CE333CC8-405A-47A2-9288-1353D8BB81E3.jpeg\",\"contentUrl\":\"https:\\\/\\\/quehacerpolitico.mx\\\/wp-content\\\/uploads\\\/2023\\\/02\\\/CE333CC8-405A-47A2-9288-1353D8BB81E3.jpeg\",\"width\":1284,\"height\":1227},{\"@type\":\"BreadcrumbList\",\"@id\":\"https:\\\/\\\/quehacerpolitico.mx\\\/?p=98842#breadcrumb\",\"itemListElement\":[{\"@type\":\"ListItem\",\"position\":1,\"name\":\"Inicio\",\"item\":\"https:\\\/\\\/quehacerpolitico.mx\\\/\"},{\"@type\":\"ListItem\",\"position\":2,\"name\":\"Tecatito Corona vuelve a entrenar con el Sevilla tras su grave lesi\u00f3n\"}]},{\"@type\":\"WebSite\",\"@id\":\"https:\\\/\\\/quehacerpolitico.mx\\\/#website\",\"url\":\"https:\\\/\\\/quehacerpolitico.mx\\\/\",\"name\":\"\",\"description\":\"\",\"potentialAction\":[{\"@type\":\"SearchAction\",\"target\":{\"@type\":\"EntryPoint\",\"urlTemplate\":\"https:\\\/\\\/quehacerpolitico.mx\\\/?s={search_term_string}\"},\"query-input\":{\"@type\":\"PropertyValueSpecification\",\"valueRequired\":true,\"valueName\":\"search_term_string\"}}],\"inLanguage\":\"es\"},{\"@type\":\"Person\",\"@id\":\"https:\\\/\\\/quehacerpolitico.mx\\\/#\\\/schema\\\/person\\\/496d8ad2d1d3f8036101dca7ee39e585\",\"name\":\"Redacci\u00f3n QP\",\"image\":{\"@type\":\"ImageObject\",\"inLanguage\":\"es\",\"@id\":\"https:\\\/\\\/secure.gravatar.com\\\/avatar\\\/c7164ed6fdec453195284ad24a5ae5b6e1eed2b848477fa2a4787ba9adf39a41?s=96&d=mm&r=g\",\"url\":\"https:\\\/\\\/secure.gravatar.com\\\/avatar\\\/c7164ed6fdec453195284ad24a5ae5b6e1eed2b848477fa2a4787ba9adf39a41?s=96&d=mm&r=g\",\"contentUrl\":\"https:\\\/\\\/secure.gravatar.com\\\/avatar\\\/c7164ed6fdec453195284ad24a5ae5b6e1eed2b848477fa2a4787ba9adf39a41?s=96&d=mm&r=g\",\"caption\":\"Redacci\u00f3n QP\"},\"url\":\"https:\\\/\\\/quehacerpolitico.mx\\\/?author=2\"}]}<\/script>\n<!-- \/ Yoast SEO plugin. -->","yoast_head_json":{"title":"Tecatito Corona vuelve a entrenar con el Sevilla tras su grave lesi\u00f3n -","robots":{"index":"index","follow":"follow","max-snippet":"max-snippet:-1","max-image-preview":"max-image-preview:large","max-video-preview":"max-video-preview:-1"},"canonical":"https:\/\/quehacerpolitico.mx\/?p=98842","og_locale":"es_MX","og_type":"article","og_title":"Tecatito Corona vuelve a entrenar con el Sevilla tras su grave lesi\u00f3n -","og_description":"Por Redacci\u00f3n QP El mexicano fue recibido con mucho cari\u00f1o por sus compa\u00f1eros, quienes le...","og_url":"https:\/\/quehacerpolitico.mx\/?p=98842","article_published_time":"2023-02-21T17:56:23+00:00","article_modified_time":"2023-02-21T17:56:28+00:00","og_image":[{"width":1284,"height":1227,"url":"https:\/\/quehacerpolitico.mx\/wp-content\/uploads\/2023\/02\/CE333CC8-405A-47A2-9288-1353D8BB81E3.jpeg","type":"image\/jpeg"}],"author":"Redacci\u00f3n QP","twitter_card":"summary_large_image","twitter_misc":{"Escrito por":"Redacci\u00f3n QP","Tiempo de lectura":"3 minutos"},"schema":{"@context":"https:\/\/schema.org","@graph":[{"@type":"Article","@id":"https:\/\/quehacerpolitico.mx\/?p=98842#article","isPartOf":{"@id":"https:\/\/quehacerpolitico.mx\/?p=98842"},"author":{"name":"Redacci\u00f3n QP","@id":"https:\/\/quehacerpolitico.mx\/#\/schema\/person\/496d8ad2d1d3f8036101dca7ee39e585"},"headline":"Tecatito Corona vuelve a entrenar con el Sevilla tras su grave lesi\u00f3n","datePublished":"2023-02-21T17:56:23+00:00","dateModified":"2023-02-21T17:56:28+00:00","mainEntityOfPage":{"@id":"https:\/\/quehacerpolitico.mx\/?p=98842"},"wordCount":629,"commentCount":0,"image":{"@id":"https:\/\/quehacerpolitico.mx\/?p=98842#primaryimage"},"thumbnailUrl":"https:\/\/quehacerpolitico.mx\/wp-content\/uploads\/2023\/02\/CE333CC8-405A-47A2-9288-1353D8BB81E3.jpeg","articleSection":["Deportes"],"inLanguage":"es","potentialAction":[{"@type":"CommentAction","name":"Comment","target":["https:\/\/quehacerpolitico.mx\/?p=98842#respond"]}]},{"@type":"WebPage","@id":"https:\/\/quehacerpolitico.mx\/?p=98842","url":"https:\/\/quehacerpolitico.mx\/?p=98842","name":"Tecatito Corona vuelve a entrenar con el Sevilla tras su grave lesi\u00f3n -","isPartOf":{"@id":"https:\/\/quehacerpolitico.mx\/#website"},"primaryImageOfPage":{"@id":"https:\/\/quehacerpolitico.mx\/?p=98842#primaryimage"},"image":{"@id":"https:\/\/quehacerpolitico.mx\/?p=98842#primaryimage"},"thumbnailUrl":"https:\/\/quehacerpolitico.mx\/wp-content\/uploads\/2023\/02\/CE333CC8-405A-47A2-9288-1353D8BB81E3.jpeg","datePublished":"2023-02-21T17:56:23+00:00","dateModified":"2023-02-21T17:56:28+00:00","author":{"@id":"https:\/\/quehacerpolitico.mx\/#\/schema\/person\/496d8ad2d1d3f8036101dca7ee39e585"},"breadcrumb":{"@id":"https:\/\/quehacerpolitico.mx\/?p=98842#breadcrumb"},"inLanguage":"es","potentialAction":[{"@type":"ReadAction","target":["https:\/\/quehacerpolitico.mx\/?p=98842"]}]},{"@type":"ImageObject","inLanguage":"es","@id":"https:\/\/quehacerpolitico.mx\/?p=98842#primaryimage","url":"https:\/\/quehacerpolitico.mx\/wp-content\/uploads\/2023\/02\/CE333CC8-405A-47A2-9288-1353D8BB81E3.jpeg","contentUrl":"https:\/\/quehacerpolitico.mx\/wp-content\/uploads\/2023\/02\/CE333CC8-405A-47A2-9288-1353D8BB81E3.jpeg","width":1284,"height":1227},{"@type":"BreadcrumbList","@id":"https:\/\/quehacerpolitico.mx\/?p=98842#breadcrumb","itemListElement":[{"@type":"ListItem","position":1,"name":"Inicio","item":"https:\/\/quehacerpolitico.mx\/"},{"@type":"ListItem","position":2,"name":"Tecatito Corona vuelve a entrenar con el Sevilla tras su grave lesi\u00f3n"}]},{"@type":"WebSite","@id":"https:\/\/quehacerpolitico.mx\/#website","url":"https:\/\/quehacerpolitico.mx\/","name":"","description":"","potentialAction":[{"@type":"SearchAction","target":{"@type":"EntryPoint","urlTemplate":"https:\/\/quehacerpolitico.mx\/?s={search_term_string}"},"query-input":{"@type":"PropertyValueSpecification","valueRequired":true,"valueName":"search_term_string"}}],"inLanguage":"es"},{"@type":"Person","@id":"https:\/\/quehacerpolitico.mx\/#\/schema\/person\/496d8ad2d1d3f8036101dca7ee39e585","name":"Redacci\u00f3n QP","image":{"@type":"ImageObject","inLanguage":"es","@id":"https:\/\/secure.gravatar.com\/avatar\/c7164ed6fdec453195284ad24a5ae5b6e1eed2b848477fa2a4787ba9adf39a41?s=96&d=mm&r=g","url":"https:\/\/secure.gravatar.com\/avatar\/c7164ed6fdec453195284ad24a5ae5b6e1eed2b848477fa2a4787ba9adf39a41?s=96&d=mm&r=g","contentUrl":"https:\/\/secure.gravatar.com\/avatar\/c7164ed6fdec453195284ad24a5ae5b6e1eed2b848477fa2a4787ba9adf39a41?s=96&d=mm&r=g","caption":"Redacci\u00f3n QP"},"url":"https:\/\/quehacerpolitico.mx\/?author=2"}]}},"featured_image_urls":{"full":["https:\/\/quehacerpolitico.mx\/wp-content\/uploads\/2023\/02\/CE333CC8-405A-47A2-9288-1353D8BB81E3.jpeg",1284,1227,false],"thumbnail":["https:\/\/quehacerpolitico.mx\/wp-content\/uploads\/2023\/02\/CE333CC8-405A-47A2-9288-1353D8BB81E3-150x150.jpeg",150,150,true],"medium":["https:\/\/quehacerpolitico.mx\/wp-content\/uploads\/2023\/02\/CE333CC8-405A-47A2-9288-1353D8BB81E3-300x287.jpeg",300,287,true],"medium_large":["https:\/\/quehacerpolitico.mx\/wp-content\/uploads\/2023\/02\/CE333CC8-405A-47A2-9288-1353D8BB81E3-768x734.jpeg",640,612,true],"large":["https:\/\/quehacerpolitico.mx\/wp-content\/uploads\/2023\/02\/CE333CC8-405A-47A2-9288-1353D8BB81E3-1024x979.jpeg",640,612,true],"1536x1536":["https:\/\/quehacerpolitico.mx\/wp-content\/uploads\/2023\/02\/CE333CC8-405A-47A2-9288-1353D8BB81E3.jpeg",1284,1227,false],"2048x2048":["https:\/\/quehacerpolitico.mx\/wp-content\/uploads\/2023\/02\/CE333CC8-405A-47A2-9288-1353D8BB81E3.jpeg",1284,1227,false],"covernews-featured":["https:\/\/quehacerpolitico.mx\/wp-content\/uploads\/2023\/02\/CE333CC8-405A-47A2-9288-1353D8BB81E3.jpeg",1024,979,false],"covernews-medium":["https:\/\/quehacerpolitico.mx\/wp-content\/uploads\/2023\/02\/CE333CC8-405A-47A2-9288-1353D8BB81E3.jpeg",356,340,false]},"author_info":{"display_name":"Redacci\u00f3n QP","author_link":"https:\/\/quehacerpolitico.mx\/?author=2"},"category_info":"<a href=\"https:\/\/quehacerpolitico.mx\/?cat=54\" rel=\"category\">Deportes<\/a>","tag_info":"Deportes","comment_count":"0","_links":{"self":[{"href":"https:\/\/quehacerpolitico.mx\/index.php?rest_route=\/wp\/v2\/posts\/98842","targetHints":{"allow":["GET"]}}],"collection":[{"href":"https:\/\/quehacerpolitico.mx\/index.php?rest_route=\/wp\/v2\/posts"}],"about":[{"href":"https:\/\/quehacerpolitico.mx\/index.php?rest_route=\/wp\/v2\/types\/post"}],"author":[{"embeddable":true,"href":"https:\/\/quehacerpolitico.mx\/index.php?rest_route=\/wp\/v2\/users\/2"}],"replies":[{"embeddable":true,"href":"https:\/\/quehacerpolitico.mx\/index.php?rest_route=%2Fwp%2Fv2%2Fcomments&post=98842"}],"version-history":[{"count":1,"href":"https:\/\/quehacerpolitico.mx\/index.php?rest_route=\/wp\/v2\/posts\/98842\/revisions"}],"predecessor-version":[{"id":98844,"href":"https:\/\/quehacerpolitico.mx\/index.php?rest_route=\/wp\/v2\/posts\/98842\/revisions\/98844"}],"wp:featuredmedia":[{"embeddable":true,"href":"https:\/\/quehacerpolitico.mx\/index.php?rest_route=\/wp\/v2\/media\/98843"}],"wp:attachment":[{"href":"https:\/\/quehacerpolitico.mx\/index.php?rest_route=%2Fwp%2Fv2%2Fmedia&parent=98842"}],"wp:term":[{"taxonomy":"category","embeddable":true,"href":"https:\/\/quehacerpolitico.mx\/index.php?rest_route=%2Fwp%2Fv2%2Fcategories&post=98842"},{"taxonomy":"post_tag","embeddable":true,"href":"https:\/\/quehacerpolitico.mx\/index.php?rest_route=%2Fwp%2Fv2%2Ftags&post=98842"}],"curies":[{"name":"wp","href":"https:\/\/api.w.org\/{rel}","templated":true}]}}