{"id":98839,"date":"2023-02-21T17:39:36","date_gmt":"2023-02-21T17:39:36","guid":{"rendered":"https:\/\/quehacerpolitico.mx\/?p=98839"},"modified":"2023-02-21T17:39:40","modified_gmt":"2023-02-21T17:39:40","slug":"djokovic-se-convierte-en-el-tenista-con-mas-tiempo-en-la-cima-del-ranking","status":"publish","type":"post","link":"https:\/\/quehacerpolitico.mx\/?p=98839","title":{"rendered":"Djokovic se convierte en el tenista con m\u00e1s tiempo en la cima del ranking"},"content":{"rendered":"\n<p>Por Redacci\u00f3n QP<\/p>\n\n\n\n<p>El serbio alcanz\u00f3 el lunes la marca de la alemana Steffi Graf<\/p>\n\n\n\n<p>El serbio\u00a0Novak Djokovic es,\u00a0<strong>con 377 semanas al frente de la clasificaci\u00f3n mundial, el tenista que ha estado m\u00e1s tiempo en la cima del deporte blanco,<\/strong>\u00a0empatado desde ayer lunes con la alemana Steffi Graf, y tiene en Carlos Alcaraz a su mayor amenaza, despu\u00e9s del regreso del jugador espa\u00f1ol a la competici\u00f3n con victoria en el torneo de Argentina.<\/p>\n\n\n\n<p>Djkovic suma siete mil 070 puntos por los seis mil 480 de Alcaraz, que ha comenzado la temporada con fuerza. El tercero en discordia es el griego Stefanos Tsitsipas, con cinco mil 940.<\/p>\n\n\n\n<p>En el Top-10 de la\u00a0ATP entra esta semana el ruso Daniil Medvedev, que gana tres puestos y es octavo, con lo que el canadiense Felix Auger-Aliassime, el dan\u00e9s Holer Rune y el polaco Hubert Hurkacz descienden uno y este sale de tan exclusivo club.<\/p>\n\n\n\n<p>El noruego Casper Ruud, el ruso Andrey Rublev, el espa\u00f1ol Rafael Nadal y el estadounidense Taylor Fritz mantienen posiciones de la cuarta a la s\u00e9ptima correlativamente.<\/p>\n\n\n\n<p>Hasta ahora,\u00a0<strong>Steffi Graf<\/strong>, que cerr\u00f3 su carrera con veintid\u00f3s t\u00edtulos del Grand Slam entre los 107 trofeos que levant\u00f3 en su recorrido,\u00a0<strong>era la deportista que m\u00e1s tiempo acumul\u00f3 como n\u00famero uno. Djokovic ya le ha dado caza.<\/strong>\u00a0Y dentro de siete d\u00edas, el balc\u00e1nico de 35 a\u00f1os, ser\u00e1 el tenista, masculino y femenino, con mayor n\u00famero de semanas en el primer lugar de un ranking.<\/p>\n\n\n\n<p>Con Informaci\u00f3n de EFE<\/p>\n","protected":false},"excerpt":{"rendered":"<p>Por Redacci\u00f3n QP El serbio alcanz\u00f3 el lunes la marca de la alemana Steffi Graf&#8230;<\/p>\n","protected":false},"author":2,"featured_media":98840,"comment_status":"open","ping_status":"open","sticky":false,"template":"","format":"standard","meta":{"_monsterinsights_skip_tracking":false,"_monsterinsights_sitenote_active":false,"_monsterinsights_sitenote_note":"","_monsterinsights_sitenote_category":0,"footnotes":""},"categories":[54],"tags":[],"class_list":["post-98839","post","type-post","status-publish","format-standard","has-post-thumbnail","hentry","category-deportes"],"yoast_head":"<!-- This site is optimized with the Yoast SEO plugin v27.3 - https:\/\/yoast.com\/product\/yoast-seo-wordpress\/ -->\n<title>Djokovic se convierte en el tenista con m\u00e1s tiempo en la cima del ranking -<\/title>\n<meta name=\"robots\" content=\"index, follow, max-snippet:-1, max-image-preview:large, max-video-preview:-1\" \/>\n<link rel=\"canonical\" href=\"https:\/\/quehacerpolitico.mx\/?p=98839\" \/>\n<meta property=\"og:locale\" content=\"es_MX\" \/>\n<meta property=\"og:type\" content=\"article\" \/>\n<meta property=\"og:title\" content=\"Djokovic se convierte en el tenista con m\u00e1s tiempo en la cima del ranking -\" \/>\n<meta property=\"og:description\" content=\"Por Redacci\u00f3n QP El serbio alcanz\u00f3 el lunes la marca de la alemana Steffi Graf...\" \/>\n<meta property=\"og:url\" content=\"https:\/\/quehacerpolitico.mx\/?p=98839\" \/>\n<meta property=\"article:published_time\" content=\"2023-02-21T17:39:36+00:00\" \/>\n<meta property=\"article:modified_time\" content=\"2023-02-21T17:39:40+00:00\" \/>\n<meta property=\"og:image\" content=\"https:\/\/quehacerpolitico.mx\/wp-content\/uploads\/2023\/02\/C25F55BB-F0F8-4D36-BE29-068BD718B9E4.jpeg\" \/>\n\t<meta property=\"og:image:width\" content=\"624\" \/>\n\t<meta property=\"og:image:height\" content=\"351\" \/>\n\t<meta property=\"og:image:type\" content=\"image\/jpeg\" \/>\n<meta name=\"author\" content=\"Redacci\u00f3n QP\" \/>\n<meta name=\"twitter:card\" content=\"summary_large_image\" \/>\n<meta name=\"twitter:label1\" content=\"Escrito por\" \/>\n\t<meta name=\"twitter:data1\" content=\"Redacci\u00f3n QP\" \/>\n\t<meta name=\"twitter:label2\" content=\"Tiempo de lectura\" \/>\n\t<meta name=\"twitter:data2\" content=\"1 minuto\" \/>\n<script type=\"application\/ld+json\" class=\"yoast-schema-graph\">{\"@context\":\"https:\\\/\\\/schema.org\",\"@graph\":[{\"@type\":\"Article\",\"@id\":\"https:\\\/\\\/quehacerpolitico.mx\\\/?p=98839#article\",\"isPartOf\":{\"@id\":\"https:\\\/\\\/quehacerpolitico.mx\\\/?p=98839\"},\"author\":{\"name\":\"Redacci\u00f3n QP\",\"@id\":\"https:\\\/\\\/quehacerpolitico.mx\\\/#\\\/schema\\\/person\\\/496d8ad2d1d3f8036101dca7ee39e585\"},\"headline\":\"Djokovic se convierte en el tenista con m\u00e1s tiempo en la cima del ranking\",\"datePublished\":\"2023-02-21T17:39:36+00:00\",\"dateModified\":\"2023-02-21T17:39:40+00:00\",\"mainEntityOfPage\":{\"@id\":\"https:\\\/\\\/quehacerpolitico.mx\\\/?p=98839\"},\"wordCount\":278,\"commentCount\":0,\"image\":{\"@id\":\"https:\\\/\\\/quehacerpolitico.mx\\\/?p=98839#primaryimage\"},\"thumbnailUrl\":\"https:\\\/\\\/quehacerpolitico.mx\\\/wp-content\\\/uploads\\\/2023\\\/02\\\/C25F55BB-F0F8-4D36-BE29-068BD718B9E4.jpeg\",\"articleSection\":[\"Deportes\"],\"inLanguage\":\"es\",\"potentialAction\":[{\"@type\":\"CommentAction\",\"name\":\"Comment\",\"target\":[\"https:\\\/\\\/quehacerpolitico.mx\\\/?p=98839#respond\"]}]},{\"@type\":\"WebPage\",\"@id\":\"https:\\\/\\\/quehacerpolitico.mx\\\/?p=98839\",\"url\":\"https:\\\/\\\/quehacerpolitico.mx\\\/?p=98839\",\"name\":\"Djokovic se convierte en el tenista con m\u00e1s tiempo en la cima del ranking -\",\"isPartOf\":{\"@id\":\"https:\\\/\\\/quehacerpolitico.mx\\\/#website\"},\"primaryImageOfPage\":{\"@id\":\"https:\\\/\\\/quehacerpolitico.mx\\\/?p=98839#primaryimage\"},\"image\":{\"@id\":\"https:\\\/\\\/quehacerpolitico.mx\\\/?p=98839#primaryimage\"},\"thumbnailUrl\":\"https:\\\/\\\/quehacerpolitico.mx\\\/wp-content\\\/uploads\\\/2023\\\/02\\\/C25F55BB-F0F8-4D36-BE29-068BD718B9E4.jpeg\",\"datePublished\":\"2023-02-21T17:39:36+00:00\",\"dateModified\":\"2023-02-21T17:39:40+00:00\",\"author\":{\"@id\":\"https:\\\/\\\/quehacerpolitico.mx\\\/#\\\/schema\\\/person\\\/496d8ad2d1d3f8036101dca7ee39e585\"},\"breadcrumb\":{\"@id\":\"https:\\\/\\\/quehacerpolitico.mx\\\/?p=98839#breadcrumb\"},\"inLanguage\":\"es\",\"potentialAction\":[{\"@type\":\"ReadAction\",\"target\":[\"https:\\\/\\\/quehacerpolitico.mx\\\/?p=98839\"]}]},{\"@type\":\"ImageObject\",\"inLanguage\":\"es\",\"@id\":\"https:\\\/\\\/quehacerpolitico.mx\\\/?p=98839#primaryimage\",\"url\":\"https:\\\/\\\/quehacerpolitico.mx\\\/wp-content\\\/uploads\\\/2023\\\/02\\\/C25F55BB-F0F8-4D36-BE29-068BD718B9E4.jpeg\",\"contentUrl\":\"https:\\\/\\\/quehacerpolitico.mx\\\/wp-content\\\/uploads\\\/2023\\\/02\\\/C25F55BB-F0F8-4D36-BE29-068BD718B9E4.jpeg\",\"width\":624,\"height\":351},{\"@type\":\"BreadcrumbList\",\"@id\":\"https:\\\/\\\/quehacerpolitico.mx\\\/?p=98839#breadcrumb\",\"itemListElement\":[{\"@type\":\"ListItem\",\"position\":1,\"name\":\"Inicio\",\"item\":\"https:\\\/\\\/quehacerpolitico.mx\\\/\"},{\"@type\":\"ListItem\",\"position\":2,\"name\":\"Djokovic se convierte en el tenista con m\u00e1s tiempo en la cima del ranking\"}]},{\"@type\":\"WebSite\",\"@id\":\"https:\\\/\\\/quehacerpolitico.mx\\\/#website\",\"url\":\"https:\\\/\\\/quehacerpolitico.mx\\\/\",\"name\":\"\",\"description\":\"\",\"potentialAction\":[{\"@type\":\"SearchAction\",\"target\":{\"@type\":\"EntryPoint\",\"urlTemplate\":\"https:\\\/\\\/quehacerpolitico.mx\\\/?s={search_term_string}\"},\"query-input\":{\"@type\":\"PropertyValueSpecification\",\"valueRequired\":true,\"valueName\":\"search_term_string\"}}],\"inLanguage\":\"es\"},{\"@type\":\"Person\",\"@id\":\"https:\\\/\\\/quehacerpolitico.mx\\\/#\\\/schema\\\/person\\\/496d8ad2d1d3f8036101dca7ee39e585\",\"name\":\"Redacci\u00f3n QP\",\"image\":{\"@type\":\"ImageObject\",\"inLanguage\":\"es\",\"@id\":\"https:\\\/\\\/secure.gravatar.com\\\/avatar\\\/c7164ed6fdec453195284ad24a5ae5b6e1eed2b848477fa2a4787ba9adf39a41?s=96&d=mm&r=g\",\"url\":\"https:\\\/\\\/secure.gravatar.com\\\/avatar\\\/c7164ed6fdec453195284ad24a5ae5b6e1eed2b848477fa2a4787ba9adf39a41?s=96&d=mm&r=g\",\"contentUrl\":\"https:\\\/\\\/secure.gravatar.com\\\/avatar\\\/c7164ed6fdec453195284ad24a5ae5b6e1eed2b848477fa2a4787ba9adf39a41?s=96&d=mm&r=g\",\"caption\":\"Redacci\u00f3n QP\"},\"url\":\"https:\\\/\\\/quehacerpolitico.mx\\\/?author=2\"}]}<\/script>\n<!-- \/ Yoast SEO plugin. -->","yoast_head_json":{"title":"Djokovic se convierte en el tenista con m\u00e1s tiempo en la cima del ranking -","robots":{"index":"index","follow":"follow","max-snippet":"max-snippet:-1","max-image-preview":"max-image-preview:large","max-video-preview":"max-video-preview:-1"},"canonical":"https:\/\/quehacerpolitico.mx\/?p=98839","og_locale":"es_MX","og_type":"article","og_title":"Djokovic se convierte en el tenista con m\u00e1s tiempo en la cima del ranking -","og_description":"Por Redacci\u00f3n QP El serbio alcanz\u00f3 el lunes la marca de la alemana Steffi Graf...","og_url":"https:\/\/quehacerpolitico.mx\/?p=98839","article_published_time":"2023-02-21T17:39:36+00:00","article_modified_time":"2023-02-21T17:39:40+00:00","og_image":[{"width":624,"height":351,"url":"https:\/\/quehacerpolitico.mx\/wp-content\/uploads\/2023\/02\/C25F55BB-F0F8-4D36-BE29-068BD718B9E4.jpeg","type":"image\/jpeg"}],"author":"Redacci\u00f3n QP","twitter_card":"summary_large_image","twitter_misc":{"Escrito por":"Redacci\u00f3n QP","Tiempo de lectura":"1 minuto"},"schema":{"@context":"https:\/\/schema.org","@graph":[{"@type":"Article","@id":"https:\/\/quehacerpolitico.mx\/?p=98839#article","isPartOf":{"@id":"https:\/\/quehacerpolitico.mx\/?p=98839"},"author":{"name":"Redacci\u00f3n QP","@id":"https:\/\/quehacerpolitico.mx\/#\/schema\/person\/496d8ad2d1d3f8036101dca7ee39e585"},"headline":"Djokovic se convierte en el tenista con m\u00e1s tiempo en la cima del ranking","datePublished":"2023-02-21T17:39:36+00:00","dateModified":"2023-02-21T17:39:40+00:00","mainEntityOfPage":{"@id":"https:\/\/quehacerpolitico.mx\/?p=98839"},"wordCount":278,"commentCount":0,"image":{"@id":"https:\/\/quehacerpolitico.mx\/?p=98839#primaryimage"},"thumbnailUrl":"https:\/\/quehacerpolitico.mx\/wp-content\/uploads\/2023\/02\/C25F55BB-F0F8-4D36-BE29-068BD718B9E4.jpeg","articleSection":["Deportes"],"inLanguage":"es","potentialAction":[{"@type":"CommentAction","name":"Comment","target":["https:\/\/quehacerpolitico.mx\/?p=98839#respond"]}]},{"@type":"WebPage","@id":"https:\/\/quehacerpolitico.mx\/?p=98839","url":"https:\/\/quehacerpolitico.mx\/?p=98839","name":"Djokovic se convierte en el tenista con m\u00e1s tiempo en la cima del ranking -","isPartOf":{"@id":"https:\/\/quehacerpolitico.mx\/#website"},"primaryImageOfPage":{"@id":"https:\/\/quehacerpolitico.mx\/?p=98839#primaryimage"},"image":{"@id":"https:\/\/quehacerpolitico.mx\/?p=98839#primaryimage"},"thumbnailUrl":"https:\/\/quehacerpolitico.mx\/wp-content\/uploads\/2023\/02\/C25F55BB-F0F8-4D36-BE29-068BD718B9E4.jpeg","datePublished":"2023-02-21T17:39:36+00:00","dateModified":"2023-02-21T17:39:40+00:00","author":{"@id":"https:\/\/quehacerpolitico.mx\/#\/schema\/person\/496d8ad2d1d3f8036101dca7ee39e585"},"breadcrumb":{"@id":"https:\/\/quehacerpolitico.mx\/?p=98839#breadcrumb"},"inLanguage":"es","potentialAction":[{"@type":"ReadAction","target":["https:\/\/quehacerpolitico.mx\/?p=98839"]}]},{"@type":"ImageObject","inLanguage":"es","@id":"https:\/\/quehacerpolitico.mx\/?p=98839#primaryimage","url":"https:\/\/quehacerpolitico.mx\/wp-content\/uploads\/2023\/02\/C25F55BB-F0F8-4D36-BE29-068BD718B9E4.jpeg","contentUrl":"https:\/\/quehacerpolitico.mx\/wp-content\/uploads\/2023\/02\/C25F55BB-F0F8-4D36-BE29-068BD718B9E4.jpeg","width":624,"height":351},{"@type":"BreadcrumbList","@id":"https:\/\/quehacerpolitico.mx\/?p=98839#breadcrumb","itemListElement":[{"@type":"ListItem","position":1,"name":"Inicio","item":"https:\/\/quehacerpolitico.mx\/"},{"@type":"ListItem","position":2,"name":"Djokovic se convierte en el tenista con m\u00e1s tiempo en la cima del ranking"}]},{"@type":"WebSite","@id":"https:\/\/quehacerpolitico.mx\/#website","url":"https:\/\/quehacerpolitico.mx\/","name":"","description":"","potentialAction":[{"@type":"SearchAction","target":{"@type":"EntryPoint","urlTemplate":"https:\/\/quehacerpolitico.mx\/?s={search_term_string}"},"query-input":{"@type":"PropertyValueSpecification","valueRequired":true,"valueName":"search_term_string"}}],"inLanguage":"es"},{"@type":"Person","@id":"https:\/\/quehacerpolitico.mx\/#\/schema\/person\/496d8ad2d1d3f8036101dca7ee39e585","name":"Redacci\u00f3n QP","image":{"@type":"ImageObject","inLanguage":"es","@id":"https:\/\/secure.gravatar.com\/avatar\/c7164ed6fdec453195284ad24a5ae5b6e1eed2b848477fa2a4787ba9adf39a41?s=96&d=mm&r=g","url":"https:\/\/secure.gravatar.com\/avatar\/c7164ed6fdec453195284ad24a5ae5b6e1eed2b848477fa2a4787ba9adf39a41?s=96&d=mm&r=g","contentUrl":"https:\/\/secure.gravatar.com\/avatar\/c7164ed6fdec453195284ad24a5ae5b6e1eed2b848477fa2a4787ba9adf39a41?s=96&d=mm&r=g","caption":"Redacci\u00f3n QP"},"url":"https:\/\/quehacerpolitico.mx\/?author=2"}]}},"featured_image_urls":{"full":["https:\/\/quehacerpolitico.mx\/wp-content\/uploads\/2023\/02\/C25F55BB-F0F8-4D36-BE29-068BD718B9E4.jpeg",624,351,false],"thumbnail":["https:\/\/quehacerpolitico.mx\/wp-content\/uploads\/2023\/02\/C25F55BB-F0F8-4D36-BE29-068BD718B9E4-150x150.jpeg",150,150,true],"medium":["https:\/\/quehacerpolitico.mx\/wp-content\/uploads\/2023\/02\/C25F55BB-F0F8-4D36-BE29-068BD718B9E4-300x169.jpeg",300,169,true],"medium_large":["https:\/\/quehacerpolitico.mx\/wp-content\/uploads\/2023\/02\/C25F55BB-F0F8-4D36-BE29-068BD718B9E4.jpeg",624,351,false],"large":["https:\/\/quehacerpolitico.mx\/wp-content\/uploads\/2023\/02\/C25F55BB-F0F8-4D36-BE29-068BD718B9E4.jpeg",624,351,false],"1536x1536":["https:\/\/quehacerpolitico.mx\/wp-content\/uploads\/2023\/02\/C25F55BB-F0F8-4D36-BE29-068BD718B9E4.jpeg",624,351,false],"2048x2048":["https:\/\/quehacerpolitico.mx\/wp-content\/uploads\/2023\/02\/C25F55BB-F0F8-4D36-BE29-068BD718B9E4.jpeg",624,351,false],"covernews-featured":["https:\/\/quehacerpolitico.mx\/wp-content\/uploads\/2023\/02\/C25F55BB-F0F8-4D36-BE29-068BD718B9E4.jpeg",624,351,false],"covernews-medium":["https:\/\/quehacerpolitico.mx\/wp-content\/uploads\/2023\/02\/C25F55BB-F0F8-4D36-BE29-068BD718B9E4.jpeg",540,304,false]},"author_info":{"display_name":"Redacci\u00f3n QP","author_link":"https:\/\/quehacerpolitico.mx\/?author=2"},"category_info":"<a href=\"https:\/\/quehacerpolitico.mx\/?cat=54\" rel=\"category\">Deportes<\/a>","tag_info":"Deportes","comment_count":"0","_links":{"self":[{"href":"https:\/\/quehacerpolitico.mx\/index.php?rest_route=\/wp\/v2\/posts\/98839","targetHints":{"allow":["GET"]}}],"collection":[{"href":"https:\/\/quehacerpolitico.mx\/index.php?rest_route=\/wp\/v2\/posts"}],"about":[{"href":"https:\/\/quehacerpolitico.mx\/index.php?rest_route=\/wp\/v2\/types\/post"}],"author":[{"embeddable":true,"href":"https:\/\/quehacerpolitico.mx\/index.php?rest_route=\/wp\/v2\/users\/2"}],"replies":[{"embeddable":true,"href":"https:\/\/quehacerpolitico.mx\/index.php?rest_route=%2Fwp%2Fv2%2Fcomments&post=98839"}],"version-history":[{"count":1,"href":"https:\/\/quehacerpolitico.mx\/index.php?rest_route=\/wp\/v2\/posts\/98839\/revisions"}],"predecessor-version":[{"id":98841,"href":"https:\/\/quehacerpolitico.mx\/index.php?rest_route=\/wp\/v2\/posts\/98839\/revisions\/98841"}],"wp:featuredmedia":[{"embeddable":true,"href":"https:\/\/quehacerpolitico.mx\/index.php?rest_route=\/wp\/v2\/media\/98840"}],"wp:attachment":[{"href":"https:\/\/quehacerpolitico.mx\/index.php?rest_route=%2Fwp%2Fv2%2Fmedia&parent=98839"}],"wp:term":[{"taxonomy":"category","embeddable":true,"href":"https:\/\/quehacerpolitico.mx\/index.php?rest_route=%2Fwp%2Fv2%2Fcategories&post=98839"},{"taxonomy":"post_tag","embeddable":true,"href":"https:\/\/quehacerpolitico.mx\/index.php?rest_route=%2Fwp%2Fv2%2Ftags&post=98839"}],"curies":[{"name":"wp","href":"https:\/\/api.w.org\/{rel}","templated":true}]}}