{"id":98836,"date":"2023-02-21T17:15:23","date_gmt":"2023-02-21T17:15:23","guid":{"rendered":"https:\/\/quehacerpolitico.mx\/?p=98836"},"modified":"2023-02-21T17:15:27","modified_gmt":"2023-02-21T17:15:27","slug":"amlo-se-les-va-a-la-yugular-y-critica-de-esta-manera-a-quienes-asistan-a-la-marcha-en-defensa-del-ine","status":"publish","type":"post","link":"https:\/\/quehacerpolitico.mx\/?p=98836","title":{"rendered":"AMLO se les va a la yugular y critica de esta manera a quienes asistan a la marcha en defensa del INE"},"content":{"rendered":"\n<p>Por Redacci\u00f3n QP<\/p>\n\n\n\n<p>L\u00f3pez Obrador dijo que quienes organizan la marcha del 26 de febrero buscan que \u201cno cambien las cosas\u201d y estar en contra de la 4T<\/p>\n\n\n\n<p><strong>Andr\u00e9s Manuel\u00a0L\u00f3pez Obrador<\/strong>, presidente de M\u00e9xico, asever\u00f3 que si los\u00a0<strong>conservadores<\/strong>\u00a0est\u00e1n convencidos de que \u201cestaba bien el<strong>\u00a0r\u00e9gimen de corrupci\u00f3n<\/strong>\u201c, deben\u00a0<strong>acudir a la marcha<\/strong>\u00a0del pr\u00f3ximo domingo\u00a0<strong>26 de febrero<\/strong>\u00a0en el\u00a0Zocalo de la Ciudad de M\u00e9xico <\/p>\n\n\n\n<p>En la conferencia matutina de Palacio Nacional, L\u00f3pez Obrador asever\u00f3 que quienes est\u00e1n organizando dicha movilizaci\u00f3n buscan que \u201cno cambien las cosas, que se mantenga al status quo\u201d, adem\u00e1s de manifestarse contra el movimiento de la Cuarta Transformaci\u00f3n.<\/p>\n\n\n\n<p>\u201cEllos, lo que quieren es que contin\u00fae el r\u00e9gimen en el que todos los intereses cuentan menos el del pueblo. Es el conservadurismo, quieren que no cambien las cosas, que se mantenga al status quo, lo que ya estaba establecido, nosotros lo que buscamos es una transformaci\u00f3n\u201d, dijo<\/p>\n\n\n\n<figure class=\"wp-block-embed is-type-rich is-provider-twitter wp-block-embed-twitter\"><div class=\"wp-block-embed__wrapper\">\n<blockquote class=\"twitter-tweet\" data-width=\"550\" data-dnt=\"true\"><p lang=\"es\" dir=\"ltr\">&quot;Quieren regresar al poder para seguir robando. No vengan aqu\u00ed a decir \u2018nos importa la democracia\u2019&quot;<br><br>baia baia&#8230; AMLO se les va a la yugular y critica de esta manera a quienes asistan a la marcha en defensa del INE <a href=\"https:\/\/t.co\/Vod9cvcp7G\">pic.twitter.com\/Vod9cvcp7G<\/a><\/p>&mdash; Ruido en la Red (@RuidoEnLaRed) <a href=\"https:\/\/twitter.com\/RuidoEnLaRed\/status\/1628062337105108997?ref_src=twsrc%5Etfw\">February 21, 2023<\/a><\/blockquote><script async src=\"https:\/\/platform.twitter.com\/widgets.js\" charset=\"utf-8\"><\/script>\n<\/div><\/figure>\n\n\n\n<p>Por eso se agrupan todos y est\u00e1n convocando a esta manifestaci\u00f3n del domingo, nada m\u00e1s que lo sepa la gente de que van a venir porque hay un grupo de intereses creados, de corruptos, que quieren regresar al poder para seguir robando, que lo sepa, para que no venga aqu\u00ed a decir \u2018es que nos importa la democracia\u2019, \u2018es que se afecta la democracia&#8217;\u201d, expuso.<\/p>\n\n\n\n<p>Es importante que la gente sepa a qu\u00e9 vienen y tambi\u00e9n, con todo el derecho: si ellos est\u00e1 convencidos de que estaba bien el r\u00e9gimen de corrupci\u00f3n, de injusticia y de privilegios, pues que vengan, si les gusta ese r\u00e9gimen est\u00e1n en su derecho, es una especie de masoquismo, pero no se puede evitar, somos firmes\u201d, puntualiz\u00f3<\/p>\n\n\n\n<p>El mandatario mexicano acus\u00f3 que quienes acudan a la marcha del 26 de febrero no les interesa la democracia, y que este tipo de actos solo busca reagrupar a la oposici\u00f3n y a sus adversarios pol\u00edticos contra la Cuarta Transformaci\u00f3n.<\/p>\n\n\n\n<p>\u201cHan hecho toda una campa\u00f1a a la democracia, pero la marruller\u00eda de los conservadores es en el fondo agruparse y atacar al Gobierno que represento. No les preocupa la democracia, lo que quieren es debilitarnos para que no avance la transformaci\u00f3n y regresar por sus fueros para regresar, y seguir robando, y seguir siendo la clase pol\u00edtica privilegiada\u201d, agreg\u00f3.<\/p>\n\n\n\n<p>Diversas organizaciones sociales han llamado a una marcha este domingo 26 de febrero en diversos puntos del pa\u00eds a favor del INE y en contra del Plan B de Reforma Electoral, el cual se prev\u00e9 que sea discutido y aprobado esta semana en el\u00a0<strong>Senado de la Rep\u00fablica<\/strong>.<\/p>\n\n\n\n<p>En la CDMX, dicha movilizaci\u00f3n se prev\u00e9 que concluya a las 11:00 h en la plancha del Z\u00f3calo de la Ciudad de M\u00e9xico.<\/p>\n","protected":false},"excerpt":{"rendered":"<p>Por Redacci\u00f3n QP L\u00f3pez Obrador dijo que quienes organizan la marcha del 26 de febrero&#8230;<\/p>\n","protected":false},"author":2,"featured_media":98837,"comment_status":"open","ping_status":"open","sticky":false,"template":"","format":"standard","meta":{"_monsterinsights_skip_tracking":false,"_monsterinsights_sitenote_active":false,"_monsterinsights_sitenote_note":"","_monsterinsights_sitenote_category":0,"footnotes":""},"categories":[2],"tags":[],"class_list":["post-98836","post","type-post","status-publish","format-standard","has-post-thumbnail","hentry","category-noticias"],"yoast_head":"<!-- This site is optimized with the Yoast SEO plugin v27.3 - https:\/\/yoast.com\/product\/yoast-seo-wordpress\/ -->\n<title>AMLO se les va a la yugular y critica de esta manera a quienes asistan a la marcha en defensa del INE -<\/title>\n<meta name=\"robots\" content=\"index, follow, max-snippet:-1, max-image-preview:large, max-video-preview:-1\" \/>\n<link rel=\"canonical\" href=\"https:\/\/quehacerpolitico.mx\/?p=98836\" \/>\n<meta property=\"og:locale\" content=\"es_MX\" \/>\n<meta property=\"og:type\" content=\"article\" \/>\n<meta property=\"og:title\" content=\"AMLO se les va a la yugular y critica de esta manera a quienes asistan a la marcha en defensa del INE -\" \/>\n<meta property=\"og:description\" content=\"Por Redacci\u00f3n QP L\u00f3pez Obrador dijo que quienes organizan la marcha del 26 de febrero...\" \/>\n<meta property=\"og:url\" content=\"https:\/\/quehacerpolitico.mx\/?p=98836\" \/>\n<meta property=\"article:published_time\" content=\"2023-02-21T17:15:23+00:00\" \/>\n<meta property=\"article:modified_time\" content=\"2023-02-21T17:15:27+00:00\" \/>\n<meta property=\"og:image\" content=\"https:\/\/quehacerpolitico.mx\/wp-content\/uploads\/2023\/02\/70A305D8-1CD7-4F04-816B-28829CEAAB56.jpeg\" \/>\n\t<meta property=\"og:image:width\" content=\"1284\" \/>\n\t<meta property=\"og:image:height\" content=\"709\" \/>\n\t<meta property=\"og:image:type\" content=\"image\/jpeg\" \/>\n<meta name=\"author\" content=\"Redacci\u00f3n QP\" \/>\n<meta name=\"twitter:card\" content=\"summary_large_image\" \/>\n<meta name=\"twitter:label1\" content=\"Escrito por\" \/>\n\t<meta name=\"twitter:data1\" content=\"Redacci\u00f3n QP\" \/>\n\t<meta name=\"twitter:label2\" content=\"Tiempo de lectura\" \/>\n\t<meta name=\"twitter:data2\" content=\"2 minutos\" \/>\n<script type=\"application\/ld+json\" class=\"yoast-schema-graph\">{\"@context\":\"https:\\\/\\\/schema.org\",\"@graph\":[{\"@type\":\"Article\",\"@id\":\"https:\\\/\\\/quehacerpolitico.mx\\\/?p=98836#article\",\"isPartOf\":{\"@id\":\"https:\\\/\\\/quehacerpolitico.mx\\\/?p=98836\"},\"author\":{\"name\":\"Redacci\u00f3n QP\",\"@id\":\"https:\\\/\\\/quehacerpolitico.mx\\\/#\\\/schema\\\/person\\\/496d8ad2d1d3f8036101dca7ee39e585\"},\"headline\":\"AMLO se les va a la yugular y critica de esta manera a quienes asistan a la marcha en defensa del INE\",\"datePublished\":\"2023-02-21T17:15:23+00:00\",\"dateModified\":\"2023-02-21T17:15:27+00:00\",\"mainEntityOfPage\":{\"@id\":\"https:\\\/\\\/quehacerpolitico.mx\\\/?p=98836\"},\"wordCount\":512,\"commentCount\":0,\"image\":{\"@id\":\"https:\\\/\\\/quehacerpolitico.mx\\\/?p=98836#primaryimage\"},\"thumbnailUrl\":\"https:\\\/\\\/quehacerpolitico.mx\\\/wp-content\\\/uploads\\\/2023\\\/02\\\/70A305D8-1CD7-4F04-816B-28829CEAAB56.jpeg\",\"articleSection\":[\"Noticias\"],\"inLanguage\":\"es\",\"potentialAction\":[{\"@type\":\"CommentAction\",\"name\":\"Comment\",\"target\":[\"https:\\\/\\\/quehacerpolitico.mx\\\/?p=98836#respond\"]}]},{\"@type\":\"WebPage\",\"@id\":\"https:\\\/\\\/quehacerpolitico.mx\\\/?p=98836\",\"url\":\"https:\\\/\\\/quehacerpolitico.mx\\\/?p=98836\",\"name\":\"AMLO se les va a la yugular y critica de esta manera a quienes asistan a la marcha en defensa del INE -\",\"isPartOf\":{\"@id\":\"https:\\\/\\\/quehacerpolitico.mx\\\/#website\"},\"primaryImageOfPage\":{\"@id\":\"https:\\\/\\\/quehacerpolitico.mx\\\/?p=98836#primaryimage\"},\"image\":{\"@id\":\"https:\\\/\\\/quehacerpolitico.mx\\\/?p=98836#primaryimage\"},\"thumbnailUrl\":\"https:\\\/\\\/quehacerpolitico.mx\\\/wp-content\\\/uploads\\\/2023\\\/02\\\/70A305D8-1CD7-4F04-816B-28829CEAAB56.jpeg\",\"datePublished\":\"2023-02-21T17:15:23+00:00\",\"dateModified\":\"2023-02-21T17:15:27+00:00\",\"author\":{\"@id\":\"https:\\\/\\\/quehacerpolitico.mx\\\/#\\\/schema\\\/person\\\/496d8ad2d1d3f8036101dca7ee39e585\"},\"breadcrumb\":{\"@id\":\"https:\\\/\\\/quehacerpolitico.mx\\\/?p=98836#breadcrumb\"},\"inLanguage\":\"es\",\"potentialAction\":[{\"@type\":\"ReadAction\",\"target\":[\"https:\\\/\\\/quehacerpolitico.mx\\\/?p=98836\"]}]},{\"@type\":\"ImageObject\",\"inLanguage\":\"es\",\"@id\":\"https:\\\/\\\/quehacerpolitico.mx\\\/?p=98836#primaryimage\",\"url\":\"https:\\\/\\\/quehacerpolitico.mx\\\/wp-content\\\/uploads\\\/2023\\\/02\\\/70A305D8-1CD7-4F04-816B-28829CEAAB56.jpeg\",\"contentUrl\":\"https:\\\/\\\/quehacerpolitico.mx\\\/wp-content\\\/uploads\\\/2023\\\/02\\\/70A305D8-1CD7-4F04-816B-28829CEAAB56.jpeg\",\"width\":1284,\"height\":709},{\"@type\":\"BreadcrumbList\",\"@id\":\"https:\\\/\\\/quehacerpolitico.mx\\\/?p=98836#breadcrumb\",\"itemListElement\":[{\"@type\":\"ListItem\",\"position\":1,\"name\":\"Inicio\",\"item\":\"https:\\\/\\\/quehacerpolitico.mx\\\/\"},{\"@type\":\"ListItem\",\"position\":2,\"name\":\"AMLO se les va a la yugular y critica de esta manera a quienes asistan a la marcha en defensa del INE\"}]},{\"@type\":\"WebSite\",\"@id\":\"https:\\\/\\\/quehacerpolitico.mx\\\/#website\",\"url\":\"https:\\\/\\\/quehacerpolitico.mx\\\/\",\"name\":\"\",\"description\":\"\",\"potentialAction\":[{\"@type\":\"SearchAction\",\"target\":{\"@type\":\"EntryPoint\",\"urlTemplate\":\"https:\\\/\\\/quehacerpolitico.mx\\\/?s={search_term_string}\"},\"query-input\":{\"@type\":\"PropertyValueSpecification\",\"valueRequired\":true,\"valueName\":\"search_term_string\"}}],\"inLanguage\":\"es\"},{\"@type\":\"Person\",\"@id\":\"https:\\\/\\\/quehacerpolitico.mx\\\/#\\\/schema\\\/person\\\/496d8ad2d1d3f8036101dca7ee39e585\",\"name\":\"Redacci\u00f3n QP\",\"image\":{\"@type\":\"ImageObject\",\"inLanguage\":\"es\",\"@id\":\"https:\\\/\\\/secure.gravatar.com\\\/avatar\\\/c7164ed6fdec453195284ad24a5ae5b6e1eed2b848477fa2a4787ba9adf39a41?s=96&d=mm&r=g\",\"url\":\"https:\\\/\\\/secure.gravatar.com\\\/avatar\\\/c7164ed6fdec453195284ad24a5ae5b6e1eed2b848477fa2a4787ba9adf39a41?s=96&d=mm&r=g\",\"contentUrl\":\"https:\\\/\\\/secure.gravatar.com\\\/avatar\\\/c7164ed6fdec453195284ad24a5ae5b6e1eed2b848477fa2a4787ba9adf39a41?s=96&d=mm&r=g\",\"caption\":\"Redacci\u00f3n QP\"},\"url\":\"https:\\\/\\\/quehacerpolitico.mx\\\/?author=2\"}]}<\/script>\n<!-- \/ Yoast SEO plugin. -->","yoast_head_json":{"title":"AMLO se les va a la yugular y critica de esta manera a quienes asistan a la marcha en defensa del INE -","robots":{"index":"index","follow":"follow","max-snippet":"max-snippet:-1","max-image-preview":"max-image-preview:large","max-video-preview":"max-video-preview:-1"},"canonical":"https:\/\/quehacerpolitico.mx\/?p=98836","og_locale":"es_MX","og_type":"article","og_title":"AMLO se les va a la yugular y critica de esta manera a quienes asistan a la marcha en defensa del INE -","og_description":"Por Redacci\u00f3n QP L\u00f3pez Obrador dijo que quienes organizan la marcha del 26 de febrero...","og_url":"https:\/\/quehacerpolitico.mx\/?p=98836","article_published_time":"2023-02-21T17:15:23+00:00","article_modified_time":"2023-02-21T17:15:27+00:00","og_image":[{"width":1284,"height":709,"url":"https:\/\/quehacerpolitico.mx\/wp-content\/uploads\/2023\/02\/70A305D8-1CD7-4F04-816B-28829CEAAB56.jpeg","type":"image\/jpeg"}],"author":"Redacci\u00f3n QP","twitter_card":"summary_large_image","twitter_misc":{"Escrito por":"Redacci\u00f3n QP","Tiempo de lectura":"2 minutos"},"schema":{"@context":"https:\/\/schema.org","@graph":[{"@type":"Article","@id":"https:\/\/quehacerpolitico.mx\/?p=98836#article","isPartOf":{"@id":"https:\/\/quehacerpolitico.mx\/?p=98836"},"author":{"name":"Redacci\u00f3n QP","@id":"https:\/\/quehacerpolitico.mx\/#\/schema\/person\/496d8ad2d1d3f8036101dca7ee39e585"},"headline":"AMLO se les va a la yugular y critica de esta manera a quienes asistan a la marcha en defensa del INE","datePublished":"2023-02-21T17:15:23+00:00","dateModified":"2023-02-21T17:15:27+00:00","mainEntityOfPage":{"@id":"https:\/\/quehacerpolitico.mx\/?p=98836"},"wordCount":512,"commentCount":0,"image":{"@id":"https:\/\/quehacerpolitico.mx\/?p=98836#primaryimage"},"thumbnailUrl":"https:\/\/quehacerpolitico.mx\/wp-content\/uploads\/2023\/02\/70A305D8-1CD7-4F04-816B-28829CEAAB56.jpeg","articleSection":["Noticias"],"inLanguage":"es","potentialAction":[{"@type":"CommentAction","name":"Comment","target":["https:\/\/quehacerpolitico.mx\/?p=98836#respond"]}]},{"@type":"WebPage","@id":"https:\/\/quehacerpolitico.mx\/?p=98836","url":"https:\/\/quehacerpolitico.mx\/?p=98836","name":"AMLO se les va a la yugular y critica de esta manera a quienes asistan a la marcha en defensa del INE -","isPartOf":{"@id":"https:\/\/quehacerpolitico.mx\/#website"},"primaryImageOfPage":{"@id":"https:\/\/quehacerpolitico.mx\/?p=98836#primaryimage"},"image":{"@id":"https:\/\/quehacerpolitico.mx\/?p=98836#primaryimage"},"thumbnailUrl":"https:\/\/quehacerpolitico.mx\/wp-content\/uploads\/2023\/02\/70A305D8-1CD7-4F04-816B-28829CEAAB56.jpeg","datePublished":"2023-02-21T17:15:23+00:00","dateModified":"2023-02-21T17:15:27+00:00","author":{"@id":"https:\/\/quehacerpolitico.mx\/#\/schema\/person\/496d8ad2d1d3f8036101dca7ee39e585"},"breadcrumb":{"@id":"https:\/\/quehacerpolitico.mx\/?p=98836#breadcrumb"},"inLanguage":"es","potentialAction":[{"@type":"ReadAction","target":["https:\/\/quehacerpolitico.mx\/?p=98836"]}]},{"@type":"ImageObject","inLanguage":"es","@id":"https:\/\/quehacerpolitico.mx\/?p=98836#primaryimage","url":"https:\/\/quehacerpolitico.mx\/wp-content\/uploads\/2023\/02\/70A305D8-1CD7-4F04-816B-28829CEAAB56.jpeg","contentUrl":"https:\/\/quehacerpolitico.mx\/wp-content\/uploads\/2023\/02\/70A305D8-1CD7-4F04-816B-28829CEAAB56.jpeg","width":1284,"height":709},{"@type":"BreadcrumbList","@id":"https:\/\/quehacerpolitico.mx\/?p=98836#breadcrumb","itemListElement":[{"@type":"ListItem","position":1,"name":"Inicio","item":"https:\/\/quehacerpolitico.mx\/"},{"@type":"ListItem","position":2,"name":"AMLO se les va a la yugular y critica de esta manera a quienes asistan a la marcha en defensa del INE"}]},{"@type":"WebSite","@id":"https:\/\/quehacerpolitico.mx\/#website","url":"https:\/\/quehacerpolitico.mx\/","name":"","description":"","potentialAction":[{"@type":"SearchAction","target":{"@type":"EntryPoint","urlTemplate":"https:\/\/quehacerpolitico.mx\/?s={search_term_string}"},"query-input":{"@type":"PropertyValueSpecification","valueRequired":true,"valueName":"search_term_string"}}],"inLanguage":"es"},{"@type":"Person","@id":"https:\/\/quehacerpolitico.mx\/#\/schema\/person\/496d8ad2d1d3f8036101dca7ee39e585","name":"Redacci\u00f3n QP","image":{"@type":"ImageObject","inLanguage":"es","@id":"https:\/\/secure.gravatar.com\/avatar\/c7164ed6fdec453195284ad24a5ae5b6e1eed2b848477fa2a4787ba9adf39a41?s=96&d=mm&r=g","url":"https:\/\/secure.gravatar.com\/avatar\/c7164ed6fdec453195284ad24a5ae5b6e1eed2b848477fa2a4787ba9adf39a41?s=96&d=mm&r=g","contentUrl":"https:\/\/secure.gravatar.com\/avatar\/c7164ed6fdec453195284ad24a5ae5b6e1eed2b848477fa2a4787ba9adf39a41?s=96&d=mm&r=g","caption":"Redacci\u00f3n QP"},"url":"https:\/\/quehacerpolitico.mx\/?author=2"}]}},"featured_image_urls":{"full":["https:\/\/quehacerpolitico.mx\/wp-content\/uploads\/2023\/02\/70A305D8-1CD7-4F04-816B-28829CEAAB56.jpeg",1284,709,false],"thumbnail":["https:\/\/quehacerpolitico.mx\/wp-content\/uploads\/2023\/02\/70A305D8-1CD7-4F04-816B-28829CEAAB56-150x150.jpeg",150,150,true],"medium":["https:\/\/quehacerpolitico.mx\/wp-content\/uploads\/2023\/02\/70A305D8-1CD7-4F04-816B-28829CEAAB56-300x166.jpeg",300,166,true],"medium_large":["https:\/\/quehacerpolitico.mx\/wp-content\/uploads\/2023\/02\/70A305D8-1CD7-4F04-816B-28829CEAAB56-768x424.jpeg",640,353,true],"large":["https:\/\/quehacerpolitico.mx\/wp-content\/uploads\/2023\/02\/70A305D8-1CD7-4F04-816B-28829CEAAB56-1024x565.jpeg",640,353,true],"1536x1536":["https:\/\/quehacerpolitico.mx\/wp-content\/uploads\/2023\/02\/70A305D8-1CD7-4F04-816B-28829CEAAB56.jpeg",1284,709,false],"2048x2048":["https:\/\/quehacerpolitico.mx\/wp-content\/uploads\/2023\/02\/70A305D8-1CD7-4F04-816B-28829CEAAB56.jpeg",1284,709,false],"covernews-featured":["https:\/\/quehacerpolitico.mx\/wp-content\/uploads\/2023\/02\/70A305D8-1CD7-4F04-816B-28829CEAAB56.jpeg",1024,565,false],"covernews-medium":["https:\/\/quehacerpolitico.mx\/wp-content\/uploads\/2023\/02\/70A305D8-1CD7-4F04-816B-28829CEAAB56.jpeg",540,298,false]},"author_info":{"display_name":"Redacci\u00f3n QP","author_link":"https:\/\/quehacerpolitico.mx\/?author=2"},"category_info":"<a href=\"https:\/\/quehacerpolitico.mx\/?cat=2\" rel=\"category\">Noticias<\/a>","tag_info":"Noticias","comment_count":"0","_links":{"self":[{"href":"https:\/\/quehacerpolitico.mx\/index.php?rest_route=\/wp\/v2\/posts\/98836","targetHints":{"allow":["GET"]}}],"collection":[{"href":"https:\/\/quehacerpolitico.mx\/index.php?rest_route=\/wp\/v2\/posts"}],"about":[{"href":"https:\/\/quehacerpolitico.mx\/index.php?rest_route=\/wp\/v2\/types\/post"}],"author":[{"embeddable":true,"href":"https:\/\/quehacerpolitico.mx\/index.php?rest_route=\/wp\/v2\/users\/2"}],"replies":[{"embeddable":true,"href":"https:\/\/quehacerpolitico.mx\/index.php?rest_route=%2Fwp%2Fv2%2Fcomments&post=98836"}],"version-history":[{"count":1,"href":"https:\/\/quehacerpolitico.mx\/index.php?rest_route=\/wp\/v2\/posts\/98836\/revisions"}],"predecessor-version":[{"id":98838,"href":"https:\/\/quehacerpolitico.mx\/index.php?rest_route=\/wp\/v2\/posts\/98836\/revisions\/98838"}],"wp:featuredmedia":[{"embeddable":true,"href":"https:\/\/quehacerpolitico.mx\/index.php?rest_route=\/wp\/v2\/media\/98837"}],"wp:attachment":[{"href":"https:\/\/quehacerpolitico.mx\/index.php?rest_route=%2Fwp%2Fv2%2Fmedia&parent=98836"}],"wp:term":[{"taxonomy":"category","embeddable":true,"href":"https:\/\/quehacerpolitico.mx\/index.php?rest_route=%2Fwp%2Fv2%2Fcategories&post=98836"},{"taxonomy":"post_tag","embeddable":true,"href":"https:\/\/quehacerpolitico.mx\/index.php?rest_route=%2Fwp%2Fv2%2Ftags&post=98836"}],"curies":[{"name":"wp","href":"https:\/\/api.w.org\/{rel}","templated":true}]}}