{"id":98827,"date":"2023-02-21T15:59:50","date_gmt":"2023-02-21T15:59:50","guid":{"rendered":"https:\/\/quehacerpolitico.mx\/?p=98827"},"modified":"2023-02-21T15:59:54","modified_gmt":"2023-02-21T15:59:54","slug":"internacionales-carolina-alonso-romei-biden-se-reune-con-el-presidente-polaco-andrzej-duda-y-agradece-su-apoyo-a-ucrania","status":"publish","type":"post","link":"https:\/\/quehacerpolitico.mx\/?p=98827","title":{"rendered":"Internacionales\/\/\/Carolina Alonso Romei\/\/\/Biden se re\u00fane con el presidente polaco Andrzej Duda y agradece su apoyo a Ucrania"},"content":{"rendered":"\n<p>Por Carolina Alonso Romei<\/p>\n\n\n\n<p>Internacionalista <\/p>\n\n\n\n<p>Durante el encuentro, Biden destac\u00f3 la fortaleza de la OTAN casi un a\u00f1o despu\u00e9s de que Rusia iniciara su invasi\u00f3n a Ucrania<\/p>\n\n\n\n<p>El presidente estadounidense, Joe Biden,<strong>agradeci\u00f3 este martes a su hom\u00f3logo polaco, Andrzej Duda, la ayuda que ha prestado a Ucrania al recibir a m\u00e1s de 1.5 millones de refugiados y destac\u00f3 la fortaleza de la OTAN\u00a0<\/strong>casi un a\u00f1o despu\u00e9s de que Rusia iniciara su invasi\u00f3n a Ucrania.<\/p>\n\n\n\n<p>&#8220;Estados Unidos necesita a Polonia y a la OTAN tanto como Polonia y la OTAN necesitan a Estados Unidos<\/p>\n\n\n\n<p>Biden y Duda\u00a0<strong>se reunieron en el palacio presidencial de Varsovia acompa\u00f1ados de miembros de sus respectivos Gobiernos\u00a0<\/strong>y en medio de una gran expectaci\u00f3n sobre la posibilidad de que Washington aumente las tropas estacionadas de manera permanente en Polonia, un n\u00famero que actualmente se sit\u00faa en 11 mil.<\/p>\n\n\n\n<figure class=\"wp-block-embed is-type-video is-provider-youtube wp-block-embed-youtube wp-embed-aspect-16-9 wp-has-aspect-ratio\"><div class=\"wp-block-embed__wrapper\">\n<iframe loading=\"lazy\" title=\"Tras su visita a Kiev, Joe Biden se re\u00fane con el presidente polaco Andrzej Duda en Varsovia\" width=\"640\" height=\"360\" src=\"https:\/\/www.youtube.com\/embed\/StxK4TttDGs?feature=oembed\" frameborder=\"0\" allow=\"accelerometer; autoplay; clipboard-write; encrypted-media; gyroscope; picture-in-picture; web-share\" referrerpolicy=\"strict-origin-when-cross-origin\" allowfullscreen><\/iframe>\n<\/div><\/figure>\n\n\n\n<p>El Gobierno polaco hab\u00eda adelantado que abordar\u00eda ese tema en la reuni\u00f3n con Biden; pero, en las declaraciones que estuvieron abiertas a la prensa, ninguno de los l\u00edderes lo mencion\u00f3.<\/p>\n\n\n\n<p>&#8220;Estados Unidos necesita a Polonia y a la OTAN tanto como Polonia y la OTAN necesitan a Estados Unidos&#8221;, proclam\u00f3 Biden, en un mensaje destinado a mostrar el compromiso de Washington con la defensa de Polonia, que comparte una frontera de unos 530 kil\u00f3metros con Ucrania y es uno de los pa\u00edses m\u00e1s cercanos a la guerra.<\/p>\n\n\n\n<p>Biden asegur\u00f3 que, casi un a\u00f1o despu\u00e9s de la invasi\u00f3n rusa,\u00a0<strong>la &#8220;OTAN est\u00e1 m\u00e1s fuerte que nunca&#8221; y agradeci\u00f3 a Duda el &#8220;incre\u00edble&#8221; apoyo que Polonia ha prestado a Ucrania en los \u00faltimos meses.<\/strong><\/p>\n\n\n\n<figure class=\"wp-block-embed is-type-video is-provider-youtube wp-block-embed-youtube wp-embed-aspect-16-9 wp-has-aspect-ratio\"><div class=\"wp-block-embed__wrapper\">\n<iframe loading=\"lazy\" title=\"La OTAN est\u00e1 &quot;m\u00e1s fuerte que nunca&quot;, asegura Biden en Polonia | AFP\" width=\"640\" height=\"360\" src=\"https:\/\/www.youtube.com\/embed\/nlhUngwazAg?feature=oembed\" frameborder=\"0\" allow=\"accelerometer; autoplay; clipboard-write; encrypted-media; gyroscope; picture-in-picture; web-share\" referrerpolicy=\"strict-origin-when-cross-origin\" allowfullscreen><\/iframe>\n<\/div><\/figure>\n\n\n\n<p>Adem\u00e1s, el mandatario estadounidense anunci\u00f3 una &#8220;nueva alianza estrat\u00e9gica&#8221; con Polonia para construir plantas de energ\u00eda nuclear con el objetivo de aumentar la producci\u00f3n energ\u00e9tica de cara al futuro.<\/p>\n\n\n\n<p><strong>Enfrente de Biden sentado al otro lado de una larga mesa de madera estaba Duda<\/strong>, quien aludi\u00f3 durante sus declaraciones a la visita que el mandatario estadounidense hizo el lunes a Kiev, donde anunci\u00f3 unos 500 millones de d\u00f3lares adicionales de ayuda militar a Ucrania.<\/p>\n\n\n\n<p>En concreto, Duda consider\u00f3 que el viaje de Biden a Kiev, que\u00a0se mantuvo en secreto hasta que estaba en curso, sirvi\u00f3 para\u00a0<strong>&#8220;subir la moral&#8221; a los ucranianos y envi\u00f3 el mensaje de que &#8220;el mundo libre no les ha olvidado&#8221;<\/strong>, justo cuando quedan tres d\u00edas para el d\u00eda 24, cuando se conmemora el aniversario del inicio de la guerra.<\/p>\n\n\n\n<p>Adem\u00e1s, el l\u00edder polaco afirm\u00f3 que la presencia de Biden en Varsovia es un &#8220;signo visible de que Polonia est\u00e1 a salvo y es un lugar seguro&#8221;, pese a la guerra que se libra a pocos kil\u00f3metros.<\/p>\n\n\n\n<p>Biden fue recibido en el palacio presidencial de Varsovia con todos los honores: soldados polacos vestidos con varios tonos de azul y blanco se cuadraron ante su llegada, mientras que banderas estadounidenses y polacas ondeaban desde el edificio mientras soplaba un fuerte viento.<\/p>\n\n\n\n<p>Con Informaci\u00f3n de EFE<\/p>\n","protected":false},"excerpt":{"rendered":"<p>Por Carolina Alonso Romei Internacionalista Durante el encuentro, Biden destac\u00f3 la fortaleza de la OTAN&#8230;<\/p>\n","protected":false},"author":2,"featured_media":98828,"comment_status":"open","ping_status":"open","sticky":false,"template":"","format":"standard","meta":{"_monsterinsights_skip_tracking":false,"_monsterinsights_sitenote_active":false,"_monsterinsights_sitenote_note":"","_monsterinsights_sitenote_category":0,"footnotes":""},"categories":[1],"tags":[],"class_list":["post-98827","post","type-post","status-publish","format-standard","has-post-thumbnail","hentry","category-sin-categoria"],"yoast_head":"<!-- This site is optimized with the Yoast SEO plugin v27.3 - https:\/\/yoast.com\/product\/yoast-seo-wordpress\/ -->\n<title>Internacionales\/\/\/Carolina Alonso Romei\/\/\/Biden se re\u00fane con el presidente polaco Andrzej Duda y agradece su apoyo a Ucrania -<\/title>\n<meta name=\"robots\" content=\"index, follow, max-snippet:-1, max-image-preview:large, max-video-preview:-1\" \/>\n<link rel=\"canonical\" href=\"https:\/\/quehacerpolitico.mx\/?p=98827\" \/>\n<meta property=\"og:locale\" content=\"es_MX\" \/>\n<meta property=\"og:type\" content=\"article\" \/>\n<meta property=\"og:title\" content=\"Internacionales\/\/\/Carolina Alonso Romei\/\/\/Biden se re\u00fane con el presidente polaco Andrzej Duda y agradece su apoyo a Ucrania -\" \/>\n<meta property=\"og:description\" content=\"Por Carolina Alonso Romei Internacionalista Durante el encuentro, Biden destac\u00f3 la fortaleza de la OTAN...\" \/>\n<meta property=\"og:url\" content=\"https:\/\/quehacerpolitico.mx\/?p=98827\" \/>\n<meta property=\"article:published_time\" content=\"2023-02-21T15:59:50+00:00\" \/>\n<meta property=\"article:modified_time\" content=\"2023-02-21T15:59:54+00:00\" \/>\n<meta property=\"og:image\" content=\"https:\/\/quehacerpolitico.mx\/wp-content\/uploads\/2023\/02\/A77310F1-9C57-478D-BB3C-9DA8578DA27C.jpeg\" \/>\n\t<meta property=\"og:image:width\" content=\"701\" \/>\n\t<meta property=\"og:image:height\" content=\"523\" \/>\n\t<meta property=\"og:image:type\" content=\"image\/jpeg\" \/>\n<meta name=\"author\" content=\"Redacci\u00f3n QP\" \/>\n<meta name=\"twitter:card\" content=\"summary_large_image\" \/>\n<meta name=\"twitter:label1\" content=\"Escrito por\" \/>\n\t<meta name=\"twitter:data1\" content=\"Redacci\u00f3n QP\" \/>\n\t<meta name=\"twitter:label2\" content=\"Tiempo de lectura\" \/>\n\t<meta name=\"twitter:data2\" content=\"3 minutos\" \/>\n<script type=\"application\/ld+json\" class=\"yoast-schema-graph\">{\"@context\":\"https:\\\/\\\/schema.org\",\"@graph\":[{\"@type\":\"Article\",\"@id\":\"https:\\\/\\\/quehacerpolitico.mx\\\/?p=98827#article\",\"isPartOf\":{\"@id\":\"https:\\\/\\\/quehacerpolitico.mx\\\/?p=98827\"},\"author\":{\"name\":\"Redacci\u00f3n QP\",\"@id\":\"https:\\\/\\\/quehacerpolitico.mx\\\/#\\\/schema\\\/person\\\/496d8ad2d1d3f8036101dca7ee39e585\"},\"headline\":\"Internacionales\\\/\\\/\\\/Carolina Alonso Romei\\\/\\\/\\\/Biden se re\u00fane con el presidente polaco Andrzej Duda y agradece su apoyo a Ucrania\",\"datePublished\":\"2023-02-21T15:59:50+00:00\",\"dateModified\":\"2023-02-21T15:59:54+00:00\",\"mainEntityOfPage\":{\"@id\":\"https:\\\/\\\/quehacerpolitico.mx\\\/?p=98827\"},\"wordCount\":545,\"commentCount\":0,\"image\":{\"@id\":\"https:\\\/\\\/quehacerpolitico.mx\\\/?p=98827#primaryimage\"},\"thumbnailUrl\":\"https:\\\/\\\/quehacerpolitico.mx\\\/wp-content\\\/uploads\\\/2023\\\/02\\\/A77310F1-9C57-478D-BB3C-9DA8578DA27C.jpeg\",\"articleSection\":[\"Internacionales\"],\"inLanguage\":\"es\",\"potentialAction\":[{\"@type\":\"CommentAction\",\"name\":\"Comment\",\"target\":[\"https:\\\/\\\/quehacerpolitico.mx\\\/?p=98827#respond\"]}]},{\"@type\":\"WebPage\",\"@id\":\"https:\\\/\\\/quehacerpolitico.mx\\\/?p=98827\",\"url\":\"https:\\\/\\\/quehacerpolitico.mx\\\/?p=98827\",\"name\":\"Internacionales\\\/\\\/\\\/Carolina Alonso Romei\\\/\\\/\\\/Biden se re\u00fane con el presidente polaco Andrzej Duda y agradece su apoyo a Ucrania -\",\"isPartOf\":{\"@id\":\"https:\\\/\\\/quehacerpolitico.mx\\\/#website\"},\"primaryImageOfPage\":{\"@id\":\"https:\\\/\\\/quehacerpolitico.mx\\\/?p=98827#primaryimage\"},\"image\":{\"@id\":\"https:\\\/\\\/quehacerpolitico.mx\\\/?p=98827#primaryimage\"},\"thumbnailUrl\":\"https:\\\/\\\/quehacerpolitico.mx\\\/wp-content\\\/uploads\\\/2023\\\/02\\\/A77310F1-9C57-478D-BB3C-9DA8578DA27C.jpeg\",\"datePublished\":\"2023-02-21T15:59:50+00:00\",\"dateModified\":\"2023-02-21T15:59:54+00:00\",\"author\":{\"@id\":\"https:\\\/\\\/quehacerpolitico.mx\\\/#\\\/schema\\\/person\\\/496d8ad2d1d3f8036101dca7ee39e585\"},\"breadcrumb\":{\"@id\":\"https:\\\/\\\/quehacerpolitico.mx\\\/?p=98827#breadcrumb\"},\"inLanguage\":\"es\",\"potentialAction\":[{\"@type\":\"ReadAction\",\"target\":[\"https:\\\/\\\/quehacerpolitico.mx\\\/?p=98827\"]}]},{\"@type\":\"ImageObject\",\"inLanguage\":\"es\",\"@id\":\"https:\\\/\\\/quehacerpolitico.mx\\\/?p=98827#primaryimage\",\"url\":\"https:\\\/\\\/quehacerpolitico.mx\\\/wp-content\\\/uploads\\\/2023\\\/02\\\/A77310F1-9C57-478D-BB3C-9DA8578DA27C.jpeg\",\"contentUrl\":\"https:\\\/\\\/quehacerpolitico.mx\\\/wp-content\\\/uploads\\\/2023\\\/02\\\/A77310F1-9C57-478D-BB3C-9DA8578DA27C.jpeg\",\"width\":701,\"height\":523},{\"@type\":\"BreadcrumbList\",\"@id\":\"https:\\\/\\\/quehacerpolitico.mx\\\/?p=98827#breadcrumb\",\"itemListElement\":[{\"@type\":\"ListItem\",\"position\":1,\"name\":\"Inicio\",\"item\":\"https:\\\/\\\/quehacerpolitico.mx\\\/\"},{\"@type\":\"ListItem\",\"position\":2,\"name\":\"Internacionales\\\/\\\/\\\/Carolina Alonso Romei\\\/\\\/\\\/Biden se re\u00fane con el presidente polaco Andrzej Duda y agradece su apoyo a Ucrania\"}]},{\"@type\":\"WebSite\",\"@id\":\"https:\\\/\\\/quehacerpolitico.mx\\\/#website\",\"url\":\"https:\\\/\\\/quehacerpolitico.mx\\\/\",\"name\":\"\",\"description\":\"\",\"potentialAction\":[{\"@type\":\"SearchAction\",\"target\":{\"@type\":\"EntryPoint\",\"urlTemplate\":\"https:\\\/\\\/quehacerpolitico.mx\\\/?s={search_term_string}\"},\"query-input\":{\"@type\":\"PropertyValueSpecification\",\"valueRequired\":true,\"valueName\":\"search_term_string\"}}],\"inLanguage\":\"es\"},{\"@type\":\"Person\",\"@id\":\"https:\\\/\\\/quehacerpolitico.mx\\\/#\\\/schema\\\/person\\\/496d8ad2d1d3f8036101dca7ee39e585\",\"name\":\"Redacci\u00f3n QP\",\"image\":{\"@type\":\"ImageObject\",\"inLanguage\":\"es\",\"@id\":\"https:\\\/\\\/secure.gravatar.com\\\/avatar\\\/c7164ed6fdec453195284ad24a5ae5b6e1eed2b848477fa2a4787ba9adf39a41?s=96&d=mm&r=g\",\"url\":\"https:\\\/\\\/secure.gravatar.com\\\/avatar\\\/c7164ed6fdec453195284ad24a5ae5b6e1eed2b848477fa2a4787ba9adf39a41?s=96&d=mm&r=g\",\"contentUrl\":\"https:\\\/\\\/secure.gravatar.com\\\/avatar\\\/c7164ed6fdec453195284ad24a5ae5b6e1eed2b848477fa2a4787ba9adf39a41?s=96&d=mm&r=g\",\"caption\":\"Redacci\u00f3n QP\"},\"url\":\"https:\\\/\\\/quehacerpolitico.mx\\\/?author=2\"}]}<\/script>\n<!-- \/ Yoast SEO plugin. -->","yoast_head_json":{"title":"Internacionales\/\/\/Carolina Alonso Romei\/\/\/Biden se re\u00fane con el presidente polaco Andrzej Duda y agradece su apoyo a Ucrania -","robots":{"index":"index","follow":"follow","max-snippet":"max-snippet:-1","max-image-preview":"max-image-preview:large","max-video-preview":"max-video-preview:-1"},"canonical":"https:\/\/quehacerpolitico.mx\/?p=98827","og_locale":"es_MX","og_type":"article","og_title":"Internacionales\/\/\/Carolina Alonso Romei\/\/\/Biden se re\u00fane con el presidente polaco Andrzej Duda y agradece su apoyo a Ucrania -","og_description":"Por Carolina Alonso Romei Internacionalista Durante el encuentro, Biden destac\u00f3 la fortaleza de la OTAN...","og_url":"https:\/\/quehacerpolitico.mx\/?p=98827","article_published_time":"2023-02-21T15:59:50+00:00","article_modified_time":"2023-02-21T15:59:54+00:00","og_image":[{"width":701,"height":523,"url":"https:\/\/quehacerpolitico.mx\/wp-content\/uploads\/2023\/02\/A77310F1-9C57-478D-BB3C-9DA8578DA27C.jpeg","type":"image\/jpeg"}],"author":"Redacci\u00f3n QP","twitter_card":"summary_large_image","twitter_misc":{"Escrito por":"Redacci\u00f3n QP","Tiempo de lectura":"3 minutos"},"schema":{"@context":"https:\/\/schema.org","@graph":[{"@type":"Article","@id":"https:\/\/quehacerpolitico.mx\/?p=98827#article","isPartOf":{"@id":"https:\/\/quehacerpolitico.mx\/?p=98827"},"author":{"name":"Redacci\u00f3n QP","@id":"https:\/\/quehacerpolitico.mx\/#\/schema\/person\/496d8ad2d1d3f8036101dca7ee39e585"},"headline":"Internacionales\/\/\/Carolina Alonso Romei\/\/\/Biden se re\u00fane con el presidente polaco Andrzej Duda y agradece su apoyo a Ucrania","datePublished":"2023-02-21T15:59:50+00:00","dateModified":"2023-02-21T15:59:54+00:00","mainEntityOfPage":{"@id":"https:\/\/quehacerpolitico.mx\/?p=98827"},"wordCount":545,"commentCount":0,"image":{"@id":"https:\/\/quehacerpolitico.mx\/?p=98827#primaryimage"},"thumbnailUrl":"https:\/\/quehacerpolitico.mx\/wp-content\/uploads\/2023\/02\/A77310F1-9C57-478D-BB3C-9DA8578DA27C.jpeg","articleSection":["Internacionales"],"inLanguage":"es","potentialAction":[{"@type":"CommentAction","name":"Comment","target":["https:\/\/quehacerpolitico.mx\/?p=98827#respond"]}]},{"@type":"WebPage","@id":"https:\/\/quehacerpolitico.mx\/?p=98827","url":"https:\/\/quehacerpolitico.mx\/?p=98827","name":"Internacionales\/\/\/Carolina Alonso Romei\/\/\/Biden se re\u00fane con el presidente polaco Andrzej Duda y agradece su apoyo a Ucrania -","isPartOf":{"@id":"https:\/\/quehacerpolitico.mx\/#website"},"primaryImageOfPage":{"@id":"https:\/\/quehacerpolitico.mx\/?p=98827#primaryimage"},"image":{"@id":"https:\/\/quehacerpolitico.mx\/?p=98827#primaryimage"},"thumbnailUrl":"https:\/\/quehacerpolitico.mx\/wp-content\/uploads\/2023\/02\/A77310F1-9C57-478D-BB3C-9DA8578DA27C.jpeg","datePublished":"2023-02-21T15:59:50+00:00","dateModified":"2023-02-21T15:59:54+00:00","author":{"@id":"https:\/\/quehacerpolitico.mx\/#\/schema\/person\/496d8ad2d1d3f8036101dca7ee39e585"},"breadcrumb":{"@id":"https:\/\/quehacerpolitico.mx\/?p=98827#breadcrumb"},"inLanguage":"es","potentialAction":[{"@type":"ReadAction","target":["https:\/\/quehacerpolitico.mx\/?p=98827"]}]},{"@type":"ImageObject","inLanguage":"es","@id":"https:\/\/quehacerpolitico.mx\/?p=98827#primaryimage","url":"https:\/\/quehacerpolitico.mx\/wp-content\/uploads\/2023\/02\/A77310F1-9C57-478D-BB3C-9DA8578DA27C.jpeg","contentUrl":"https:\/\/quehacerpolitico.mx\/wp-content\/uploads\/2023\/02\/A77310F1-9C57-478D-BB3C-9DA8578DA27C.jpeg","width":701,"height":523},{"@type":"BreadcrumbList","@id":"https:\/\/quehacerpolitico.mx\/?p=98827#breadcrumb","itemListElement":[{"@type":"ListItem","position":1,"name":"Inicio","item":"https:\/\/quehacerpolitico.mx\/"},{"@type":"ListItem","position":2,"name":"Internacionales\/\/\/Carolina Alonso Romei\/\/\/Biden se re\u00fane con el presidente polaco Andrzej Duda y agradece su apoyo a Ucrania"}]},{"@type":"WebSite","@id":"https:\/\/quehacerpolitico.mx\/#website","url":"https:\/\/quehacerpolitico.mx\/","name":"","description":"","potentialAction":[{"@type":"SearchAction","target":{"@type":"EntryPoint","urlTemplate":"https:\/\/quehacerpolitico.mx\/?s={search_term_string}"},"query-input":{"@type":"PropertyValueSpecification","valueRequired":true,"valueName":"search_term_string"}}],"inLanguage":"es"},{"@type":"Person","@id":"https:\/\/quehacerpolitico.mx\/#\/schema\/person\/496d8ad2d1d3f8036101dca7ee39e585","name":"Redacci\u00f3n QP","image":{"@type":"ImageObject","inLanguage":"es","@id":"https:\/\/secure.gravatar.com\/avatar\/c7164ed6fdec453195284ad24a5ae5b6e1eed2b848477fa2a4787ba9adf39a41?s=96&d=mm&r=g","url":"https:\/\/secure.gravatar.com\/avatar\/c7164ed6fdec453195284ad24a5ae5b6e1eed2b848477fa2a4787ba9adf39a41?s=96&d=mm&r=g","contentUrl":"https:\/\/secure.gravatar.com\/avatar\/c7164ed6fdec453195284ad24a5ae5b6e1eed2b848477fa2a4787ba9adf39a41?s=96&d=mm&r=g","caption":"Redacci\u00f3n QP"},"url":"https:\/\/quehacerpolitico.mx\/?author=2"}]}},"featured_image_urls":{"full":["https:\/\/quehacerpolitico.mx\/wp-content\/uploads\/2023\/02\/A77310F1-9C57-478D-BB3C-9DA8578DA27C.jpeg",701,523,false],"thumbnail":["https:\/\/quehacerpolitico.mx\/wp-content\/uploads\/2023\/02\/A77310F1-9C57-478D-BB3C-9DA8578DA27C-150x150.jpeg",150,150,true],"medium":["https:\/\/quehacerpolitico.mx\/wp-content\/uploads\/2023\/02\/A77310F1-9C57-478D-BB3C-9DA8578DA27C-300x224.jpeg",300,224,true],"medium_large":["https:\/\/quehacerpolitico.mx\/wp-content\/uploads\/2023\/02\/A77310F1-9C57-478D-BB3C-9DA8578DA27C.jpeg",640,477,false],"large":["https:\/\/quehacerpolitico.mx\/wp-content\/uploads\/2023\/02\/A77310F1-9C57-478D-BB3C-9DA8578DA27C.jpeg",640,477,false],"1536x1536":["https:\/\/quehacerpolitico.mx\/wp-content\/uploads\/2023\/02\/A77310F1-9C57-478D-BB3C-9DA8578DA27C.jpeg",701,523,false],"2048x2048":["https:\/\/quehacerpolitico.mx\/wp-content\/uploads\/2023\/02\/A77310F1-9C57-478D-BB3C-9DA8578DA27C.jpeg",701,523,false],"covernews-featured":["https:\/\/quehacerpolitico.mx\/wp-content\/uploads\/2023\/02\/A77310F1-9C57-478D-BB3C-9DA8578DA27C.jpeg",701,523,false],"covernews-medium":["https:\/\/quehacerpolitico.mx\/wp-content\/uploads\/2023\/02\/A77310F1-9C57-478D-BB3C-9DA8578DA27C.jpeg",456,340,false]},"author_info":{"display_name":"Redacci\u00f3n QP","author_link":"https:\/\/quehacerpolitico.mx\/?author=2"},"category_info":"<a href=\"https:\/\/quehacerpolitico.mx\/?cat=1\" rel=\"category\">Internacionales<\/a>","tag_info":"Internacionales","comment_count":"0","_links":{"self":[{"href":"https:\/\/quehacerpolitico.mx\/index.php?rest_route=\/wp\/v2\/posts\/98827","targetHints":{"allow":["GET"]}}],"collection":[{"href":"https:\/\/quehacerpolitico.mx\/index.php?rest_route=\/wp\/v2\/posts"}],"about":[{"href":"https:\/\/quehacerpolitico.mx\/index.php?rest_route=\/wp\/v2\/types\/post"}],"author":[{"embeddable":true,"href":"https:\/\/quehacerpolitico.mx\/index.php?rest_route=\/wp\/v2\/users\/2"}],"replies":[{"embeddable":true,"href":"https:\/\/quehacerpolitico.mx\/index.php?rest_route=%2Fwp%2Fv2%2Fcomments&post=98827"}],"version-history":[{"count":1,"href":"https:\/\/quehacerpolitico.mx\/index.php?rest_route=\/wp\/v2\/posts\/98827\/revisions"}],"predecessor-version":[{"id":98829,"href":"https:\/\/quehacerpolitico.mx\/index.php?rest_route=\/wp\/v2\/posts\/98827\/revisions\/98829"}],"wp:featuredmedia":[{"embeddable":true,"href":"https:\/\/quehacerpolitico.mx\/index.php?rest_route=\/wp\/v2\/media\/98828"}],"wp:attachment":[{"href":"https:\/\/quehacerpolitico.mx\/index.php?rest_route=%2Fwp%2Fv2%2Fmedia&parent=98827"}],"wp:term":[{"taxonomy":"category","embeddable":true,"href":"https:\/\/quehacerpolitico.mx\/index.php?rest_route=%2Fwp%2Fv2%2Fcategories&post=98827"},{"taxonomy":"post_tag","embeddable":true,"href":"https:\/\/quehacerpolitico.mx\/index.php?rest_route=%2Fwp%2Fv2%2Ftags&post=98827"}],"curies":[{"name":"wp","href":"https:\/\/api.w.org\/{rel}","templated":true}]}}