{"id":98811,"date":"2023-02-20T20:40:26","date_gmt":"2023-02-20T20:40:26","guid":{"rendered":"https:\/\/quehacerpolitico.mx\/?p=98811"},"modified":"2023-02-20T20:40:29","modified_gmt":"2023-02-20T20:40:29","slug":"la-mexicana-lila-aviles-aspira-con-totem-al-oso-de-oro-de-la-berlinale","status":"publish","type":"post","link":"https:\/\/quehacerpolitico.mx\/?p=98811","title":{"rendered":"La mexicana Lila Avil\u00e9s aspira con &#8220;T\u00f3tem&#8221; al Oso de Oro de la Berlinale"},"content":{"rendered":"\n<p>Por Redacci\u00f3n QP<\/p>\n\n\n\n<p>La mexicana Lila Avil\u00e9s representa en &#8220;T\u00f3tem&#8221;, su m\u00e1s reciente largometraje, la uni\u00f3n de la familia desde distintas perspectivas<\/p>\n\n\n\n<p>La realizadora mexicana<strong>&nbsp;Lila Avil\u00e9s<\/strong>&nbsp;presenta este lunes en la Berlinale su segundo largometraje,<strong>&nbsp;&#8220;T\u00f3tem&#8221;,<\/strong>&nbsp;un regreso a los amigos, a la familia y a esos momentos que representan el &#8220;sost\u00e9n&#8221;, y<strong>&nbsp;con el que aspira al Oso de Oro de la Berlinale<\/strong>.<\/p>\n\n\n\n<p>En entrevista una entrevista la cineasta afirma que<strong>el t\u00f3tem &#8220;somos todos&#8221;<\/strong>. Es &#8220;parad\u00f3jico&#8221;, porque hay una parte de la singularidad que nos hace<strong>\u00a0&#8220;tan especiales, tan \u00fanicos cada uno en su idiosincrasia, personalidad y dem\u00e1s, pero al mismo tiempo somos un grupo, somos una uni\u00f3n, somos un todo&#8221;<\/strong>, explica.<\/p>\n\n\n\n<figure class=\"wp-block-image size-full\"><img loading=\"lazy\" decoding=\"async\" width=\"355\" height=\"223\" src=\"https:\/\/quehacerpolitico.mx\/wp-content\/uploads\/2023\/02\/image-48.jpeg\" alt=\"\" class=\"wp-image-98812\" srcset=\"https:\/\/quehacerpolitico.mx\/wp-content\/uploads\/2023\/02\/image-48.jpeg 355w, https:\/\/quehacerpolitico.mx\/wp-content\/uploads\/2023\/02\/image-48-300x188.jpeg 300w, https:\/\/quehacerpolitico.mx\/wp-content\/uploads\/2023\/02\/image-48-232x146.jpeg 232w, https:\/\/quehacerpolitico.mx\/wp-content\/uploads\/2023\/02\/image-48-50x31.jpeg 50w, https:\/\/quehacerpolitico.mx\/wp-content\/uploads\/2023\/02\/image-48-119x75.jpeg 119w\" sizes=\"auto, (max-width: 355px) 100vw, 355px\" \/><\/figure>\n\n\n\n<p><strong>&#8220;Para m\u00ed esa parte significa el t\u00f3tem, significa la familia&#8221;<\/strong>, que &#8220;a veces es la familia de sangre, pero a veces son los amigos, a veces es el trabajo, a veces es t\u00fa y el \u00e1rbol&#8221;, esos\u00a0<strong>&#8220;s\u00edmbolos, o esencia, o palabra o aquello que hace que lo honres y que te una&#8221;<\/strong>.<\/p>\n\n\n\n<p>En su filme, Avil\u00e9s quer\u00eda regresar a la familia y a los amigos y a&nbsp;<strong>&#8220;esos momentos que son como en los umbrales, pues son el sost\u00e9n, son la belleza, es la diversi\u00f3n, es la ca\u00edda, es la levantada, es lo que da soporte&#8221;.<\/strong><\/p>\n\n\n\n<p>La pel\u00edcula transcurre en una gran casa donde la familia y los amigos de Tona, pintor y joven padre, celebran un doble ritual:\u00a0<strong>es su cumplea\u00f1os, y probablemente tambi\u00e9n el \u00faltimo,<\/strong>\u00a0por lo que los presentes celebran y recuerdan casi a modo de despedida momentos que han compartido con el homenajeado.<\/p>\n\n\n\n<figure class=\"wp-block-image\"><img decoding=\"async\" src=\"https:\/\/www.informador.mx\/export\/sites\/elinformador\/img\/2023\/02\/20\/img_5342.jpg_365537068.jpg\" alt=\"\" title=\"\"\/><figcaption class=\"wp-element-caption\">Para la directora mexicana la infancia es &#8220;la semilla&#8221; y es una etapa clave. EFE\/ARCHIVO&nbsp;<\/figcaption><\/figure>\n\n\n\n<p>Mientras las hermanas de Tona est\u00e1n estresadas con tener la fiesta y la casa a punto para cuando lleguen los invitados, su padre m\u00e1s bien desaprueba la celebraci\u00f3n que a su entender el homenajeado no ha pedido, y su hija peque\u00f1a se tiene que aceptar resignada tanta agitaci\u00f3n y espera.<\/p>\n\n\n\n<p>El amor, el cari\u00f1o y el afecto que recibe Tona de su familia y amigos durante la celebraci\u00f3n\u00a0<strong>son precisamente esa uni\u00f3n y esos momentos que aportan el soporte que necesita.<\/strong><\/p>\n\n\n\n<p>&#8220;A veces pensamos que somos iguales en esencia de gustos, y obviamente cada persona tiene su camino y sus reglas&#8221; y a veces\u00a0<strong>&#8220;simplemente no quieres celebrar, porque para celebrar hay que tener el \u00edmpetu, y a veces la vida te coloca en un camino donde el cuerpo mismo dice no, ahorita no quiero&#8221;<\/strong>, dice la realizadora. Obviamente, agrega, est\u00e1 la otra parte que dice s\u00ed, que quiere festejar.<\/p>\n\n\n\n<figure class=\"wp-block-embed is-type-rich is-provider-twitter wp-block-embed-twitter\"><div class=\"wp-block-embed__wrapper\">\n<blockquote class=\"twitter-tweet\" data-width=\"550\" data-dnt=\"true\"><p lang=\"es\" dir=\"ltr\">\ud83d\udea8\u00a1Maravillosa noticia!<br><br>&#39;T\u00d3TEM&#39; de Lila Avil\u00e9s (La camarista, 2018) tendr\u00e1 su Premier Mundial como parte de la Competencia Oficial del Festival Internacional de Cine de Berl\u00edn.<br><br>\u00a1Felicidades a todo el equipo! <a href=\"https:\/\/t.co\/psM82N7u2O\">pic.twitter.com\/psM82N7u2O<\/a><\/p>&mdash; Cine CAN\u00cdBAL\u00ae (@cineCANIBAL) <a href=\"https:\/\/twitter.com\/cineCANIBAL\/status\/1617514989811650560?ref_src=twsrc%5Etfw\">January 23, 2023<\/a><\/blockquote><script async src=\"https:\/\/platform.twitter.com\/widgets.js\" charset=\"utf-8\"><\/script>\n<\/div><\/figure>\n\n\n\n<p>As\u00ed, este filme en particular<strong>&nbsp;es una historia de una familia que quieren festejar al padre, y \u00e9l no quiere<\/strong>, y sobre esa base se va gestando la trama. En definitiva, de lo que se trata en cualquier familia es de &#8220;buscar la democracia y poner orden y dejarse ir a veces&#8221;, agrega.<\/p>\n\n\n\n<p>En el filme aparecen varias generaciones de la familia: desde el abuelo, alguien con m\u00e1s edad y al final con una mayor madurez, a\u00f1os de recorrido y &#8220;otro tipo de estar en el mundo&#8221; hasta las &#8220;chiquititas&#8221; y, en medio, los adultos, que son como &#8220;el desastre, el tal\u00f3n de Aquiles&#8221;, explica la realizadora.<strong>&nbsp;Agrega que para ella, la infancia &#8220;es todo, es la semilla&#8221;.<\/strong><\/p>\n\n\n\n<p>&#8220;<strong>La infancia es destino.<\/strong>&nbsp;Si a una semilla no la cuidas, no se va a transformar en \u00e1rbol.&nbsp;<strong>Siento que esos primeros a\u00f1os, en esas primeras gestaciones de la vida, hay que ser los m\u00e1s emp\u00e1ticos&#8221;<\/strong>, dice.&nbsp;<\/p>\n\n\n\n<p>En la infancia est\u00e1 la<strong>\u00a0&#8220;vitalidad&#8221;<\/strong>\u00a0y esa<strong>&#8220;efervescencia&#8221;<\/strong>\u00a0y cuando vamos creciendo,<strong>\u00a0&#8220;nos vamos agrietando&#8221;,<\/strong>\u00a0y entonces<strong>\u00a0&#8220;hay que regresar a esas cosas tan b\u00e1sicas&#8221;<\/strong>, como jugar o simplemente estar.\u00a0<br>Con Informaci\u00f3n de EFE<\/p>\n","protected":false},"excerpt":{"rendered":"<p>Por Redacci\u00f3n QP La mexicana Lila Avil\u00e9s representa en &#8220;T\u00f3tem&#8221;, su m\u00e1s reciente largometraje, la&#8230;<\/p>\n","protected":false},"author":2,"featured_media":98813,"comment_status":"open","ping_status":"open","sticky":false,"template":"","format":"standard","meta":{"_monsterinsights_skip_tracking":false,"_monsterinsights_sitenote_active":false,"_monsterinsights_sitenote_note":"","_monsterinsights_sitenote_category":0,"footnotes":""},"categories":[58],"tags":[],"class_list":["post-98811","post","type-post","status-publish","format-standard","has-post-thumbnail","hentry","category-cultura"],"yoast_head":"<!-- This site is optimized with the Yoast SEO plugin v27.3 - https:\/\/yoast.com\/product\/yoast-seo-wordpress\/ -->\n<title>La mexicana Lila Avil\u00e9s aspira con &quot;T\u00f3tem&quot; al Oso de Oro de la Berlinale -<\/title>\n<meta name=\"robots\" content=\"index, follow, max-snippet:-1, max-image-preview:large, max-video-preview:-1\" \/>\n<link rel=\"canonical\" href=\"https:\/\/quehacerpolitico.mx\/?p=98811\" \/>\n<meta property=\"og:locale\" content=\"es_MX\" \/>\n<meta property=\"og:type\" content=\"article\" \/>\n<meta property=\"og:title\" content=\"La mexicana Lila Avil\u00e9s aspira con &quot;T\u00f3tem&quot; al Oso de Oro de la Berlinale -\" \/>\n<meta property=\"og:description\" content=\"Por Redacci\u00f3n QP La mexicana Lila Avil\u00e9s representa en &#8220;T\u00f3tem&#8221;, su m\u00e1s reciente largometraje, la...\" \/>\n<meta property=\"og:url\" content=\"https:\/\/quehacerpolitico.mx\/?p=98811\" \/>\n<meta property=\"article:published_time\" content=\"2023-02-20T20:40:26+00:00\" \/>\n<meta property=\"article:modified_time\" content=\"2023-02-20T20:40:29+00:00\" \/>\n<meta property=\"og:image\" content=\"https:\/\/quehacerpolitico.mx\/wp-content\/uploads\/2023\/02\/1DF588E5-06C2-4D52-A267-3B44079009E0.jpeg\" \/>\n\t<meta property=\"og:image:width\" content=\"739\" \/>\n\t<meta property=\"og:image:height\" content=\"415\" \/>\n\t<meta property=\"og:image:type\" content=\"image\/jpeg\" \/>\n<meta name=\"author\" content=\"Redacci\u00f3n QP\" \/>\n<meta name=\"twitter:card\" content=\"summary_large_image\" \/>\n<meta name=\"twitter:label1\" content=\"Escrito por\" \/>\n\t<meta name=\"twitter:data1\" content=\"Redacci\u00f3n QP\" \/>\n\t<meta name=\"twitter:label2\" content=\"Tiempo de lectura\" \/>\n\t<meta name=\"twitter:data2\" content=\"3 minutos\" \/>\n<script type=\"application\/ld+json\" class=\"yoast-schema-graph\">{\"@context\":\"https:\\\/\\\/schema.org\",\"@graph\":[{\"@type\":\"Article\",\"@id\":\"https:\\\/\\\/quehacerpolitico.mx\\\/?p=98811#article\",\"isPartOf\":{\"@id\":\"https:\\\/\\\/quehacerpolitico.mx\\\/?p=98811\"},\"author\":{\"name\":\"Redacci\u00f3n QP\",\"@id\":\"https:\\\/\\\/quehacerpolitico.mx\\\/#\\\/schema\\\/person\\\/496d8ad2d1d3f8036101dca7ee39e585\"},\"headline\":\"La mexicana Lila Avil\u00e9s aspira con &#8220;T\u00f3tem&#8221; al Oso de Oro de la Berlinale\",\"datePublished\":\"2023-02-20T20:40:26+00:00\",\"dateModified\":\"2023-02-20T20:40:29+00:00\",\"mainEntityOfPage\":{\"@id\":\"https:\\\/\\\/quehacerpolitico.mx\\\/?p=98811\"},\"wordCount\":696,\"commentCount\":0,\"image\":{\"@id\":\"https:\\\/\\\/quehacerpolitico.mx\\\/?p=98811#primaryimage\"},\"thumbnailUrl\":\"https:\\\/\\\/quehacerpolitico.mx\\\/wp-content\\\/uploads\\\/2023\\\/02\\\/1DF588E5-06C2-4D52-A267-3B44079009E0.jpeg\",\"articleSection\":[\"Cultura y Entretenimiento\"],\"inLanguage\":\"es\",\"potentialAction\":[{\"@type\":\"CommentAction\",\"name\":\"Comment\",\"target\":[\"https:\\\/\\\/quehacerpolitico.mx\\\/?p=98811#respond\"]}]},{\"@type\":\"WebPage\",\"@id\":\"https:\\\/\\\/quehacerpolitico.mx\\\/?p=98811\",\"url\":\"https:\\\/\\\/quehacerpolitico.mx\\\/?p=98811\",\"name\":\"La mexicana Lila Avil\u00e9s aspira con \\\"T\u00f3tem\\\" al Oso de Oro de la Berlinale -\",\"isPartOf\":{\"@id\":\"https:\\\/\\\/quehacerpolitico.mx\\\/#website\"},\"primaryImageOfPage\":{\"@id\":\"https:\\\/\\\/quehacerpolitico.mx\\\/?p=98811#primaryimage\"},\"image\":{\"@id\":\"https:\\\/\\\/quehacerpolitico.mx\\\/?p=98811#primaryimage\"},\"thumbnailUrl\":\"https:\\\/\\\/quehacerpolitico.mx\\\/wp-content\\\/uploads\\\/2023\\\/02\\\/1DF588E5-06C2-4D52-A267-3B44079009E0.jpeg\",\"datePublished\":\"2023-02-20T20:40:26+00:00\",\"dateModified\":\"2023-02-20T20:40:29+00:00\",\"author\":{\"@id\":\"https:\\\/\\\/quehacerpolitico.mx\\\/#\\\/schema\\\/person\\\/496d8ad2d1d3f8036101dca7ee39e585\"},\"breadcrumb\":{\"@id\":\"https:\\\/\\\/quehacerpolitico.mx\\\/?p=98811#breadcrumb\"},\"inLanguage\":\"es\",\"potentialAction\":[{\"@type\":\"ReadAction\",\"target\":[\"https:\\\/\\\/quehacerpolitico.mx\\\/?p=98811\"]}]},{\"@type\":\"ImageObject\",\"inLanguage\":\"es\",\"@id\":\"https:\\\/\\\/quehacerpolitico.mx\\\/?p=98811#primaryimage\",\"url\":\"https:\\\/\\\/quehacerpolitico.mx\\\/wp-content\\\/uploads\\\/2023\\\/02\\\/1DF588E5-06C2-4D52-A267-3B44079009E0.jpeg\",\"contentUrl\":\"https:\\\/\\\/quehacerpolitico.mx\\\/wp-content\\\/uploads\\\/2023\\\/02\\\/1DF588E5-06C2-4D52-A267-3B44079009E0.jpeg\",\"width\":739,\"height\":415},{\"@type\":\"BreadcrumbList\",\"@id\":\"https:\\\/\\\/quehacerpolitico.mx\\\/?p=98811#breadcrumb\",\"itemListElement\":[{\"@type\":\"ListItem\",\"position\":1,\"name\":\"Inicio\",\"item\":\"https:\\\/\\\/quehacerpolitico.mx\\\/\"},{\"@type\":\"ListItem\",\"position\":2,\"name\":\"La mexicana Lila Avil\u00e9s aspira con &#8220;T\u00f3tem&#8221; al Oso de Oro de la Berlinale\"}]},{\"@type\":\"WebSite\",\"@id\":\"https:\\\/\\\/quehacerpolitico.mx\\\/#website\",\"url\":\"https:\\\/\\\/quehacerpolitico.mx\\\/\",\"name\":\"\",\"description\":\"\",\"potentialAction\":[{\"@type\":\"SearchAction\",\"target\":{\"@type\":\"EntryPoint\",\"urlTemplate\":\"https:\\\/\\\/quehacerpolitico.mx\\\/?s={search_term_string}\"},\"query-input\":{\"@type\":\"PropertyValueSpecification\",\"valueRequired\":true,\"valueName\":\"search_term_string\"}}],\"inLanguage\":\"es\"},{\"@type\":\"Person\",\"@id\":\"https:\\\/\\\/quehacerpolitico.mx\\\/#\\\/schema\\\/person\\\/496d8ad2d1d3f8036101dca7ee39e585\",\"name\":\"Redacci\u00f3n QP\",\"image\":{\"@type\":\"ImageObject\",\"inLanguage\":\"es\",\"@id\":\"https:\\\/\\\/secure.gravatar.com\\\/avatar\\\/c7164ed6fdec453195284ad24a5ae5b6e1eed2b848477fa2a4787ba9adf39a41?s=96&d=mm&r=g\",\"url\":\"https:\\\/\\\/secure.gravatar.com\\\/avatar\\\/c7164ed6fdec453195284ad24a5ae5b6e1eed2b848477fa2a4787ba9adf39a41?s=96&d=mm&r=g\",\"contentUrl\":\"https:\\\/\\\/secure.gravatar.com\\\/avatar\\\/c7164ed6fdec453195284ad24a5ae5b6e1eed2b848477fa2a4787ba9adf39a41?s=96&d=mm&r=g\",\"caption\":\"Redacci\u00f3n QP\"},\"url\":\"https:\\\/\\\/quehacerpolitico.mx\\\/?author=2\"}]}<\/script>\n<!-- \/ Yoast SEO plugin. -->","yoast_head_json":{"title":"La mexicana Lila Avil\u00e9s aspira con \"T\u00f3tem\" al Oso de Oro de la Berlinale -","robots":{"index":"index","follow":"follow","max-snippet":"max-snippet:-1","max-image-preview":"max-image-preview:large","max-video-preview":"max-video-preview:-1"},"canonical":"https:\/\/quehacerpolitico.mx\/?p=98811","og_locale":"es_MX","og_type":"article","og_title":"La mexicana Lila Avil\u00e9s aspira con \"T\u00f3tem\" al Oso de Oro de la Berlinale -","og_description":"Por Redacci\u00f3n QP La mexicana Lila Avil\u00e9s representa en &#8220;T\u00f3tem&#8221;, su m\u00e1s reciente largometraje, la...","og_url":"https:\/\/quehacerpolitico.mx\/?p=98811","article_published_time":"2023-02-20T20:40:26+00:00","article_modified_time":"2023-02-20T20:40:29+00:00","og_image":[{"width":739,"height":415,"url":"https:\/\/quehacerpolitico.mx\/wp-content\/uploads\/2023\/02\/1DF588E5-06C2-4D52-A267-3B44079009E0.jpeg","type":"image\/jpeg"}],"author":"Redacci\u00f3n QP","twitter_card":"summary_large_image","twitter_misc":{"Escrito por":"Redacci\u00f3n QP","Tiempo de lectura":"3 minutos"},"schema":{"@context":"https:\/\/schema.org","@graph":[{"@type":"Article","@id":"https:\/\/quehacerpolitico.mx\/?p=98811#article","isPartOf":{"@id":"https:\/\/quehacerpolitico.mx\/?p=98811"},"author":{"name":"Redacci\u00f3n QP","@id":"https:\/\/quehacerpolitico.mx\/#\/schema\/person\/496d8ad2d1d3f8036101dca7ee39e585"},"headline":"La mexicana Lila Avil\u00e9s aspira con &#8220;T\u00f3tem&#8221; al Oso de Oro de la Berlinale","datePublished":"2023-02-20T20:40:26+00:00","dateModified":"2023-02-20T20:40:29+00:00","mainEntityOfPage":{"@id":"https:\/\/quehacerpolitico.mx\/?p=98811"},"wordCount":696,"commentCount":0,"image":{"@id":"https:\/\/quehacerpolitico.mx\/?p=98811#primaryimage"},"thumbnailUrl":"https:\/\/quehacerpolitico.mx\/wp-content\/uploads\/2023\/02\/1DF588E5-06C2-4D52-A267-3B44079009E0.jpeg","articleSection":["Cultura y Entretenimiento"],"inLanguage":"es","potentialAction":[{"@type":"CommentAction","name":"Comment","target":["https:\/\/quehacerpolitico.mx\/?p=98811#respond"]}]},{"@type":"WebPage","@id":"https:\/\/quehacerpolitico.mx\/?p=98811","url":"https:\/\/quehacerpolitico.mx\/?p=98811","name":"La mexicana Lila Avil\u00e9s aspira con \"T\u00f3tem\" al Oso de Oro de la Berlinale -","isPartOf":{"@id":"https:\/\/quehacerpolitico.mx\/#website"},"primaryImageOfPage":{"@id":"https:\/\/quehacerpolitico.mx\/?p=98811#primaryimage"},"image":{"@id":"https:\/\/quehacerpolitico.mx\/?p=98811#primaryimage"},"thumbnailUrl":"https:\/\/quehacerpolitico.mx\/wp-content\/uploads\/2023\/02\/1DF588E5-06C2-4D52-A267-3B44079009E0.jpeg","datePublished":"2023-02-20T20:40:26+00:00","dateModified":"2023-02-20T20:40:29+00:00","author":{"@id":"https:\/\/quehacerpolitico.mx\/#\/schema\/person\/496d8ad2d1d3f8036101dca7ee39e585"},"breadcrumb":{"@id":"https:\/\/quehacerpolitico.mx\/?p=98811#breadcrumb"},"inLanguage":"es","potentialAction":[{"@type":"ReadAction","target":["https:\/\/quehacerpolitico.mx\/?p=98811"]}]},{"@type":"ImageObject","inLanguage":"es","@id":"https:\/\/quehacerpolitico.mx\/?p=98811#primaryimage","url":"https:\/\/quehacerpolitico.mx\/wp-content\/uploads\/2023\/02\/1DF588E5-06C2-4D52-A267-3B44079009E0.jpeg","contentUrl":"https:\/\/quehacerpolitico.mx\/wp-content\/uploads\/2023\/02\/1DF588E5-06C2-4D52-A267-3B44079009E0.jpeg","width":739,"height":415},{"@type":"BreadcrumbList","@id":"https:\/\/quehacerpolitico.mx\/?p=98811#breadcrumb","itemListElement":[{"@type":"ListItem","position":1,"name":"Inicio","item":"https:\/\/quehacerpolitico.mx\/"},{"@type":"ListItem","position":2,"name":"La mexicana Lila Avil\u00e9s aspira con &#8220;T\u00f3tem&#8221; al Oso de Oro de la Berlinale"}]},{"@type":"WebSite","@id":"https:\/\/quehacerpolitico.mx\/#website","url":"https:\/\/quehacerpolitico.mx\/","name":"","description":"","potentialAction":[{"@type":"SearchAction","target":{"@type":"EntryPoint","urlTemplate":"https:\/\/quehacerpolitico.mx\/?s={search_term_string}"},"query-input":{"@type":"PropertyValueSpecification","valueRequired":true,"valueName":"search_term_string"}}],"inLanguage":"es"},{"@type":"Person","@id":"https:\/\/quehacerpolitico.mx\/#\/schema\/person\/496d8ad2d1d3f8036101dca7ee39e585","name":"Redacci\u00f3n QP","image":{"@type":"ImageObject","inLanguage":"es","@id":"https:\/\/secure.gravatar.com\/avatar\/c7164ed6fdec453195284ad24a5ae5b6e1eed2b848477fa2a4787ba9adf39a41?s=96&d=mm&r=g","url":"https:\/\/secure.gravatar.com\/avatar\/c7164ed6fdec453195284ad24a5ae5b6e1eed2b848477fa2a4787ba9adf39a41?s=96&d=mm&r=g","contentUrl":"https:\/\/secure.gravatar.com\/avatar\/c7164ed6fdec453195284ad24a5ae5b6e1eed2b848477fa2a4787ba9adf39a41?s=96&d=mm&r=g","caption":"Redacci\u00f3n QP"},"url":"https:\/\/quehacerpolitico.mx\/?author=2"}]}},"featured_image_urls":{"full":["https:\/\/quehacerpolitico.mx\/wp-content\/uploads\/2023\/02\/1DF588E5-06C2-4D52-A267-3B44079009E0.jpeg",739,415,false],"thumbnail":["https:\/\/quehacerpolitico.mx\/wp-content\/uploads\/2023\/02\/1DF588E5-06C2-4D52-A267-3B44079009E0-150x150.jpeg",150,150,true],"medium":["https:\/\/quehacerpolitico.mx\/wp-content\/uploads\/2023\/02\/1DF588E5-06C2-4D52-A267-3B44079009E0-300x168.jpeg",300,168,true],"medium_large":["https:\/\/quehacerpolitico.mx\/wp-content\/uploads\/2023\/02\/1DF588E5-06C2-4D52-A267-3B44079009E0.jpeg",640,359,false],"large":["https:\/\/quehacerpolitico.mx\/wp-content\/uploads\/2023\/02\/1DF588E5-06C2-4D52-A267-3B44079009E0.jpeg",640,359,false],"1536x1536":["https:\/\/quehacerpolitico.mx\/wp-content\/uploads\/2023\/02\/1DF588E5-06C2-4D52-A267-3B44079009E0.jpeg",739,415,false],"2048x2048":["https:\/\/quehacerpolitico.mx\/wp-content\/uploads\/2023\/02\/1DF588E5-06C2-4D52-A267-3B44079009E0.jpeg",739,415,false],"covernews-featured":["https:\/\/quehacerpolitico.mx\/wp-content\/uploads\/2023\/02\/1DF588E5-06C2-4D52-A267-3B44079009E0.jpeg",739,415,false],"covernews-medium":["https:\/\/quehacerpolitico.mx\/wp-content\/uploads\/2023\/02\/1DF588E5-06C2-4D52-A267-3B44079009E0.jpeg",540,303,false]},"author_info":{"display_name":"Redacci\u00f3n QP","author_link":"https:\/\/quehacerpolitico.mx\/?author=2"},"category_info":"<a href=\"https:\/\/quehacerpolitico.mx\/?cat=58\" rel=\"category\">Cultura y Entretenimiento<\/a>","tag_info":"Cultura y Entretenimiento","comment_count":"0","_links":{"self":[{"href":"https:\/\/quehacerpolitico.mx\/index.php?rest_route=\/wp\/v2\/posts\/98811","targetHints":{"allow":["GET"]}}],"collection":[{"href":"https:\/\/quehacerpolitico.mx\/index.php?rest_route=\/wp\/v2\/posts"}],"about":[{"href":"https:\/\/quehacerpolitico.mx\/index.php?rest_route=\/wp\/v2\/types\/post"}],"author":[{"embeddable":true,"href":"https:\/\/quehacerpolitico.mx\/index.php?rest_route=\/wp\/v2\/users\/2"}],"replies":[{"embeddable":true,"href":"https:\/\/quehacerpolitico.mx\/index.php?rest_route=%2Fwp%2Fv2%2Fcomments&post=98811"}],"version-history":[{"count":1,"href":"https:\/\/quehacerpolitico.mx\/index.php?rest_route=\/wp\/v2\/posts\/98811\/revisions"}],"predecessor-version":[{"id":98814,"href":"https:\/\/quehacerpolitico.mx\/index.php?rest_route=\/wp\/v2\/posts\/98811\/revisions\/98814"}],"wp:featuredmedia":[{"embeddable":true,"href":"https:\/\/quehacerpolitico.mx\/index.php?rest_route=\/wp\/v2\/media\/98813"}],"wp:attachment":[{"href":"https:\/\/quehacerpolitico.mx\/index.php?rest_route=%2Fwp%2Fv2%2Fmedia&parent=98811"}],"wp:term":[{"taxonomy":"category","embeddable":true,"href":"https:\/\/quehacerpolitico.mx\/index.php?rest_route=%2Fwp%2Fv2%2Fcategories&post=98811"},{"taxonomy":"post_tag","embeddable":true,"href":"https:\/\/quehacerpolitico.mx\/index.php?rest_route=%2Fwp%2Fv2%2Ftags&post=98811"}],"curies":[{"name":"wp","href":"https:\/\/api.w.org\/{rel}","templated":true}]}}