{"id":98808,"date":"2023-02-20T20:21:14","date_gmt":"2023-02-20T20:21:14","guid":{"rendered":"https:\/\/quehacerpolitico.mx\/?p=98808"},"modified":"2023-02-20T20:21:17","modified_gmt":"2023-02-20T20:21:17","slug":"que-se-conmemora-hoy-20-de-febrero","status":"publish","type":"post","link":"https:\/\/quehacerpolitico.mx\/?p=98808","title":{"rendered":"\u00bfQu\u00e9 se conmemora hoy, 20 de febrero?"},"content":{"rendered":"\n<p>Por Redacci\u00f3n QP<\/p>\n\n\n\n<p>Los diversos acontecimientos que fueron forjando poco a poco la historia del mundo, un d\u00eda igual a este<\/p>\n\n\n\n<p><strong>El 20\u00a0de febrero ocurrieron diversos sucesos\u00a0que se quedaron marcados\u00a0en el almanaque de la historia internacional.<\/strong><\/p>\n\n\n\n<p>Desde descubrimientos cient\u00edficos, nacimientos de celebridades y\u00a0hasta tr\u00e1gicas muertes,\u00a0<strong>esto fue\u00a0lo ocurri\u00f3 en la historia, un d\u00eda como hoy.<\/strong><\/p>\n\n\n\n<h2 class=\"wp-block-heading\">Efem\u00e9rides 20&nbsp;de febrero:&nbsp;<\/h2>\n\n\n\n<p>1777: En Espa\u00f1a, Carlos III proh\u00edbe el baile en el interior de las iglesias.<\/p>\n\n\n\n<p>1790: En Francia, la Revoluci\u00f3n francesa proh\u00edbe los conventos.<\/p>\n\n\n\n<p>1872: En Nueva York se inaugura el Museo Metropolitano de Arte.<\/p>\n\n\n\n<p>1909: En Par\u00eds, el peri\u00f3dico Le Figaro publica El manifiesto futurista de Filippo Tommaso Marinetti.<\/p>\n\n\n\n<p>1928: En Estados Unidos, el senado acuerda desbloquear las propiedades alemanas embargadas durante la Primera Guerra Mundial.<\/p>\n\n\n\n<p>1932: En Argentina, el general Agust\u00edn P. Justo asume como presidente.<\/p>\n\n\n\n<p>1935: Caroline Mikkelsen es la primera mujer que pone pie en la Ant\u00e1rtida.<\/p>\n\n\n\n<p>1943: En M\u00e9xico se forma el volc\u00e1n Paricut\u00edn.<\/p>\n\n\n\n<p>1958: En Cabo Ca\u00f1averal (Estados Unidos) el cohete Atlas estalla en la plataforma de lanzamiento, lo que supone el quinto fracaso de siete intentos de lanzamiento.<\/p>\n\n\n\n<p>1962: El astronauta estadounidense John Glenn (del proyecto Mercury) \u00f3rbita 3&nbsp;veces la tierra en 4&nbsp;horas 55&nbsp;minutos, siendo el primer estadounidense en hacerlo.<\/p>\n\n\n\n<p>1965: La sonda estadounidense Ranger VIII env\u00eda 7 mil&nbsp;im\u00e1genes antes de chocar contra la Luna.<\/p>\n\n\n\n<p>1970: Chile firma un tratado comercial con Cuba, a pesar de la prohibici\u00f3n de la Organizaci\u00f3n de los Estados Americanos (OEA).<\/p>\n\n\n\n<p>1998: Estados Unidos finaliza sus operaciones en la Ant\u00e1rtida, tras 43 a\u00f1os de presencia en la zona.<\/p>\n\n\n\n<p>2000: En Berl\u00edn, la pel\u00edcula Magnolia, de Paul Thomas Anderson, recibe el Oso de Oro en el Festival de Berl\u00edn.<\/p>\n\n\n\n<p>2002: La representaci\u00f3n num\u00e9rica de las 20 horas y dos minutos del d\u00eda de hoy configura un curioso pal\u00edndromo de doce cifras: 20:02.20.02.2002, que no se produc\u00eda desde 470 a\u00f1os antes (23:51.21.12.1532) y no volver\u00e1 a repetirse hasta pasados 110 a\u00f1os (21:12.21.12.2112). Este fen\u00f3meno se llama homidimea coincidente.<\/p>\n\n\n\n<p>2007: En el Estado de Nueva Jersey (Estados Unidos) entra en vigor la Ley de Uni\u00f3n Civil entre homosexuales.<\/p>\n\n\n\n<h2 class=\"wp-block-heading\">Nacimientos&nbsp;<\/h2>\n\n\n\n<p>1902: Ansel Adams, fot\u00f3grafo estadounidense (f. 1984).<\/p>\n\n\n\n<p>1930: Roberto Cobo, actor mexicano (f. 2002).<\/p>\n\n\n\n<p>1947: Peter Strauss, actor estadounidense.<\/p>\n\n\n\n<p>1949: Ivana Trump, modelo, esquiadora, celebridad, escritora, dise\u00f1adora y empresaria checoslovaca (f. 2022)<\/p>\n\n\n\n<p>1950: Tony Wilson, periodista y empresario brit\u00e1nico (f. 2007).<\/p>\n\n\n\n<p>1967: Kurt Cobain, cantante, compositor y guitarrista estadounidense (f. 1994).<\/p>\n\n\n\n<p>1967: Lili Taylor, actriz estadounidense.<\/p>\n\n\n\n<p>1968: Ram\u00f3n Luque, escritor y director de cine espa\u00f1ol.<\/p>\n\n\n\n<p>1988: Rihanna, cantante, dise\u00f1adora, compositora, actriz y modelo barbadense.<\/p>\n\n\n\n<p>1989: Jack Falahee, actor estadounidense.<\/p>\n\n\n\n<h2 class=\"wp-block-heading\">Decesos<\/h2>\n\n\n\n<p>1871: Paul Kane, pintor irland\u00e9s-canadiense (n. 1810).<\/p>\n\n\n\n<p>1989: Julio C\u00e9sar Chaves, historiador paraguayo (n. 1907).<\/p>\n\n\n\n<p>2005: Hunter S. Thompson, escritor estadounidense (n. 1937).<\/p>\n\n\n\n<p>2016: Fernando Cardenal, sacerdote jesuita nicarag\u00fcense (n. 1934).<\/p>\n\n\n\n<h2 class=\"wp-block-heading\">\u00bfQu\u00e9 se conmemora hoy, 20 de febrero?&nbsp;<\/h2>\n\n\n\n<ul class=\"wp-block-list\">\n<li>D\u00eda Mundial de la Justicia Social<\/li>\n\n\n\n<li>D\u00eda Internacional del Gato<\/li>\n\n\n\n<li>D\u00eda Internacional del Camar\u00f3grafo y Fot\u00f3grafo<\/li>\n\n\n\n<li>Lunes de Carnaval<\/li>\n<\/ul>\n","protected":false},"excerpt":{"rendered":"<p>Por Redacci\u00f3n QP Los diversos acontecimientos que fueron forjando poco a poco la historia del&#8230;<\/p>\n","protected":false},"author":2,"featured_media":98809,"comment_status":"open","ping_status":"open","sticky":false,"template":"","format":"standard","meta":{"_monsterinsights_skip_tracking":false,"_monsterinsights_sitenote_active":false,"_monsterinsights_sitenote_note":"","_monsterinsights_sitenote_category":0,"footnotes":""},"categories":[58],"tags":[],"class_list":["post-98808","post","type-post","status-publish","format-standard","has-post-thumbnail","hentry","category-cultura"],"yoast_head":"<!-- This site is optimized with the Yoast SEO plugin v27.3 - https:\/\/yoast.com\/product\/yoast-seo-wordpress\/ -->\n<title>\u00bfQu\u00e9 se conmemora hoy, 20 de febrero? -<\/title>\n<meta name=\"robots\" content=\"index, follow, max-snippet:-1, max-image-preview:large, max-video-preview:-1\" \/>\n<link rel=\"canonical\" href=\"https:\/\/quehacerpolitico.mx\/?p=98808\" \/>\n<meta property=\"og:locale\" content=\"es_MX\" \/>\n<meta property=\"og:type\" content=\"article\" \/>\n<meta property=\"og:title\" content=\"\u00bfQu\u00e9 se conmemora hoy, 20 de febrero? -\" \/>\n<meta property=\"og:description\" content=\"Por Redacci\u00f3n QP Los diversos acontecimientos que fueron forjando poco a poco la historia del...\" \/>\n<meta property=\"og:url\" content=\"https:\/\/quehacerpolitico.mx\/?p=98808\" \/>\n<meta property=\"article:published_time\" content=\"2023-02-20T20:21:14+00:00\" \/>\n<meta property=\"article:modified_time\" content=\"2023-02-20T20:21:17+00:00\" \/>\n<meta property=\"og:image\" content=\"https:\/\/quehacerpolitico.mx\/wp-content\/uploads\/2023\/02\/FBBD9393-F34A-42C9-B720-62D796F4D41E.jpeg\" \/>\n\t<meta property=\"og:image:width\" content=\"2046\" \/>\n\t<meta property=\"og:image:height\" content=\"1329\" \/>\n\t<meta property=\"og:image:type\" content=\"image\/jpeg\" \/>\n<meta name=\"author\" content=\"Redacci\u00f3n QP\" \/>\n<meta name=\"twitter:card\" content=\"summary_large_image\" \/>\n<meta name=\"twitter:label1\" content=\"Escrito por\" \/>\n\t<meta name=\"twitter:data1\" content=\"Redacci\u00f3n QP\" \/>\n\t<meta name=\"twitter:label2\" content=\"Tiempo de lectura\" \/>\n\t<meta name=\"twitter:data2\" content=\"2 minutos\" \/>\n<script type=\"application\/ld+json\" class=\"yoast-schema-graph\">{\"@context\":\"https:\\\/\\\/schema.org\",\"@graph\":[{\"@type\":\"Article\",\"@id\":\"https:\\\/\\\/quehacerpolitico.mx\\\/?p=98808#article\",\"isPartOf\":{\"@id\":\"https:\\\/\\\/quehacerpolitico.mx\\\/?p=98808\"},\"author\":{\"name\":\"Redacci\u00f3n QP\",\"@id\":\"https:\\\/\\\/quehacerpolitico.mx\\\/#\\\/schema\\\/person\\\/496d8ad2d1d3f8036101dca7ee39e585\"},\"headline\":\"\u00bfQu\u00e9 se conmemora hoy, 20 de febrero?\",\"datePublished\":\"2023-02-20T20:21:14+00:00\",\"dateModified\":\"2023-02-20T20:21:17+00:00\",\"mainEntityOfPage\":{\"@id\":\"https:\\\/\\\/quehacerpolitico.mx\\\/?p=98808\"},\"wordCount\":503,\"commentCount\":0,\"image\":{\"@id\":\"https:\\\/\\\/quehacerpolitico.mx\\\/?p=98808#primaryimage\"},\"thumbnailUrl\":\"https:\\\/\\\/quehacerpolitico.mx\\\/wp-content\\\/uploads\\\/2023\\\/02\\\/FBBD9393-F34A-42C9-B720-62D796F4D41E.jpeg\",\"articleSection\":[\"Cultura y Entretenimiento\"],\"inLanguage\":\"es\",\"potentialAction\":[{\"@type\":\"CommentAction\",\"name\":\"Comment\",\"target\":[\"https:\\\/\\\/quehacerpolitico.mx\\\/?p=98808#respond\"]}]},{\"@type\":\"WebPage\",\"@id\":\"https:\\\/\\\/quehacerpolitico.mx\\\/?p=98808\",\"url\":\"https:\\\/\\\/quehacerpolitico.mx\\\/?p=98808\",\"name\":\"\u00bfQu\u00e9 se conmemora hoy, 20 de febrero? -\",\"isPartOf\":{\"@id\":\"https:\\\/\\\/quehacerpolitico.mx\\\/#website\"},\"primaryImageOfPage\":{\"@id\":\"https:\\\/\\\/quehacerpolitico.mx\\\/?p=98808#primaryimage\"},\"image\":{\"@id\":\"https:\\\/\\\/quehacerpolitico.mx\\\/?p=98808#primaryimage\"},\"thumbnailUrl\":\"https:\\\/\\\/quehacerpolitico.mx\\\/wp-content\\\/uploads\\\/2023\\\/02\\\/FBBD9393-F34A-42C9-B720-62D796F4D41E.jpeg\",\"datePublished\":\"2023-02-20T20:21:14+00:00\",\"dateModified\":\"2023-02-20T20:21:17+00:00\",\"author\":{\"@id\":\"https:\\\/\\\/quehacerpolitico.mx\\\/#\\\/schema\\\/person\\\/496d8ad2d1d3f8036101dca7ee39e585\"},\"breadcrumb\":{\"@id\":\"https:\\\/\\\/quehacerpolitico.mx\\\/?p=98808#breadcrumb\"},\"inLanguage\":\"es\",\"potentialAction\":[{\"@type\":\"ReadAction\",\"target\":[\"https:\\\/\\\/quehacerpolitico.mx\\\/?p=98808\"]}]},{\"@type\":\"ImageObject\",\"inLanguage\":\"es\",\"@id\":\"https:\\\/\\\/quehacerpolitico.mx\\\/?p=98808#primaryimage\",\"url\":\"https:\\\/\\\/quehacerpolitico.mx\\\/wp-content\\\/uploads\\\/2023\\\/02\\\/FBBD9393-F34A-42C9-B720-62D796F4D41E.jpeg\",\"contentUrl\":\"https:\\\/\\\/quehacerpolitico.mx\\\/wp-content\\\/uploads\\\/2023\\\/02\\\/FBBD9393-F34A-42C9-B720-62D796F4D41E.jpeg\",\"width\":2046,\"height\":1329},{\"@type\":\"BreadcrumbList\",\"@id\":\"https:\\\/\\\/quehacerpolitico.mx\\\/?p=98808#breadcrumb\",\"itemListElement\":[{\"@type\":\"ListItem\",\"position\":1,\"name\":\"Inicio\",\"item\":\"https:\\\/\\\/quehacerpolitico.mx\\\/\"},{\"@type\":\"ListItem\",\"position\":2,\"name\":\"\u00bfQu\u00e9 se conmemora hoy, 20 de febrero?\"}]},{\"@type\":\"WebSite\",\"@id\":\"https:\\\/\\\/quehacerpolitico.mx\\\/#website\",\"url\":\"https:\\\/\\\/quehacerpolitico.mx\\\/\",\"name\":\"\",\"description\":\"\",\"potentialAction\":[{\"@type\":\"SearchAction\",\"target\":{\"@type\":\"EntryPoint\",\"urlTemplate\":\"https:\\\/\\\/quehacerpolitico.mx\\\/?s={search_term_string}\"},\"query-input\":{\"@type\":\"PropertyValueSpecification\",\"valueRequired\":true,\"valueName\":\"search_term_string\"}}],\"inLanguage\":\"es\"},{\"@type\":\"Person\",\"@id\":\"https:\\\/\\\/quehacerpolitico.mx\\\/#\\\/schema\\\/person\\\/496d8ad2d1d3f8036101dca7ee39e585\",\"name\":\"Redacci\u00f3n QP\",\"image\":{\"@type\":\"ImageObject\",\"inLanguage\":\"es\",\"@id\":\"https:\\\/\\\/secure.gravatar.com\\\/avatar\\\/c7164ed6fdec453195284ad24a5ae5b6e1eed2b848477fa2a4787ba9adf39a41?s=96&d=mm&r=g\",\"url\":\"https:\\\/\\\/secure.gravatar.com\\\/avatar\\\/c7164ed6fdec453195284ad24a5ae5b6e1eed2b848477fa2a4787ba9adf39a41?s=96&d=mm&r=g\",\"contentUrl\":\"https:\\\/\\\/secure.gravatar.com\\\/avatar\\\/c7164ed6fdec453195284ad24a5ae5b6e1eed2b848477fa2a4787ba9adf39a41?s=96&d=mm&r=g\",\"caption\":\"Redacci\u00f3n QP\"},\"url\":\"https:\\\/\\\/quehacerpolitico.mx\\\/?author=2\"}]}<\/script>\n<!-- \/ Yoast SEO plugin. -->","yoast_head_json":{"title":"\u00bfQu\u00e9 se conmemora hoy, 20 de febrero? -","robots":{"index":"index","follow":"follow","max-snippet":"max-snippet:-1","max-image-preview":"max-image-preview:large","max-video-preview":"max-video-preview:-1"},"canonical":"https:\/\/quehacerpolitico.mx\/?p=98808","og_locale":"es_MX","og_type":"article","og_title":"\u00bfQu\u00e9 se conmemora hoy, 20 de febrero? -","og_description":"Por Redacci\u00f3n QP Los diversos acontecimientos que fueron forjando poco a poco la historia del...","og_url":"https:\/\/quehacerpolitico.mx\/?p=98808","article_published_time":"2023-02-20T20:21:14+00:00","article_modified_time":"2023-02-20T20:21:17+00:00","og_image":[{"width":2046,"height":1329,"url":"https:\/\/quehacerpolitico.mx\/wp-content\/uploads\/2023\/02\/FBBD9393-F34A-42C9-B720-62D796F4D41E.jpeg","type":"image\/jpeg"}],"author":"Redacci\u00f3n QP","twitter_card":"summary_large_image","twitter_misc":{"Escrito por":"Redacci\u00f3n QP","Tiempo de lectura":"2 minutos"},"schema":{"@context":"https:\/\/schema.org","@graph":[{"@type":"Article","@id":"https:\/\/quehacerpolitico.mx\/?p=98808#article","isPartOf":{"@id":"https:\/\/quehacerpolitico.mx\/?p=98808"},"author":{"name":"Redacci\u00f3n QP","@id":"https:\/\/quehacerpolitico.mx\/#\/schema\/person\/496d8ad2d1d3f8036101dca7ee39e585"},"headline":"\u00bfQu\u00e9 se conmemora hoy, 20 de febrero?","datePublished":"2023-02-20T20:21:14+00:00","dateModified":"2023-02-20T20:21:17+00:00","mainEntityOfPage":{"@id":"https:\/\/quehacerpolitico.mx\/?p=98808"},"wordCount":503,"commentCount":0,"image":{"@id":"https:\/\/quehacerpolitico.mx\/?p=98808#primaryimage"},"thumbnailUrl":"https:\/\/quehacerpolitico.mx\/wp-content\/uploads\/2023\/02\/FBBD9393-F34A-42C9-B720-62D796F4D41E.jpeg","articleSection":["Cultura y Entretenimiento"],"inLanguage":"es","potentialAction":[{"@type":"CommentAction","name":"Comment","target":["https:\/\/quehacerpolitico.mx\/?p=98808#respond"]}]},{"@type":"WebPage","@id":"https:\/\/quehacerpolitico.mx\/?p=98808","url":"https:\/\/quehacerpolitico.mx\/?p=98808","name":"\u00bfQu\u00e9 se conmemora hoy, 20 de febrero? -","isPartOf":{"@id":"https:\/\/quehacerpolitico.mx\/#website"},"primaryImageOfPage":{"@id":"https:\/\/quehacerpolitico.mx\/?p=98808#primaryimage"},"image":{"@id":"https:\/\/quehacerpolitico.mx\/?p=98808#primaryimage"},"thumbnailUrl":"https:\/\/quehacerpolitico.mx\/wp-content\/uploads\/2023\/02\/FBBD9393-F34A-42C9-B720-62D796F4D41E.jpeg","datePublished":"2023-02-20T20:21:14+00:00","dateModified":"2023-02-20T20:21:17+00:00","author":{"@id":"https:\/\/quehacerpolitico.mx\/#\/schema\/person\/496d8ad2d1d3f8036101dca7ee39e585"},"breadcrumb":{"@id":"https:\/\/quehacerpolitico.mx\/?p=98808#breadcrumb"},"inLanguage":"es","potentialAction":[{"@type":"ReadAction","target":["https:\/\/quehacerpolitico.mx\/?p=98808"]}]},{"@type":"ImageObject","inLanguage":"es","@id":"https:\/\/quehacerpolitico.mx\/?p=98808#primaryimage","url":"https:\/\/quehacerpolitico.mx\/wp-content\/uploads\/2023\/02\/FBBD9393-F34A-42C9-B720-62D796F4D41E.jpeg","contentUrl":"https:\/\/quehacerpolitico.mx\/wp-content\/uploads\/2023\/02\/FBBD9393-F34A-42C9-B720-62D796F4D41E.jpeg","width":2046,"height":1329},{"@type":"BreadcrumbList","@id":"https:\/\/quehacerpolitico.mx\/?p=98808#breadcrumb","itemListElement":[{"@type":"ListItem","position":1,"name":"Inicio","item":"https:\/\/quehacerpolitico.mx\/"},{"@type":"ListItem","position":2,"name":"\u00bfQu\u00e9 se conmemora hoy, 20 de febrero?"}]},{"@type":"WebSite","@id":"https:\/\/quehacerpolitico.mx\/#website","url":"https:\/\/quehacerpolitico.mx\/","name":"","description":"","potentialAction":[{"@type":"SearchAction","target":{"@type":"EntryPoint","urlTemplate":"https:\/\/quehacerpolitico.mx\/?s={search_term_string}"},"query-input":{"@type":"PropertyValueSpecification","valueRequired":true,"valueName":"search_term_string"}}],"inLanguage":"es"},{"@type":"Person","@id":"https:\/\/quehacerpolitico.mx\/#\/schema\/person\/496d8ad2d1d3f8036101dca7ee39e585","name":"Redacci\u00f3n QP","image":{"@type":"ImageObject","inLanguage":"es","@id":"https:\/\/secure.gravatar.com\/avatar\/c7164ed6fdec453195284ad24a5ae5b6e1eed2b848477fa2a4787ba9adf39a41?s=96&d=mm&r=g","url":"https:\/\/secure.gravatar.com\/avatar\/c7164ed6fdec453195284ad24a5ae5b6e1eed2b848477fa2a4787ba9adf39a41?s=96&d=mm&r=g","contentUrl":"https:\/\/secure.gravatar.com\/avatar\/c7164ed6fdec453195284ad24a5ae5b6e1eed2b848477fa2a4787ba9adf39a41?s=96&d=mm&r=g","caption":"Redacci\u00f3n QP"},"url":"https:\/\/quehacerpolitico.mx\/?author=2"}]}},"featured_image_urls":{"full":["https:\/\/quehacerpolitico.mx\/wp-content\/uploads\/2023\/02\/FBBD9393-F34A-42C9-B720-62D796F4D41E.jpeg",2046,1329,false],"thumbnail":["https:\/\/quehacerpolitico.mx\/wp-content\/uploads\/2023\/02\/FBBD9393-F34A-42C9-B720-62D796F4D41E-150x150.jpeg",150,150,true],"medium":["https:\/\/quehacerpolitico.mx\/wp-content\/uploads\/2023\/02\/FBBD9393-F34A-42C9-B720-62D796F4D41E-300x195.jpeg",300,195,true],"medium_large":["https:\/\/quehacerpolitico.mx\/wp-content\/uploads\/2023\/02\/FBBD9393-F34A-42C9-B720-62D796F4D41E-768x499.jpeg",640,416,true],"large":["https:\/\/quehacerpolitico.mx\/wp-content\/uploads\/2023\/02\/FBBD9393-F34A-42C9-B720-62D796F4D41E-1024x665.jpeg",640,416,true],"1536x1536":["https:\/\/quehacerpolitico.mx\/wp-content\/uploads\/2023\/02\/FBBD9393-F34A-42C9-B720-62D796F4D41E-1536x998.jpeg",1536,998,true],"2048x2048":["https:\/\/quehacerpolitico.mx\/wp-content\/uploads\/2023\/02\/FBBD9393-F34A-42C9-B720-62D796F4D41E.jpeg",2046,1329,false],"covernews-featured":["https:\/\/quehacerpolitico.mx\/wp-content\/uploads\/2023\/02\/FBBD9393-F34A-42C9-B720-62D796F4D41E.jpeg",1024,665,false],"covernews-medium":["https:\/\/quehacerpolitico.mx\/wp-content\/uploads\/2023\/02\/FBBD9393-F34A-42C9-B720-62D796F4D41E.jpeg",523,340,false]},"author_info":{"display_name":"Redacci\u00f3n QP","author_link":"https:\/\/quehacerpolitico.mx\/?author=2"},"category_info":"<a href=\"https:\/\/quehacerpolitico.mx\/?cat=58\" rel=\"category\">Cultura y Entretenimiento<\/a>","tag_info":"Cultura y Entretenimiento","comment_count":"0","_links":{"self":[{"href":"https:\/\/quehacerpolitico.mx\/index.php?rest_route=\/wp\/v2\/posts\/98808","targetHints":{"allow":["GET"]}}],"collection":[{"href":"https:\/\/quehacerpolitico.mx\/index.php?rest_route=\/wp\/v2\/posts"}],"about":[{"href":"https:\/\/quehacerpolitico.mx\/index.php?rest_route=\/wp\/v2\/types\/post"}],"author":[{"embeddable":true,"href":"https:\/\/quehacerpolitico.mx\/index.php?rest_route=\/wp\/v2\/users\/2"}],"replies":[{"embeddable":true,"href":"https:\/\/quehacerpolitico.mx\/index.php?rest_route=%2Fwp%2Fv2%2Fcomments&post=98808"}],"version-history":[{"count":1,"href":"https:\/\/quehacerpolitico.mx\/index.php?rest_route=\/wp\/v2\/posts\/98808\/revisions"}],"predecessor-version":[{"id":98810,"href":"https:\/\/quehacerpolitico.mx\/index.php?rest_route=\/wp\/v2\/posts\/98808\/revisions\/98810"}],"wp:featuredmedia":[{"embeddable":true,"href":"https:\/\/quehacerpolitico.mx\/index.php?rest_route=\/wp\/v2\/media\/98809"}],"wp:attachment":[{"href":"https:\/\/quehacerpolitico.mx\/index.php?rest_route=%2Fwp%2Fv2%2Fmedia&parent=98808"}],"wp:term":[{"taxonomy":"category","embeddable":true,"href":"https:\/\/quehacerpolitico.mx\/index.php?rest_route=%2Fwp%2Fv2%2Fcategories&post=98808"},{"taxonomy":"post_tag","embeddable":true,"href":"https:\/\/quehacerpolitico.mx\/index.php?rest_route=%2Fwp%2Fv2%2Ftags&post=98808"}],"curies":[{"name":"wp","href":"https:\/\/api.w.org\/{rel}","templated":true}]}}