{"id":98805,"date":"2023-02-20T20:06:14","date_gmt":"2023-02-20T20:06:14","guid":{"rendered":"https:\/\/quehacerpolitico.mx\/?p=98805"},"modified":"2023-02-20T20:06:19","modified_gmt":"2023-02-20T20:06:19","slug":"lopez-obrador-celebra-eleccion-extraordinaria-sin-violencia-en-tamaulipas","status":"publish","type":"post","link":"https:\/\/quehacerpolitico.mx\/?p=98805","title":{"rendered":"L\u00f3pez Obrador celebra elecci\u00f3n extraordinaria &#8220;sin violencia&#8221; en Tamaulipas"},"content":{"rendered":"\n<p>Por Redacci\u00f3n QP<\/p>\n\n\n\n<p>En su conferencia de este lunes, L\u00f3pez Obrador manifest\u00f3 que &#8220;Tamaulipas est\u00e1 dando el ejemplo&#8221; con los comicios del domingo<\/p>\n\n\n\n<p>Al manifestar que &#8220;Tamaulipas est\u00e1 dando el ejemplo&#8221;,\u00a0<strong>el Presidente Andr\u00e9s Manuel L\u00f3pez Obrador presumi\u00f3 los resultados de la elecci\u00f3n extraordinaria de una senadur\u00eda por ese Estado<\/strong>, en donde el candidato de la coalici\u00f3n Morena-PT, Jos\u00e9 Ram\u00f3n G\u00f3mez Leal, lleva una amplia ventaja del 71% de los votos con el 99% de las casillas computadas.<\/p>\n\n\n\n<p>En su conferencia ma\u00f1anera de este lunes en Palacio Nacional,\u00a0<strong>L\u00f3pez Obrador destac\u00f3 que en la elecci\u00f3n no hubo violencia ni confrontaci\u00f3n\u00a0<\/strong>y cuestion\u00f3 la alianza que tuvo el PAN, PRI y PRD al manifestar que, pese a que son totalmente opuestos, &#8220;ya se borraron las diferencias&#8221;.<\/p>\n\n\n\n<figure class=\"wp-block-embed is-type-rich is-provider-twitter wp-block-embed-twitter\"><div class=\"wp-block-embed__wrapper\">\n<blockquote class=\"twitter-tweet\" data-width=\"550\" data-dnt=\"true\"><p lang=\"es\" dir=\"ltr\">Tamaulipas esta dando el ejemplo, el pueblo de Tamaulipas a nivel nacional. AMLO <a href=\"https:\/\/twitter.com\/hashtag\/LaMa%C3%B1anera?src=hash&amp;ref_src=twsrc%5Etfw\">#LaMa\u00f1anera<\/a> <a href=\"https:\/\/t.co\/gPS4JvtTm5\">pic.twitter.com\/gPS4JvtTm5<\/a><\/p>&mdash; Juan Manuel Pach \u2651\ufe0f (@drastiko1) <a href=\"https:\/\/twitter.com\/drastiko1\/status\/1627697002325725187?ref_src=twsrc%5Etfw\">February 20, 2023<\/a><\/blockquote><script async src=\"https:\/\/platform.twitter.com\/widgets.js\" charset=\"utf-8\"><\/script>\n<\/div><\/figure>\n\n\n\n<p>&#8220;Ayer hubo una elecci\u00f3n extraordinaria en Tamaulipas para elegir a un senador porque el senador de Tamaulipas, Am\u00e9rico Villarreal, pidi\u00f3 licencia; particip\u00f3 como candidato para gobernar y su suplente lamentablemente falleci\u00f3 en un accidente<strong>\u00a0y se qued\u00f3 Tamaulipas sin un senador, entonces, de acuerdo a la ley, se convoc\u00f3 a una elecci\u00f3n extraordinaria que se llev\u00f3 aye<\/strong>r&#8221;.<\/p>\n\n\n\n<p>&#8220;Lo m\u00e1s importante es que no hubo confrontaci\u00f3n, no hubo violencia, (s\u00f3lo hubo) una denuncia sobre un posible fraude electoral, una denuncia en una casilla y muy pocos incidentes, muy pocas quejas, vota tambi\u00e9n muy poca gente, 21% porque es una elecci\u00f3n extraordinaria y miren los resultados:<\/p>\n\n\n\n<p>&#8220;El del Partido Verde (obtuvo) 22 mil 651 votos, 3.9%; la candidata del PAN-PRI-PRD, qui\u00e9n hubiese imaginado eso, tres partidos juntos totalmente opuestos hist\u00f3ricamente, pero ya se borraron las diferencias, 128 mil 204 votos, 22.10% y el candidato de Morena y del PT, 413 mil 599 votos. Tamaulipas est\u00e1 dando el ejemplo, el pueblo de Tamaulipas a nivel nacional, esto signific\u00f3 71%, 71.32%&#8221;, detall\u00f3.<\/p>\n\n\n\n<p>Con Informaci\u00f3n de SUN<\/p>\n","protected":false},"excerpt":{"rendered":"<p>Por Redacci\u00f3n QP En su conferencia de este lunes, L\u00f3pez Obrador manifest\u00f3 que &#8220;Tamaulipas est\u00e1&#8230;<\/p>\n","protected":false},"author":2,"featured_media":98806,"comment_status":"open","ping_status":"open","sticky":false,"template":"","format":"standard","meta":{"_monsterinsights_skip_tracking":false,"_monsterinsights_sitenote_active":false,"_monsterinsights_sitenote_note":"","_monsterinsights_sitenote_category":0,"footnotes":""},"categories":[2],"tags":[],"class_list":["post-98805","post","type-post","status-publish","format-standard","has-post-thumbnail","hentry","category-noticias"],"yoast_head":"<!-- This site is optimized with the Yoast SEO plugin v27.3 - https:\/\/yoast.com\/product\/yoast-seo-wordpress\/ -->\n<title>L\u00f3pez Obrador celebra elecci\u00f3n extraordinaria &quot;sin violencia&quot; en Tamaulipas -<\/title>\n<meta name=\"robots\" content=\"index, follow, max-snippet:-1, max-image-preview:large, max-video-preview:-1\" \/>\n<link rel=\"canonical\" href=\"https:\/\/quehacerpolitico.mx\/?p=98805\" \/>\n<meta property=\"og:locale\" content=\"es_MX\" \/>\n<meta property=\"og:type\" content=\"article\" \/>\n<meta property=\"og:title\" content=\"L\u00f3pez Obrador celebra elecci\u00f3n extraordinaria &quot;sin violencia&quot; en Tamaulipas -\" \/>\n<meta property=\"og:description\" content=\"Por Redacci\u00f3n QP En su conferencia de este lunes, L\u00f3pez Obrador manifest\u00f3 que &#8220;Tamaulipas est\u00e1...\" \/>\n<meta property=\"og:url\" content=\"https:\/\/quehacerpolitico.mx\/?p=98805\" \/>\n<meta property=\"article:published_time\" content=\"2023-02-20T20:06:14+00:00\" \/>\n<meta property=\"article:modified_time\" content=\"2023-02-20T20:06:19+00:00\" \/>\n<meta property=\"og:image\" content=\"https:\/\/quehacerpolitico.mx\/wp-content\/uploads\/2023\/02\/56F02B68-25D2-4F26-A6A1-FA2EC7F14A49.jpeg\" \/>\n\t<meta property=\"og:image:width\" content=\"1284\" \/>\n\t<meta property=\"og:image:height\" content=\"691\" \/>\n\t<meta property=\"og:image:type\" content=\"image\/jpeg\" \/>\n<meta name=\"author\" content=\"Redacci\u00f3n QP\" \/>\n<meta name=\"twitter:card\" content=\"summary_large_image\" \/>\n<meta name=\"twitter:label1\" content=\"Escrito por\" \/>\n\t<meta name=\"twitter:data1\" content=\"Redacci\u00f3n QP\" \/>\n\t<meta name=\"twitter:label2\" content=\"Tiempo de lectura\" \/>\n\t<meta name=\"twitter:data2\" content=\"2 minutos\" \/>\n<script type=\"application\/ld+json\" class=\"yoast-schema-graph\">{\"@context\":\"https:\\\/\\\/schema.org\",\"@graph\":[{\"@type\":\"Article\",\"@id\":\"https:\\\/\\\/quehacerpolitico.mx\\\/?p=98805#article\",\"isPartOf\":{\"@id\":\"https:\\\/\\\/quehacerpolitico.mx\\\/?p=98805\"},\"author\":{\"name\":\"Redacci\u00f3n QP\",\"@id\":\"https:\\\/\\\/quehacerpolitico.mx\\\/#\\\/schema\\\/person\\\/496d8ad2d1d3f8036101dca7ee39e585\"},\"headline\":\"L\u00f3pez Obrador celebra elecci\u00f3n extraordinaria &#8220;sin violencia&#8221; en Tamaulipas\",\"datePublished\":\"2023-02-20T20:06:14+00:00\",\"dateModified\":\"2023-02-20T20:06:19+00:00\",\"mainEntityOfPage\":{\"@id\":\"https:\\\/\\\/quehacerpolitico.mx\\\/?p=98805\"},\"wordCount\":331,\"commentCount\":0,\"image\":{\"@id\":\"https:\\\/\\\/quehacerpolitico.mx\\\/?p=98805#primaryimage\"},\"thumbnailUrl\":\"https:\\\/\\\/quehacerpolitico.mx\\\/wp-content\\\/uploads\\\/2023\\\/02\\\/56F02B68-25D2-4F26-A6A1-FA2EC7F14A49.jpeg\",\"articleSection\":[\"Noticias\"],\"inLanguage\":\"es\",\"potentialAction\":[{\"@type\":\"CommentAction\",\"name\":\"Comment\",\"target\":[\"https:\\\/\\\/quehacerpolitico.mx\\\/?p=98805#respond\"]}]},{\"@type\":\"WebPage\",\"@id\":\"https:\\\/\\\/quehacerpolitico.mx\\\/?p=98805\",\"url\":\"https:\\\/\\\/quehacerpolitico.mx\\\/?p=98805\",\"name\":\"L\u00f3pez Obrador celebra elecci\u00f3n extraordinaria \\\"sin violencia\\\" en Tamaulipas -\",\"isPartOf\":{\"@id\":\"https:\\\/\\\/quehacerpolitico.mx\\\/#website\"},\"primaryImageOfPage\":{\"@id\":\"https:\\\/\\\/quehacerpolitico.mx\\\/?p=98805#primaryimage\"},\"image\":{\"@id\":\"https:\\\/\\\/quehacerpolitico.mx\\\/?p=98805#primaryimage\"},\"thumbnailUrl\":\"https:\\\/\\\/quehacerpolitico.mx\\\/wp-content\\\/uploads\\\/2023\\\/02\\\/56F02B68-25D2-4F26-A6A1-FA2EC7F14A49.jpeg\",\"datePublished\":\"2023-02-20T20:06:14+00:00\",\"dateModified\":\"2023-02-20T20:06:19+00:00\",\"author\":{\"@id\":\"https:\\\/\\\/quehacerpolitico.mx\\\/#\\\/schema\\\/person\\\/496d8ad2d1d3f8036101dca7ee39e585\"},\"breadcrumb\":{\"@id\":\"https:\\\/\\\/quehacerpolitico.mx\\\/?p=98805#breadcrumb\"},\"inLanguage\":\"es\",\"potentialAction\":[{\"@type\":\"ReadAction\",\"target\":[\"https:\\\/\\\/quehacerpolitico.mx\\\/?p=98805\"]}]},{\"@type\":\"ImageObject\",\"inLanguage\":\"es\",\"@id\":\"https:\\\/\\\/quehacerpolitico.mx\\\/?p=98805#primaryimage\",\"url\":\"https:\\\/\\\/quehacerpolitico.mx\\\/wp-content\\\/uploads\\\/2023\\\/02\\\/56F02B68-25D2-4F26-A6A1-FA2EC7F14A49.jpeg\",\"contentUrl\":\"https:\\\/\\\/quehacerpolitico.mx\\\/wp-content\\\/uploads\\\/2023\\\/02\\\/56F02B68-25D2-4F26-A6A1-FA2EC7F14A49.jpeg\",\"width\":1284,\"height\":691},{\"@type\":\"BreadcrumbList\",\"@id\":\"https:\\\/\\\/quehacerpolitico.mx\\\/?p=98805#breadcrumb\",\"itemListElement\":[{\"@type\":\"ListItem\",\"position\":1,\"name\":\"Inicio\",\"item\":\"https:\\\/\\\/quehacerpolitico.mx\\\/\"},{\"@type\":\"ListItem\",\"position\":2,\"name\":\"L\u00f3pez Obrador celebra elecci\u00f3n extraordinaria &#8220;sin violencia&#8221; en Tamaulipas\"}]},{\"@type\":\"WebSite\",\"@id\":\"https:\\\/\\\/quehacerpolitico.mx\\\/#website\",\"url\":\"https:\\\/\\\/quehacerpolitico.mx\\\/\",\"name\":\"\",\"description\":\"\",\"potentialAction\":[{\"@type\":\"SearchAction\",\"target\":{\"@type\":\"EntryPoint\",\"urlTemplate\":\"https:\\\/\\\/quehacerpolitico.mx\\\/?s={search_term_string}\"},\"query-input\":{\"@type\":\"PropertyValueSpecification\",\"valueRequired\":true,\"valueName\":\"search_term_string\"}}],\"inLanguage\":\"es\"},{\"@type\":\"Person\",\"@id\":\"https:\\\/\\\/quehacerpolitico.mx\\\/#\\\/schema\\\/person\\\/496d8ad2d1d3f8036101dca7ee39e585\",\"name\":\"Redacci\u00f3n QP\",\"image\":{\"@type\":\"ImageObject\",\"inLanguage\":\"es\",\"@id\":\"https:\\\/\\\/secure.gravatar.com\\\/avatar\\\/c7164ed6fdec453195284ad24a5ae5b6e1eed2b848477fa2a4787ba9adf39a41?s=96&d=mm&r=g\",\"url\":\"https:\\\/\\\/secure.gravatar.com\\\/avatar\\\/c7164ed6fdec453195284ad24a5ae5b6e1eed2b848477fa2a4787ba9adf39a41?s=96&d=mm&r=g\",\"contentUrl\":\"https:\\\/\\\/secure.gravatar.com\\\/avatar\\\/c7164ed6fdec453195284ad24a5ae5b6e1eed2b848477fa2a4787ba9adf39a41?s=96&d=mm&r=g\",\"caption\":\"Redacci\u00f3n QP\"},\"url\":\"https:\\\/\\\/quehacerpolitico.mx\\\/?author=2\"}]}<\/script>\n<!-- \/ Yoast SEO plugin. -->","yoast_head_json":{"title":"L\u00f3pez Obrador celebra elecci\u00f3n extraordinaria \"sin violencia\" en Tamaulipas -","robots":{"index":"index","follow":"follow","max-snippet":"max-snippet:-1","max-image-preview":"max-image-preview:large","max-video-preview":"max-video-preview:-1"},"canonical":"https:\/\/quehacerpolitico.mx\/?p=98805","og_locale":"es_MX","og_type":"article","og_title":"L\u00f3pez Obrador celebra elecci\u00f3n extraordinaria \"sin violencia\" en Tamaulipas -","og_description":"Por Redacci\u00f3n QP En su conferencia de este lunes, L\u00f3pez Obrador manifest\u00f3 que &#8220;Tamaulipas est\u00e1...","og_url":"https:\/\/quehacerpolitico.mx\/?p=98805","article_published_time":"2023-02-20T20:06:14+00:00","article_modified_time":"2023-02-20T20:06:19+00:00","og_image":[{"width":1284,"height":691,"url":"https:\/\/quehacerpolitico.mx\/wp-content\/uploads\/2023\/02\/56F02B68-25D2-4F26-A6A1-FA2EC7F14A49.jpeg","type":"image\/jpeg"}],"author":"Redacci\u00f3n QP","twitter_card":"summary_large_image","twitter_misc":{"Escrito por":"Redacci\u00f3n QP","Tiempo de lectura":"2 minutos"},"schema":{"@context":"https:\/\/schema.org","@graph":[{"@type":"Article","@id":"https:\/\/quehacerpolitico.mx\/?p=98805#article","isPartOf":{"@id":"https:\/\/quehacerpolitico.mx\/?p=98805"},"author":{"name":"Redacci\u00f3n QP","@id":"https:\/\/quehacerpolitico.mx\/#\/schema\/person\/496d8ad2d1d3f8036101dca7ee39e585"},"headline":"L\u00f3pez Obrador celebra elecci\u00f3n extraordinaria &#8220;sin violencia&#8221; en Tamaulipas","datePublished":"2023-02-20T20:06:14+00:00","dateModified":"2023-02-20T20:06:19+00:00","mainEntityOfPage":{"@id":"https:\/\/quehacerpolitico.mx\/?p=98805"},"wordCount":331,"commentCount":0,"image":{"@id":"https:\/\/quehacerpolitico.mx\/?p=98805#primaryimage"},"thumbnailUrl":"https:\/\/quehacerpolitico.mx\/wp-content\/uploads\/2023\/02\/56F02B68-25D2-4F26-A6A1-FA2EC7F14A49.jpeg","articleSection":["Noticias"],"inLanguage":"es","potentialAction":[{"@type":"CommentAction","name":"Comment","target":["https:\/\/quehacerpolitico.mx\/?p=98805#respond"]}]},{"@type":"WebPage","@id":"https:\/\/quehacerpolitico.mx\/?p=98805","url":"https:\/\/quehacerpolitico.mx\/?p=98805","name":"L\u00f3pez Obrador celebra elecci\u00f3n extraordinaria \"sin violencia\" en Tamaulipas -","isPartOf":{"@id":"https:\/\/quehacerpolitico.mx\/#website"},"primaryImageOfPage":{"@id":"https:\/\/quehacerpolitico.mx\/?p=98805#primaryimage"},"image":{"@id":"https:\/\/quehacerpolitico.mx\/?p=98805#primaryimage"},"thumbnailUrl":"https:\/\/quehacerpolitico.mx\/wp-content\/uploads\/2023\/02\/56F02B68-25D2-4F26-A6A1-FA2EC7F14A49.jpeg","datePublished":"2023-02-20T20:06:14+00:00","dateModified":"2023-02-20T20:06:19+00:00","author":{"@id":"https:\/\/quehacerpolitico.mx\/#\/schema\/person\/496d8ad2d1d3f8036101dca7ee39e585"},"breadcrumb":{"@id":"https:\/\/quehacerpolitico.mx\/?p=98805#breadcrumb"},"inLanguage":"es","potentialAction":[{"@type":"ReadAction","target":["https:\/\/quehacerpolitico.mx\/?p=98805"]}]},{"@type":"ImageObject","inLanguage":"es","@id":"https:\/\/quehacerpolitico.mx\/?p=98805#primaryimage","url":"https:\/\/quehacerpolitico.mx\/wp-content\/uploads\/2023\/02\/56F02B68-25D2-4F26-A6A1-FA2EC7F14A49.jpeg","contentUrl":"https:\/\/quehacerpolitico.mx\/wp-content\/uploads\/2023\/02\/56F02B68-25D2-4F26-A6A1-FA2EC7F14A49.jpeg","width":1284,"height":691},{"@type":"BreadcrumbList","@id":"https:\/\/quehacerpolitico.mx\/?p=98805#breadcrumb","itemListElement":[{"@type":"ListItem","position":1,"name":"Inicio","item":"https:\/\/quehacerpolitico.mx\/"},{"@type":"ListItem","position":2,"name":"L\u00f3pez Obrador celebra elecci\u00f3n extraordinaria &#8220;sin violencia&#8221; en Tamaulipas"}]},{"@type":"WebSite","@id":"https:\/\/quehacerpolitico.mx\/#website","url":"https:\/\/quehacerpolitico.mx\/","name":"","description":"","potentialAction":[{"@type":"SearchAction","target":{"@type":"EntryPoint","urlTemplate":"https:\/\/quehacerpolitico.mx\/?s={search_term_string}"},"query-input":{"@type":"PropertyValueSpecification","valueRequired":true,"valueName":"search_term_string"}}],"inLanguage":"es"},{"@type":"Person","@id":"https:\/\/quehacerpolitico.mx\/#\/schema\/person\/496d8ad2d1d3f8036101dca7ee39e585","name":"Redacci\u00f3n QP","image":{"@type":"ImageObject","inLanguage":"es","@id":"https:\/\/secure.gravatar.com\/avatar\/c7164ed6fdec453195284ad24a5ae5b6e1eed2b848477fa2a4787ba9adf39a41?s=96&d=mm&r=g","url":"https:\/\/secure.gravatar.com\/avatar\/c7164ed6fdec453195284ad24a5ae5b6e1eed2b848477fa2a4787ba9adf39a41?s=96&d=mm&r=g","contentUrl":"https:\/\/secure.gravatar.com\/avatar\/c7164ed6fdec453195284ad24a5ae5b6e1eed2b848477fa2a4787ba9adf39a41?s=96&d=mm&r=g","caption":"Redacci\u00f3n QP"},"url":"https:\/\/quehacerpolitico.mx\/?author=2"}]}},"featured_image_urls":{"full":["https:\/\/quehacerpolitico.mx\/wp-content\/uploads\/2023\/02\/56F02B68-25D2-4F26-A6A1-FA2EC7F14A49.jpeg",1284,691,false],"thumbnail":["https:\/\/quehacerpolitico.mx\/wp-content\/uploads\/2023\/02\/56F02B68-25D2-4F26-A6A1-FA2EC7F14A49-150x150.jpeg",150,150,true],"medium":["https:\/\/quehacerpolitico.mx\/wp-content\/uploads\/2023\/02\/56F02B68-25D2-4F26-A6A1-FA2EC7F14A49-300x161.jpeg",300,161,true],"medium_large":["https:\/\/quehacerpolitico.mx\/wp-content\/uploads\/2023\/02\/56F02B68-25D2-4F26-A6A1-FA2EC7F14A49-768x413.jpeg",640,344,true],"large":["https:\/\/quehacerpolitico.mx\/wp-content\/uploads\/2023\/02\/56F02B68-25D2-4F26-A6A1-FA2EC7F14A49-1024x551.jpeg",640,344,true],"1536x1536":["https:\/\/quehacerpolitico.mx\/wp-content\/uploads\/2023\/02\/56F02B68-25D2-4F26-A6A1-FA2EC7F14A49.jpeg",1284,691,false],"2048x2048":["https:\/\/quehacerpolitico.mx\/wp-content\/uploads\/2023\/02\/56F02B68-25D2-4F26-A6A1-FA2EC7F14A49.jpeg",1284,691,false],"covernews-featured":["https:\/\/quehacerpolitico.mx\/wp-content\/uploads\/2023\/02\/56F02B68-25D2-4F26-A6A1-FA2EC7F14A49.jpeg",1024,551,false],"covernews-medium":["https:\/\/quehacerpolitico.mx\/wp-content\/uploads\/2023\/02\/56F02B68-25D2-4F26-A6A1-FA2EC7F14A49.jpeg",540,291,false]},"author_info":{"display_name":"Redacci\u00f3n QP","author_link":"https:\/\/quehacerpolitico.mx\/?author=2"},"category_info":"<a href=\"https:\/\/quehacerpolitico.mx\/?cat=2\" rel=\"category\">Noticias<\/a>","tag_info":"Noticias","comment_count":"0","_links":{"self":[{"href":"https:\/\/quehacerpolitico.mx\/index.php?rest_route=\/wp\/v2\/posts\/98805","targetHints":{"allow":["GET"]}}],"collection":[{"href":"https:\/\/quehacerpolitico.mx\/index.php?rest_route=\/wp\/v2\/posts"}],"about":[{"href":"https:\/\/quehacerpolitico.mx\/index.php?rest_route=\/wp\/v2\/types\/post"}],"author":[{"embeddable":true,"href":"https:\/\/quehacerpolitico.mx\/index.php?rest_route=\/wp\/v2\/users\/2"}],"replies":[{"embeddable":true,"href":"https:\/\/quehacerpolitico.mx\/index.php?rest_route=%2Fwp%2Fv2%2Fcomments&post=98805"}],"version-history":[{"count":1,"href":"https:\/\/quehacerpolitico.mx\/index.php?rest_route=\/wp\/v2\/posts\/98805\/revisions"}],"predecessor-version":[{"id":98807,"href":"https:\/\/quehacerpolitico.mx\/index.php?rest_route=\/wp\/v2\/posts\/98805\/revisions\/98807"}],"wp:featuredmedia":[{"embeddable":true,"href":"https:\/\/quehacerpolitico.mx\/index.php?rest_route=\/wp\/v2\/media\/98806"}],"wp:attachment":[{"href":"https:\/\/quehacerpolitico.mx\/index.php?rest_route=%2Fwp%2Fv2%2Fmedia&parent=98805"}],"wp:term":[{"taxonomy":"category","embeddable":true,"href":"https:\/\/quehacerpolitico.mx\/index.php?rest_route=%2Fwp%2Fv2%2Fcategories&post=98805"},{"taxonomy":"post_tag","embeddable":true,"href":"https:\/\/quehacerpolitico.mx\/index.php?rest_route=%2Fwp%2Fv2%2Ftags&post=98805"}],"curies":[{"name":"wp","href":"https:\/\/api.w.org\/{rel}","templated":true}]}}