{"id":98802,"date":"2023-02-20T19:42:11","date_gmt":"2023-02-20T19:42:11","guid":{"rendered":"https:\/\/quehacerpolitico.mx\/?p=98802"},"modified":"2023-02-20T19:42:15","modified_gmt":"2023-02-20T19:42:15","slug":"loret-de-mola-se-hizo-inmensamente-rico-como-pseudoperiodista-lopez-obrador","status":"publish","type":"post","link":"https:\/\/quehacerpolitico.mx\/?p=98802","title":{"rendered":"Loret de Mola se hizo &#8220;inmensamente rico como pseudoperiodista&#8221;: L\u00f3pez Obrador"},"content":{"rendered":"\n<p>Por Redacci\u00f3n QP<\/p>\n\n\n\n<p>Este lunes, el Presidente acus\u00f3 que hay comunicadores al servicio de la oligarqu\u00eda y los conservadores que critican todo lo que hace su gobierno<\/p>\n\n\n\n<p>De nuevo, el Presidente Andr\u00e9s Manuel L\u00f3pez Obrador se lanz\u00f3 contra el periodista Carlos Loret de Mola,\u00a0<strong>a quien acus\u00f3 de haberse hecho &#8220;inmensamente rico como pseudoperiodista&#8221;.<\/strong><\/p>\n\n\n\n<p>En su conferencia &#8220;ma\u00f1anera&#8221; de este lunes,<strong>\u00a0L\u00f3pez Obrador se lanz\u00f3 contra el columnista,<\/strong>\u00a0y acus\u00f3 que hay comunicadores al servicio de la oligarqu\u00eda y los conservadores que critican todo lo que hace su gobierno.<\/p>\n\n\n\n<p>&#8220;Todav\u00eda estamos esperando que nos informe c\u00f3mo fue que adquiri\u00f3 seis departamentos, uno o dos de ellos en Rub\u00e9n Dar\u00edo. Quienes viven aqu\u00ed en la ciudad saben que es de las zonas m\u00e1s exclusivas, donde est\u00e1n los edificios de departamentos m\u00e1s lujosos, donde viven grandes empresarios, no todos corruptos, y pol\u00edticos, eso s\u00ed casi todos corruptos, y periodistas como este se\u00f1or y otros&#8221;, expres\u00f3 el Presidente L\u00f3pez Obrador.<\/p>\n\n\n\n<figure class=\"wp-block-embed is-type-rich is-provider-twitter wp-block-embed-twitter\"><div class=\"wp-block-embed__wrapper\">\nhttps:\/\/twitter.com\/rochaperiodista\/status\/1627683688224903172?s=46&#038;t=dAr1u6ovEKig3Rz3CQsMXw\n<\/div><\/figure>\n\n\n\n<p>En el Sal\u00f3n Tesorer\u00eda, L\u00f3pez Obrador dijo que vio un reportaje en la televisi\u00f3n en el que se asegur\u00f3 que estaba cerrada la v\u00eda de acceso al Aeropuerto Internacional Felipe \u00c1ngeles (AIFA) que fue inaugurada la semana pasada para facilitar la llegada de pasajeros desde Ecatepec.<\/p>\n\n\n\n<p>&#8220;Seguramente estaban terminando de darle mantenimiento<strong>, pero es una gran obra, pero van a buscar siempre en el huacal las podridas, a eso se dedican. Sin embargo, la transformaci\u00f3n va adelante y vamos a continuar<\/strong>&#8220;, indic\u00f3.<\/p>\n\n\n\n<p>El Mandatario afirm\u00f3 que<strong>&nbsp;el problema de fondo es que los conservadores quisieran que regresaran los tiempos de la corrupci\u00f3n&nbsp;<\/strong>y &#8220;no les gusta lo que estamos llevando a cabo y utilizan cualquier cosa para criticar&#8221;.<\/p>\n\n\n\n<h2 class=\"wp-block-heading\">Loret responde a se\u00f1alamientos de AMLO<\/h2>\n\n\n\n<p>Tras los se\u00f1alamientos hechos en su contra por L\u00f3pez Obrador,\u00a0<strong>Loret de Mola denunci\u00f3 que el Mandatario &#8220;sube el tono contra m\u00ed&#8221;.<\/strong><\/p>\n\n\n\n<p>Acompa\u00f1ado por un video de la inauguraci\u00f3n, Carlos Loret de Mola respondi\u00f3 con lo que transmiti\u00f3 en su espacio informativo Latinus, en donde se observa que su equipo trat\u00f3 de tomar la v\u00eda que inaugur\u00f3 el Presidente.<\/p>\n\n\n\n<figure class=\"wp-block-embed is-type-rich is-provider-twitter wp-block-embed-twitter\"><div class=\"wp-block-embed__wrapper\">\n<blockquote class=\"twitter-tweet\" data-width=\"550\" data-dnt=\"true\"><p lang=\"es\" dir=\"ltr\">El presidente <a href=\"https:\/\/twitter.com\/lopezobrador_?ref_src=twsrc%5Etfw\">@lopezobrador_<\/a> sube el tono contra m\u00ed. Ahora, por exhibir que la carretera que inaugur\u00f3 en el AIFA estaba cerrada al d\u00eda siguiente porque segu\u00eda en obra. Vean <a href=\"https:\/\/twitter.com\/hashtag\/Loret?src=hash&amp;ref_src=twsrc%5Etfw\">#Loret<\/a> <a href=\"https:\/\/twitter.com\/latinus_us?ref_src=twsrc%5Etfw\">@latinus_us<\/a>: <a href=\"https:\/\/t.co\/xNipiuUriz\">https:\/\/t.co\/xNipiuUriz<\/a> <a href=\"https:\/\/t.co\/GMFpmMZ5xv\">pic.twitter.com\/GMFpmMZ5xv<\/a><\/p>&mdash; Carlos Loret de Mola (@CarlosLoret) <a href=\"https:\/\/twitter.com\/CarlosLoret\/status\/1627683798887399425?ref_src=twsrc%5Etfw\">February 20, 2023<\/a><\/blockquote><script async src=\"https:\/\/platform.twitter.com\/widgets.js\" charset=\"utf-8\"><\/script>\n<\/div><\/figure>\n\n\n\n<p>&#8220;Lo que nos encontramos es que el acceso estaba cerrado, hab\u00eda maquinaria pesada trabajando y no se pod\u00eda pasar, las obras contin\u00faan&#8221;, dijo el reportero.<\/p>\n\n\n\n<p>&#8220;El Presidente inaugur\u00f3 otra vez una obra que no est\u00e1 terminada&#8221;, expres\u00f3.<\/p>\n\n\n\n<p>Con Informaci\u00f3n de SUN <\/p>\n","protected":false},"excerpt":{"rendered":"<p>Por Redacci\u00f3n QP Este lunes, el Presidente acus\u00f3 que hay comunicadores al servicio de la&#8230;<\/p>\n","protected":false},"author":2,"featured_media":98803,"comment_status":"open","ping_status":"open","sticky":false,"template":"","format":"standard","meta":{"_monsterinsights_skip_tracking":false,"_monsterinsights_sitenote_active":false,"_monsterinsights_sitenote_note":"","_monsterinsights_sitenote_category":0,"footnotes":""},"categories":[2],"tags":[],"class_list":["post-98802","post","type-post","status-publish","format-standard","has-post-thumbnail","hentry","category-noticias"],"yoast_head":"<!-- This site is optimized with the Yoast SEO plugin v27.3 - https:\/\/yoast.com\/product\/yoast-seo-wordpress\/ -->\n<title>Loret de Mola se hizo &quot;inmensamente rico como pseudoperiodista&quot;: L\u00f3pez Obrador -<\/title>\n<meta name=\"robots\" content=\"index, follow, max-snippet:-1, max-image-preview:large, max-video-preview:-1\" \/>\n<link rel=\"canonical\" href=\"https:\/\/quehacerpolitico.mx\/?p=98802\" \/>\n<meta property=\"og:locale\" content=\"es_MX\" \/>\n<meta property=\"og:type\" content=\"article\" \/>\n<meta property=\"og:title\" content=\"Loret de Mola se hizo &quot;inmensamente rico como pseudoperiodista&quot;: L\u00f3pez Obrador -\" \/>\n<meta property=\"og:description\" content=\"Por Redacci\u00f3n QP Este lunes, el Presidente acus\u00f3 que hay comunicadores al servicio de la...\" \/>\n<meta property=\"og:url\" content=\"https:\/\/quehacerpolitico.mx\/?p=98802\" \/>\n<meta property=\"article:published_time\" content=\"2023-02-20T19:42:11+00:00\" \/>\n<meta property=\"article:modified_time\" content=\"2023-02-20T19:42:15+00:00\" \/>\n<meta property=\"og:image\" content=\"https:\/\/quehacerpolitico.mx\/wp-content\/uploads\/2023\/02\/C3A54C79-4257-4485-95DB-DCF69B2FE04D.jpeg\" \/>\n\t<meta property=\"og:image:width\" content=\"705\" \/>\n\t<meta property=\"og:image:height\" content=\"435\" \/>\n\t<meta property=\"og:image:type\" content=\"image\/jpeg\" \/>\n<meta name=\"author\" content=\"Redacci\u00f3n QP\" \/>\n<meta name=\"twitter:card\" content=\"summary_large_image\" \/>\n<meta name=\"twitter:label1\" content=\"Escrito por\" \/>\n\t<meta name=\"twitter:data1\" content=\"Redacci\u00f3n QP\" \/>\n\t<meta name=\"twitter:label2\" content=\"Tiempo de lectura\" \/>\n\t<meta name=\"twitter:data2\" content=\"2 minutos\" \/>\n<script type=\"application\/ld+json\" class=\"yoast-schema-graph\">{\"@context\":\"https:\\\/\\\/schema.org\",\"@graph\":[{\"@type\":\"Article\",\"@id\":\"https:\\\/\\\/quehacerpolitico.mx\\\/?p=98802#article\",\"isPartOf\":{\"@id\":\"https:\\\/\\\/quehacerpolitico.mx\\\/?p=98802\"},\"author\":{\"name\":\"Redacci\u00f3n QP\",\"@id\":\"https:\\\/\\\/quehacerpolitico.mx\\\/#\\\/schema\\\/person\\\/496d8ad2d1d3f8036101dca7ee39e585\"},\"headline\":\"Loret de Mola se hizo &#8220;inmensamente rico como pseudoperiodista&#8221;: L\u00f3pez Obrador\",\"datePublished\":\"2023-02-20T19:42:11+00:00\",\"dateModified\":\"2023-02-20T19:42:15+00:00\",\"mainEntityOfPage\":{\"@id\":\"https:\\\/\\\/quehacerpolitico.mx\\\/?p=98802\"},\"wordCount\":453,\"commentCount\":0,\"image\":{\"@id\":\"https:\\\/\\\/quehacerpolitico.mx\\\/?p=98802#primaryimage\"},\"thumbnailUrl\":\"https:\\\/\\\/quehacerpolitico.mx\\\/wp-content\\\/uploads\\\/2023\\\/02\\\/C3A54C79-4257-4485-95DB-DCF69B2FE04D.jpeg\",\"articleSection\":[\"Noticias\"],\"inLanguage\":\"es\",\"potentialAction\":[{\"@type\":\"CommentAction\",\"name\":\"Comment\",\"target\":[\"https:\\\/\\\/quehacerpolitico.mx\\\/?p=98802#respond\"]}]},{\"@type\":\"WebPage\",\"@id\":\"https:\\\/\\\/quehacerpolitico.mx\\\/?p=98802\",\"url\":\"https:\\\/\\\/quehacerpolitico.mx\\\/?p=98802\",\"name\":\"Loret de Mola se hizo \\\"inmensamente rico como pseudoperiodista\\\": L\u00f3pez Obrador -\",\"isPartOf\":{\"@id\":\"https:\\\/\\\/quehacerpolitico.mx\\\/#website\"},\"primaryImageOfPage\":{\"@id\":\"https:\\\/\\\/quehacerpolitico.mx\\\/?p=98802#primaryimage\"},\"image\":{\"@id\":\"https:\\\/\\\/quehacerpolitico.mx\\\/?p=98802#primaryimage\"},\"thumbnailUrl\":\"https:\\\/\\\/quehacerpolitico.mx\\\/wp-content\\\/uploads\\\/2023\\\/02\\\/C3A54C79-4257-4485-95DB-DCF69B2FE04D.jpeg\",\"datePublished\":\"2023-02-20T19:42:11+00:00\",\"dateModified\":\"2023-02-20T19:42:15+00:00\",\"author\":{\"@id\":\"https:\\\/\\\/quehacerpolitico.mx\\\/#\\\/schema\\\/person\\\/496d8ad2d1d3f8036101dca7ee39e585\"},\"breadcrumb\":{\"@id\":\"https:\\\/\\\/quehacerpolitico.mx\\\/?p=98802#breadcrumb\"},\"inLanguage\":\"es\",\"potentialAction\":[{\"@type\":\"ReadAction\",\"target\":[\"https:\\\/\\\/quehacerpolitico.mx\\\/?p=98802\"]}]},{\"@type\":\"ImageObject\",\"inLanguage\":\"es\",\"@id\":\"https:\\\/\\\/quehacerpolitico.mx\\\/?p=98802#primaryimage\",\"url\":\"https:\\\/\\\/quehacerpolitico.mx\\\/wp-content\\\/uploads\\\/2023\\\/02\\\/C3A54C79-4257-4485-95DB-DCF69B2FE04D.jpeg\",\"contentUrl\":\"https:\\\/\\\/quehacerpolitico.mx\\\/wp-content\\\/uploads\\\/2023\\\/02\\\/C3A54C79-4257-4485-95DB-DCF69B2FE04D.jpeg\",\"width\":705,\"height\":435},{\"@type\":\"BreadcrumbList\",\"@id\":\"https:\\\/\\\/quehacerpolitico.mx\\\/?p=98802#breadcrumb\",\"itemListElement\":[{\"@type\":\"ListItem\",\"position\":1,\"name\":\"Inicio\",\"item\":\"https:\\\/\\\/quehacerpolitico.mx\\\/\"},{\"@type\":\"ListItem\",\"position\":2,\"name\":\"Loret de Mola se hizo &#8220;inmensamente rico como pseudoperiodista&#8221;: L\u00f3pez Obrador\"}]},{\"@type\":\"WebSite\",\"@id\":\"https:\\\/\\\/quehacerpolitico.mx\\\/#website\",\"url\":\"https:\\\/\\\/quehacerpolitico.mx\\\/\",\"name\":\"\",\"description\":\"\",\"potentialAction\":[{\"@type\":\"SearchAction\",\"target\":{\"@type\":\"EntryPoint\",\"urlTemplate\":\"https:\\\/\\\/quehacerpolitico.mx\\\/?s={search_term_string}\"},\"query-input\":{\"@type\":\"PropertyValueSpecification\",\"valueRequired\":true,\"valueName\":\"search_term_string\"}}],\"inLanguage\":\"es\"},{\"@type\":\"Person\",\"@id\":\"https:\\\/\\\/quehacerpolitico.mx\\\/#\\\/schema\\\/person\\\/496d8ad2d1d3f8036101dca7ee39e585\",\"name\":\"Redacci\u00f3n QP\",\"image\":{\"@type\":\"ImageObject\",\"inLanguage\":\"es\",\"@id\":\"https:\\\/\\\/secure.gravatar.com\\\/avatar\\\/c7164ed6fdec453195284ad24a5ae5b6e1eed2b848477fa2a4787ba9adf39a41?s=96&d=mm&r=g\",\"url\":\"https:\\\/\\\/secure.gravatar.com\\\/avatar\\\/c7164ed6fdec453195284ad24a5ae5b6e1eed2b848477fa2a4787ba9adf39a41?s=96&d=mm&r=g\",\"contentUrl\":\"https:\\\/\\\/secure.gravatar.com\\\/avatar\\\/c7164ed6fdec453195284ad24a5ae5b6e1eed2b848477fa2a4787ba9adf39a41?s=96&d=mm&r=g\",\"caption\":\"Redacci\u00f3n QP\"},\"url\":\"https:\\\/\\\/quehacerpolitico.mx\\\/?author=2\"}]}<\/script>\n<!-- \/ Yoast SEO plugin. -->","yoast_head_json":{"title":"Loret de Mola se hizo \"inmensamente rico como pseudoperiodista\": L\u00f3pez Obrador -","robots":{"index":"index","follow":"follow","max-snippet":"max-snippet:-1","max-image-preview":"max-image-preview:large","max-video-preview":"max-video-preview:-1"},"canonical":"https:\/\/quehacerpolitico.mx\/?p=98802","og_locale":"es_MX","og_type":"article","og_title":"Loret de Mola se hizo \"inmensamente rico como pseudoperiodista\": L\u00f3pez Obrador -","og_description":"Por Redacci\u00f3n QP Este lunes, el Presidente acus\u00f3 que hay comunicadores al servicio de la...","og_url":"https:\/\/quehacerpolitico.mx\/?p=98802","article_published_time":"2023-02-20T19:42:11+00:00","article_modified_time":"2023-02-20T19:42:15+00:00","og_image":[{"width":705,"height":435,"url":"https:\/\/quehacerpolitico.mx\/wp-content\/uploads\/2023\/02\/C3A54C79-4257-4485-95DB-DCF69B2FE04D.jpeg","type":"image\/jpeg"}],"author":"Redacci\u00f3n QP","twitter_card":"summary_large_image","twitter_misc":{"Escrito por":"Redacci\u00f3n QP","Tiempo de lectura":"2 minutos"},"schema":{"@context":"https:\/\/schema.org","@graph":[{"@type":"Article","@id":"https:\/\/quehacerpolitico.mx\/?p=98802#article","isPartOf":{"@id":"https:\/\/quehacerpolitico.mx\/?p=98802"},"author":{"name":"Redacci\u00f3n QP","@id":"https:\/\/quehacerpolitico.mx\/#\/schema\/person\/496d8ad2d1d3f8036101dca7ee39e585"},"headline":"Loret de Mola se hizo &#8220;inmensamente rico como pseudoperiodista&#8221;: L\u00f3pez Obrador","datePublished":"2023-02-20T19:42:11+00:00","dateModified":"2023-02-20T19:42:15+00:00","mainEntityOfPage":{"@id":"https:\/\/quehacerpolitico.mx\/?p=98802"},"wordCount":453,"commentCount":0,"image":{"@id":"https:\/\/quehacerpolitico.mx\/?p=98802#primaryimage"},"thumbnailUrl":"https:\/\/quehacerpolitico.mx\/wp-content\/uploads\/2023\/02\/C3A54C79-4257-4485-95DB-DCF69B2FE04D.jpeg","articleSection":["Noticias"],"inLanguage":"es","potentialAction":[{"@type":"CommentAction","name":"Comment","target":["https:\/\/quehacerpolitico.mx\/?p=98802#respond"]}]},{"@type":"WebPage","@id":"https:\/\/quehacerpolitico.mx\/?p=98802","url":"https:\/\/quehacerpolitico.mx\/?p=98802","name":"Loret de Mola se hizo \"inmensamente rico como pseudoperiodista\": L\u00f3pez Obrador -","isPartOf":{"@id":"https:\/\/quehacerpolitico.mx\/#website"},"primaryImageOfPage":{"@id":"https:\/\/quehacerpolitico.mx\/?p=98802#primaryimage"},"image":{"@id":"https:\/\/quehacerpolitico.mx\/?p=98802#primaryimage"},"thumbnailUrl":"https:\/\/quehacerpolitico.mx\/wp-content\/uploads\/2023\/02\/C3A54C79-4257-4485-95DB-DCF69B2FE04D.jpeg","datePublished":"2023-02-20T19:42:11+00:00","dateModified":"2023-02-20T19:42:15+00:00","author":{"@id":"https:\/\/quehacerpolitico.mx\/#\/schema\/person\/496d8ad2d1d3f8036101dca7ee39e585"},"breadcrumb":{"@id":"https:\/\/quehacerpolitico.mx\/?p=98802#breadcrumb"},"inLanguage":"es","potentialAction":[{"@type":"ReadAction","target":["https:\/\/quehacerpolitico.mx\/?p=98802"]}]},{"@type":"ImageObject","inLanguage":"es","@id":"https:\/\/quehacerpolitico.mx\/?p=98802#primaryimage","url":"https:\/\/quehacerpolitico.mx\/wp-content\/uploads\/2023\/02\/C3A54C79-4257-4485-95DB-DCF69B2FE04D.jpeg","contentUrl":"https:\/\/quehacerpolitico.mx\/wp-content\/uploads\/2023\/02\/C3A54C79-4257-4485-95DB-DCF69B2FE04D.jpeg","width":705,"height":435},{"@type":"BreadcrumbList","@id":"https:\/\/quehacerpolitico.mx\/?p=98802#breadcrumb","itemListElement":[{"@type":"ListItem","position":1,"name":"Inicio","item":"https:\/\/quehacerpolitico.mx\/"},{"@type":"ListItem","position":2,"name":"Loret de Mola se hizo &#8220;inmensamente rico como pseudoperiodista&#8221;: L\u00f3pez Obrador"}]},{"@type":"WebSite","@id":"https:\/\/quehacerpolitico.mx\/#website","url":"https:\/\/quehacerpolitico.mx\/","name":"","description":"","potentialAction":[{"@type":"SearchAction","target":{"@type":"EntryPoint","urlTemplate":"https:\/\/quehacerpolitico.mx\/?s={search_term_string}"},"query-input":{"@type":"PropertyValueSpecification","valueRequired":true,"valueName":"search_term_string"}}],"inLanguage":"es"},{"@type":"Person","@id":"https:\/\/quehacerpolitico.mx\/#\/schema\/person\/496d8ad2d1d3f8036101dca7ee39e585","name":"Redacci\u00f3n QP","image":{"@type":"ImageObject","inLanguage":"es","@id":"https:\/\/secure.gravatar.com\/avatar\/c7164ed6fdec453195284ad24a5ae5b6e1eed2b848477fa2a4787ba9adf39a41?s=96&d=mm&r=g","url":"https:\/\/secure.gravatar.com\/avatar\/c7164ed6fdec453195284ad24a5ae5b6e1eed2b848477fa2a4787ba9adf39a41?s=96&d=mm&r=g","contentUrl":"https:\/\/secure.gravatar.com\/avatar\/c7164ed6fdec453195284ad24a5ae5b6e1eed2b848477fa2a4787ba9adf39a41?s=96&d=mm&r=g","caption":"Redacci\u00f3n QP"},"url":"https:\/\/quehacerpolitico.mx\/?author=2"}]}},"featured_image_urls":{"full":["https:\/\/quehacerpolitico.mx\/wp-content\/uploads\/2023\/02\/C3A54C79-4257-4485-95DB-DCF69B2FE04D.jpeg",705,435,false],"thumbnail":["https:\/\/quehacerpolitico.mx\/wp-content\/uploads\/2023\/02\/C3A54C79-4257-4485-95DB-DCF69B2FE04D-150x150.jpeg",150,150,true],"medium":["https:\/\/quehacerpolitico.mx\/wp-content\/uploads\/2023\/02\/C3A54C79-4257-4485-95DB-DCF69B2FE04D-300x185.jpeg",300,185,true],"medium_large":["https:\/\/quehacerpolitico.mx\/wp-content\/uploads\/2023\/02\/C3A54C79-4257-4485-95DB-DCF69B2FE04D.jpeg",640,395,false],"large":["https:\/\/quehacerpolitico.mx\/wp-content\/uploads\/2023\/02\/C3A54C79-4257-4485-95DB-DCF69B2FE04D.jpeg",640,395,false],"1536x1536":["https:\/\/quehacerpolitico.mx\/wp-content\/uploads\/2023\/02\/C3A54C79-4257-4485-95DB-DCF69B2FE04D.jpeg",705,435,false],"2048x2048":["https:\/\/quehacerpolitico.mx\/wp-content\/uploads\/2023\/02\/C3A54C79-4257-4485-95DB-DCF69B2FE04D.jpeg",705,435,false],"covernews-featured":["https:\/\/quehacerpolitico.mx\/wp-content\/uploads\/2023\/02\/C3A54C79-4257-4485-95DB-DCF69B2FE04D.jpeg",705,435,false],"covernews-medium":["https:\/\/quehacerpolitico.mx\/wp-content\/uploads\/2023\/02\/C3A54C79-4257-4485-95DB-DCF69B2FE04D.jpeg",540,333,false]},"author_info":{"display_name":"Redacci\u00f3n QP","author_link":"https:\/\/quehacerpolitico.mx\/?author=2"},"category_info":"<a href=\"https:\/\/quehacerpolitico.mx\/?cat=2\" rel=\"category\">Noticias<\/a>","tag_info":"Noticias","comment_count":"0","_links":{"self":[{"href":"https:\/\/quehacerpolitico.mx\/index.php?rest_route=\/wp\/v2\/posts\/98802","targetHints":{"allow":["GET"]}}],"collection":[{"href":"https:\/\/quehacerpolitico.mx\/index.php?rest_route=\/wp\/v2\/posts"}],"about":[{"href":"https:\/\/quehacerpolitico.mx\/index.php?rest_route=\/wp\/v2\/types\/post"}],"author":[{"embeddable":true,"href":"https:\/\/quehacerpolitico.mx\/index.php?rest_route=\/wp\/v2\/users\/2"}],"replies":[{"embeddable":true,"href":"https:\/\/quehacerpolitico.mx\/index.php?rest_route=%2Fwp%2Fv2%2Fcomments&post=98802"}],"version-history":[{"count":1,"href":"https:\/\/quehacerpolitico.mx\/index.php?rest_route=\/wp\/v2\/posts\/98802\/revisions"}],"predecessor-version":[{"id":98804,"href":"https:\/\/quehacerpolitico.mx\/index.php?rest_route=\/wp\/v2\/posts\/98802\/revisions\/98804"}],"wp:featuredmedia":[{"embeddable":true,"href":"https:\/\/quehacerpolitico.mx\/index.php?rest_route=\/wp\/v2\/media\/98803"}],"wp:attachment":[{"href":"https:\/\/quehacerpolitico.mx\/index.php?rest_route=%2Fwp%2Fv2%2Fmedia&parent=98802"}],"wp:term":[{"taxonomy":"category","embeddable":true,"href":"https:\/\/quehacerpolitico.mx\/index.php?rest_route=%2Fwp%2Fv2%2Fcategories&post=98802"},{"taxonomy":"post_tag","embeddable":true,"href":"https:\/\/quehacerpolitico.mx\/index.php?rest_route=%2Fwp%2Fv2%2Ftags&post=98802"}],"curies":[{"name":"wp","href":"https:\/\/api.w.org\/{rel}","templated":true}]}}