{"id":98799,"date":"2023-02-20T19:24:41","date_gmt":"2023-02-20T19:24:41","guid":{"rendered":"https:\/\/quehacerpolitico.mx\/?p=98799"},"modified":"2023-02-20T19:24:44","modified_gmt":"2023-02-20T19:24:44","slug":"gracias-al-aifa-en-santa-lucia-el-aicm-sigue-existiendo-sheinbaum","status":"publish","type":"post","link":"https:\/\/quehacerpolitico.mx\/?p=98799","title":{"rendered":"Gracias al AIFA en Santa Luc\u00eda, el AICM sigue existiendo: Sheinbaum"},"content":{"rendered":"\n<p>Por Redacci\u00f3n QP<\/p>\n\n\n\n<p>Sheinbaum report\u00f3 que, de 2019 a la fecha, se han invertido m\u00e1s de 8 mil 17 millones de pesos en el AICM<\/p>\n\n\n\n<p>Claudia Sheinbaum, jefa de gobierno de la Ciudad de M\u00e9xico,<strong>\u00a0inform\u00f3 que en diversos proyectos para rehabilitar el\u00a0Aeropuerto Internacional \u201cBenito Ju\u00e1rez\u201d de la Ciudad de M\u00e9xico desde 2019 a la fecha, se han invertido m\u00e1s de 8 mil 017 millones de pesos.<\/strong><\/p>\n\n\n\n<figure class=\"wp-block-embed is-type-rich is-provider-twitter wp-block-embed-twitter\"><div class=\"wp-block-embed__wrapper\">\n<blockquote class=\"twitter-tweet\" data-width=\"550\" data-dnt=\"true\"><p lang=\"es\" dir=\"ltr\">En la Ma\u00f1anera con el Presidente <a href=\"https:\/\/twitter.com\/lopezobrador_?ref_src=twsrc%5Etfw\">@lopezobrador_<\/a> habl\u00e9 de la inversi\u00f3n de casi 8 mil 017 mdp realizada en el <a href=\"https:\/\/twitter.com\/AICM_mx?ref_src=twsrc%5Etfw\">@AICM_mx<\/a>, el cual sigue existiendo gracias al <a href=\"https:\/\/twitter.com\/aifaaero?ref_src=twsrc%5Etfw\">@aifaaero<\/a>, ya que la construcci\u00f3n de una nueva terminal a\u00e9rea en Texcoco habr\u00eda afectado a la zona oriente de la Ciudad. <a href=\"https:\/\/t.co\/bf6pPtd8yp\">pic.twitter.com\/bf6pPtd8yp<\/a><\/p>&mdash; Claudia Sheinbaum Pardo (@Claudiashein) <a href=\"https:\/\/twitter.com\/Claudiashein\/status\/1627693071239614464?ref_src=twsrc%5Etfw\">February 20, 2023<\/a><\/blockquote><script async src=\"https:\/\/platform.twitter.com\/widgets.js\" charset=\"utf-8\"><\/script>\n<\/div><\/figure>\n\n\n\n<p>En la conferencia ma\u00f1anera del Presidente Andres Manuel Lopez Obrador, la jefa de gobierno asegur\u00f3 que si se hubiera construido el fallido Nuevo Aeropuerto Internacional de la Ciudad de M\u00e9xico (NAICM) en Texcoco,<strong>\u00a0se hubiera tenido que cerrar AICM y con esto, afirm\u00f3, hubiera afectado &#8220;much\u00edsimo&#8221; a la zona oriente de la capital.<\/strong><\/p>\n\n\n\n<p>&#8220;Recordarles que, gracias al Aeropuerto Felipe \u00c1ngeles en Santa Luc\u00eda, el Aeropuerto Internacional sigue existiendo, de otra manera si hubiera sido en Texcoco\u00a0<strong>este aeropuerto se hubiera cerrado y hubiera representado un desarrollo urbano que hubiera afectado much\u00edsimo a la zona oriente, por ello se han hecho una serie de inversiones.<\/strong><\/p>\n\n\n\n<p><strong>&#8220;Esto ha estado a cargo de la Secretar\u00eda de Infraestructura, Comunicaciones y Transporte y del vicealmirante Vel\u00e1zquez que est\u00e1 a cargo del Aeropuerto,<\/strong>&nbsp;los edificios terminales con una inversi\u00f3n de 3 mil 247 millones de pesos por parte del gobierno de M\u00e9xico, particularmente el dedo L de la Terminal 2; las pistas y plataformas y calles de rodaje en la \u00e1rea operacional con una inversi\u00f3n de 2 mil 205 millones; sistema de equipos selectivos, mecanismos ayudas visuales, c\u00e1rcamos y drenajes con mil 275 millones de pesos; diversos equipamiento, y estudios y proyectos.<\/p>\n\n\n\n<p><strong>Todo ello significa una inversi\u00f3n del 2019 al 2013 con el gobierno del Presidente L\u00f3pez Obrador, de 8 mil 017 millones de pesos&#8221;,<\/strong>\u00a0detall\u00f3.<\/p>\n\n\n\n<p>Con informaci\u00f3n de SUN <\/p>\n","protected":false},"excerpt":{"rendered":"<p>Por Redacci\u00f3n QP Sheinbaum report\u00f3 que, de 2019 a la fecha, se han invertido m\u00e1s&#8230;<\/p>\n","protected":false},"author":2,"featured_media":98800,"comment_status":"open","ping_status":"open","sticky":false,"template":"","format":"standard","meta":{"_monsterinsights_skip_tracking":false,"_monsterinsights_sitenote_active":false,"_monsterinsights_sitenote_note":"","_monsterinsights_sitenote_category":0,"footnotes":""},"categories":[55],"tags":[],"class_list":["post-98799","post","type-post","status-publish","format-standard","has-post-thumbnail","hentry","category-cdmx"],"yoast_head":"<!-- This site is optimized with the Yoast SEO plugin v27.3 - https:\/\/yoast.com\/product\/yoast-seo-wordpress\/ -->\n<title>Gracias al AIFA en Santa Luc\u00eda, el AICM sigue existiendo: Sheinbaum -<\/title>\n<meta name=\"robots\" content=\"index, follow, max-snippet:-1, max-image-preview:large, max-video-preview:-1\" \/>\n<link rel=\"canonical\" href=\"https:\/\/quehacerpolitico.mx\/?p=98799\" \/>\n<meta property=\"og:locale\" content=\"es_MX\" \/>\n<meta property=\"og:type\" content=\"article\" \/>\n<meta property=\"og:title\" content=\"Gracias al AIFA en Santa Luc\u00eda, el AICM sigue existiendo: Sheinbaum -\" \/>\n<meta property=\"og:description\" content=\"Por Redacci\u00f3n QP Sheinbaum report\u00f3 que, de 2019 a la fecha, se han invertido m\u00e1s...\" \/>\n<meta property=\"og:url\" content=\"https:\/\/quehacerpolitico.mx\/?p=98799\" \/>\n<meta property=\"article:published_time\" content=\"2023-02-20T19:24:41+00:00\" \/>\n<meta property=\"article:modified_time\" content=\"2023-02-20T19:24:44+00:00\" \/>\n<meta property=\"og:image\" content=\"https:\/\/quehacerpolitico.mx\/wp-content\/uploads\/2023\/02\/359DFFB8-73A0-4345-8560-DBDA72D875DF.jpeg\" \/>\n\t<meta property=\"og:image:width\" content=\"1024\" \/>\n\t<meta property=\"og:image:height\" content=\"681\" \/>\n\t<meta property=\"og:image:type\" content=\"image\/jpeg\" \/>\n<meta name=\"author\" content=\"Redacci\u00f3n QP\" \/>\n<meta name=\"twitter:card\" content=\"summary_large_image\" \/>\n<meta name=\"twitter:label1\" content=\"Escrito por\" \/>\n\t<meta name=\"twitter:data1\" content=\"Redacci\u00f3n QP\" \/>\n\t<meta name=\"twitter:label2\" content=\"Tiempo de lectura\" \/>\n\t<meta name=\"twitter:data2\" content=\"2 minutos\" \/>\n<script type=\"application\/ld+json\" class=\"yoast-schema-graph\">{\"@context\":\"https:\\\/\\\/schema.org\",\"@graph\":[{\"@type\":\"Article\",\"@id\":\"https:\\\/\\\/quehacerpolitico.mx\\\/?p=98799#article\",\"isPartOf\":{\"@id\":\"https:\\\/\\\/quehacerpolitico.mx\\\/?p=98799\"},\"author\":{\"name\":\"Redacci\u00f3n QP\",\"@id\":\"https:\\\/\\\/quehacerpolitico.mx\\\/#\\\/schema\\\/person\\\/496d8ad2d1d3f8036101dca7ee39e585\"},\"headline\":\"Gracias al AIFA en Santa Luc\u00eda, el AICM sigue existiendo: Sheinbaum\",\"datePublished\":\"2023-02-20T19:24:41+00:00\",\"dateModified\":\"2023-02-20T19:24:44+00:00\",\"mainEntityOfPage\":{\"@id\":\"https:\\\/\\\/quehacerpolitico.mx\\\/?p=98799\"},\"wordCount\":321,\"commentCount\":0,\"image\":{\"@id\":\"https:\\\/\\\/quehacerpolitico.mx\\\/?p=98799#primaryimage\"},\"thumbnailUrl\":\"https:\\\/\\\/quehacerpolitico.mx\\\/wp-content\\\/uploads\\\/2023\\\/02\\\/359DFFB8-73A0-4345-8560-DBDA72D875DF.jpeg\",\"articleSection\":[\"CDMX\"],\"inLanguage\":\"es\",\"potentialAction\":[{\"@type\":\"CommentAction\",\"name\":\"Comment\",\"target\":[\"https:\\\/\\\/quehacerpolitico.mx\\\/?p=98799#respond\"]}]},{\"@type\":\"WebPage\",\"@id\":\"https:\\\/\\\/quehacerpolitico.mx\\\/?p=98799\",\"url\":\"https:\\\/\\\/quehacerpolitico.mx\\\/?p=98799\",\"name\":\"Gracias al AIFA en Santa Luc\u00eda, el AICM sigue existiendo: Sheinbaum -\",\"isPartOf\":{\"@id\":\"https:\\\/\\\/quehacerpolitico.mx\\\/#website\"},\"primaryImageOfPage\":{\"@id\":\"https:\\\/\\\/quehacerpolitico.mx\\\/?p=98799#primaryimage\"},\"image\":{\"@id\":\"https:\\\/\\\/quehacerpolitico.mx\\\/?p=98799#primaryimage\"},\"thumbnailUrl\":\"https:\\\/\\\/quehacerpolitico.mx\\\/wp-content\\\/uploads\\\/2023\\\/02\\\/359DFFB8-73A0-4345-8560-DBDA72D875DF.jpeg\",\"datePublished\":\"2023-02-20T19:24:41+00:00\",\"dateModified\":\"2023-02-20T19:24:44+00:00\",\"author\":{\"@id\":\"https:\\\/\\\/quehacerpolitico.mx\\\/#\\\/schema\\\/person\\\/496d8ad2d1d3f8036101dca7ee39e585\"},\"breadcrumb\":{\"@id\":\"https:\\\/\\\/quehacerpolitico.mx\\\/?p=98799#breadcrumb\"},\"inLanguage\":\"es\",\"potentialAction\":[{\"@type\":\"ReadAction\",\"target\":[\"https:\\\/\\\/quehacerpolitico.mx\\\/?p=98799\"]}]},{\"@type\":\"ImageObject\",\"inLanguage\":\"es\",\"@id\":\"https:\\\/\\\/quehacerpolitico.mx\\\/?p=98799#primaryimage\",\"url\":\"https:\\\/\\\/quehacerpolitico.mx\\\/wp-content\\\/uploads\\\/2023\\\/02\\\/359DFFB8-73A0-4345-8560-DBDA72D875DF.jpeg\",\"contentUrl\":\"https:\\\/\\\/quehacerpolitico.mx\\\/wp-content\\\/uploads\\\/2023\\\/02\\\/359DFFB8-73A0-4345-8560-DBDA72D875DF.jpeg\",\"width\":1024,\"height\":681},{\"@type\":\"BreadcrumbList\",\"@id\":\"https:\\\/\\\/quehacerpolitico.mx\\\/?p=98799#breadcrumb\",\"itemListElement\":[{\"@type\":\"ListItem\",\"position\":1,\"name\":\"Inicio\",\"item\":\"https:\\\/\\\/quehacerpolitico.mx\\\/\"},{\"@type\":\"ListItem\",\"position\":2,\"name\":\"Gracias al AIFA en Santa Luc\u00eda, el AICM sigue existiendo: Sheinbaum\"}]},{\"@type\":\"WebSite\",\"@id\":\"https:\\\/\\\/quehacerpolitico.mx\\\/#website\",\"url\":\"https:\\\/\\\/quehacerpolitico.mx\\\/\",\"name\":\"\",\"description\":\"\",\"potentialAction\":[{\"@type\":\"SearchAction\",\"target\":{\"@type\":\"EntryPoint\",\"urlTemplate\":\"https:\\\/\\\/quehacerpolitico.mx\\\/?s={search_term_string}\"},\"query-input\":{\"@type\":\"PropertyValueSpecification\",\"valueRequired\":true,\"valueName\":\"search_term_string\"}}],\"inLanguage\":\"es\"},{\"@type\":\"Person\",\"@id\":\"https:\\\/\\\/quehacerpolitico.mx\\\/#\\\/schema\\\/person\\\/496d8ad2d1d3f8036101dca7ee39e585\",\"name\":\"Redacci\u00f3n QP\",\"image\":{\"@type\":\"ImageObject\",\"inLanguage\":\"es\",\"@id\":\"https:\\\/\\\/secure.gravatar.com\\\/avatar\\\/c7164ed6fdec453195284ad24a5ae5b6e1eed2b848477fa2a4787ba9adf39a41?s=96&d=mm&r=g\",\"url\":\"https:\\\/\\\/secure.gravatar.com\\\/avatar\\\/c7164ed6fdec453195284ad24a5ae5b6e1eed2b848477fa2a4787ba9adf39a41?s=96&d=mm&r=g\",\"contentUrl\":\"https:\\\/\\\/secure.gravatar.com\\\/avatar\\\/c7164ed6fdec453195284ad24a5ae5b6e1eed2b848477fa2a4787ba9adf39a41?s=96&d=mm&r=g\",\"caption\":\"Redacci\u00f3n QP\"},\"url\":\"https:\\\/\\\/quehacerpolitico.mx\\\/?author=2\"}]}<\/script>\n<!-- \/ Yoast SEO plugin. -->","yoast_head_json":{"title":"Gracias al AIFA en Santa Luc\u00eda, el AICM sigue existiendo: Sheinbaum -","robots":{"index":"index","follow":"follow","max-snippet":"max-snippet:-1","max-image-preview":"max-image-preview:large","max-video-preview":"max-video-preview:-1"},"canonical":"https:\/\/quehacerpolitico.mx\/?p=98799","og_locale":"es_MX","og_type":"article","og_title":"Gracias al AIFA en Santa Luc\u00eda, el AICM sigue existiendo: Sheinbaum -","og_description":"Por Redacci\u00f3n QP Sheinbaum report\u00f3 que, de 2019 a la fecha, se han invertido m\u00e1s...","og_url":"https:\/\/quehacerpolitico.mx\/?p=98799","article_published_time":"2023-02-20T19:24:41+00:00","article_modified_time":"2023-02-20T19:24:44+00:00","og_image":[{"width":1024,"height":681,"url":"https:\/\/quehacerpolitico.mx\/wp-content\/uploads\/2023\/02\/359DFFB8-73A0-4345-8560-DBDA72D875DF.jpeg","type":"image\/jpeg"}],"author":"Redacci\u00f3n QP","twitter_card":"summary_large_image","twitter_misc":{"Escrito por":"Redacci\u00f3n QP","Tiempo de lectura":"2 minutos"},"schema":{"@context":"https:\/\/schema.org","@graph":[{"@type":"Article","@id":"https:\/\/quehacerpolitico.mx\/?p=98799#article","isPartOf":{"@id":"https:\/\/quehacerpolitico.mx\/?p=98799"},"author":{"name":"Redacci\u00f3n QP","@id":"https:\/\/quehacerpolitico.mx\/#\/schema\/person\/496d8ad2d1d3f8036101dca7ee39e585"},"headline":"Gracias al AIFA en Santa Luc\u00eda, el AICM sigue existiendo: Sheinbaum","datePublished":"2023-02-20T19:24:41+00:00","dateModified":"2023-02-20T19:24:44+00:00","mainEntityOfPage":{"@id":"https:\/\/quehacerpolitico.mx\/?p=98799"},"wordCount":321,"commentCount":0,"image":{"@id":"https:\/\/quehacerpolitico.mx\/?p=98799#primaryimage"},"thumbnailUrl":"https:\/\/quehacerpolitico.mx\/wp-content\/uploads\/2023\/02\/359DFFB8-73A0-4345-8560-DBDA72D875DF.jpeg","articleSection":["CDMX"],"inLanguage":"es","potentialAction":[{"@type":"CommentAction","name":"Comment","target":["https:\/\/quehacerpolitico.mx\/?p=98799#respond"]}]},{"@type":"WebPage","@id":"https:\/\/quehacerpolitico.mx\/?p=98799","url":"https:\/\/quehacerpolitico.mx\/?p=98799","name":"Gracias al AIFA en Santa Luc\u00eda, el AICM sigue existiendo: Sheinbaum -","isPartOf":{"@id":"https:\/\/quehacerpolitico.mx\/#website"},"primaryImageOfPage":{"@id":"https:\/\/quehacerpolitico.mx\/?p=98799#primaryimage"},"image":{"@id":"https:\/\/quehacerpolitico.mx\/?p=98799#primaryimage"},"thumbnailUrl":"https:\/\/quehacerpolitico.mx\/wp-content\/uploads\/2023\/02\/359DFFB8-73A0-4345-8560-DBDA72D875DF.jpeg","datePublished":"2023-02-20T19:24:41+00:00","dateModified":"2023-02-20T19:24:44+00:00","author":{"@id":"https:\/\/quehacerpolitico.mx\/#\/schema\/person\/496d8ad2d1d3f8036101dca7ee39e585"},"breadcrumb":{"@id":"https:\/\/quehacerpolitico.mx\/?p=98799#breadcrumb"},"inLanguage":"es","potentialAction":[{"@type":"ReadAction","target":["https:\/\/quehacerpolitico.mx\/?p=98799"]}]},{"@type":"ImageObject","inLanguage":"es","@id":"https:\/\/quehacerpolitico.mx\/?p=98799#primaryimage","url":"https:\/\/quehacerpolitico.mx\/wp-content\/uploads\/2023\/02\/359DFFB8-73A0-4345-8560-DBDA72D875DF.jpeg","contentUrl":"https:\/\/quehacerpolitico.mx\/wp-content\/uploads\/2023\/02\/359DFFB8-73A0-4345-8560-DBDA72D875DF.jpeg","width":1024,"height":681},{"@type":"BreadcrumbList","@id":"https:\/\/quehacerpolitico.mx\/?p=98799#breadcrumb","itemListElement":[{"@type":"ListItem","position":1,"name":"Inicio","item":"https:\/\/quehacerpolitico.mx\/"},{"@type":"ListItem","position":2,"name":"Gracias al AIFA en Santa Luc\u00eda, el AICM sigue existiendo: Sheinbaum"}]},{"@type":"WebSite","@id":"https:\/\/quehacerpolitico.mx\/#website","url":"https:\/\/quehacerpolitico.mx\/","name":"","description":"","potentialAction":[{"@type":"SearchAction","target":{"@type":"EntryPoint","urlTemplate":"https:\/\/quehacerpolitico.mx\/?s={search_term_string}"},"query-input":{"@type":"PropertyValueSpecification","valueRequired":true,"valueName":"search_term_string"}}],"inLanguage":"es"},{"@type":"Person","@id":"https:\/\/quehacerpolitico.mx\/#\/schema\/person\/496d8ad2d1d3f8036101dca7ee39e585","name":"Redacci\u00f3n QP","image":{"@type":"ImageObject","inLanguage":"es","@id":"https:\/\/secure.gravatar.com\/avatar\/c7164ed6fdec453195284ad24a5ae5b6e1eed2b848477fa2a4787ba9adf39a41?s=96&d=mm&r=g","url":"https:\/\/secure.gravatar.com\/avatar\/c7164ed6fdec453195284ad24a5ae5b6e1eed2b848477fa2a4787ba9adf39a41?s=96&d=mm&r=g","contentUrl":"https:\/\/secure.gravatar.com\/avatar\/c7164ed6fdec453195284ad24a5ae5b6e1eed2b848477fa2a4787ba9adf39a41?s=96&d=mm&r=g","caption":"Redacci\u00f3n QP"},"url":"https:\/\/quehacerpolitico.mx\/?author=2"}]}},"featured_image_urls":{"full":["https:\/\/quehacerpolitico.mx\/wp-content\/uploads\/2023\/02\/359DFFB8-73A0-4345-8560-DBDA72D875DF.jpeg",1024,681,false],"thumbnail":["https:\/\/quehacerpolitico.mx\/wp-content\/uploads\/2023\/02\/359DFFB8-73A0-4345-8560-DBDA72D875DF-150x150.jpeg",150,150,true],"medium":["https:\/\/quehacerpolitico.mx\/wp-content\/uploads\/2023\/02\/359DFFB8-73A0-4345-8560-DBDA72D875DF-300x200.jpeg",300,200,true],"medium_large":["https:\/\/quehacerpolitico.mx\/wp-content\/uploads\/2023\/02\/359DFFB8-73A0-4345-8560-DBDA72D875DF-768x511.jpeg",640,426,true],"large":["https:\/\/quehacerpolitico.mx\/wp-content\/uploads\/2023\/02\/359DFFB8-73A0-4345-8560-DBDA72D875DF.jpeg",640,426,false],"1536x1536":["https:\/\/quehacerpolitico.mx\/wp-content\/uploads\/2023\/02\/359DFFB8-73A0-4345-8560-DBDA72D875DF.jpeg",1024,681,false],"2048x2048":["https:\/\/quehacerpolitico.mx\/wp-content\/uploads\/2023\/02\/359DFFB8-73A0-4345-8560-DBDA72D875DF.jpeg",1024,681,false],"covernews-featured":["https:\/\/quehacerpolitico.mx\/wp-content\/uploads\/2023\/02\/359DFFB8-73A0-4345-8560-DBDA72D875DF.jpeg",1024,681,false],"covernews-medium":["https:\/\/quehacerpolitico.mx\/wp-content\/uploads\/2023\/02\/359DFFB8-73A0-4345-8560-DBDA72D875DF.jpeg",511,340,false]},"author_info":{"display_name":"Redacci\u00f3n QP","author_link":"https:\/\/quehacerpolitico.mx\/?author=2"},"category_info":"<a href=\"https:\/\/quehacerpolitico.mx\/?cat=55\" rel=\"category\">CDMX<\/a>","tag_info":"CDMX","comment_count":"0","_links":{"self":[{"href":"https:\/\/quehacerpolitico.mx\/index.php?rest_route=\/wp\/v2\/posts\/98799","targetHints":{"allow":["GET"]}}],"collection":[{"href":"https:\/\/quehacerpolitico.mx\/index.php?rest_route=\/wp\/v2\/posts"}],"about":[{"href":"https:\/\/quehacerpolitico.mx\/index.php?rest_route=\/wp\/v2\/types\/post"}],"author":[{"embeddable":true,"href":"https:\/\/quehacerpolitico.mx\/index.php?rest_route=\/wp\/v2\/users\/2"}],"replies":[{"embeddable":true,"href":"https:\/\/quehacerpolitico.mx\/index.php?rest_route=%2Fwp%2Fv2%2Fcomments&post=98799"}],"version-history":[{"count":1,"href":"https:\/\/quehacerpolitico.mx\/index.php?rest_route=\/wp\/v2\/posts\/98799\/revisions"}],"predecessor-version":[{"id":98801,"href":"https:\/\/quehacerpolitico.mx\/index.php?rest_route=\/wp\/v2\/posts\/98799\/revisions\/98801"}],"wp:featuredmedia":[{"embeddable":true,"href":"https:\/\/quehacerpolitico.mx\/index.php?rest_route=\/wp\/v2\/media\/98800"}],"wp:attachment":[{"href":"https:\/\/quehacerpolitico.mx\/index.php?rest_route=%2Fwp%2Fv2%2Fmedia&parent=98799"}],"wp:term":[{"taxonomy":"category","embeddable":true,"href":"https:\/\/quehacerpolitico.mx\/index.php?rest_route=%2Fwp%2Fv2%2Fcategories&post=98799"},{"taxonomy":"post_tag","embeddable":true,"href":"https:\/\/quehacerpolitico.mx\/index.php?rest_route=%2Fwp%2Fv2%2Ftags&post=98799"}],"curies":[{"name":"wp","href":"https:\/\/api.w.org\/{rel}","templated":true}]}}