{"id":98783,"date":"2023-02-20T16:16:55","date_gmt":"2023-02-20T16:16:55","guid":{"rendered":"https:\/\/quehacerpolitico.mx\/?p=98783"},"modified":"2023-02-20T16:16:59","modified_gmt":"2023-02-20T16:16:59","slug":"enfoque-litza-deniss-duran-espinosa-baja-tasa-de-desempleo-en-mexico-en-el-cuarto-trimestre-del-2022","status":"publish","type":"post","link":"https:\/\/quehacerpolitico.mx\/?p=98783","title":{"rendered":"Enfoque\/\/\/Litza Deniss Dur\u00e1n Espinosa\/\/\/Baja tasa de desempleo en M\u00e9xico en el cuarto trimestre del 2022"},"content":{"rendered":"\n<p>Por Litza Deniss Dur\u00e1n Espinosa<\/p>\n\n\n\n<p>Analista<\/p>\n\n\n\n<p>El empleo se vio impulsado por el comercio, las manufacturas y los restaurantes; la proporci\u00f3n de poblaci\u00f3n desocupada disminuy\u00f3 en comparaci\u00f3n con 2021<\/p>\n\n\n\n<p>La tasa de desempleo en M\u00e9xico\u00a0<strong>descendi\u00f3 en el cuarto trimestre de 2022 a un 3 % de la poblaci\u00f3n econ\u00f3micamente activa<\/strong>\u00a0(PEA), un dato inferior al 3.7 % del mismo periodo de 2021, inform\u00f3 este lunes el Instituto Nacional de Estad\u00edstica y Geograf\u00eda (Inegi).<\/p>\n\n\n\n<p>&#8220;Un total de&nbsp;<strong>58.3 millones de personas se encontraban ocupadas<\/strong>, 1.7 millones de personas m\u00e1s con relaci\u00f3n al mismo trimestre de 2021&#8243;, indic\u00f3 el organismo aut\u00f3nomo en su reporte, que indic\u00f3 1.8 millones de desempleados.<\/p>\n\n\n\n<p>Asimismo, la tasa de desempleo de octubre a diciembre es menor a la del 3.4 % que report\u00f3 el instituto de estad\u00edstica en el tercer trimestre de 2022, con base en la Encuesta Nacional de Ocupaci\u00f3n y Empleo (ENOE).<\/p>\n\n\n\n<figure class=\"wp-block-embed is-type-rich is-provider-twitter wp-block-embed-twitter\"><div class=\"wp-block-embed__wrapper\">\n<blockquote class=\"twitter-tweet\" data-width=\"550\" data-dnt=\"true\"><p lang=\"es\" dir=\"ltr\">En el mismo periodo de referencia, la poblaci\u00f3n subocupada, es decir, las personas que declararon tener necesidad de trabajar m\u00e1s tiempo, fue de 4.4 millones de personas y represent\u00f3 una tasa de 7.5 % de la poblaci\u00f3n ocupada.<br><br>\ud83d\udda5\ufe0f <a href=\"https:\/\/twitter.com\/hashtag\/ENOE?src=hash&amp;ref_src=twsrc%5Etfw\">#ENOE<\/a>: <a href=\"https:\/\/t.co\/lskuV4XJbY\">https:\/\/t.co\/lskuV4XJbY<\/a><br> <br>(2\/2) <a href=\"https:\/\/t.co\/O7ORbItCbm\">pic.twitter.com\/O7ORbItCbm<\/a><\/p>&mdash; INEGI INFORMA (@INEGI_INFORMA) <a href=\"https:\/\/twitter.com\/INEGI_INFORMA\/status\/1627639774134820864?ref_src=twsrc%5Etfw\">February 20, 2023<\/a><\/blockquote><script async src=\"https:\/\/platform.twitter.com\/widgets.js\" charset=\"utf-8\"><\/script>\n<\/div><\/figure>\n\n\n\n<p>La PEA del cuarto trimestre del a\u00f1o fue de 60.1 millones de personas de 15 a\u00f1os y m\u00e1s, lo que represent\u00f3 una tasa de participaci\u00f3n de 60,4 % y una poblaci\u00f3n superior en 1.4 millones a la de los \u00faltimos tres meses de 2021.<\/p>\n\n\n\n<p>Las personas subocupadas, es decir, las que declararon tener necesidad y disponibilidad para trabajar m\u00e1s horas,\u00a0<strong>fueron 4.4 millones, un 7.5 % de la poblaci\u00f3n ocupada,\u00a0<\/strong>un porcentaje inferior al 10.6 % del cuarto trimestre de 2021.<\/p>\n\n\n\n<h2 class=\"wp-block-heading\">POR SECTORES E INFORMALIDAD<\/h2>\n\n\n\n<p>Las \u00e1reas con m\u00e1s incrementos interanuales de empleo fueron comercio, con un aumento de 279 mil personas, la industria manufacturera con 260 mil, y restaurantes y alojamiento con 217 mil.<\/p>\n\n\n\n<p><strong>Los trabajadores del sector informal en el cuarto trimestre totalizaron 32.2 millones,<\/strong>\u00a0lo que baj\u00f3 la tasa de informalidad a 55.1 %, unos 0.7 puntos porcentuales menos que un a\u00f1o antes.<\/p>\n\n\n\n<p>La poblaci\u00f3n ocupada por sector de actividad se distribuy\u00f3 con 62.7 % en el sector terciario o de servicios, 24.9 % en el secundario o industrial y 11.8 % en actividades primarias.<\/p>\n\n\n\n<p>Por g\u00e9nero,<strong>&nbsp;la PEA femenina de octubre a diciembre fue de casi 24.4 millones y la masculina de 35.74 millones,<\/strong>&nbsp;con una tasa de participaci\u00f3n econ\u00f3mica de 46.2 % en las mujeres en edad de trabajar y de 76.5 % en los hombres.<\/p>\n\n\n\n<p>Las cifras de empleo reflejan el comportamiento econ\u00f3mico de M\u00e9xico, que creci\u00f3 un 3 % anual en 2022, seg\u00fan la estimaci\u00f3n oportuna del Inegi.<\/p>\n\n\n\n<p>Con Informaci\u00f3n de EFE<\/p>\n","protected":false},"excerpt":{"rendered":"<p>Por Litza Deniss Dur\u00e1n Espinosa Analista El empleo se vio impulsado por el comercio, las&#8230;<\/p>\n","protected":false},"author":2,"featured_media":98784,"comment_status":"open","ping_status":"open","sticky":false,"template":"","format":"standard","meta":{"_monsterinsights_skip_tracking":false,"_monsterinsights_sitenote_active":false,"_monsterinsights_sitenote_note":"","_monsterinsights_sitenote_category":0,"footnotes":""},"categories":[56],"tags":[],"class_list":["post-98783","post","type-post","status-publish","format-standard","has-post-thumbnail","hentry","category-economia"],"yoast_head":"<!-- This site is optimized with the Yoast SEO plugin v27.3 - https:\/\/yoast.com\/product\/yoast-seo-wordpress\/ -->\n<title>Enfoque\/\/\/Litza Deniss Dur\u00e1n Espinosa\/\/\/Baja tasa de desempleo en M\u00e9xico en el cuarto trimestre del 2022 -<\/title>\n<meta name=\"robots\" content=\"index, follow, max-snippet:-1, max-image-preview:large, max-video-preview:-1\" \/>\n<link rel=\"canonical\" href=\"https:\/\/quehacerpolitico.mx\/?p=98783\" \/>\n<meta property=\"og:locale\" content=\"es_MX\" \/>\n<meta property=\"og:type\" content=\"article\" \/>\n<meta property=\"og:title\" content=\"Enfoque\/\/\/Litza Deniss Dur\u00e1n Espinosa\/\/\/Baja tasa de desempleo en M\u00e9xico en el cuarto trimestre del 2022 -\" \/>\n<meta property=\"og:description\" content=\"Por Litza Deniss Dur\u00e1n Espinosa Analista El empleo se vio impulsado por el comercio, las...\" \/>\n<meta property=\"og:url\" content=\"https:\/\/quehacerpolitico.mx\/?p=98783\" \/>\n<meta property=\"article:published_time\" content=\"2023-02-20T16:16:55+00:00\" \/>\n<meta property=\"article:modified_time\" content=\"2023-02-20T16:16:59+00:00\" \/>\n<meta property=\"og:image\" content=\"https:\/\/quehacerpolitico.mx\/wp-content\/uploads\/2023\/02\/381479CC-FCC9-42E4-89B8-279383C3F70B.jpeg\" \/>\n\t<meta property=\"og:image:width\" content=\"1280\" \/>\n\t<meta property=\"og:image:height\" content=\"337\" \/>\n\t<meta property=\"og:image:type\" content=\"image\/jpeg\" \/>\n<meta name=\"author\" content=\"Redacci\u00f3n QP\" \/>\n<meta name=\"twitter:card\" content=\"summary_large_image\" \/>\n<meta name=\"twitter:label1\" content=\"Escrito por\" \/>\n\t<meta name=\"twitter:data1\" content=\"Redacci\u00f3n QP\" \/>\n\t<meta name=\"twitter:label2\" content=\"Tiempo de lectura\" \/>\n\t<meta name=\"twitter:data2\" content=\"2 minutos\" \/>\n<script type=\"application\/ld+json\" class=\"yoast-schema-graph\">{\"@context\":\"https:\\\/\\\/schema.org\",\"@graph\":[{\"@type\":\"Article\",\"@id\":\"https:\\\/\\\/quehacerpolitico.mx\\\/?p=98783#article\",\"isPartOf\":{\"@id\":\"https:\\\/\\\/quehacerpolitico.mx\\\/?p=98783\"},\"author\":{\"name\":\"Redacci\u00f3n QP\",\"@id\":\"https:\\\/\\\/quehacerpolitico.mx\\\/#\\\/schema\\\/person\\\/496d8ad2d1d3f8036101dca7ee39e585\"},\"headline\":\"Enfoque\\\/\\\/\\\/Litza Deniss Dur\u00e1n Espinosa\\\/\\\/\\\/Baja tasa de desempleo en M\u00e9xico en el cuarto trimestre del 2022\",\"datePublished\":\"2023-02-20T16:16:55+00:00\",\"dateModified\":\"2023-02-20T16:16:59+00:00\",\"mainEntityOfPage\":{\"@id\":\"https:\\\/\\\/quehacerpolitico.mx\\\/?p=98783\"},\"wordCount\":413,\"commentCount\":0,\"image\":{\"@id\":\"https:\\\/\\\/quehacerpolitico.mx\\\/?p=98783#primaryimage\"},\"thumbnailUrl\":\"https:\\\/\\\/quehacerpolitico.mx\\\/wp-content\\\/uploads\\\/2023\\\/02\\\/381479CC-FCC9-42E4-89B8-279383C3F70B.jpeg\",\"articleSection\":[\"Econom\u00eda\"],\"inLanguage\":\"es\",\"potentialAction\":[{\"@type\":\"CommentAction\",\"name\":\"Comment\",\"target\":[\"https:\\\/\\\/quehacerpolitico.mx\\\/?p=98783#respond\"]}]},{\"@type\":\"WebPage\",\"@id\":\"https:\\\/\\\/quehacerpolitico.mx\\\/?p=98783\",\"url\":\"https:\\\/\\\/quehacerpolitico.mx\\\/?p=98783\",\"name\":\"Enfoque\\\/\\\/\\\/Litza Deniss Dur\u00e1n Espinosa\\\/\\\/\\\/Baja tasa de desempleo en M\u00e9xico en el cuarto trimestre del 2022 -\",\"isPartOf\":{\"@id\":\"https:\\\/\\\/quehacerpolitico.mx\\\/#website\"},\"primaryImageOfPage\":{\"@id\":\"https:\\\/\\\/quehacerpolitico.mx\\\/?p=98783#primaryimage\"},\"image\":{\"@id\":\"https:\\\/\\\/quehacerpolitico.mx\\\/?p=98783#primaryimage\"},\"thumbnailUrl\":\"https:\\\/\\\/quehacerpolitico.mx\\\/wp-content\\\/uploads\\\/2023\\\/02\\\/381479CC-FCC9-42E4-89B8-279383C3F70B.jpeg\",\"datePublished\":\"2023-02-20T16:16:55+00:00\",\"dateModified\":\"2023-02-20T16:16:59+00:00\",\"author\":{\"@id\":\"https:\\\/\\\/quehacerpolitico.mx\\\/#\\\/schema\\\/person\\\/496d8ad2d1d3f8036101dca7ee39e585\"},\"breadcrumb\":{\"@id\":\"https:\\\/\\\/quehacerpolitico.mx\\\/?p=98783#breadcrumb\"},\"inLanguage\":\"es\",\"potentialAction\":[{\"@type\":\"ReadAction\",\"target\":[\"https:\\\/\\\/quehacerpolitico.mx\\\/?p=98783\"]}]},{\"@type\":\"ImageObject\",\"inLanguage\":\"es\",\"@id\":\"https:\\\/\\\/quehacerpolitico.mx\\\/?p=98783#primaryimage\",\"url\":\"https:\\\/\\\/quehacerpolitico.mx\\\/wp-content\\\/uploads\\\/2023\\\/02\\\/381479CC-FCC9-42E4-89B8-279383C3F70B.jpeg\",\"contentUrl\":\"https:\\\/\\\/quehacerpolitico.mx\\\/wp-content\\\/uploads\\\/2023\\\/02\\\/381479CC-FCC9-42E4-89B8-279383C3F70B.jpeg\",\"width\":1280,\"height\":337},{\"@type\":\"BreadcrumbList\",\"@id\":\"https:\\\/\\\/quehacerpolitico.mx\\\/?p=98783#breadcrumb\",\"itemListElement\":[{\"@type\":\"ListItem\",\"position\":1,\"name\":\"Inicio\",\"item\":\"https:\\\/\\\/quehacerpolitico.mx\\\/\"},{\"@type\":\"ListItem\",\"position\":2,\"name\":\"Enfoque\\\/\\\/\\\/Litza Deniss Dur\u00e1n Espinosa\\\/\\\/\\\/Baja tasa de desempleo en M\u00e9xico en el cuarto trimestre del 2022\"}]},{\"@type\":\"WebSite\",\"@id\":\"https:\\\/\\\/quehacerpolitico.mx\\\/#website\",\"url\":\"https:\\\/\\\/quehacerpolitico.mx\\\/\",\"name\":\"\",\"description\":\"\",\"potentialAction\":[{\"@type\":\"SearchAction\",\"target\":{\"@type\":\"EntryPoint\",\"urlTemplate\":\"https:\\\/\\\/quehacerpolitico.mx\\\/?s={search_term_string}\"},\"query-input\":{\"@type\":\"PropertyValueSpecification\",\"valueRequired\":true,\"valueName\":\"search_term_string\"}}],\"inLanguage\":\"es\"},{\"@type\":\"Person\",\"@id\":\"https:\\\/\\\/quehacerpolitico.mx\\\/#\\\/schema\\\/person\\\/496d8ad2d1d3f8036101dca7ee39e585\",\"name\":\"Redacci\u00f3n QP\",\"image\":{\"@type\":\"ImageObject\",\"inLanguage\":\"es\",\"@id\":\"https:\\\/\\\/secure.gravatar.com\\\/avatar\\\/c7164ed6fdec453195284ad24a5ae5b6e1eed2b848477fa2a4787ba9adf39a41?s=96&d=mm&r=g\",\"url\":\"https:\\\/\\\/secure.gravatar.com\\\/avatar\\\/c7164ed6fdec453195284ad24a5ae5b6e1eed2b848477fa2a4787ba9adf39a41?s=96&d=mm&r=g\",\"contentUrl\":\"https:\\\/\\\/secure.gravatar.com\\\/avatar\\\/c7164ed6fdec453195284ad24a5ae5b6e1eed2b848477fa2a4787ba9adf39a41?s=96&d=mm&r=g\",\"caption\":\"Redacci\u00f3n QP\"},\"url\":\"https:\\\/\\\/quehacerpolitico.mx\\\/?author=2\"}]}<\/script>\n<!-- \/ Yoast SEO plugin. -->","yoast_head_json":{"title":"Enfoque\/\/\/Litza Deniss Dur\u00e1n Espinosa\/\/\/Baja tasa de desempleo en M\u00e9xico en el cuarto trimestre del 2022 -","robots":{"index":"index","follow":"follow","max-snippet":"max-snippet:-1","max-image-preview":"max-image-preview:large","max-video-preview":"max-video-preview:-1"},"canonical":"https:\/\/quehacerpolitico.mx\/?p=98783","og_locale":"es_MX","og_type":"article","og_title":"Enfoque\/\/\/Litza Deniss Dur\u00e1n Espinosa\/\/\/Baja tasa de desempleo en M\u00e9xico en el cuarto trimestre del 2022 -","og_description":"Por Litza Deniss Dur\u00e1n Espinosa Analista El empleo se vio impulsado por el comercio, las...","og_url":"https:\/\/quehacerpolitico.mx\/?p=98783","article_published_time":"2023-02-20T16:16:55+00:00","article_modified_time":"2023-02-20T16:16:59+00:00","og_image":[{"width":1280,"height":337,"url":"https:\/\/quehacerpolitico.mx\/wp-content\/uploads\/2023\/02\/381479CC-FCC9-42E4-89B8-279383C3F70B.jpeg","type":"image\/jpeg"}],"author":"Redacci\u00f3n QP","twitter_card":"summary_large_image","twitter_misc":{"Escrito por":"Redacci\u00f3n QP","Tiempo de lectura":"2 minutos"},"schema":{"@context":"https:\/\/schema.org","@graph":[{"@type":"Article","@id":"https:\/\/quehacerpolitico.mx\/?p=98783#article","isPartOf":{"@id":"https:\/\/quehacerpolitico.mx\/?p=98783"},"author":{"name":"Redacci\u00f3n QP","@id":"https:\/\/quehacerpolitico.mx\/#\/schema\/person\/496d8ad2d1d3f8036101dca7ee39e585"},"headline":"Enfoque\/\/\/Litza Deniss Dur\u00e1n Espinosa\/\/\/Baja tasa de desempleo en M\u00e9xico en el cuarto trimestre del 2022","datePublished":"2023-02-20T16:16:55+00:00","dateModified":"2023-02-20T16:16:59+00:00","mainEntityOfPage":{"@id":"https:\/\/quehacerpolitico.mx\/?p=98783"},"wordCount":413,"commentCount":0,"image":{"@id":"https:\/\/quehacerpolitico.mx\/?p=98783#primaryimage"},"thumbnailUrl":"https:\/\/quehacerpolitico.mx\/wp-content\/uploads\/2023\/02\/381479CC-FCC9-42E4-89B8-279383C3F70B.jpeg","articleSection":["Econom\u00eda"],"inLanguage":"es","potentialAction":[{"@type":"CommentAction","name":"Comment","target":["https:\/\/quehacerpolitico.mx\/?p=98783#respond"]}]},{"@type":"WebPage","@id":"https:\/\/quehacerpolitico.mx\/?p=98783","url":"https:\/\/quehacerpolitico.mx\/?p=98783","name":"Enfoque\/\/\/Litza Deniss Dur\u00e1n Espinosa\/\/\/Baja tasa de desempleo en M\u00e9xico en el cuarto trimestre del 2022 -","isPartOf":{"@id":"https:\/\/quehacerpolitico.mx\/#website"},"primaryImageOfPage":{"@id":"https:\/\/quehacerpolitico.mx\/?p=98783#primaryimage"},"image":{"@id":"https:\/\/quehacerpolitico.mx\/?p=98783#primaryimage"},"thumbnailUrl":"https:\/\/quehacerpolitico.mx\/wp-content\/uploads\/2023\/02\/381479CC-FCC9-42E4-89B8-279383C3F70B.jpeg","datePublished":"2023-02-20T16:16:55+00:00","dateModified":"2023-02-20T16:16:59+00:00","author":{"@id":"https:\/\/quehacerpolitico.mx\/#\/schema\/person\/496d8ad2d1d3f8036101dca7ee39e585"},"breadcrumb":{"@id":"https:\/\/quehacerpolitico.mx\/?p=98783#breadcrumb"},"inLanguage":"es","potentialAction":[{"@type":"ReadAction","target":["https:\/\/quehacerpolitico.mx\/?p=98783"]}]},{"@type":"ImageObject","inLanguage":"es","@id":"https:\/\/quehacerpolitico.mx\/?p=98783#primaryimage","url":"https:\/\/quehacerpolitico.mx\/wp-content\/uploads\/2023\/02\/381479CC-FCC9-42E4-89B8-279383C3F70B.jpeg","contentUrl":"https:\/\/quehacerpolitico.mx\/wp-content\/uploads\/2023\/02\/381479CC-FCC9-42E4-89B8-279383C3F70B.jpeg","width":1280,"height":337},{"@type":"BreadcrumbList","@id":"https:\/\/quehacerpolitico.mx\/?p=98783#breadcrumb","itemListElement":[{"@type":"ListItem","position":1,"name":"Inicio","item":"https:\/\/quehacerpolitico.mx\/"},{"@type":"ListItem","position":2,"name":"Enfoque\/\/\/Litza Deniss Dur\u00e1n Espinosa\/\/\/Baja tasa de desempleo en M\u00e9xico en el cuarto trimestre del 2022"}]},{"@type":"WebSite","@id":"https:\/\/quehacerpolitico.mx\/#website","url":"https:\/\/quehacerpolitico.mx\/","name":"","description":"","potentialAction":[{"@type":"SearchAction","target":{"@type":"EntryPoint","urlTemplate":"https:\/\/quehacerpolitico.mx\/?s={search_term_string}"},"query-input":{"@type":"PropertyValueSpecification","valueRequired":true,"valueName":"search_term_string"}}],"inLanguage":"es"},{"@type":"Person","@id":"https:\/\/quehacerpolitico.mx\/#\/schema\/person\/496d8ad2d1d3f8036101dca7ee39e585","name":"Redacci\u00f3n QP","image":{"@type":"ImageObject","inLanguage":"es","@id":"https:\/\/secure.gravatar.com\/avatar\/c7164ed6fdec453195284ad24a5ae5b6e1eed2b848477fa2a4787ba9adf39a41?s=96&d=mm&r=g","url":"https:\/\/secure.gravatar.com\/avatar\/c7164ed6fdec453195284ad24a5ae5b6e1eed2b848477fa2a4787ba9adf39a41?s=96&d=mm&r=g","contentUrl":"https:\/\/secure.gravatar.com\/avatar\/c7164ed6fdec453195284ad24a5ae5b6e1eed2b848477fa2a4787ba9adf39a41?s=96&d=mm&r=g","caption":"Redacci\u00f3n QP"},"url":"https:\/\/quehacerpolitico.mx\/?author=2"}]}},"featured_image_urls":{"full":["https:\/\/quehacerpolitico.mx\/wp-content\/uploads\/2023\/02\/381479CC-FCC9-42E4-89B8-279383C3F70B.jpeg",1280,337,false],"thumbnail":["https:\/\/quehacerpolitico.mx\/wp-content\/uploads\/2023\/02\/381479CC-FCC9-42E4-89B8-279383C3F70B-150x150.jpeg",150,150,true],"medium":["https:\/\/quehacerpolitico.mx\/wp-content\/uploads\/2023\/02\/381479CC-FCC9-42E4-89B8-279383C3F70B-300x79.jpeg",300,79,true],"medium_large":["https:\/\/quehacerpolitico.mx\/wp-content\/uploads\/2023\/02\/381479CC-FCC9-42E4-89B8-279383C3F70B-768x202.jpeg",640,168,true],"large":["https:\/\/quehacerpolitico.mx\/wp-content\/uploads\/2023\/02\/381479CC-FCC9-42E4-89B8-279383C3F70B-1024x270.jpeg",640,169,true],"1536x1536":["https:\/\/quehacerpolitico.mx\/wp-content\/uploads\/2023\/02\/381479CC-FCC9-42E4-89B8-279383C3F70B.jpeg",1280,337,false],"2048x2048":["https:\/\/quehacerpolitico.mx\/wp-content\/uploads\/2023\/02\/381479CC-FCC9-42E4-89B8-279383C3F70B.jpeg",1280,337,false],"covernews-featured":["https:\/\/quehacerpolitico.mx\/wp-content\/uploads\/2023\/02\/381479CC-FCC9-42E4-89B8-279383C3F70B.jpeg",1024,270,false],"covernews-medium":["https:\/\/quehacerpolitico.mx\/wp-content\/uploads\/2023\/02\/381479CC-FCC9-42E4-89B8-279383C3F70B.jpeg",540,142,false]},"author_info":{"display_name":"Redacci\u00f3n QP","author_link":"https:\/\/quehacerpolitico.mx\/?author=2"},"category_info":"<a href=\"https:\/\/quehacerpolitico.mx\/?cat=56\" rel=\"category\">Econom\u00eda<\/a>","tag_info":"Econom\u00eda","comment_count":"0","_links":{"self":[{"href":"https:\/\/quehacerpolitico.mx\/index.php?rest_route=\/wp\/v2\/posts\/98783","targetHints":{"allow":["GET"]}}],"collection":[{"href":"https:\/\/quehacerpolitico.mx\/index.php?rest_route=\/wp\/v2\/posts"}],"about":[{"href":"https:\/\/quehacerpolitico.mx\/index.php?rest_route=\/wp\/v2\/types\/post"}],"author":[{"embeddable":true,"href":"https:\/\/quehacerpolitico.mx\/index.php?rest_route=\/wp\/v2\/users\/2"}],"replies":[{"embeddable":true,"href":"https:\/\/quehacerpolitico.mx\/index.php?rest_route=%2Fwp%2Fv2%2Fcomments&post=98783"}],"version-history":[{"count":1,"href":"https:\/\/quehacerpolitico.mx\/index.php?rest_route=\/wp\/v2\/posts\/98783\/revisions"}],"predecessor-version":[{"id":98785,"href":"https:\/\/quehacerpolitico.mx\/index.php?rest_route=\/wp\/v2\/posts\/98783\/revisions\/98785"}],"wp:featuredmedia":[{"embeddable":true,"href":"https:\/\/quehacerpolitico.mx\/index.php?rest_route=\/wp\/v2\/media\/98784"}],"wp:attachment":[{"href":"https:\/\/quehacerpolitico.mx\/index.php?rest_route=%2Fwp%2Fv2%2Fmedia&parent=98783"}],"wp:term":[{"taxonomy":"category","embeddable":true,"href":"https:\/\/quehacerpolitico.mx\/index.php?rest_route=%2Fwp%2Fv2%2Fcategories&post=98783"},{"taxonomy":"post_tag","embeddable":true,"href":"https:\/\/quehacerpolitico.mx\/index.php?rest_route=%2Fwp%2Fv2%2Ftags&post=98783"}],"curies":[{"name":"wp","href":"https:\/\/api.w.org\/{rel}","templated":true}]}}