{"id":98763,"date":"2023-02-17T23:58:00","date_gmt":"2023-02-17T23:58:00","guid":{"rendered":"https:\/\/quehacerpolitico.mx\/?p=98763"},"modified":"2023-02-17T23:58:02","modified_gmt":"2023-02-17T23:58:02","slug":"jovenes-convocan-a-asambleas-en-apoyo-a-claudia-sheinbaum","status":"publish","type":"post","link":"https:\/\/quehacerpolitico.mx\/?p=98763","title":{"rendered":"J\u00f3venes convocan a asambleas en apoyo a Claudia Sheinbaum"},"content":{"rendered":"\n<p>Por Redacci\u00f3n QP<\/p>\n\n\n\n<p>Los encuentros se llevar\u00e1n a cabo de manera simult\u00e1nea en 28 estados de la Rep\u00fablica<\/p>\n\n\n\n<p>Miles de j\u00f3venes de todas las Entidades de M\u00e9xico se organizan para llevar a cabo encuentros a favor de Claudia Sheinbaum Pardo, aspirante a ser candidata a la Presidencia para los pr\u00f3ximos comicios del 2024 por el partido Morena.<\/p>\n\n\n\n<p>Los j\u00f3venes del pa\u00eds se han organizado para que este domingo 19 de febrero se realicen\u00a0<strong>asambleas a favor de Claudia Sheinbaum de manera simult\u00e1nea en 28 estados de la Rep\u00fablica.<\/strong><\/p>\n\n\n\n<figure class=\"wp-block-image size-full\"><img loading=\"lazy\" decoding=\"async\" width=\"1024\" height=\"768\" src=\"https:\/\/quehacerpolitico.mx\/wp-content\/uploads\/2023\/02\/image-44.jpeg\" alt=\"\" class=\"wp-image-98765\" srcset=\"https:\/\/quehacerpolitico.mx\/wp-content\/uploads\/2023\/02\/image-44.jpeg 1024w, https:\/\/quehacerpolitico.mx\/wp-content\/uploads\/2023\/02\/image-44-300x225.jpeg 300w, https:\/\/quehacerpolitico.mx\/wp-content\/uploads\/2023\/02\/image-44-768x576.jpeg 768w, https:\/\/quehacerpolitico.mx\/wp-content\/uploads\/2023\/02\/image-44-195x146.jpeg 195w, https:\/\/quehacerpolitico.mx\/wp-content\/uploads\/2023\/02\/image-44-50x38.jpeg 50w, https:\/\/quehacerpolitico.mx\/wp-content\/uploads\/2023\/02\/image-44-100x75.jpeg 100w, https:\/\/quehacerpolitico.mx\/wp-content\/uploads\/2023\/02\/image-44-960x720.jpeg 960w\" sizes=\"auto, (max-width: 1024px) 100vw, 1024px\" \/><\/figure>\n\n\n\n<p>Al Norte del pa\u00eds, se tienen confirmadas asambleas en El Carmen y Escobedo, Nuevo Le\u00f3n; Nuevo Casas Grandes, Chihuahua; G\u00f3mez Palacios, Durango y capital; Tijuana, Baja California; Los Cabos, Baja California Sur; Los Mochis, Sinaloa; Hermosillo, Sonora y Tepic, Nayarit.<\/p>\n\n\n\n<figure class=\"wp-block-image size-full\"><img loading=\"lazy\" decoding=\"async\" width=\"1024\" height=\"576\" src=\"https:\/\/quehacerpolitico.mx\/wp-content\/uploads\/2023\/02\/image-43.jpeg\" alt=\"\" class=\"wp-image-98764\" srcset=\"https:\/\/quehacerpolitico.mx\/wp-content\/uploads\/2023\/02\/image-43.jpeg 1024w, https:\/\/quehacerpolitico.mx\/wp-content\/uploads\/2023\/02\/image-43-300x169.jpeg 300w, https:\/\/quehacerpolitico.mx\/wp-content\/uploads\/2023\/02\/image-43-768x432.jpeg 768w, https:\/\/quehacerpolitico.mx\/wp-content\/uploads\/2023\/02\/image-43-260x146.jpeg 260w, https:\/\/quehacerpolitico.mx\/wp-content\/uploads\/2023\/02\/image-43-50x28.jpeg 50w, https:\/\/quehacerpolitico.mx\/wp-content\/uploads\/2023\/02\/image-43-133x75.jpeg 133w\" sizes=\"auto, (max-width: 1024px) 100vw, 1024px\" \/><\/figure>\n\n\n\n<p>En la regi\u00f3n Centro, las asambleas ser\u00e1n en Guadalajara, Jalisco; Le\u00f3n, Irapuato y Celaya, Guanajuato; Pachuca, Hidalgo; Santa Rosa de Jauregui, Quer\u00e9taro; Axalta de Terrazas, San Luis Potos\u00ed; Zacatecas, Zacatecas.; Chilpancingo, Guerrero; Jiutepec, Cuautla, Cuernavaca, Jojutla y Temixco, Morelos; Iz\u00facar de Matamoros y Tepeaca, Puebla; Ixtacuixtla, Tlaxcala; Jes\u00fas Mar\u00eda, Aguascalientes; Villa de \u00c1lvarez, Colima; Morelia, Michoac\u00e1n.<\/p>\n\n\n\n<p>Mientras tanto, en el Sur expresar\u00e1n su apoyo a Claudia Sheinbaum en ciudades como Asunci\u00f3n Nochixtl\u00e1n y Oaxaca de Ju\u00e1rez, Oaxaca; Campeche, Campeche; San Crist\u00f3bal de las Casas, Chiapas; Benito Ju\u00e1rez, Quintana Roo; Tepetit\u00e1n, Macuspana y C\u00e1rdenas, Tabasco; Veracruz; y M\u00e9rida, Yucat\u00e1n.<\/p>\n","protected":false},"excerpt":{"rendered":"<p>Por Redacci\u00f3n QP Los encuentros se llevar\u00e1n a cabo de manera simult\u00e1nea en 28 estados&#8230;<\/p>\n","protected":false},"author":2,"featured_media":98766,"comment_status":"open","ping_status":"open","sticky":false,"template":"","format":"standard","meta":{"_monsterinsights_skip_tracking":false,"_monsterinsights_sitenote_active":false,"_monsterinsights_sitenote_note":"","_monsterinsights_sitenote_category":0,"footnotes":""},"categories":[55],"tags":[],"class_list":["post-98763","post","type-post","status-publish","format-standard","has-post-thumbnail","hentry","category-cdmx"],"yoast_head":"<!-- This site is optimized with the Yoast SEO plugin v27.3 - https:\/\/yoast.com\/product\/yoast-seo-wordpress\/ -->\n<title>J\u00f3venes convocan a asambleas en apoyo a Claudia Sheinbaum -<\/title>\n<meta name=\"robots\" content=\"index, follow, max-snippet:-1, max-image-preview:large, max-video-preview:-1\" \/>\n<link rel=\"canonical\" href=\"https:\/\/quehacerpolitico.mx\/?p=98763\" \/>\n<meta property=\"og:locale\" content=\"es_MX\" \/>\n<meta property=\"og:type\" content=\"article\" \/>\n<meta property=\"og:title\" content=\"J\u00f3venes convocan a asambleas en apoyo a Claudia Sheinbaum -\" \/>\n<meta property=\"og:description\" content=\"Por Redacci\u00f3n QP Los encuentros se llevar\u00e1n a cabo de manera simult\u00e1nea en 28 estados...\" \/>\n<meta property=\"og:url\" content=\"https:\/\/quehacerpolitico.mx\/?p=98763\" \/>\n<meta property=\"article:published_time\" content=\"2023-02-17T23:58:00+00:00\" \/>\n<meta property=\"article:modified_time\" content=\"2023-02-17T23:58:02+00:00\" \/>\n<meta property=\"og:image\" content=\"https:\/\/quehacerpolitico.mx\/wp-content\/uploads\/2023\/02\/C4D5230F-F3B2-4FAA-A04E-D141F60B150A.jpeg\" \/>\n\t<meta property=\"og:image:width\" content=\"1080\" \/>\n\t<meta property=\"og:image:height\" content=\"720\" \/>\n\t<meta property=\"og:image:type\" content=\"image\/jpeg\" \/>\n<meta name=\"author\" content=\"Redacci\u00f3n QP\" \/>\n<meta name=\"twitter:card\" content=\"summary_large_image\" \/>\n<meta name=\"twitter:label1\" content=\"Escrito por\" \/>\n\t<meta name=\"twitter:data1\" content=\"Redacci\u00f3n QP\" \/>\n\t<meta name=\"twitter:label2\" content=\"Tiempo de lectura\" \/>\n\t<meta name=\"twitter:data2\" content=\"1 minuto\" \/>\n<script type=\"application\/ld+json\" class=\"yoast-schema-graph\">{\"@context\":\"https:\\\/\\\/schema.org\",\"@graph\":[{\"@type\":\"Article\",\"@id\":\"https:\\\/\\\/quehacerpolitico.mx\\\/?p=98763#article\",\"isPartOf\":{\"@id\":\"https:\\\/\\\/quehacerpolitico.mx\\\/?p=98763\"},\"author\":{\"name\":\"Redacci\u00f3n QP\",\"@id\":\"https:\\\/\\\/quehacerpolitico.mx\\\/#\\\/schema\\\/person\\\/496d8ad2d1d3f8036101dca7ee39e585\"},\"headline\":\"J\u00f3venes convocan a asambleas en apoyo a Claudia Sheinbaum\",\"datePublished\":\"2023-02-17T23:58:00+00:00\",\"dateModified\":\"2023-02-17T23:58:02+00:00\",\"mainEntityOfPage\":{\"@id\":\"https:\\\/\\\/quehacerpolitico.mx\\\/?p=98763\"},\"wordCount\":264,\"commentCount\":0,\"image\":{\"@id\":\"https:\\\/\\\/quehacerpolitico.mx\\\/?p=98763#primaryimage\"},\"thumbnailUrl\":\"https:\\\/\\\/quehacerpolitico.mx\\\/wp-content\\\/uploads\\\/2023\\\/02\\\/C4D5230F-F3B2-4FAA-A04E-D141F60B150A.jpeg\",\"articleSection\":[\"CDMX\"],\"inLanguage\":\"es\",\"potentialAction\":[{\"@type\":\"CommentAction\",\"name\":\"Comment\",\"target\":[\"https:\\\/\\\/quehacerpolitico.mx\\\/?p=98763#respond\"]}]},{\"@type\":\"WebPage\",\"@id\":\"https:\\\/\\\/quehacerpolitico.mx\\\/?p=98763\",\"url\":\"https:\\\/\\\/quehacerpolitico.mx\\\/?p=98763\",\"name\":\"J\u00f3venes convocan a asambleas en apoyo a Claudia Sheinbaum -\",\"isPartOf\":{\"@id\":\"https:\\\/\\\/quehacerpolitico.mx\\\/#website\"},\"primaryImageOfPage\":{\"@id\":\"https:\\\/\\\/quehacerpolitico.mx\\\/?p=98763#primaryimage\"},\"image\":{\"@id\":\"https:\\\/\\\/quehacerpolitico.mx\\\/?p=98763#primaryimage\"},\"thumbnailUrl\":\"https:\\\/\\\/quehacerpolitico.mx\\\/wp-content\\\/uploads\\\/2023\\\/02\\\/C4D5230F-F3B2-4FAA-A04E-D141F60B150A.jpeg\",\"datePublished\":\"2023-02-17T23:58:00+00:00\",\"dateModified\":\"2023-02-17T23:58:02+00:00\",\"author\":{\"@id\":\"https:\\\/\\\/quehacerpolitico.mx\\\/#\\\/schema\\\/person\\\/496d8ad2d1d3f8036101dca7ee39e585\"},\"breadcrumb\":{\"@id\":\"https:\\\/\\\/quehacerpolitico.mx\\\/?p=98763#breadcrumb\"},\"inLanguage\":\"es\",\"potentialAction\":[{\"@type\":\"ReadAction\",\"target\":[\"https:\\\/\\\/quehacerpolitico.mx\\\/?p=98763\"]}]},{\"@type\":\"ImageObject\",\"inLanguage\":\"es\",\"@id\":\"https:\\\/\\\/quehacerpolitico.mx\\\/?p=98763#primaryimage\",\"url\":\"https:\\\/\\\/quehacerpolitico.mx\\\/wp-content\\\/uploads\\\/2023\\\/02\\\/C4D5230F-F3B2-4FAA-A04E-D141F60B150A.jpeg\",\"contentUrl\":\"https:\\\/\\\/quehacerpolitico.mx\\\/wp-content\\\/uploads\\\/2023\\\/02\\\/C4D5230F-F3B2-4FAA-A04E-D141F60B150A.jpeg\",\"width\":1080,\"height\":720},{\"@type\":\"BreadcrumbList\",\"@id\":\"https:\\\/\\\/quehacerpolitico.mx\\\/?p=98763#breadcrumb\",\"itemListElement\":[{\"@type\":\"ListItem\",\"position\":1,\"name\":\"Inicio\",\"item\":\"https:\\\/\\\/quehacerpolitico.mx\\\/\"},{\"@type\":\"ListItem\",\"position\":2,\"name\":\"J\u00f3venes convocan a asambleas en apoyo a Claudia Sheinbaum\"}]},{\"@type\":\"WebSite\",\"@id\":\"https:\\\/\\\/quehacerpolitico.mx\\\/#website\",\"url\":\"https:\\\/\\\/quehacerpolitico.mx\\\/\",\"name\":\"\",\"description\":\"\",\"potentialAction\":[{\"@type\":\"SearchAction\",\"target\":{\"@type\":\"EntryPoint\",\"urlTemplate\":\"https:\\\/\\\/quehacerpolitico.mx\\\/?s={search_term_string}\"},\"query-input\":{\"@type\":\"PropertyValueSpecification\",\"valueRequired\":true,\"valueName\":\"search_term_string\"}}],\"inLanguage\":\"es\"},{\"@type\":\"Person\",\"@id\":\"https:\\\/\\\/quehacerpolitico.mx\\\/#\\\/schema\\\/person\\\/496d8ad2d1d3f8036101dca7ee39e585\",\"name\":\"Redacci\u00f3n QP\",\"image\":{\"@type\":\"ImageObject\",\"inLanguage\":\"es\",\"@id\":\"https:\\\/\\\/secure.gravatar.com\\\/avatar\\\/c7164ed6fdec453195284ad24a5ae5b6e1eed2b848477fa2a4787ba9adf39a41?s=96&d=mm&r=g\",\"url\":\"https:\\\/\\\/secure.gravatar.com\\\/avatar\\\/c7164ed6fdec453195284ad24a5ae5b6e1eed2b848477fa2a4787ba9adf39a41?s=96&d=mm&r=g\",\"contentUrl\":\"https:\\\/\\\/secure.gravatar.com\\\/avatar\\\/c7164ed6fdec453195284ad24a5ae5b6e1eed2b848477fa2a4787ba9adf39a41?s=96&d=mm&r=g\",\"caption\":\"Redacci\u00f3n QP\"},\"url\":\"https:\\\/\\\/quehacerpolitico.mx\\\/?author=2\"}]}<\/script>\n<!-- \/ Yoast SEO plugin. -->","yoast_head_json":{"title":"J\u00f3venes convocan a asambleas en apoyo a Claudia Sheinbaum -","robots":{"index":"index","follow":"follow","max-snippet":"max-snippet:-1","max-image-preview":"max-image-preview:large","max-video-preview":"max-video-preview:-1"},"canonical":"https:\/\/quehacerpolitico.mx\/?p=98763","og_locale":"es_MX","og_type":"article","og_title":"J\u00f3venes convocan a asambleas en apoyo a Claudia Sheinbaum -","og_description":"Por Redacci\u00f3n QP Los encuentros se llevar\u00e1n a cabo de manera simult\u00e1nea en 28 estados...","og_url":"https:\/\/quehacerpolitico.mx\/?p=98763","article_published_time":"2023-02-17T23:58:00+00:00","article_modified_time":"2023-02-17T23:58:02+00:00","og_image":[{"width":1080,"height":720,"url":"https:\/\/quehacerpolitico.mx\/wp-content\/uploads\/2023\/02\/C4D5230F-F3B2-4FAA-A04E-D141F60B150A.jpeg","type":"image\/jpeg"}],"author":"Redacci\u00f3n QP","twitter_card":"summary_large_image","twitter_misc":{"Escrito por":"Redacci\u00f3n QP","Tiempo de lectura":"1 minuto"},"schema":{"@context":"https:\/\/schema.org","@graph":[{"@type":"Article","@id":"https:\/\/quehacerpolitico.mx\/?p=98763#article","isPartOf":{"@id":"https:\/\/quehacerpolitico.mx\/?p=98763"},"author":{"name":"Redacci\u00f3n QP","@id":"https:\/\/quehacerpolitico.mx\/#\/schema\/person\/496d8ad2d1d3f8036101dca7ee39e585"},"headline":"J\u00f3venes convocan a asambleas en apoyo a Claudia Sheinbaum","datePublished":"2023-02-17T23:58:00+00:00","dateModified":"2023-02-17T23:58:02+00:00","mainEntityOfPage":{"@id":"https:\/\/quehacerpolitico.mx\/?p=98763"},"wordCount":264,"commentCount":0,"image":{"@id":"https:\/\/quehacerpolitico.mx\/?p=98763#primaryimage"},"thumbnailUrl":"https:\/\/quehacerpolitico.mx\/wp-content\/uploads\/2023\/02\/C4D5230F-F3B2-4FAA-A04E-D141F60B150A.jpeg","articleSection":["CDMX"],"inLanguage":"es","potentialAction":[{"@type":"CommentAction","name":"Comment","target":["https:\/\/quehacerpolitico.mx\/?p=98763#respond"]}]},{"@type":"WebPage","@id":"https:\/\/quehacerpolitico.mx\/?p=98763","url":"https:\/\/quehacerpolitico.mx\/?p=98763","name":"J\u00f3venes convocan a asambleas en apoyo a Claudia Sheinbaum -","isPartOf":{"@id":"https:\/\/quehacerpolitico.mx\/#website"},"primaryImageOfPage":{"@id":"https:\/\/quehacerpolitico.mx\/?p=98763#primaryimage"},"image":{"@id":"https:\/\/quehacerpolitico.mx\/?p=98763#primaryimage"},"thumbnailUrl":"https:\/\/quehacerpolitico.mx\/wp-content\/uploads\/2023\/02\/C4D5230F-F3B2-4FAA-A04E-D141F60B150A.jpeg","datePublished":"2023-02-17T23:58:00+00:00","dateModified":"2023-02-17T23:58:02+00:00","author":{"@id":"https:\/\/quehacerpolitico.mx\/#\/schema\/person\/496d8ad2d1d3f8036101dca7ee39e585"},"breadcrumb":{"@id":"https:\/\/quehacerpolitico.mx\/?p=98763#breadcrumb"},"inLanguage":"es","potentialAction":[{"@type":"ReadAction","target":["https:\/\/quehacerpolitico.mx\/?p=98763"]}]},{"@type":"ImageObject","inLanguage":"es","@id":"https:\/\/quehacerpolitico.mx\/?p=98763#primaryimage","url":"https:\/\/quehacerpolitico.mx\/wp-content\/uploads\/2023\/02\/C4D5230F-F3B2-4FAA-A04E-D141F60B150A.jpeg","contentUrl":"https:\/\/quehacerpolitico.mx\/wp-content\/uploads\/2023\/02\/C4D5230F-F3B2-4FAA-A04E-D141F60B150A.jpeg","width":1080,"height":720},{"@type":"BreadcrumbList","@id":"https:\/\/quehacerpolitico.mx\/?p=98763#breadcrumb","itemListElement":[{"@type":"ListItem","position":1,"name":"Inicio","item":"https:\/\/quehacerpolitico.mx\/"},{"@type":"ListItem","position":2,"name":"J\u00f3venes convocan a asambleas en apoyo a Claudia Sheinbaum"}]},{"@type":"WebSite","@id":"https:\/\/quehacerpolitico.mx\/#website","url":"https:\/\/quehacerpolitico.mx\/","name":"","description":"","potentialAction":[{"@type":"SearchAction","target":{"@type":"EntryPoint","urlTemplate":"https:\/\/quehacerpolitico.mx\/?s={search_term_string}"},"query-input":{"@type":"PropertyValueSpecification","valueRequired":true,"valueName":"search_term_string"}}],"inLanguage":"es"},{"@type":"Person","@id":"https:\/\/quehacerpolitico.mx\/#\/schema\/person\/496d8ad2d1d3f8036101dca7ee39e585","name":"Redacci\u00f3n QP","image":{"@type":"ImageObject","inLanguage":"es","@id":"https:\/\/secure.gravatar.com\/avatar\/c7164ed6fdec453195284ad24a5ae5b6e1eed2b848477fa2a4787ba9adf39a41?s=96&d=mm&r=g","url":"https:\/\/secure.gravatar.com\/avatar\/c7164ed6fdec453195284ad24a5ae5b6e1eed2b848477fa2a4787ba9adf39a41?s=96&d=mm&r=g","contentUrl":"https:\/\/secure.gravatar.com\/avatar\/c7164ed6fdec453195284ad24a5ae5b6e1eed2b848477fa2a4787ba9adf39a41?s=96&d=mm&r=g","caption":"Redacci\u00f3n QP"},"url":"https:\/\/quehacerpolitico.mx\/?author=2"}]}},"featured_image_urls":{"full":["https:\/\/quehacerpolitico.mx\/wp-content\/uploads\/2023\/02\/C4D5230F-F3B2-4FAA-A04E-D141F60B150A.jpeg",1080,720,false],"thumbnail":["https:\/\/quehacerpolitico.mx\/wp-content\/uploads\/2023\/02\/C4D5230F-F3B2-4FAA-A04E-D141F60B150A-150x150.jpeg",150,150,true],"medium":["https:\/\/quehacerpolitico.mx\/wp-content\/uploads\/2023\/02\/C4D5230F-F3B2-4FAA-A04E-D141F60B150A-300x200.jpeg",300,200,true],"medium_large":["https:\/\/quehacerpolitico.mx\/wp-content\/uploads\/2023\/02\/C4D5230F-F3B2-4FAA-A04E-D141F60B150A-768x512.jpeg",640,427,true],"large":["https:\/\/quehacerpolitico.mx\/wp-content\/uploads\/2023\/02\/C4D5230F-F3B2-4FAA-A04E-D141F60B150A-1024x683.jpeg",640,427,true],"1536x1536":["https:\/\/quehacerpolitico.mx\/wp-content\/uploads\/2023\/02\/C4D5230F-F3B2-4FAA-A04E-D141F60B150A.jpeg",1080,720,false],"2048x2048":["https:\/\/quehacerpolitico.mx\/wp-content\/uploads\/2023\/02\/C4D5230F-F3B2-4FAA-A04E-D141F60B150A.jpeg",1080,720,false],"covernews-featured":["https:\/\/quehacerpolitico.mx\/wp-content\/uploads\/2023\/02\/C4D5230F-F3B2-4FAA-A04E-D141F60B150A.jpeg",1024,683,false],"covernews-medium":["https:\/\/quehacerpolitico.mx\/wp-content\/uploads\/2023\/02\/C4D5230F-F3B2-4FAA-A04E-D141F60B150A.jpeg",510,340,false]},"author_info":{"display_name":"Redacci\u00f3n QP","author_link":"https:\/\/quehacerpolitico.mx\/?author=2"},"category_info":"<a href=\"https:\/\/quehacerpolitico.mx\/?cat=55\" rel=\"category\">CDMX<\/a>","tag_info":"CDMX","comment_count":"0","_links":{"self":[{"href":"https:\/\/quehacerpolitico.mx\/index.php?rest_route=\/wp\/v2\/posts\/98763","targetHints":{"allow":["GET"]}}],"collection":[{"href":"https:\/\/quehacerpolitico.mx\/index.php?rest_route=\/wp\/v2\/posts"}],"about":[{"href":"https:\/\/quehacerpolitico.mx\/index.php?rest_route=\/wp\/v2\/types\/post"}],"author":[{"embeddable":true,"href":"https:\/\/quehacerpolitico.mx\/index.php?rest_route=\/wp\/v2\/users\/2"}],"replies":[{"embeddable":true,"href":"https:\/\/quehacerpolitico.mx\/index.php?rest_route=%2Fwp%2Fv2%2Fcomments&post=98763"}],"version-history":[{"count":1,"href":"https:\/\/quehacerpolitico.mx\/index.php?rest_route=\/wp\/v2\/posts\/98763\/revisions"}],"predecessor-version":[{"id":98767,"href":"https:\/\/quehacerpolitico.mx\/index.php?rest_route=\/wp\/v2\/posts\/98763\/revisions\/98767"}],"wp:featuredmedia":[{"embeddable":true,"href":"https:\/\/quehacerpolitico.mx\/index.php?rest_route=\/wp\/v2\/media\/98766"}],"wp:attachment":[{"href":"https:\/\/quehacerpolitico.mx\/index.php?rest_route=%2Fwp%2Fv2%2Fmedia&parent=98763"}],"wp:term":[{"taxonomy":"category","embeddable":true,"href":"https:\/\/quehacerpolitico.mx\/index.php?rest_route=%2Fwp%2Fv2%2Fcategories&post=98763"},{"taxonomy":"post_tag","embeddable":true,"href":"https:\/\/quehacerpolitico.mx\/index.php?rest_route=%2Fwp%2Fv2%2Ftags&post=98763"}],"curies":[{"name":"wp","href":"https:\/\/api.w.org\/{rel}","templated":true}]}}