{"id":98760,"date":"2023-02-17T18:30:03","date_gmt":"2023-02-17T18:30:03","guid":{"rendered":"https:\/\/quehacerpolitico.mx\/?p=98760"},"modified":"2023-02-17T18:30:07","modified_gmt":"2023-02-17T18:30:07","slug":"lopez-obrador-niega-la-presidencia-de-la-alianza-del-pacifico-al-gobierno-espurio-de-peru","status":"publish","type":"post","link":"https:\/\/quehacerpolitico.mx\/?p=98760","title":{"rendered":"L\u00f3pez Obrador niega la presidencia de la Alianza del Pac\u00edfico al &#8220;gobierno espurio&#8221; de Per\u00fa"},"content":{"rendered":"\n<p>Por Redacci\u00f3n QP<\/p>\n\n\n\n<p>Dina Boluarte hab\u00eda comentado que L\u00f3pez Obrador no quer\u00eda entregarle la presidencia porque &#8220;sigue apoyando al expresidente&#8221; Pedro Castillo; este viernes, el Presidente le respondi\u00f3<\/p>\n\n\n\n<p>El Presidente Andr\u00e9s Manuel L\u00f3pez Obrador rechaz\u00f3 este viernes entregar la presidencia de la Alianza del Pac\u00edfico a Per\u00fa, tal y como le corresponde,\u00a0<strong>al considerar que el Gobierno de Dina Boluarte es &#8220;espurio&#8221;.<\/strong><\/p>\n\n\n\n<p>&#8220;S\u00ed voy a hacer la consulta, yo no quiero legitimar un golpe de Estado, es contrario a las libertades, los derechos humanos y es antidemocr\u00e1tico&#8221;<\/p>\n\n\n\n<figure class=\"wp-block-embed is-type-rich is-provider-twitter wp-block-embed-twitter\"><div class=\"wp-block-embed__wrapper\">\n<blockquote class=\"twitter-tweet\" data-width=\"550\" data-dnt=\"true\"><p lang=\"es\" dir=\"ltr\">El presidente L\u00f3pez Obrador respondi\u00f3 a la presidenta de Per\u00fa, Dina Boluarte: no le entregar\u00e1, por el momento, la presidencia de la Alianza del Pac\u00edfico.<br><br>&quot;Yo no quiero entregar a un gobierno que considero espurio&quot; ni quiere &quot;legitimar un golpe de Estado&quot;, asegur\u00f3. <a href=\"https:\/\/t.co\/UljVOdNBgO\">pic.twitter.com\/UljVOdNBgO<\/a><\/p>&mdash; Joaqu\u00edn L\u00f3pez-D\u00f3riga (@lopezdoriga) <a href=\"https:\/\/twitter.com\/lopezdoriga\/status\/1626610724741980161?ref_src=twsrc%5Etfw\">February 17, 2023<\/a><\/blockquote><script async src=\"https:\/\/platform.twitter.com\/widgets.js\" charset=\"utf-8\"><\/script>\n<\/div><\/figure>\n\n\n\n<p>&#8220;Voy a dar instrucciones a la Secretar\u00eda de Relaciones Exteriores de que notifique a los miembros del Grupo de R\u00edo qu\u00e9 hacemos, porque&nbsp;<strong>yo no quiero entregar la presidencia a un Gobierno que considero espurio. Que decidan los miembros del grupo<\/strong>&#8220;, dijo en su rueda de prensa diaria.<\/p>\n\n\n\n<p>Una vez recabada la opini\u00f3n del Grupo de R\u00edo, un mecanismo permanente de consulta integrado por Argentina, Brasil, Colombia, M\u00e9xico, Panam\u00e1, Per\u00fa, Uruguay y Venezuela,\u00a0<strong>L\u00f3pez Obrador indic\u00f3 que acatar\u00e1 la decisi\u00f3n correspondiente.<\/strong><\/p>\n\n\n\n<p><strong>&#8220;Si ellos dicen que entreguemos la presidencia, lo hacemos.<\/strong>\u00a0Pero s\u00ed voy a hacer la consulta, yo no quiero legitimar un golpe de Estado, es contrario a las libertades, los derechos humanos y es antidemocr\u00e1tico&#8221;, subray\u00f3.<\/p>\n\n\n\n<p>Boluarte abord\u00f3 el tema el pasado mi\u00e9rcoles, cuando coment\u00f3 que L\u00f3pez Obrador no quer\u00eda entregarle la presidencia porque &#8220;sigue apoyando al expresidente&#8221; Pedro Castillo.<\/p>\n\n\n\n<p>&#8220;En enero de este a\u00f1o, Per\u00fa deb\u00eda haber asumido la presidencia pro tempore. Sin embargo, por esa situaci\u00f3n pol\u00edtica del Presidente de M\u00e9xico, hasta ahora est\u00e1 perjudicando a los pueblos que comprenden la Alianza del Pac\u00edfico porque (&#8230;) no nos quiere entregar la presidencia pro tempore de la Alianza del Pac\u00edfico&#8221;, dijo Boluarte en una declaraci\u00f3n sin preguntas.<\/p>\n\n\n\n<p>Inicialmente, M\u00e9xico deb\u00eda entregar la presidencia pro tempore a Lima en la Cumbre de la Alianza del Pac\u00edfico prevista para M\u00e9xico en noviembre<strong>, pero se suspendi\u00f3 porque el Congreso peruano no permiti\u00f3 salir del pa\u00eds al entonces presidente Castillo,\u00a0<\/strong>algo que ha desatado tensiones entre ambos pa\u00edses.<\/p>\n\n\n\n<p>Con Informaci\u00f3n de EFE<\/p>\n","protected":false},"excerpt":{"rendered":"<p>Por Redacci\u00f3n QP Dina Boluarte hab\u00eda comentado que L\u00f3pez Obrador no quer\u00eda entregarle la presidencia&#8230;<\/p>\n","protected":false},"author":2,"featured_media":98761,"comment_status":"open","ping_status":"open","sticky":false,"template":"","format":"standard","meta":{"_monsterinsights_skip_tracking":false,"_monsterinsights_sitenote_active":false,"_monsterinsights_sitenote_note":"","_monsterinsights_sitenote_category":0,"footnotes":""},"categories":[2],"tags":[],"class_list":["post-98760","post","type-post","status-publish","format-standard","has-post-thumbnail","hentry","category-noticias"],"yoast_head":"<!-- This site is optimized with the Yoast SEO plugin v27.3 - https:\/\/yoast.com\/product\/yoast-seo-wordpress\/ -->\n<title>L\u00f3pez Obrador niega la presidencia de la Alianza del Pac\u00edfico al &quot;gobierno espurio&quot; de Per\u00fa -<\/title>\n<meta name=\"robots\" content=\"index, follow, max-snippet:-1, max-image-preview:large, max-video-preview:-1\" \/>\n<link rel=\"canonical\" href=\"https:\/\/quehacerpolitico.mx\/?p=98760\" \/>\n<meta property=\"og:locale\" content=\"es_MX\" \/>\n<meta property=\"og:type\" content=\"article\" \/>\n<meta property=\"og:title\" content=\"L\u00f3pez Obrador niega la presidencia de la Alianza del Pac\u00edfico al &quot;gobierno espurio&quot; de Per\u00fa -\" \/>\n<meta property=\"og:description\" content=\"Por Redacci\u00f3n QP Dina Boluarte hab\u00eda comentado que L\u00f3pez Obrador no quer\u00eda entregarle la presidencia...\" \/>\n<meta property=\"og:url\" content=\"https:\/\/quehacerpolitico.mx\/?p=98760\" \/>\n<meta property=\"article:published_time\" content=\"2023-02-17T18:30:03+00:00\" \/>\n<meta property=\"article:modified_time\" content=\"2023-02-17T18:30:07+00:00\" \/>\n<meta property=\"og:image\" content=\"https:\/\/quehacerpolitico.mx\/wp-content\/uploads\/2023\/02\/7B10908F-C41F-43BC-8127-0143A8EE77D0.jpeg\" \/>\n\t<meta property=\"og:image:width\" content=\"1265\" \/>\n\t<meta property=\"og:image:height\" content=\"701\" \/>\n\t<meta property=\"og:image:type\" content=\"image\/jpeg\" \/>\n<meta name=\"author\" content=\"Redacci\u00f3n QP\" \/>\n<meta name=\"twitter:card\" content=\"summary_large_image\" \/>\n<meta name=\"twitter:label1\" content=\"Escrito por\" \/>\n\t<meta name=\"twitter:data1\" content=\"Redacci\u00f3n QP\" \/>\n\t<meta name=\"twitter:label2\" content=\"Tiempo de lectura\" \/>\n\t<meta name=\"twitter:data2\" content=\"2 minutos\" \/>\n<script type=\"application\/ld+json\" class=\"yoast-schema-graph\">{\"@context\":\"https:\\\/\\\/schema.org\",\"@graph\":[{\"@type\":\"Article\",\"@id\":\"https:\\\/\\\/quehacerpolitico.mx\\\/?p=98760#article\",\"isPartOf\":{\"@id\":\"https:\\\/\\\/quehacerpolitico.mx\\\/?p=98760\"},\"author\":{\"name\":\"Redacci\u00f3n QP\",\"@id\":\"https:\\\/\\\/quehacerpolitico.mx\\\/#\\\/schema\\\/person\\\/496d8ad2d1d3f8036101dca7ee39e585\"},\"headline\":\"L\u00f3pez Obrador niega la presidencia de la Alianza del Pac\u00edfico al &#8220;gobierno espurio&#8221; de Per\u00fa\",\"datePublished\":\"2023-02-17T18:30:03+00:00\",\"dateModified\":\"2023-02-17T18:30:07+00:00\",\"mainEntityOfPage\":{\"@id\":\"https:\\\/\\\/quehacerpolitico.mx\\\/?p=98760\"},\"wordCount\":399,\"commentCount\":0,\"image\":{\"@id\":\"https:\\\/\\\/quehacerpolitico.mx\\\/?p=98760#primaryimage\"},\"thumbnailUrl\":\"https:\\\/\\\/quehacerpolitico.mx\\\/wp-content\\\/uploads\\\/2023\\\/02\\\/7B10908F-C41F-43BC-8127-0143A8EE77D0.jpeg\",\"articleSection\":[\"Noticias\"],\"inLanguage\":\"es\",\"potentialAction\":[{\"@type\":\"CommentAction\",\"name\":\"Comment\",\"target\":[\"https:\\\/\\\/quehacerpolitico.mx\\\/?p=98760#respond\"]}]},{\"@type\":\"WebPage\",\"@id\":\"https:\\\/\\\/quehacerpolitico.mx\\\/?p=98760\",\"url\":\"https:\\\/\\\/quehacerpolitico.mx\\\/?p=98760\",\"name\":\"L\u00f3pez Obrador niega la presidencia de la Alianza del Pac\u00edfico al \\\"gobierno espurio\\\" de Per\u00fa -\",\"isPartOf\":{\"@id\":\"https:\\\/\\\/quehacerpolitico.mx\\\/#website\"},\"primaryImageOfPage\":{\"@id\":\"https:\\\/\\\/quehacerpolitico.mx\\\/?p=98760#primaryimage\"},\"image\":{\"@id\":\"https:\\\/\\\/quehacerpolitico.mx\\\/?p=98760#primaryimage\"},\"thumbnailUrl\":\"https:\\\/\\\/quehacerpolitico.mx\\\/wp-content\\\/uploads\\\/2023\\\/02\\\/7B10908F-C41F-43BC-8127-0143A8EE77D0.jpeg\",\"datePublished\":\"2023-02-17T18:30:03+00:00\",\"dateModified\":\"2023-02-17T18:30:07+00:00\",\"author\":{\"@id\":\"https:\\\/\\\/quehacerpolitico.mx\\\/#\\\/schema\\\/person\\\/496d8ad2d1d3f8036101dca7ee39e585\"},\"breadcrumb\":{\"@id\":\"https:\\\/\\\/quehacerpolitico.mx\\\/?p=98760#breadcrumb\"},\"inLanguage\":\"es\",\"potentialAction\":[{\"@type\":\"ReadAction\",\"target\":[\"https:\\\/\\\/quehacerpolitico.mx\\\/?p=98760\"]}]},{\"@type\":\"ImageObject\",\"inLanguage\":\"es\",\"@id\":\"https:\\\/\\\/quehacerpolitico.mx\\\/?p=98760#primaryimage\",\"url\":\"https:\\\/\\\/quehacerpolitico.mx\\\/wp-content\\\/uploads\\\/2023\\\/02\\\/7B10908F-C41F-43BC-8127-0143A8EE77D0.jpeg\",\"contentUrl\":\"https:\\\/\\\/quehacerpolitico.mx\\\/wp-content\\\/uploads\\\/2023\\\/02\\\/7B10908F-C41F-43BC-8127-0143A8EE77D0.jpeg\",\"width\":1265,\"height\":701},{\"@type\":\"BreadcrumbList\",\"@id\":\"https:\\\/\\\/quehacerpolitico.mx\\\/?p=98760#breadcrumb\",\"itemListElement\":[{\"@type\":\"ListItem\",\"position\":1,\"name\":\"Inicio\",\"item\":\"https:\\\/\\\/quehacerpolitico.mx\\\/\"},{\"@type\":\"ListItem\",\"position\":2,\"name\":\"L\u00f3pez Obrador niega la presidencia de la Alianza del Pac\u00edfico al &#8220;gobierno espurio&#8221; de Per\u00fa\"}]},{\"@type\":\"WebSite\",\"@id\":\"https:\\\/\\\/quehacerpolitico.mx\\\/#website\",\"url\":\"https:\\\/\\\/quehacerpolitico.mx\\\/\",\"name\":\"\",\"description\":\"\",\"potentialAction\":[{\"@type\":\"SearchAction\",\"target\":{\"@type\":\"EntryPoint\",\"urlTemplate\":\"https:\\\/\\\/quehacerpolitico.mx\\\/?s={search_term_string}\"},\"query-input\":{\"@type\":\"PropertyValueSpecification\",\"valueRequired\":true,\"valueName\":\"search_term_string\"}}],\"inLanguage\":\"es\"},{\"@type\":\"Person\",\"@id\":\"https:\\\/\\\/quehacerpolitico.mx\\\/#\\\/schema\\\/person\\\/496d8ad2d1d3f8036101dca7ee39e585\",\"name\":\"Redacci\u00f3n QP\",\"image\":{\"@type\":\"ImageObject\",\"inLanguage\":\"es\",\"@id\":\"https:\\\/\\\/secure.gravatar.com\\\/avatar\\\/c7164ed6fdec453195284ad24a5ae5b6e1eed2b848477fa2a4787ba9adf39a41?s=96&d=mm&r=g\",\"url\":\"https:\\\/\\\/secure.gravatar.com\\\/avatar\\\/c7164ed6fdec453195284ad24a5ae5b6e1eed2b848477fa2a4787ba9adf39a41?s=96&d=mm&r=g\",\"contentUrl\":\"https:\\\/\\\/secure.gravatar.com\\\/avatar\\\/c7164ed6fdec453195284ad24a5ae5b6e1eed2b848477fa2a4787ba9adf39a41?s=96&d=mm&r=g\",\"caption\":\"Redacci\u00f3n QP\"},\"url\":\"https:\\\/\\\/quehacerpolitico.mx\\\/?author=2\"}]}<\/script>\n<!-- \/ Yoast SEO plugin. -->","yoast_head_json":{"title":"L\u00f3pez Obrador niega la presidencia de la Alianza del Pac\u00edfico al \"gobierno espurio\" de Per\u00fa -","robots":{"index":"index","follow":"follow","max-snippet":"max-snippet:-1","max-image-preview":"max-image-preview:large","max-video-preview":"max-video-preview:-1"},"canonical":"https:\/\/quehacerpolitico.mx\/?p=98760","og_locale":"es_MX","og_type":"article","og_title":"L\u00f3pez Obrador niega la presidencia de la Alianza del Pac\u00edfico al \"gobierno espurio\" de Per\u00fa -","og_description":"Por Redacci\u00f3n QP Dina Boluarte hab\u00eda comentado que L\u00f3pez Obrador no quer\u00eda entregarle la presidencia...","og_url":"https:\/\/quehacerpolitico.mx\/?p=98760","article_published_time":"2023-02-17T18:30:03+00:00","article_modified_time":"2023-02-17T18:30:07+00:00","og_image":[{"width":1265,"height":701,"url":"https:\/\/quehacerpolitico.mx\/wp-content\/uploads\/2023\/02\/7B10908F-C41F-43BC-8127-0143A8EE77D0.jpeg","type":"image\/jpeg"}],"author":"Redacci\u00f3n QP","twitter_card":"summary_large_image","twitter_misc":{"Escrito por":"Redacci\u00f3n QP","Tiempo de lectura":"2 minutos"},"schema":{"@context":"https:\/\/schema.org","@graph":[{"@type":"Article","@id":"https:\/\/quehacerpolitico.mx\/?p=98760#article","isPartOf":{"@id":"https:\/\/quehacerpolitico.mx\/?p=98760"},"author":{"name":"Redacci\u00f3n QP","@id":"https:\/\/quehacerpolitico.mx\/#\/schema\/person\/496d8ad2d1d3f8036101dca7ee39e585"},"headline":"L\u00f3pez Obrador niega la presidencia de la Alianza del Pac\u00edfico al &#8220;gobierno espurio&#8221; de Per\u00fa","datePublished":"2023-02-17T18:30:03+00:00","dateModified":"2023-02-17T18:30:07+00:00","mainEntityOfPage":{"@id":"https:\/\/quehacerpolitico.mx\/?p=98760"},"wordCount":399,"commentCount":0,"image":{"@id":"https:\/\/quehacerpolitico.mx\/?p=98760#primaryimage"},"thumbnailUrl":"https:\/\/quehacerpolitico.mx\/wp-content\/uploads\/2023\/02\/7B10908F-C41F-43BC-8127-0143A8EE77D0.jpeg","articleSection":["Noticias"],"inLanguage":"es","potentialAction":[{"@type":"CommentAction","name":"Comment","target":["https:\/\/quehacerpolitico.mx\/?p=98760#respond"]}]},{"@type":"WebPage","@id":"https:\/\/quehacerpolitico.mx\/?p=98760","url":"https:\/\/quehacerpolitico.mx\/?p=98760","name":"L\u00f3pez Obrador niega la presidencia de la Alianza del Pac\u00edfico al \"gobierno espurio\" de Per\u00fa -","isPartOf":{"@id":"https:\/\/quehacerpolitico.mx\/#website"},"primaryImageOfPage":{"@id":"https:\/\/quehacerpolitico.mx\/?p=98760#primaryimage"},"image":{"@id":"https:\/\/quehacerpolitico.mx\/?p=98760#primaryimage"},"thumbnailUrl":"https:\/\/quehacerpolitico.mx\/wp-content\/uploads\/2023\/02\/7B10908F-C41F-43BC-8127-0143A8EE77D0.jpeg","datePublished":"2023-02-17T18:30:03+00:00","dateModified":"2023-02-17T18:30:07+00:00","author":{"@id":"https:\/\/quehacerpolitico.mx\/#\/schema\/person\/496d8ad2d1d3f8036101dca7ee39e585"},"breadcrumb":{"@id":"https:\/\/quehacerpolitico.mx\/?p=98760#breadcrumb"},"inLanguage":"es","potentialAction":[{"@type":"ReadAction","target":["https:\/\/quehacerpolitico.mx\/?p=98760"]}]},{"@type":"ImageObject","inLanguage":"es","@id":"https:\/\/quehacerpolitico.mx\/?p=98760#primaryimage","url":"https:\/\/quehacerpolitico.mx\/wp-content\/uploads\/2023\/02\/7B10908F-C41F-43BC-8127-0143A8EE77D0.jpeg","contentUrl":"https:\/\/quehacerpolitico.mx\/wp-content\/uploads\/2023\/02\/7B10908F-C41F-43BC-8127-0143A8EE77D0.jpeg","width":1265,"height":701},{"@type":"BreadcrumbList","@id":"https:\/\/quehacerpolitico.mx\/?p=98760#breadcrumb","itemListElement":[{"@type":"ListItem","position":1,"name":"Inicio","item":"https:\/\/quehacerpolitico.mx\/"},{"@type":"ListItem","position":2,"name":"L\u00f3pez Obrador niega la presidencia de la Alianza del Pac\u00edfico al &#8220;gobierno espurio&#8221; de Per\u00fa"}]},{"@type":"WebSite","@id":"https:\/\/quehacerpolitico.mx\/#website","url":"https:\/\/quehacerpolitico.mx\/","name":"","description":"","potentialAction":[{"@type":"SearchAction","target":{"@type":"EntryPoint","urlTemplate":"https:\/\/quehacerpolitico.mx\/?s={search_term_string}"},"query-input":{"@type":"PropertyValueSpecification","valueRequired":true,"valueName":"search_term_string"}}],"inLanguage":"es"},{"@type":"Person","@id":"https:\/\/quehacerpolitico.mx\/#\/schema\/person\/496d8ad2d1d3f8036101dca7ee39e585","name":"Redacci\u00f3n QP","image":{"@type":"ImageObject","inLanguage":"es","@id":"https:\/\/secure.gravatar.com\/avatar\/c7164ed6fdec453195284ad24a5ae5b6e1eed2b848477fa2a4787ba9adf39a41?s=96&d=mm&r=g","url":"https:\/\/secure.gravatar.com\/avatar\/c7164ed6fdec453195284ad24a5ae5b6e1eed2b848477fa2a4787ba9adf39a41?s=96&d=mm&r=g","contentUrl":"https:\/\/secure.gravatar.com\/avatar\/c7164ed6fdec453195284ad24a5ae5b6e1eed2b848477fa2a4787ba9adf39a41?s=96&d=mm&r=g","caption":"Redacci\u00f3n QP"},"url":"https:\/\/quehacerpolitico.mx\/?author=2"}]}},"featured_image_urls":{"full":["https:\/\/quehacerpolitico.mx\/wp-content\/uploads\/2023\/02\/7B10908F-C41F-43BC-8127-0143A8EE77D0.jpeg",1265,701,false],"thumbnail":["https:\/\/quehacerpolitico.mx\/wp-content\/uploads\/2023\/02\/7B10908F-C41F-43BC-8127-0143A8EE77D0-150x150.jpeg",150,150,true],"medium":["https:\/\/quehacerpolitico.mx\/wp-content\/uploads\/2023\/02\/7B10908F-C41F-43BC-8127-0143A8EE77D0-300x166.jpeg",300,166,true],"medium_large":["https:\/\/quehacerpolitico.mx\/wp-content\/uploads\/2023\/02\/7B10908F-C41F-43BC-8127-0143A8EE77D0-768x426.jpeg",640,355,true],"large":["https:\/\/quehacerpolitico.mx\/wp-content\/uploads\/2023\/02\/7B10908F-C41F-43BC-8127-0143A8EE77D0-1024x567.jpeg",640,354,true],"1536x1536":["https:\/\/quehacerpolitico.mx\/wp-content\/uploads\/2023\/02\/7B10908F-C41F-43BC-8127-0143A8EE77D0.jpeg",1265,701,false],"2048x2048":["https:\/\/quehacerpolitico.mx\/wp-content\/uploads\/2023\/02\/7B10908F-C41F-43BC-8127-0143A8EE77D0.jpeg",1265,701,false],"covernews-featured":["https:\/\/quehacerpolitico.mx\/wp-content\/uploads\/2023\/02\/7B10908F-C41F-43BC-8127-0143A8EE77D0.jpeg",1024,567,false],"covernews-medium":["https:\/\/quehacerpolitico.mx\/wp-content\/uploads\/2023\/02\/7B10908F-C41F-43BC-8127-0143A8EE77D0.jpeg",540,299,false]},"author_info":{"display_name":"Redacci\u00f3n QP","author_link":"https:\/\/quehacerpolitico.mx\/?author=2"},"category_info":"<a href=\"https:\/\/quehacerpolitico.mx\/?cat=2\" rel=\"category\">Noticias<\/a>","tag_info":"Noticias","comment_count":"0","_links":{"self":[{"href":"https:\/\/quehacerpolitico.mx\/index.php?rest_route=\/wp\/v2\/posts\/98760","targetHints":{"allow":["GET"]}}],"collection":[{"href":"https:\/\/quehacerpolitico.mx\/index.php?rest_route=\/wp\/v2\/posts"}],"about":[{"href":"https:\/\/quehacerpolitico.mx\/index.php?rest_route=\/wp\/v2\/types\/post"}],"author":[{"embeddable":true,"href":"https:\/\/quehacerpolitico.mx\/index.php?rest_route=\/wp\/v2\/users\/2"}],"replies":[{"embeddable":true,"href":"https:\/\/quehacerpolitico.mx\/index.php?rest_route=%2Fwp%2Fv2%2Fcomments&post=98760"}],"version-history":[{"count":1,"href":"https:\/\/quehacerpolitico.mx\/index.php?rest_route=\/wp\/v2\/posts\/98760\/revisions"}],"predecessor-version":[{"id":98762,"href":"https:\/\/quehacerpolitico.mx\/index.php?rest_route=\/wp\/v2\/posts\/98760\/revisions\/98762"}],"wp:featuredmedia":[{"embeddable":true,"href":"https:\/\/quehacerpolitico.mx\/index.php?rest_route=\/wp\/v2\/media\/98761"}],"wp:attachment":[{"href":"https:\/\/quehacerpolitico.mx\/index.php?rest_route=%2Fwp%2Fv2%2Fmedia&parent=98760"}],"wp:term":[{"taxonomy":"category","embeddable":true,"href":"https:\/\/quehacerpolitico.mx\/index.php?rest_route=%2Fwp%2Fv2%2Fcategories&post=98760"},{"taxonomy":"post_tag","embeddable":true,"href":"https:\/\/quehacerpolitico.mx\/index.php?rest_route=%2Fwp%2Fv2%2Ftags&post=98760"}],"curies":[{"name":"wp","href":"https:\/\/api.w.org\/{rel}","templated":true}]}}