{"id":98754,"date":"2023-02-17T15:20:12","date_gmt":"2023-02-17T15:20:12","guid":{"rendered":"https:\/\/quehacerpolitico.mx\/?p=98754"},"modified":"2023-02-17T15:20:17","modified_gmt":"2023-02-17T15:20:17","slug":"que-se-conmemora-hoy-17-de-febrero","status":"publish","type":"post","link":"https:\/\/quehacerpolitico.mx\/?p=98754","title":{"rendered":"\u00bfQu\u00e9 se conmemora hoy, 17 de febrero?"},"content":{"rendered":"\n<p>Por Redacci\u00f3n QP<\/p>\n\n\n\n<p>Los diversos acontecimientos que fueron forjando poco a poco la historia del mundo, un d\u00eda igual a este\u00a0<\/p>\n\n\n\n<p><strong>El 17\u00a0de febrero ocurrieron diversos sucesos\u00a0que se quedaron marcados\u00a0en el almanaque de la historia internacional.<\/strong><\/p>\n\n\n\n<p>Desde descubrimientos cient\u00edficos, nacimientos de celebridades y&nbsp;hasta tr\u00e1gicas muertes,&nbsp;<strong>esto fue&nbsp;lo ocurri\u00f3 en la historia, un d\u00eda como hoy.&nbsp;<\/strong><\/p>\n\n\n\n<h2 class=\"wp-block-heading\">Efem\u00e9rides 17&nbsp;de febrero:&nbsp;<\/h2>\n\n\n\n<p>364: El emperador romano Joviano muere despu\u00e9s de un reinado de ocho meses. Lo encuentran muerto en su tienda de campa\u00f1a en Tyana (Asia Menor) en el camino de regreso a Constantinopla en circunstancias sospechosas.<\/p>\n\n\n\n<p>1580: Bernal D\u00edaz del Castillo termina su Historia verdadera de la conquista de la Nueva Espa\u00f1a.<\/p>\n\n\n\n<p>1600: En Campo de&#8217; Fiori (Roma) la Inquisici\u00f3n cat\u00f3lica quema vivo al fil\u00f3sofo, matem\u00e1tico y astr\u00f3nomo Giordano Bruno.<\/p>\n\n\n\n<p>1673: Moli\u00e8re muere en escena mientras representa su obra El enfermo imaginario.<\/p>\n\n\n\n<p>1801: Un empate electoral entre Thomas Jefferson y Aaron Burr se resuelve cuando Jefferson es elegido Presidente de los Estados Unidos y Burr, Vicepresidente por la C\u00e1mara de Representantes de los Estados Unidos.<\/p>\n\n\n\n<p>1810: Napole\u00f3n Bonaparte firma un decreto en el que declara que Roma es la segunda capital del Imperio.<\/p>\n\n\n\n<p>1894: Se estrena con \u00e9xito en el Teatro Apolo de Madrid la zarzuela La verbena de la paloma, con m\u00fasica de Tom\u00e1s Bret\u00f3n y libreto de Ricardo de la Vega.<\/p>\n\n\n\n<p>1899: En el Estado de M\u00e9xico (M\u00e9xico) se erige la municipalidad de La Paz, la cual se conformar\u00eda con los pueblos de La Magdalena Atlicpac, San Sebasti\u00e1n Chimalpa, San Salvador Tecamachalco y Los Reyes Acaquilpan cuya cabecera se ubicar\u00eda en Los Reyes.<\/p>\n\n\n\n<p>1904: En el Teatro de La Scala (Mil\u00e1n), Giacomo Puccini estrena Madama Butterfly.<\/p>\n\n\n\n<p>1905: En Rusia es asesinado el arist\u00f3crata Sergu\u00e9i Aleks\u00e1ndrovich Romanov, t\u00edo del zar Nicol\u00e1s&nbsp;II y gobernador de Mosc\u00fa.<\/p>\n\n\n\n<p>1906: En una enc\u00edclica dirigida al clero y al pueblo franc\u00e9s, el papa P\u00edo X critica con vehemencia la ley de separaci\u00f3n entre el Estado y la Iglesia cat\u00f3lica.<\/p>\n\n\n\n<p>1907: En Italia tienen lugar manifestaciones anticlericales con motivo del aniversario del asesinato de Giordano Bruno, quemado vivo por la Inquisici\u00f3n en 1600.<\/p>\n\n\n\n<p>1907: En Adyar, Madr\u00e1s, India, fallece Henry Steel Olcott, Presidente Internacional de la Sociedad Teos\u00f3fica<\/p>\n\n\n\n<p>1913: En un teatro neoyorquino, Thomas Alva Edison presenta la primera prueba p\u00fablica del cine sonoro, consistente en un fon\u00f3grafo situado detr\u00e1s de la pantalla.<\/p>\n\n\n\n<p>1931: El virrey de la India, Lord Irwin, se entrevista con Mahatma Gandhi, principal l\u00edder independentista.<\/p>\n\n\n\n<p>1932: Henri Michaux publica el ensayo Un b\u00e1rbaro en Asia.<\/p>\n\n\n\n<p>1933: En los Estados Unidos se publica por primera vez la revista Newsweek.<\/p>\n\n\n\n<p>1935: En Alemania se instaura la jornada laboral de 8 horas.<\/p>\n\n\n\n<p>1959: Estados Unidos lanza el sat\u00e9lite Vanguard II, que realizar\u00e1 misiones de observaci\u00f3n meteorol\u00f3gica.<\/p>\n\n\n\n<p>1981: En Hamburgo (Alemania), el fil\u00f3logo espa\u00f1ol Antonio Tovar recibe el premio Goethe.<\/p>\n\n\n\n<p>1981: En Filipinas, el papa Juan Pablo II llega a Manila.<\/p>\n\n\n\n<p>1981: La organizaci\u00f3n Amnist\u00eda Internacional afirma que el gobierno de Guatemala es responsable del genocidio de m\u00e1s de 30 mil&nbsp;personas en los \u00faltimos 10 meses.<\/p>\n\n\n\n<p>2000: Viktor Klima dimite de su cargo de jefe del Partido Socialdem\u00f3crata de Austria (SP\u00d6) despu\u00e9s de obtener el 3 de octubre el peor resultado electoral desde el fin de la Segunda Guerra Mundial.<\/p>\n\n\n\n<p>2000: En Estados Unidos, el presidente de Microsoft, Bill Gates, presenta el sistema operativo Windows 2000.<\/p>\n\n\n\n<p>2005: En Europa, un nuevo reglamento refuerza los derechos de los pasajeros que viajen en compa\u00f1\u00edas a\u00e9reas de la Uni\u00f3n Europea.<\/p>\n\n\n\n<p>2006: En la provincia Leyte del Sur (Filipinas) se produce una serie de corrimientos de tierra.<\/p>\n\n\n\n<p>2008: Kosovo se declara independiente de Serbia.<\/p>\n\n\n\n<p>2011: En Libia los manifestantes opositores se hicieron con el control de la ciudad de Bengasi iniciando la revoluci\u00f3n que derroc\u00f3 al coronel Gadafi.<\/p>\n\n\n\n<p>2012: En Alemania dimite el presidente Christian Wulff a ra\u00edz de unos esc\u00e1ndalos de corrupci\u00f3n y tr\u00e1fico de influencias.<\/p>\n\n\n\n<h2 class=\"wp-block-heading\">Nacimientos<\/h2>\n\n\n\n<p>1796: Giovanni Pacini, compositor italiano (f.1867).<\/p>\n\n\n\n<p>1836: Gustavo Adolfo B\u00e9cquer, poeta y escritor espa\u00f1ol (f. 1870).<\/p>\n\n\n\n<p>1912: Jorge Matute Remus, ingeniero mexicano (f. 2002).<\/p>\n\n\n\n<p>1913: Ren\u00e9 Leibowitz, compositor franc\u00e9s (f. 1972).<\/p>\n\n\n\n<p>1917: Guillermo Gonz\u00e1lez Camarena, inventor mexicano (f. 1965).<\/p>\n\n\n\n<p>1924: Silvana Roth, actriz argentina (f. 2010).<\/p>\n\n\n\n<p>1929: Alejandro Jodorowsky, artista, cineasta y escritor chileno.<\/p>\n\n\n\n<p>1935: Chabelo, actor y comediante mexicano.<\/p>\n\n\n\n<p>1940: Vicente Fern\u00e1ndez, actor y cantante mexicano (f. 2021).<\/p>\n\n\n\n<p>1948: Jos\u00e9 Jos\u00e9, cantante y actor mexicano (f. 2019).<\/p>\n\n\n\n<p>1963: Michael Jordan, baloncestista y ge\u00f3grafo estadounidense.<\/p>\n\n\n\n<p>1965: Michael Bay, cineasta, productor y actor estadounidense.<\/p>\n\n\n\n<p>1981: Joseph Gordon-Levitt, actor estadounidense.<\/p>\n\n\n\n<p>1981: Paris Hilton, celebridad estadounidense.<\/p>\n\n\n\n<p>1991: Ed Sheeran, cantante y compositor brit\u00e1nico.<\/p>\n\n\n\n<h2 class=\"wp-block-heading\">Decesos<\/h2>\n\n\n\n<p>1934: Alberto I, rey belga (n. 1875).<\/p>\n\n\n\n<p>1934: Siegbert Tarrasch, ajedrecista alem\u00e1n (n. 1862).<\/p>\n\n\n\n<p>1944: Valent\u00edn K\u00f3tik, partisano sovi\u00e9tico, la persona m\u00e1s joven en recibir el t\u00edtulo de H\u00e9roe de la Uni\u00f3n Sovi\u00e9tica (n. 1930)<\/p>\n\n\n\n<p>1945: Maximino \u00c1vila Camacho, militar y pol\u00edtico mexicano (n. 1891).<\/p>\n\n\n\n<p>1947: Elena V\u0103c\u0103rescu, escritora rumano-francesa (n. 1864).<\/p>\n\n\n\n<p>1961: Nita Naldi, actriz estadounidense (n. 1894).<\/p>\n\n\n\n<p>1980: Jerry Fielding, m\u00fasico y compositor estadounidense (n. 1922).<\/p>\n\n\n\n<p>1980: Graham Sutherland, pintor brit\u00e1nico (n. 1903).<\/p>\n\n\n\n<p>1982: Thelonious Monk, pianista y compositor de jazz estadounidense (n. 1917).<\/p>\n\n\n\n<p>1982: Lee Strasberg, director y actor de cine estadounidense (n. 1901).<\/p>\n\n\n\n<p>1986: Jiddu Krishnamurti, religioso indio (n. 1895).<\/p>\n\n\n\n<p>1987: Dmitri Kabalevski, compositor ruso (n. 1904).<\/p>\n\n\n\n<p>1988: John Marco Allegro, fil\u00f3logo brit\u00e1nico (n. 1923).<\/p>\n\n\n\n<p>1988: Oscar Anderle, cantante y autor argentino (n. 1926).<\/p>\n\n\n\n<p>2004: Jos\u00e9 L\u00f3pez Portillo, pol\u00edtico y abogado mexicano, presidente de M\u00e9xico entre 1976 y 1982 (n. 1920).<\/p>\n\n\n\n<p>2007: Maurice Papon (96), pol\u00edtico franc\u00e9s (n. 1910).<\/p>\n\n\n\n<p>2009: Conchita Cintr\u00f3n, rejoneadora peruana (n. 1922).<\/p>\n\n\n\n<p>2013: Luis Paulino Mora Mora, pol\u00edtico y abogado costarricense (n. 1944).<\/p>\n\n\n\n<p>2013: Richard Briers, actor brit\u00e1nico (n. 1934).<\/p>\n","protected":false},"excerpt":{"rendered":"<p>Por Redacci\u00f3n QP Los diversos acontecimientos que fueron forjando poco a poco la historia del&#8230;<\/p>\n","protected":false},"author":2,"featured_media":98755,"comment_status":"open","ping_status":"open","sticky":false,"template":"","format":"standard","meta":{"_monsterinsights_skip_tracking":false,"_monsterinsights_sitenote_active":false,"_monsterinsights_sitenote_note":"","_monsterinsights_sitenote_category":0,"footnotes":""},"categories":[58],"tags":[],"class_list":["post-98754","post","type-post","status-publish","format-standard","has-post-thumbnail","hentry","category-cultura"],"yoast_head":"<!-- This site is optimized with the Yoast SEO plugin v27.3 - https:\/\/yoast.com\/product\/yoast-seo-wordpress\/ -->\n<title>\u00bfQu\u00e9 se conmemora hoy, 17 de febrero? -<\/title>\n<meta name=\"robots\" content=\"index, follow, max-snippet:-1, max-image-preview:large, max-video-preview:-1\" \/>\n<link rel=\"canonical\" href=\"https:\/\/quehacerpolitico.mx\/?p=98754\" \/>\n<meta property=\"og:locale\" content=\"es_MX\" \/>\n<meta property=\"og:type\" content=\"article\" \/>\n<meta property=\"og:title\" content=\"\u00bfQu\u00e9 se conmemora hoy, 17 de febrero? -\" \/>\n<meta property=\"og:description\" content=\"Por Redacci\u00f3n QP Los diversos acontecimientos que fueron forjando poco a poco la historia del...\" \/>\n<meta property=\"og:url\" content=\"https:\/\/quehacerpolitico.mx\/?p=98754\" \/>\n<meta property=\"article:published_time\" content=\"2023-02-17T15:20:12+00:00\" \/>\n<meta property=\"article:modified_time\" content=\"2023-02-17T15:20:17+00:00\" \/>\n<meta property=\"og:image\" content=\"https:\/\/quehacerpolitico.mx\/wp-content\/uploads\/2023\/02\/8C113669-7496-4409-87DD-4A0229BF115B.jpeg\" \/>\n\t<meta property=\"og:image:width\" content=\"705\" \/>\n\t<meta property=\"og:image:height\" content=\"435\" \/>\n\t<meta property=\"og:image:type\" content=\"image\/jpeg\" \/>\n<meta name=\"author\" content=\"Redacci\u00f3n QP\" \/>\n<meta name=\"twitter:card\" content=\"summary_large_image\" \/>\n<meta name=\"twitter:label1\" content=\"Escrito por\" \/>\n\t<meta name=\"twitter:data1\" content=\"Redacci\u00f3n QP\" \/>\n\t<meta name=\"twitter:label2\" content=\"Tiempo de lectura\" \/>\n\t<meta name=\"twitter:data2\" content=\"5 minutos\" \/>\n<script type=\"application\/ld+json\" class=\"yoast-schema-graph\">{\"@context\":\"https:\\\/\\\/schema.org\",\"@graph\":[{\"@type\":\"Article\",\"@id\":\"https:\\\/\\\/quehacerpolitico.mx\\\/?p=98754#article\",\"isPartOf\":{\"@id\":\"https:\\\/\\\/quehacerpolitico.mx\\\/?p=98754\"},\"author\":{\"name\":\"Redacci\u00f3n QP\",\"@id\":\"https:\\\/\\\/quehacerpolitico.mx\\\/#\\\/schema\\\/person\\\/496d8ad2d1d3f8036101dca7ee39e585\"},\"headline\":\"\u00bfQu\u00e9 se conmemora hoy, 17 de febrero?\",\"datePublished\":\"2023-02-17T15:20:12+00:00\",\"dateModified\":\"2023-02-17T15:20:17+00:00\",\"mainEntityOfPage\":{\"@id\":\"https:\\\/\\\/quehacerpolitico.mx\\\/?p=98754\"},\"wordCount\":941,\"commentCount\":0,\"image\":{\"@id\":\"https:\\\/\\\/quehacerpolitico.mx\\\/?p=98754#primaryimage\"},\"thumbnailUrl\":\"https:\\\/\\\/quehacerpolitico.mx\\\/wp-content\\\/uploads\\\/2023\\\/02\\\/8C113669-7496-4409-87DD-4A0229BF115B.jpeg\",\"articleSection\":[\"Cultura y Entretenimiento\"],\"inLanguage\":\"es\",\"potentialAction\":[{\"@type\":\"CommentAction\",\"name\":\"Comment\",\"target\":[\"https:\\\/\\\/quehacerpolitico.mx\\\/?p=98754#respond\"]}]},{\"@type\":\"WebPage\",\"@id\":\"https:\\\/\\\/quehacerpolitico.mx\\\/?p=98754\",\"url\":\"https:\\\/\\\/quehacerpolitico.mx\\\/?p=98754\",\"name\":\"\u00bfQu\u00e9 se conmemora hoy, 17 de febrero? -\",\"isPartOf\":{\"@id\":\"https:\\\/\\\/quehacerpolitico.mx\\\/#website\"},\"primaryImageOfPage\":{\"@id\":\"https:\\\/\\\/quehacerpolitico.mx\\\/?p=98754#primaryimage\"},\"image\":{\"@id\":\"https:\\\/\\\/quehacerpolitico.mx\\\/?p=98754#primaryimage\"},\"thumbnailUrl\":\"https:\\\/\\\/quehacerpolitico.mx\\\/wp-content\\\/uploads\\\/2023\\\/02\\\/8C113669-7496-4409-87DD-4A0229BF115B.jpeg\",\"datePublished\":\"2023-02-17T15:20:12+00:00\",\"dateModified\":\"2023-02-17T15:20:17+00:00\",\"author\":{\"@id\":\"https:\\\/\\\/quehacerpolitico.mx\\\/#\\\/schema\\\/person\\\/496d8ad2d1d3f8036101dca7ee39e585\"},\"breadcrumb\":{\"@id\":\"https:\\\/\\\/quehacerpolitico.mx\\\/?p=98754#breadcrumb\"},\"inLanguage\":\"es\",\"potentialAction\":[{\"@type\":\"ReadAction\",\"target\":[\"https:\\\/\\\/quehacerpolitico.mx\\\/?p=98754\"]}]},{\"@type\":\"ImageObject\",\"inLanguage\":\"es\",\"@id\":\"https:\\\/\\\/quehacerpolitico.mx\\\/?p=98754#primaryimage\",\"url\":\"https:\\\/\\\/quehacerpolitico.mx\\\/wp-content\\\/uploads\\\/2023\\\/02\\\/8C113669-7496-4409-87DD-4A0229BF115B.jpeg\",\"contentUrl\":\"https:\\\/\\\/quehacerpolitico.mx\\\/wp-content\\\/uploads\\\/2023\\\/02\\\/8C113669-7496-4409-87DD-4A0229BF115B.jpeg\",\"width\":705,\"height\":435},{\"@type\":\"BreadcrumbList\",\"@id\":\"https:\\\/\\\/quehacerpolitico.mx\\\/?p=98754#breadcrumb\",\"itemListElement\":[{\"@type\":\"ListItem\",\"position\":1,\"name\":\"Inicio\",\"item\":\"https:\\\/\\\/quehacerpolitico.mx\\\/\"},{\"@type\":\"ListItem\",\"position\":2,\"name\":\"\u00bfQu\u00e9 se conmemora hoy, 17 de febrero?\"}]},{\"@type\":\"WebSite\",\"@id\":\"https:\\\/\\\/quehacerpolitico.mx\\\/#website\",\"url\":\"https:\\\/\\\/quehacerpolitico.mx\\\/\",\"name\":\"\",\"description\":\"\",\"potentialAction\":[{\"@type\":\"SearchAction\",\"target\":{\"@type\":\"EntryPoint\",\"urlTemplate\":\"https:\\\/\\\/quehacerpolitico.mx\\\/?s={search_term_string}\"},\"query-input\":{\"@type\":\"PropertyValueSpecification\",\"valueRequired\":true,\"valueName\":\"search_term_string\"}}],\"inLanguage\":\"es\"},{\"@type\":\"Person\",\"@id\":\"https:\\\/\\\/quehacerpolitico.mx\\\/#\\\/schema\\\/person\\\/496d8ad2d1d3f8036101dca7ee39e585\",\"name\":\"Redacci\u00f3n QP\",\"image\":{\"@type\":\"ImageObject\",\"inLanguage\":\"es\",\"@id\":\"https:\\\/\\\/secure.gravatar.com\\\/avatar\\\/c7164ed6fdec453195284ad24a5ae5b6e1eed2b848477fa2a4787ba9adf39a41?s=96&d=mm&r=g\",\"url\":\"https:\\\/\\\/secure.gravatar.com\\\/avatar\\\/c7164ed6fdec453195284ad24a5ae5b6e1eed2b848477fa2a4787ba9adf39a41?s=96&d=mm&r=g\",\"contentUrl\":\"https:\\\/\\\/secure.gravatar.com\\\/avatar\\\/c7164ed6fdec453195284ad24a5ae5b6e1eed2b848477fa2a4787ba9adf39a41?s=96&d=mm&r=g\",\"caption\":\"Redacci\u00f3n QP\"},\"url\":\"https:\\\/\\\/quehacerpolitico.mx\\\/?author=2\"}]}<\/script>\n<!-- \/ Yoast SEO plugin. -->","yoast_head_json":{"title":"\u00bfQu\u00e9 se conmemora hoy, 17 de febrero? -","robots":{"index":"index","follow":"follow","max-snippet":"max-snippet:-1","max-image-preview":"max-image-preview:large","max-video-preview":"max-video-preview:-1"},"canonical":"https:\/\/quehacerpolitico.mx\/?p=98754","og_locale":"es_MX","og_type":"article","og_title":"\u00bfQu\u00e9 se conmemora hoy, 17 de febrero? -","og_description":"Por Redacci\u00f3n QP Los diversos acontecimientos que fueron forjando poco a poco la historia del...","og_url":"https:\/\/quehacerpolitico.mx\/?p=98754","article_published_time":"2023-02-17T15:20:12+00:00","article_modified_time":"2023-02-17T15:20:17+00:00","og_image":[{"width":705,"height":435,"url":"https:\/\/quehacerpolitico.mx\/wp-content\/uploads\/2023\/02\/8C113669-7496-4409-87DD-4A0229BF115B.jpeg","type":"image\/jpeg"}],"author":"Redacci\u00f3n QP","twitter_card":"summary_large_image","twitter_misc":{"Escrito por":"Redacci\u00f3n QP","Tiempo de lectura":"5 minutos"},"schema":{"@context":"https:\/\/schema.org","@graph":[{"@type":"Article","@id":"https:\/\/quehacerpolitico.mx\/?p=98754#article","isPartOf":{"@id":"https:\/\/quehacerpolitico.mx\/?p=98754"},"author":{"name":"Redacci\u00f3n QP","@id":"https:\/\/quehacerpolitico.mx\/#\/schema\/person\/496d8ad2d1d3f8036101dca7ee39e585"},"headline":"\u00bfQu\u00e9 se conmemora hoy, 17 de febrero?","datePublished":"2023-02-17T15:20:12+00:00","dateModified":"2023-02-17T15:20:17+00:00","mainEntityOfPage":{"@id":"https:\/\/quehacerpolitico.mx\/?p=98754"},"wordCount":941,"commentCount":0,"image":{"@id":"https:\/\/quehacerpolitico.mx\/?p=98754#primaryimage"},"thumbnailUrl":"https:\/\/quehacerpolitico.mx\/wp-content\/uploads\/2023\/02\/8C113669-7496-4409-87DD-4A0229BF115B.jpeg","articleSection":["Cultura y Entretenimiento"],"inLanguage":"es","potentialAction":[{"@type":"CommentAction","name":"Comment","target":["https:\/\/quehacerpolitico.mx\/?p=98754#respond"]}]},{"@type":"WebPage","@id":"https:\/\/quehacerpolitico.mx\/?p=98754","url":"https:\/\/quehacerpolitico.mx\/?p=98754","name":"\u00bfQu\u00e9 se conmemora hoy, 17 de febrero? -","isPartOf":{"@id":"https:\/\/quehacerpolitico.mx\/#website"},"primaryImageOfPage":{"@id":"https:\/\/quehacerpolitico.mx\/?p=98754#primaryimage"},"image":{"@id":"https:\/\/quehacerpolitico.mx\/?p=98754#primaryimage"},"thumbnailUrl":"https:\/\/quehacerpolitico.mx\/wp-content\/uploads\/2023\/02\/8C113669-7496-4409-87DD-4A0229BF115B.jpeg","datePublished":"2023-02-17T15:20:12+00:00","dateModified":"2023-02-17T15:20:17+00:00","author":{"@id":"https:\/\/quehacerpolitico.mx\/#\/schema\/person\/496d8ad2d1d3f8036101dca7ee39e585"},"breadcrumb":{"@id":"https:\/\/quehacerpolitico.mx\/?p=98754#breadcrumb"},"inLanguage":"es","potentialAction":[{"@type":"ReadAction","target":["https:\/\/quehacerpolitico.mx\/?p=98754"]}]},{"@type":"ImageObject","inLanguage":"es","@id":"https:\/\/quehacerpolitico.mx\/?p=98754#primaryimage","url":"https:\/\/quehacerpolitico.mx\/wp-content\/uploads\/2023\/02\/8C113669-7496-4409-87DD-4A0229BF115B.jpeg","contentUrl":"https:\/\/quehacerpolitico.mx\/wp-content\/uploads\/2023\/02\/8C113669-7496-4409-87DD-4A0229BF115B.jpeg","width":705,"height":435},{"@type":"BreadcrumbList","@id":"https:\/\/quehacerpolitico.mx\/?p=98754#breadcrumb","itemListElement":[{"@type":"ListItem","position":1,"name":"Inicio","item":"https:\/\/quehacerpolitico.mx\/"},{"@type":"ListItem","position":2,"name":"\u00bfQu\u00e9 se conmemora hoy, 17 de febrero?"}]},{"@type":"WebSite","@id":"https:\/\/quehacerpolitico.mx\/#website","url":"https:\/\/quehacerpolitico.mx\/","name":"","description":"","potentialAction":[{"@type":"SearchAction","target":{"@type":"EntryPoint","urlTemplate":"https:\/\/quehacerpolitico.mx\/?s={search_term_string}"},"query-input":{"@type":"PropertyValueSpecification","valueRequired":true,"valueName":"search_term_string"}}],"inLanguage":"es"},{"@type":"Person","@id":"https:\/\/quehacerpolitico.mx\/#\/schema\/person\/496d8ad2d1d3f8036101dca7ee39e585","name":"Redacci\u00f3n QP","image":{"@type":"ImageObject","inLanguage":"es","@id":"https:\/\/secure.gravatar.com\/avatar\/c7164ed6fdec453195284ad24a5ae5b6e1eed2b848477fa2a4787ba9adf39a41?s=96&d=mm&r=g","url":"https:\/\/secure.gravatar.com\/avatar\/c7164ed6fdec453195284ad24a5ae5b6e1eed2b848477fa2a4787ba9adf39a41?s=96&d=mm&r=g","contentUrl":"https:\/\/secure.gravatar.com\/avatar\/c7164ed6fdec453195284ad24a5ae5b6e1eed2b848477fa2a4787ba9adf39a41?s=96&d=mm&r=g","caption":"Redacci\u00f3n QP"},"url":"https:\/\/quehacerpolitico.mx\/?author=2"}]}},"featured_image_urls":{"full":["https:\/\/quehacerpolitico.mx\/wp-content\/uploads\/2023\/02\/8C113669-7496-4409-87DD-4A0229BF115B.jpeg",705,435,false],"thumbnail":["https:\/\/quehacerpolitico.mx\/wp-content\/uploads\/2023\/02\/8C113669-7496-4409-87DD-4A0229BF115B-150x150.jpeg",150,150,true],"medium":["https:\/\/quehacerpolitico.mx\/wp-content\/uploads\/2023\/02\/8C113669-7496-4409-87DD-4A0229BF115B-300x185.jpeg",300,185,true],"medium_large":["https:\/\/quehacerpolitico.mx\/wp-content\/uploads\/2023\/02\/8C113669-7496-4409-87DD-4A0229BF115B.jpeg",640,395,false],"large":["https:\/\/quehacerpolitico.mx\/wp-content\/uploads\/2023\/02\/8C113669-7496-4409-87DD-4A0229BF115B.jpeg",640,395,false],"1536x1536":["https:\/\/quehacerpolitico.mx\/wp-content\/uploads\/2023\/02\/8C113669-7496-4409-87DD-4A0229BF115B.jpeg",705,435,false],"2048x2048":["https:\/\/quehacerpolitico.mx\/wp-content\/uploads\/2023\/02\/8C113669-7496-4409-87DD-4A0229BF115B.jpeg",705,435,false],"covernews-featured":["https:\/\/quehacerpolitico.mx\/wp-content\/uploads\/2023\/02\/8C113669-7496-4409-87DD-4A0229BF115B.jpeg",705,435,false],"covernews-medium":["https:\/\/quehacerpolitico.mx\/wp-content\/uploads\/2023\/02\/8C113669-7496-4409-87DD-4A0229BF115B.jpeg",540,333,false]},"author_info":{"display_name":"Redacci\u00f3n QP","author_link":"https:\/\/quehacerpolitico.mx\/?author=2"},"category_info":"<a href=\"https:\/\/quehacerpolitico.mx\/?cat=58\" rel=\"category\">Cultura y Entretenimiento<\/a>","tag_info":"Cultura y Entretenimiento","comment_count":"0","_links":{"self":[{"href":"https:\/\/quehacerpolitico.mx\/index.php?rest_route=\/wp\/v2\/posts\/98754","targetHints":{"allow":["GET"]}}],"collection":[{"href":"https:\/\/quehacerpolitico.mx\/index.php?rest_route=\/wp\/v2\/posts"}],"about":[{"href":"https:\/\/quehacerpolitico.mx\/index.php?rest_route=\/wp\/v2\/types\/post"}],"author":[{"embeddable":true,"href":"https:\/\/quehacerpolitico.mx\/index.php?rest_route=\/wp\/v2\/users\/2"}],"replies":[{"embeddable":true,"href":"https:\/\/quehacerpolitico.mx\/index.php?rest_route=%2Fwp%2Fv2%2Fcomments&post=98754"}],"version-history":[{"count":1,"href":"https:\/\/quehacerpolitico.mx\/index.php?rest_route=\/wp\/v2\/posts\/98754\/revisions"}],"predecessor-version":[{"id":98756,"href":"https:\/\/quehacerpolitico.mx\/index.php?rest_route=\/wp\/v2\/posts\/98754\/revisions\/98756"}],"wp:featuredmedia":[{"embeddable":true,"href":"https:\/\/quehacerpolitico.mx\/index.php?rest_route=\/wp\/v2\/media\/98755"}],"wp:attachment":[{"href":"https:\/\/quehacerpolitico.mx\/index.php?rest_route=%2Fwp%2Fv2%2Fmedia&parent=98754"}],"wp:term":[{"taxonomy":"category","embeddable":true,"href":"https:\/\/quehacerpolitico.mx\/index.php?rest_route=%2Fwp%2Fv2%2Fcategories&post=98754"},{"taxonomy":"post_tag","embeddable":true,"href":"https:\/\/quehacerpolitico.mx\/index.php?rest_route=%2Fwp%2Fv2%2Ftags&post=98754"}],"curies":[{"name":"wp","href":"https:\/\/api.w.org\/{rel}","templated":true}]}}