{"id":98751,"date":"2023-02-17T15:06:40","date_gmt":"2023-02-17T15:06:40","guid":{"rendered":"https:\/\/quehacerpolitico.mx\/?p=98751"},"modified":"2023-02-17T15:06:44","modified_gmt":"2023-02-17T15:06:44","slug":"la-procuraduria-federal-del-consumidor-profeco-gano-una-demanda-de-accion-colectiva-contra-aeromar","status":"publish","type":"post","link":"https:\/\/quehacerpolitico.mx\/?p=98751","title":{"rendered":"La Procuradur\u00eda Federal del Consumidor (<strong>Profeco<\/strong>) gan\u00f3 una\u00a0<strong>demanda<\/strong>\u00a0de\u00a0<strong>acci\u00f3n colectiva<\/strong>\u00a0contra\u00a0<strong>Aeromar<\/strong>"},"content":{"rendered":"\n<p>Por Redacci\u00f3n QP<\/p>\n\n\n\n<p>La Profeco dijo que los pasajeros de Aeromar que no se hayan adherido al juicio pueden hacerlo en la segunda etapa de ejecuci\u00f3n de sentencia<\/p>\n\n\n\n<p>La Procuradur\u00eda Federal del Consumidor (<strong>Profeco<\/strong>) gan\u00f3 una&nbsp;<strong>demanda<\/strong>&nbsp;de&nbsp;<strong>acci\u00f3n colectiva<\/strong>&nbsp;contra&nbsp;<strong>Aeromar<\/strong>, por lo que convoc\u00f3 a m\u00e1s pasajeros afectados al juicio, tras el cese de sus operaciones en territorio mexicano.<\/p>\n\n\n\n<p>El\u00a0mi\u00e9rcoles, la aerol\u00ednea mexicana decidi\u00f3 terminar sus operaciones, luego de 35 a\u00f1os de operar en M\u00e9xico, por \u201cproblemas financieros\u201d y la dificultad de cerrar acuerdos con condiciones viables hacia el futuro, con una deuda que ascend\u00eda los 7 mil millones de pesos, entre distintos proveedores y pendientes con trabajadores.<\/p>\n\n\n\n<figure class=\"wp-block-embed is-type-rich is-provider-twitter wp-block-embed-twitter\"><div class=\"wp-block-embed__wrapper\">\n<blockquote class=\"twitter-tweet\" data-width=\"550\" data-dnt=\"true\"><p lang=\"es\" dir=\"ltr\">\u00bfEres uno de los afectados por la aerol\u00ednea <a href=\"https:\/\/twitter.com\/AeromarMx?ref_src=twsrc%5Etfw\">@AeromarMx<\/a>?<br><br>\u2714\ufe0f\u00a1S\u00famate a la <a href=\"https:\/\/twitter.com\/hashtag\/Acci%C3%B3nColectiva?src=hash&amp;ref_src=twsrc%5Etfw\">#Acci\u00f3nColectiva<\/a>!<br><br>Descarga los formatos en <br>\ud83d\udc49 <a href=\"https:\/\/t.co\/dbj95DpS0x\">https:\/\/t.co\/dbj95DpS0x<\/a> <a href=\"https:\/\/t.co\/0K9RSNJk37\">pic.twitter.com\/0K9RSNJk37<\/a><\/p>&mdash; Profeco (@Profeco) <a href=\"https:\/\/twitter.com\/Profeco\/status\/1626448361338417152?ref_src=twsrc%5Etfw\">February 17, 2023<\/a><\/blockquote><script async src=\"https:\/\/platform.twitter.com\/widgets.js\" charset=\"utf-8\"><\/script>\n<\/div><\/figure>\n\n\n\n<p>De acuerdo con la Profeco, al menos 4 mil 900 personas que tienen pasajes comprados para fecha posterior al cierre de Aeromar en M\u00e9xico podr\u00edan sumarse a este juicio que inici\u00f3 la Procuradur\u00eda desde 2019, cuando un juez dio entrada al asunto.<\/p>\n\n\n\n<p>Ello pese a que otras aerol\u00edneas hayan atendido sus vuelos pendientes tras acuerdo con autoridades mexicanas, que se hizo p\u00fablico la tarde del mi\u00e9rcoles.<\/p>\n\n\n\n<p>Dicha resoluci\u00f3n, emitida por un juez federal, condena a la aerol\u00ednea a la reparaci\u00f3n de los da\u00f1os consistentes en una&nbsp;<strong>indemnizaci\u00f3n<\/strong>&nbsp;para cada pasajero con vuelo cancelado, m\u00e1s el pago del 20 por ciento del&nbsp;<strong>precio del pasaje<\/strong>, as\u00ed como los&nbsp;<strong>intereses legales<\/strong>&nbsp;en raz\u00f3n del 9 por ciento anual.<\/p>\n\n\n\n<p>La demanda fue admitida el 25 de abril de 2019, cuenta con una resoluci\u00f3n favorable y vincula a afectados por la aerol\u00ednea desde 2018 y hasta antes del pasado 15 de febrero, cuando Aeromar anunci\u00f3 su salida del mercado de aviaci\u00f3n mexicano.<\/p>\n\n\n\n<p>En este sentido, la Profeco\u00a0explico\u00a0que \u201clos pasajeros que no se hayan adherido al juicio en este tiempo, lo pueden hacer en la segunda etapa de ejecuci\u00f3n de sentencia de esta acci\u00f3n colectiva\u201d.<\/p>\n\n\n\n<p>El organismo expuso que los ciudadanos interesados podr\u00e1n adherirse con presentar ante esta instancia un formato de consentimiento expreso, relator\u00eda de hechos, escrito libre firmado por los afectados.<\/p>\n\n\n\n<p>As\u00ed como llenar un formato adicional de datos personales, y proporcionar documentos que comprueben la relaci\u00f3n de consumo, como boletos f\u00edsicos y electr\u00f3nicos, estados de cuenta, transferencias bancarias, correos electr\u00f3nicos de confirmaci\u00f3n de compra, entre otros.<\/p>\n\n\n\n<p>Dichos formatos podr\u00e1n ser consultados en su sitio de internet y en su portal de acciones colectivas.<\/p>\n\n\n\n<p>Este\u00a0jueves, por la tarde noche,\u00a0<strong>trabajadores<\/strong>\u00a0de\u00a0<strong>Aeromar<\/strong>salieron a los mostradores de la l\u00ednea a\u00e9rea en el\u00a0<strong>Aeropuerto Internacional de la Ciudad de M\u00e9xico<\/strong>\u00a0(AICM) para dar a conocer el inicio de su\u00a0<strong>huelga<\/strong>\u00a0y para llevar a cabo una manifestaci\u00f3n en la que dieron a conocer los adeudos de la empresa.<\/p>\n\n\n\n<p>Los encargados de colgar las&nbsp;<strong>banderas rojinegras<\/strong>&nbsp;fueron los integrantes de Asociaci\u00f3n Sindical de Pilotos Aviadores (ASPA) y la Asociaci\u00f3n Sindical de Sobrecargos de Aviaci\u00f3n de M\u00e9xico (ASSA).<\/p>\n\n\n\n<p>Por la\u00a0ma\u00f1ana, el presidente de M\u00e9xico, Andr\u00e9s Manuel L\u00f3pez Obrador, consider\u00f3 \u201c<strong>inviable<\/strong>\u201d el\u00a0<strong>rescate<\/strong>\u00a0de la aerol\u00ednea\u00a0<strong>Aeromar<\/strong>, que se convirti\u00f3 en la segunda empresa a\u00e9rea de M\u00e9xico en quebrar en menos de tres a\u00f1os.<\/p>\n\n\n\n<p>\u201cEs totalmente inviable en lo econ\u00f3mico, en lo comercial, no es posible rescatar algo que tiene un pasivo alt\u00edsimo. Bueno, debe hasta la renta (el alquiler) de los aviones\u201d, expres\u00f3 el mandatario en su rueda de prensa diaria.<\/p>\n\n\n\n<p>Con informaci\u00f3n de EFE<\/p>\n","protected":false},"excerpt":{"rendered":"<p>Por Redacci\u00f3n QP La Profeco dijo que los pasajeros de Aeromar que no se hayan&#8230;<\/p>\n","protected":false},"author":2,"featured_media":98752,"comment_status":"open","ping_status":"open","sticky":false,"template":"","format":"standard","meta":{"_monsterinsights_skip_tracking":false,"_monsterinsights_sitenote_active":false,"_monsterinsights_sitenote_note":"","_monsterinsights_sitenote_category":0,"footnotes":""},"categories":[56],"tags":[],"class_list":["post-98751","post","type-post","status-publish","format-standard","has-post-thumbnail","hentry","category-economia"],"yoast_head":"<!-- This site is optimized with the Yoast SEO plugin v27.3 - https:\/\/yoast.com\/product\/yoast-seo-wordpress\/ -->\n<title>La Procuradur\u00eda Federal del Consumidor (Profeco) gan\u00f3 una\u00a0demanda\u00a0de\u00a0acci\u00f3n colectiva\u00a0contra\u00a0Aeromar -<\/title>\n<meta name=\"robots\" content=\"index, follow, max-snippet:-1, max-image-preview:large, max-video-preview:-1\" \/>\n<link rel=\"canonical\" href=\"https:\/\/quehacerpolitico.mx\/?p=98751\" \/>\n<meta property=\"og:locale\" content=\"es_MX\" \/>\n<meta property=\"og:type\" content=\"article\" \/>\n<meta property=\"og:title\" content=\"La Procuradur\u00eda Federal del Consumidor (Profeco) gan\u00f3 una\u00a0demanda\u00a0de\u00a0acci\u00f3n colectiva\u00a0contra\u00a0Aeromar -\" \/>\n<meta property=\"og:description\" content=\"Por Redacci\u00f3n QP La Profeco dijo que los pasajeros de Aeromar que no se hayan...\" \/>\n<meta property=\"og:url\" content=\"https:\/\/quehacerpolitico.mx\/?p=98751\" \/>\n<meta property=\"article:published_time\" content=\"2023-02-17T15:06:40+00:00\" \/>\n<meta property=\"article:modified_time\" content=\"2023-02-17T15:06:44+00:00\" \/>\n<meta property=\"og:image\" content=\"https:\/\/quehacerpolitico.mx\/wp-content\/uploads\/2023\/02\/E42C28EC-67B4-42E7-9C70-008B14E359C5.jpeg\" \/>\n\t<meta property=\"og:image:width\" content=\"725\" \/>\n\t<meta property=\"og:image:height\" content=\"423\" \/>\n\t<meta property=\"og:image:type\" content=\"image\/jpeg\" \/>\n<meta name=\"author\" content=\"Redacci\u00f3n QP\" \/>\n<meta name=\"twitter:card\" content=\"summary_large_image\" \/>\n<meta name=\"twitter:label1\" content=\"Escrito por\" \/>\n\t<meta name=\"twitter:data1\" content=\"Redacci\u00f3n QP\" \/>\n\t<meta name=\"twitter:label2\" content=\"Tiempo de lectura\" \/>\n\t<meta name=\"twitter:data2\" content=\"3 minutos\" \/>\n<script type=\"application\/ld+json\" class=\"yoast-schema-graph\">{\"@context\":\"https:\\\/\\\/schema.org\",\"@graph\":[{\"@type\":\"Article\",\"@id\":\"https:\\\/\\\/quehacerpolitico.mx\\\/?p=98751#article\",\"isPartOf\":{\"@id\":\"https:\\\/\\\/quehacerpolitico.mx\\\/?p=98751\"},\"author\":{\"name\":\"Redacci\u00f3n QP\",\"@id\":\"https:\\\/\\\/quehacerpolitico.mx\\\/#\\\/schema\\\/person\\\/496d8ad2d1d3f8036101dca7ee39e585\"},\"headline\":\"La Procuradur\u00eda Federal del Consumidor (Profeco) gan\u00f3 una\u00a0demanda\u00a0de\u00a0acci\u00f3n colectiva\u00a0contra\u00a0Aeromar\",\"datePublished\":\"2023-02-17T15:06:40+00:00\",\"dateModified\":\"2023-02-17T15:06:44+00:00\",\"mainEntityOfPage\":{\"@id\":\"https:\\\/\\\/quehacerpolitico.mx\\\/?p=98751\"},\"wordCount\":628,\"commentCount\":0,\"image\":{\"@id\":\"https:\\\/\\\/quehacerpolitico.mx\\\/?p=98751#primaryimage\"},\"thumbnailUrl\":\"https:\\\/\\\/quehacerpolitico.mx\\\/wp-content\\\/uploads\\\/2023\\\/02\\\/E42C28EC-67B4-42E7-9C70-008B14E359C5.jpeg\",\"articleSection\":[\"Econom\u00eda\"],\"inLanguage\":\"es\",\"potentialAction\":[{\"@type\":\"CommentAction\",\"name\":\"Comment\",\"target\":[\"https:\\\/\\\/quehacerpolitico.mx\\\/?p=98751#respond\"]}]},{\"@type\":\"WebPage\",\"@id\":\"https:\\\/\\\/quehacerpolitico.mx\\\/?p=98751\",\"url\":\"https:\\\/\\\/quehacerpolitico.mx\\\/?p=98751\",\"name\":\"La Procuradur\u00eda Federal del Consumidor (Profeco) gan\u00f3 una\u00a0demanda\u00a0de\u00a0acci\u00f3n colectiva\u00a0contra\u00a0Aeromar -\",\"isPartOf\":{\"@id\":\"https:\\\/\\\/quehacerpolitico.mx\\\/#website\"},\"primaryImageOfPage\":{\"@id\":\"https:\\\/\\\/quehacerpolitico.mx\\\/?p=98751#primaryimage\"},\"image\":{\"@id\":\"https:\\\/\\\/quehacerpolitico.mx\\\/?p=98751#primaryimage\"},\"thumbnailUrl\":\"https:\\\/\\\/quehacerpolitico.mx\\\/wp-content\\\/uploads\\\/2023\\\/02\\\/E42C28EC-67B4-42E7-9C70-008B14E359C5.jpeg\",\"datePublished\":\"2023-02-17T15:06:40+00:00\",\"dateModified\":\"2023-02-17T15:06:44+00:00\",\"author\":{\"@id\":\"https:\\\/\\\/quehacerpolitico.mx\\\/#\\\/schema\\\/person\\\/496d8ad2d1d3f8036101dca7ee39e585\"},\"breadcrumb\":{\"@id\":\"https:\\\/\\\/quehacerpolitico.mx\\\/?p=98751#breadcrumb\"},\"inLanguage\":\"es\",\"potentialAction\":[{\"@type\":\"ReadAction\",\"target\":[\"https:\\\/\\\/quehacerpolitico.mx\\\/?p=98751\"]}]},{\"@type\":\"ImageObject\",\"inLanguage\":\"es\",\"@id\":\"https:\\\/\\\/quehacerpolitico.mx\\\/?p=98751#primaryimage\",\"url\":\"https:\\\/\\\/quehacerpolitico.mx\\\/wp-content\\\/uploads\\\/2023\\\/02\\\/E42C28EC-67B4-42E7-9C70-008B14E359C5.jpeg\",\"contentUrl\":\"https:\\\/\\\/quehacerpolitico.mx\\\/wp-content\\\/uploads\\\/2023\\\/02\\\/E42C28EC-67B4-42E7-9C70-008B14E359C5.jpeg\",\"width\":725,\"height\":423},{\"@type\":\"BreadcrumbList\",\"@id\":\"https:\\\/\\\/quehacerpolitico.mx\\\/?p=98751#breadcrumb\",\"itemListElement\":[{\"@type\":\"ListItem\",\"position\":1,\"name\":\"Inicio\",\"item\":\"https:\\\/\\\/quehacerpolitico.mx\\\/\"},{\"@type\":\"ListItem\",\"position\":2,\"name\":\"La Procuradur\u00eda Federal del Consumidor (Profeco) gan\u00f3 una\u00a0demanda\u00a0de\u00a0acci\u00f3n colectiva\u00a0contra\u00a0Aeromar\"}]},{\"@type\":\"WebSite\",\"@id\":\"https:\\\/\\\/quehacerpolitico.mx\\\/#website\",\"url\":\"https:\\\/\\\/quehacerpolitico.mx\\\/\",\"name\":\"\",\"description\":\"\",\"potentialAction\":[{\"@type\":\"SearchAction\",\"target\":{\"@type\":\"EntryPoint\",\"urlTemplate\":\"https:\\\/\\\/quehacerpolitico.mx\\\/?s={search_term_string}\"},\"query-input\":{\"@type\":\"PropertyValueSpecification\",\"valueRequired\":true,\"valueName\":\"search_term_string\"}}],\"inLanguage\":\"es\"},{\"@type\":\"Person\",\"@id\":\"https:\\\/\\\/quehacerpolitico.mx\\\/#\\\/schema\\\/person\\\/496d8ad2d1d3f8036101dca7ee39e585\",\"name\":\"Redacci\u00f3n QP\",\"image\":{\"@type\":\"ImageObject\",\"inLanguage\":\"es\",\"@id\":\"https:\\\/\\\/secure.gravatar.com\\\/avatar\\\/c7164ed6fdec453195284ad24a5ae5b6e1eed2b848477fa2a4787ba9adf39a41?s=96&d=mm&r=g\",\"url\":\"https:\\\/\\\/secure.gravatar.com\\\/avatar\\\/c7164ed6fdec453195284ad24a5ae5b6e1eed2b848477fa2a4787ba9adf39a41?s=96&d=mm&r=g\",\"contentUrl\":\"https:\\\/\\\/secure.gravatar.com\\\/avatar\\\/c7164ed6fdec453195284ad24a5ae5b6e1eed2b848477fa2a4787ba9adf39a41?s=96&d=mm&r=g\",\"caption\":\"Redacci\u00f3n QP\"},\"url\":\"https:\\\/\\\/quehacerpolitico.mx\\\/?author=2\"}]}<\/script>\n<!-- \/ Yoast SEO plugin. -->","yoast_head_json":{"title":"La Procuradur\u00eda Federal del Consumidor (Profeco) gan\u00f3 una\u00a0demanda\u00a0de\u00a0acci\u00f3n colectiva\u00a0contra\u00a0Aeromar -","robots":{"index":"index","follow":"follow","max-snippet":"max-snippet:-1","max-image-preview":"max-image-preview:large","max-video-preview":"max-video-preview:-1"},"canonical":"https:\/\/quehacerpolitico.mx\/?p=98751","og_locale":"es_MX","og_type":"article","og_title":"La Procuradur\u00eda Federal del Consumidor (Profeco) gan\u00f3 una\u00a0demanda\u00a0de\u00a0acci\u00f3n colectiva\u00a0contra\u00a0Aeromar -","og_description":"Por Redacci\u00f3n QP La Profeco dijo que los pasajeros de Aeromar que no se hayan...","og_url":"https:\/\/quehacerpolitico.mx\/?p=98751","article_published_time":"2023-02-17T15:06:40+00:00","article_modified_time":"2023-02-17T15:06:44+00:00","og_image":[{"width":725,"height":423,"url":"https:\/\/quehacerpolitico.mx\/wp-content\/uploads\/2023\/02\/E42C28EC-67B4-42E7-9C70-008B14E359C5.jpeg","type":"image\/jpeg"}],"author":"Redacci\u00f3n QP","twitter_card":"summary_large_image","twitter_misc":{"Escrito por":"Redacci\u00f3n QP","Tiempo de lectura":"3 minutos"},"schema":{"@context":"https:\/\/schema.org","@graph":[{"@type":"Article","@id":"https:\/\/quehacerpolitico.mx\/?p=98751#article","isPartOf":{"@id":"https:\/\/quehacerpolitico.mx\/?p=98751"},"author":{"name":"Redacci\u00f3n QP","@id":"https:\/\/quehacerpolitico.mx\/#\/schema\/person\/496d8ad2d1d3f8036101dca7ee39e585"},"headline":"La Procuradur\u00eda Federal del Consumidor (Profeco) gan\u00f3 una\u00a0demanda\u00a0de\u00a0acci\u00f3n colectiva\u00a0contra\u00a0Aeromar","datePublished":"2023-02-17T15:06:40+00:00","dateModified":"2023-02-17T15:06:44+00:00","mainEntityOfPage":{"@id":"https:\/\/quehacerpolitico.mx\/?p=98751"},"wordCount":628,"commentCount":0,"image":{"@id":"https:\/\/quehacerpolitico.mx\/?p=98751#primaryimage"},"thumbnailUrl":"https:\/\/quehacerpolitico.mx\/wp-content\/uploads\/2023\/02\/E42C28EC-67B4-42E7-9C70-008B14E359C5.jpeg","articleSection":["Econom\u00eda"],"inLanguage":"es","potentialAction":[{"@type":"CommentAction","name":"Comment","target":["https:\/\/quehacerpolitico.mx\/?p=98751#respond"]}]},{"@type":"WebPage","@id":"https:\/\/quehacerpolitico.mx\/?p=98751","url":"https:\/\/quehacerpolitico.mx\/?p=98751","name":"La Procuradur\u00eda Federal del Consumidor (Profeco) gan\u00f3 una\u00a0demanda\u00a0de\u00a0acci\u00f3n colectiva\u00a0contra\u00a0Aeromar -","isPartOf":{"@id":"https:\/\/quehacerpolitico.mx\/#website"},"primaryImageOfPage":{"@id":"https:\/\/quehacerpolitico.mx\/?p=98751#primaryimage"},"image":{"@id":"https:\/\/quehacerpolitico.mx\/?p=98751#primaryimage"},"thumbnailUrl":"https:\/\/quehacerpolitico.mx\/wp-content\/uploads\/2023\/02\/E42C28EC-67B4-42E7-9C70-008B14E359C5.jpeg","datePublished":"2023-02-17T15:06:40+00:00","dateModified":"2023-02-17T15:06:44+00:00","author":{"@id":"https:\/\/quehacerpolitico.mx\/#\/schema\/person\/496d8ad2d1d3f8036101dca7ee39e585"},"breadcrumb":{"@id":"https:\/\/quehacerpolitico.mx\/?p=98751#breadcrumb"},"inLanguage":"es","potentialAction":[{"@type":"ReadAction","target":["https:\/\/quehacerpolitico.mx\/?p=98751"]}]},{"@type":"ImageObject","inLanguage":"es","@id":"https:\/\/quehacerpolitico.mx\/?p=98751#primaryimage","url":"https:\/\/quehacerpolitico.mx\/wp-content\/uploads\/2023\/02\/E42C28EC-67B4-42E7-9C70-008B14E359C5.jpeg","contentUrl":"https:\/\/quehacerpolitico.mx\/wp-content\/uploads\/2023\/02\/E42C28EC-67B4-42E7-9C70-008B14E359C5.jpeg","width":725,"height":423},{"@type":"BreadcrumbList","@id":"https:\/\/quehacerpolitico.mx\/?p=98751#breadcrumb","itemListElement":[{"@type":"ListItem","position":1,"name":"Inicio","item":"https:\/\/quehacerpolitico.mx\/"},{"@type":"ListItem","position":2,"name":"La Procuradur\u00eda Federal del Consumidor (Profeco) gan\u00f3 una\u00a0demanda\u00a0de\u00a0acci\u00f3n colectiva\u00a0contra\u00a0Aeromar"}]},{"@type":"WebSite","@id":"https:\/\/quehacerpolitico.mx\/#website","url":"https:\/\/quehacerpolitico.mx\/","name":"","description":"","potentialAction":[{"@type":"SearchAction","target":{"@type":"EntryPoint","urlTemplate":"https:\/\/quehacerpolitico.mx\/?s={search_term_string}"},"query-input":{"@type":"PropertyValueSpecification","valueRequired":true,"valueName":"search_term_string"}}],"inLanguage":"es"},{"@type":"Person","@id":"https:\/\/quehacerpolitico.mx\/#\/schema\/person\/496d8ad2d1d3f8036101dca7ee39e585","name":"Redacci\u00f3n QP","image":{"@type":"ImageObject","inLanguage":"es","@id":"https:\/\/secure.gravatar.com\/avatar\/c7164ed6fdec453195284ad24a5ae5b6e1eed2b848477fa2a4787ba9adf39a41?s=96&d=mm&r=g","url":"https:\/\/secure.gravatar.com\/avatar\/c7164ed6fdec453195284ad24a5ae5b6e1eed2b848477fa2a4787ba9adf39a41?s=96&d=mm&r=g","contentUrl":"https:\/\/secure.gravatar.com\/avatar\/c7164ed6fdec453195284ad24a5ae5b6e1eed2b848477fa2a4787ba9adf39a41?s=96&d=mm&r=g","caption":"Redacci\u00f3n QP"},"url":"https:\/\/quehacerpolitico.mx\/?author=2"}]}},"featured_image_urls":{"full":["https:\/\/quehacerpolitico.mx\/wp-content\/uploads\/2023\/02\/E42C28EC-67B4-42E7-9C70-008B14E359C5.jpeg",725,423,false],"thumbnail":["https:\/\/quehacerpolitico.mx\/wp-content\/uploads\/2023\/02\/E42C28EC-67B4-42E7-9C70-008B14E359C5-150x150.jpeg",150,150,true],"medium":["https:\/\/quehacerpolitico.mx\/wp-content\/uploads\/2023\/02\/E42C28EC-67B4-42E7-9C70-008B14E359C5-300x175.jpeg",300,175,true],"medium_large":["https:\/\/quehacerpolitico.mx\/wp-content\/uploads\/2023\/02\/E42C28EC-67B4-42E7-9C70-008B14E359C5.jpeg",640,373,false],"large":["https:\/\/quehacerpolitico.mx\/wp-content\/uploads\/2023\/02\/E42C28EC-67B4-42E7-9C70-008B14E359C5.jpeg",640,373,false],"1536x1536":["https:\/\/quehacerpolitico.mx\/wp-content\/uploads\/2023\/02\/E42C28EC-67B4-42E7-9C70-008B14E359C5.jpeg",725,423,false],"2048x2048":["https:\/\/quehacerpolitico.mx\/wp-content\/uploads\/2023\/02\/E42C28EC-67B4-42E7-9C70-008B14E359C5.jpeg",725,423,false],"covernews-featured":["https:\/\/quehacerpolitico.mx\/wp-content\/uploads\/2023\/02\/E42C28EC-67B4-42E7-9C70-008B14E359C5.jpeg",725,423,false],"covernews-medium":["https:\/\/quehacerpolitico.mx\/wp-content\/uploads\/2023\/02\/E42C28EC-67B4-42E7-9C70-008B14E359C5.jpeg",540,315,false]},"author_info":{"display_name":"Redacci\u00f3n QP","author_link":"https:\/\/quehacerpolitico.mx\/?author=2"},"category_info":"<a href=\"https:\/\/quehacerpolitico.mx\/?cat=56\" rel=\"category\">Econom\u00eda<\/a>","tag_info":"Econom\u00eda","comment_count":"0","_links":{"self":[{"href":"https:\/\/quehacerpolitico.mx\/index.php?rest_route=\/wp\/v2\/posts\/98751","targetHints":{"allow":["GET"]}}],"collection":[{"href":"https:\/\/quehacerpolitico.mx\/index.php?rest_route=\/wp\/v2\/posts"}],"about":[{"href":"https:\/\/quehacerpolitico.mx\/index.php?rest_route=\/wp\/v2\/types\/post"}],"author":[{"embeddable":true,"href":"https:\/\/quehacerpolitico.mx\/index.php?rest_route=\/wp\/v2\/users\/2"}],"replies":[{"embeddable":true,"href":"https:\/\/quehacerpolitico.mx\/index.php?rest_route=%2Fwp%2Fv2%2Fcomments&post=98751"}],"version-history":[{"count":1,"href":"https:\/\/quehacerpolitico.mx\/index.php?rest_route=\/wp\/v2\/posts\/98751\/revisions"}],"predecessor-version":[{"id":98753,"href":"https:\/\/quehacerpolitico.mx\/index.php?rest_route=\/wp\/v2\/posts\/98751\/revisions\/98753"}],"wp:featuredmedia":[{"embeddable":true,"href":"https:\/\/quehacerpolitico.mx\/index.php?rest_route=\/wp\/v2\/media\/98752"}],"wp:attachment":[{"href":"https:\/\/quehacerpolitico.mx\/index.php?rest_route=%2Fwp%2Fv2%2Fmedia&parent=98751"}],"wp:term":[{"taxonomy":"category","embeddable":true,"href":"https:\/\/quehacerpolitico.mx\/index.php?rest_route=%2Fwp%2Fv2%2Fcategories&post=98751"},{"taxonomy":"post_tag","embeddable":true,"href":"https:\/\/quehacerpolitico.mx\/index.php?rest_route=%2Fwp%2Fv2%2Ftags&post=98751"}],"curies":[{"name":"wp","href":"https:\/\/api.w.org\/{rel}","templated":true}]}}