{"id":98748,"date":"2023-02-17T14:37:45","date_gmt":"2023-02-17T14:37:45","guid":{"rendered":"https:\/\/quehacerpolitico.mx\/?p=98748"},"modified":"2023-02-17T14:37:49","modified_gmt":"2023-02-17T14:37:49","slug":"prohiben-a-unam-emitir-dictamen-en-caso-de-plagio","status":"publish","type":"post","link":"https:\/\/quehacerpolitico.mx\/?p=98748","title":{"rendered":"Proh\u00edben a UNAM emitir dictamen en caso de plagio"},"content":{"rendered":"\n<p>Por Redacci\u00f3n QP<\/p>\n\n\n\n<p>La acusada solicit\u00f3\u00a0a la titular del Juzgado que el rector de la UNAM,\u00a0Enrique Graue, se abstenga de divulgar informaci\u00f3n relacionada con el caso<\/p>\n\n\n\n<p>Por el momento,\u00a0<strong>los Comit\u00e9s de \u00c9tica de la FES Arag\u00f3n y de la UNAM no podr\u00e1n emitir resoluci\u00f3n<\/strong>, opini\u00f3n, dictamen o recomendaci\u00f3n sobre el presunto plagio de la tesis de licenciatura de la ministra de la Suprema Corte de Justicia de la Naci\u00f3n (SCJN) Yasm\u00edn Esquivel Mossa.<\/p>\n\n\n\n<p>As\u00ed lo determin\u00f3 la juez Quinto en Materia Administrativa de la Ciudad de M\u00e9xico Sandra de Jes\u00fas Z\u00fa\u00f1iga, al admitir a tr\u00e1mite y conceder la suspensi\u00f3n provisional en la demanda de amparo que Esquivel Mossa tramit\u00f3 contra los lineamientos para la integraci\u00f3n de los comit\u00e9s y el dictamen, en el que se determin\u00f3 que el contenido de su tesis es copia sustancial de la de \u00c9dgar Ulises B\u00e1ez, presentada en 1986.<\/p>\n\n\n\n<p>Los comit\u00e9s podr\u00e1n continuar la investigaci\u00f3n, pero no deber\u00e1n emitir un dictamen hasta que se resuelva el asunto de fondo.<\/p>\n\n\n\n<p><strong>El pasado lunes, la ministra recurri\u00f3 a la protecci\u00f3n de la justicia al considerar que las autoridades universitarias violaron su derecho al honor, a una adecuada defensa, al debido proceso, a la seguridad jur\u00eddica y la legalidad.<\/strong><\/p>\n\n\n\n<p>Ello debido a que, seguro, no fue notificada y desconoce el contenido del dictamen t\u00e9cnico-acad\u00e9mico del Comit\u00e9 de Integridad Acad\u00e9mica y Cient\u00edfica de la Facultad de Estudios Superiores Arag\u00f3n, mediante el cual se determin\u00f3 que su tesis, presentada en 1987, Inoperancia de los Sindicatos en los Trabajadores de Confianza del Art\u00edculo 123 Apartado A, es una copia sustancial de la presunta original, presentada por B\u00e1ez Guti\u00e9rrez.<\/p>\n\n\n\n<p>A trav\u00e9s de su apoderado legal, quien tramit\u00f3 la demanda de amparo,&nbsp;la ministra acus\u00f3 que el rector de la UNAM, Enrique Graue, calific\u00f3 el hecho como plagio sin fundamento ni pruebas, lo que le ha causado grave da\u00f1o moral y afectaci\u00f3n trascedente en su derecho al honor.<\/p>\n\n\n\n<p>Por ello, en los actos reclamados,&nbsp;solicit\u00f3 a la titular del Juzgado Quinto en Materia Administrativa la suspensi\u00f3n para el efecto de que las autoridades responsables, en espec\u00edfico el rector Enrique Graue Wiechers, se abstengan de emitir comunicados, conferencias de prensa, desplegados o divulguen la informaci\u00f3n relacionada con el caso, a efecto de no seguir perjudicando su derecho al honor. La ministra pidi\u00f3 la suspensi\u00f3n del oficio 3\/230081, del 23 de enero de 2023, con el que se solicit\u00f3 la intervenci\u00f3n del Comit\u00e9 Universitario de \u00c9tica de la UNAM, para la atenci\u00f3n del asunto relacionado con la &#8220;apropiaci\u00f3n indebida de los textos de las tesis presentadas en 1986 y 1987&#8221;.<\/p>\n\n\n\n<p><strong>La jueza program\u00f3 para el 22 de febrero la audiencia en la que resolver\u00e1 si concede la suspensi\u00f3n definitiva a Yasm\u00edn Esquivel Mossa<\/strong>, quien interpuso el amparo d\u00edas despu\u00e9s de que el rector de la UNAM, Enrique Graue Wiechers, revelara que la ministra compareci\u00f3 ante el Comit\u00e9 de \u00c9tica de la UNAM.<\/p>\n\n\n\n<p>&#8220;El prestigio de la UNAM debe seguir intacto. El caso de la ministra todav\u00eda est\u00e1 en proceso de an\u00e1lisis dentro del Comit\u00e9 de \u00c9tica Universitario&#8221;, dijo el rector.<\/p>\n\n\n\n<p><strong>El pasado 26 de enero, el Comit\u00e9 Universitario de \u00c9tica cit\u00f3 a Yasm\u00edn Esquivel a presentar los argumentos y las pruebas para su defensa<\/strong>, ya fuera en forma personal o por conducto de un representante, por lo que lo hizo por medio de la segunda opci\u00f3n.<\/p>\n\n\n\n<h4 class=\"wp-block-heading\"><strong>Datos<\/strong><\/h4>\n\n\n\n<ul class=\"wp-block-list\">\n<li><strong>26 de enero&nbsp;<\/strong>de 2023 el Comit\u00e9 de \u00c9tica de la UNAM cit\u00f3 a la ministra a presentar pruebas<\/li>\n\n\n\n<li><strong>22 de febrero<\/strong>&nbsp;la jueza resolver\u00e1 si concede la suspensi\u00f3n definitiva a la ministra<\/li>\n<\/ul>\n\n\n\n<p>Con informaci\u00f3n de SUN <\/p>\n","protected":false},"excerpt":{"rendered":"<p>Por Redacci\u00f3n QP La acusada solicit\u00f3\u00a0a la titular del Juzgado que el rector de la&#8230;<\/p>\n","protected":false},"author":2,"featured_media":98749,"comment_status":"open","ping_status":"open","sticky":false,"template":"","format":"standard","meta":{"_monsterinsights_skip_tracking":false,"_monsterinsights_sitenote_active":false,"_monsterinsights_sitenote_note":"","_monsterinsights_sitenote_category":0,"footnotes":""},"categories":[2],"tags":[],"class_list":["post-98748","post","type-post","status-publish","format-standard","has-post-thumbnail","hentry","category-noticias"],"yoast_head":"<!-- This site is optimized with the Yoast SEO plugin v27.3 - https:\/\/yoast.com\/product\/yoast-seo-wordpress\/ -->\n<title>Proh\u00edben a UNAM emitir dictamen en caso de plagio -<\/title>\n<meta name=\"robots\" content=\"index, follow, max-snippet:-1, max-image-preview:large, max-video-preview:-1\" \/>\n<link rel=\"canonical\" href=\"https:\/\/quehacerpolitico.mx\/?p=98748\" \/>\n<meta property=\"og:locale\" content=\"es_MX\" \/>\n<meta property=\"og:type\" content=\"article\" \/>\n<meta property=\"og:title\" content=\"Proh\u00edben a UNAM emitir dictamen en caso de plagio -\" \/>\n<meta property=\"og:description\" content=\"Por Redacci\u00f3n QP La acusada solicit\u00f3\u00a0a la titular del Juzgado que el rector de la...\" \/>\n<meta property=\"og:url\" content=\"https:\/\/quehacerpolitico.mx\/?p=98748\" \/>\n<meta property=\"article:published_time\" content=\"2023-02-17T14:37:45+00:00\" \/>\n<meta property=\"article:modified_time\" content=\"2023-02-17T14:37:49+00:00\" \/>\n<meta property=\"og:image\" content=\"https:\/\/quehacerpolitico.mx\/wp-content\/uploads\/2023\/02\/6B48B08B-3475-4C36-AD44-FA5993D59AEB.jpeg\" \/>\n\t<meta property=\"og:image:width\" content=\"657\" \/>\n\t<meta property=\"og:image:height\" content=\"467\" \/>\n\t<meta property=\"og:image:type\" content=\"image\/jpeg\" \/>\n<meta name=\"author\" content=\"Redacci\u00f3n QP\" \/>\n<meta name=\"twitter:card\" content=\"summary_large_image\" \/>\n<meta name=\"twitter:label1\" content=\"Escrito por\" \/>\n\t<meta name=\"twitter:data1\" content=\"Redacci\u00f3n QP\" \/>\n\t<meta name=\"twitter:label2\" content=\"Tiempo de lectura\" \/>\n\t<meta name=\"twitter:data2\" content=\"3 minutos\" \/>\n<script type=\"application\/ld+json\" class=\"yoast-schema-graph\">{\"@context\":\"https:\\\/\\\/schema.org\",\"@graph\":[{\"@type\":\"Article\",\"@id\":\"https:\\\/\\\/quehacerpolitico.mx\\\/?p=98748#article\",\"isPartOf\":{\"@id\":\"https:\\\/\\\/quehacerpolitico.mx\\\/?p=98748\"},\"author\":{\"name\":\"Redacci\u00f3n QP\",\"@id\":\"https:\\\/\\\/quehacerpolitico.mx\\\/#\\\/schema\\\/person\\\/496d8ad2d1d3f8036101dca7ee39e585\"},\"headline\":\"Proh\u00edben a UNAM emitir dictamen en caso de plagio\",\"datePublished\":\"2023-02-17T14:37:45+00:00\",\"dateModified\":\"2023-02-17T14:37:49+00:00\",\"mainEntityOfPage\":{\"@id\":\"https:\\\/\\\/quehacerpolitico.mx\\\/?p=98748\"},\"wordCount\":645,\"commentCount\":0,\"image\":{\"@id\":\"https:\\\/\\\/quehacerpolitico.mx\\\/?p=98748#primaryimage\"},\"thumbnailUrl\":\"https:\\\/\\\/quehacerpolitico.mx\\\/wp-content\\\/uploads\\\/2023\\\/02\\\/6B48B08B-3475-4C36-AD44-FA5993D59AEB.jpeg\",\"articleSection\":[\"Noticias\"],\"inLanguage\":\"es\",\"potentialAction\":[{\"@type\":\"CommentAction\",\"name\":\"Comment\",\"target\":[\"https:\\\/\\\/quehacerpolitico.mx\\\/?p=98748#respond\"]}]},{\"@type\":\"WebPage\",\"@id\":\"https:\\\/\\\/quehacerpolitico.mx\\\/?p=98748\",\"url\":\"https:\\\/\\\/quehacerpolitico.mx\\\/?p=98748\",\"name\":\"Proh\u00edben a UNAM emitir dictamen en caso de plagio -\",\"isPartOf\":{\"@id\":\"https:\\\/\\\/quehacerpolitico.mx\\\/#website\"},\"primaryImageOfPage\":{\"@id\":\"https:\\\/\\\/quehacerpolitico.mx\\\/?p=98748#primaryimage\"},\"image\":{\"@id\":\"https:\\\/\\\/quehacerpolitico.mx\\\/?p=98748#primaryimage\"},\"thumbnailUrl\":\"https:\\\/\\\/quehacerpolitico.mx\\\/wp-content\\\/uploads\\\/2023\\\/02\\\/6B48B08B-3475-4C36-AD44-FA5993D59AEB.jpeg\",\"datePublished\":\"2023-02-17T14:37:45+00:00\",\"dateModified\":\"2023-02-17T14:37:49+00:00\",\"author\":{\"@id\":\"https:\\\/\\\/quehacerpolitico.mx\\\/#\\\/schema\\\/person\\\/496d8ad2d1d3f8036101dca7ee39e585\"},\"breadcrumb\":{\"@id\":\"https:\\\/\\\/quehacerpolitico.mx\\\/?p=98748#breadcrumb\"},\"inLanguage\":\"es\",\"potentialAction\":[{\"@type\":\"ReadAction\",\"target\":[\"https:\\\/\\\/quehacerpolitico.mx\\\/?p=98748\"]}]},{\"@type\":\"ImageObject\",\"inLanguage\":\"es\",\"@id\":\"https:\\\/\\\/quehacerpolitico.mx\\\/?p=98748#primaryimage\",\"url\":\"https:\\\/\\\/quehacerpolitico.mx\\\/wp-content\\\/uploads\\\/2023\\\/02\\\/6B48B08B-3475-4C36-AD44-FA5993D59AEB.jpeg\",\"contentUrl\":\"https:\\\/\\\/quehacerpolitico.mx\\\/wp-content\\\/uploads\\\/2023\\\/02\\\/6B48B08B-3475-4C36-AD44-FA5993D59AEB.jpeg\",\"width\":657,\"height\":467},{\"@type\":\"BreadcrumbList\",\"@id\":\"https:\\\/\\\/quehacerpolitico.mx\\\/?p=98748#breadcrumb\",\"itemListElement\":[{\"@type\":\"ListItem\",\"position\":1,\"name\":\"Inicio\",\"item\":\"https:\\\/\\\/quehacerpolitico.mx\\\/\"},{\"@type\":\"ListItem\",\"position\":2,\"name\":\"Proh\u00edben a UNAM emitir dictamen en caso de plagio\"}]},{\"@type\":\"WebSite\",\"@id\":\"https:\\\/\\\/quehacerpolitico.mx\\\/#website\",\"url\":\"https:\\\/\\\/quehacerpolitico.mx\\\/\",\"name\":\"\",\"description\":\"\",\"potentialAction\":[{\"@type\":\"SearchAction\",\"target\":{\"@type\":\"EntryPoint\",\"urlTemplate\":\"https:\\\/\\\/quehacerpolitico.mx\\\/?s={search_term_string}\"},\"query-input\":{\"@type\":\"PropertyValueSpecification\",\"valueRequired\":true,\"valueName\":\"search_term_string\"}}],\"inLanguage\":\"es\"},{\"@type\":\"Person\",\"@id\":\"https:\\\/\\\/quehacerpolitico.mx\\\/#\\\/schema\\\/person\\\/496d8ad2d1d3f8036101dca7ee39e585\",\"name\":\"Redacci\u00f3n QP\",\"image\":{\"@type\":\"ImageObject\",\"inLanguage\":\"es\",\"@id\":\"https:\\\/\\\/secure.gravatar.com\\\/avatar\\\/c7164ed6fdec453195284ad24a5ae5b6e1eed2b848477fa2a4787ba9adf39a41?s=96&d=mm&r=g\",\"url\":\"https:\\\/\\\/secure.gravatar.com\\\/avatar\\\/c7164ed6fdec453195284ad24a5ae5b6e1eed2b848477fa2a4787ba9adf39a41?s=96&d=mm&r=g\",\"contentUrl\":\"https:\\\/\\\/secure.gravatar.com\\\/avatar\\\/c7164ed6fdec453195284ad24a5ae5b6e1eed2b848477fa2a4787ba9adf39a41?s=96&d=mm&r=g\",\"caption\":\"Redacci\u00f3n QP\"},\"url\":\"https:\\\/\\\/quehacerpolitico.mx\\\/?author=2\"}]}<\/script>\n<!-- \/ Yoast SEO plugin. -->","yoast_head_json":{"title":"Proh\u00edben a UNAM emitir dictamen en caso de plagio -","robots":{"index":"index","follow":"follow","max-snippet":"max-snippet:-1","max-image-preview":"max-image-preview:large","max-video-preview":"max-video-preview:-1"},"canonical":"https:\/\/quehacerpolitico.mx\/?p=98748","og_locale":"es_MX","og_type":"article","og_title":"Proh\u00edben a UNAM emitir dictamen en caso de plagio -","og_description":"Por Redacci\u00f3n QP La acusada solicit\u00f3\u00a0a la titular del Juzgado que el rector de la...","og_url":"https:\/\/quehacerpolitico.mx\/?p=98748","article_published_time":"2023-02-17T14:37:45+00:00","article_modified_time":"2023-02-17T14:37:49+00:00","og_image":[{"width":657,"height":467,"url":"https:\/\/quehacerpolitico.mx\/wp-content\/uploads\/2023\/02\/6B48B08B-3475-4C36-AD44-FA5993D59AEB.jpeg","type":"image\/jpeg"}],"author":"Redacci\u00f3n QP","twitter_card":"summary_large_image","twitter_misc":{"Escrito por":"Redacci\u00f3n QP","Tiempo de lectura":"3 minutos"},"schema":{"@context":"https:\/\/schema.org","@graph":[{"@type":"Article","@id":"https:\/\/quehacerpolitico.mx\/?p=98748#article","isPartOf":{"@id":"https:\/\/quehacerpolitico.mx\/?p=98748"},"author":{"name":"Redacci\u00f3n QP","@id":"https:\/\/quehacerpolitico.mx\/#\/schema\/person\/496d8ad2d1d3f8036101dca7ee39e585"},"headline":"Proh\u00edben a UNAM emitir dictamen en caso de plagio","datePublished":"2023-02-17T14:37:45+00:00","dateModified":"2023-02-17T14:37:49+00:00","mainEntityOfPage":{"@id":"https:\/\/quehacerpolitico.mx\/?p=98748"},"wordCount":645,"commentCount":0,"image":{"@id":"https:\/\/quehacerpolitico.mx\/?p=98748#primaryimage"},"thumbnailUrl":"https:\/\/quehacerpolitico.mx\/wp-content\/uploads\/2023\/02\/6B48B08B-3475-4C36-AD44-FA5993D59AEB.jpeg","articleSection":["Noticias"],"inLanguage":"es","potentialAction":[{"@type":"CommentAction","name":"Comment","target":["https:\/\/quehacerpolitico.mx\/?p=98748#respond"]}]},{"@type":"WebPage","@id":"https:\/\/quehacerpolitico.mx\/?p=98748","url":"https:\/\/quehacerpolitico.mx\/?p=98748","name":"Proh\u00edben a UNAM emitir dictamen en caso de plagio -","isPartOf":{"@id":"https:\/\/quehacerpolitico.mx\/#website"},"primaryImageOfPage":{"@id":"https:\/\/quehacerpolitico.mx\/?p=98748#primaryimage"},"image":{"@id":"https:\/\/quehacerpolitico.mx\/?p=98748#primaryimage"},"thumbnailUrl":"https:\/\/quehacerpolitico.mx\/wp-content\/uploads\/2023\/02\/6B48B08B-3475-4C36-AD44-FA5993D59AEB.jpeg","datePublished":"2023-02-17T14:37:45+00:00","dateModified":"2023-02-17T14:37:49+00:00","author":{"@id":"https:\/\/quehacerpolitico.mx\/#\/schema\/person\/496d8ad2d1d3f8036101dca7ee39e585"},"breadcrumb":{"@id":"https:\/\/quehacerpolitico.mx\/?p=98748#breadcrumb"},"inLanguage":"es","potentialAction":[{"@type":"ReadAction","target":["https:\/\/quehacerpolitico.mx\/?p=98748"]}]},{"@type":"ImageObject","inLanguage":"es","@id":"https:\/\/quehacerpolitico.mx\/?p=98748#primaryimage","url":"https:\/\/quehacerpolitico.mx\/wp-content\/uploads\/2023\/02\/6B48B08B-3475-4C36-AD44-FA5993D59AEB.jpeg","contentUrl":"https:\/\/quehacerpolitico.mx\/wp-content\/uploads\/2023\/02\/6B48B08B-3475-4C36-AD44-FA5993D59AEB.jpeg","width":657,"height":467},{"@type":"BreadcrumbList","@id":"https:\/\/quehacerpolitico.mx\/?p=98748#breadcrumb","itemListElement":[{"@type":"ListItem","position":1,"name":"Inicio","item":"https:\/\/quehacerpolitico.mx\/"},{"@type":"ListItem","position":2,"name":"Proh\u00edben a UNAM emitir dictamen en caso de plagio"}]},{"@type":"WebSite","@id":"https:\/\/quehacerpolitico.mx\/#website","url":"https:\/\/quehacerpolitico.mx\/","name":"","description":"","potentialAction":[{"@type":"SearchAction","target":{"@type":"EntryPoint","urlTemplate":"https:\/\/quehacerpolitico.mx\/?s={search_term_string}"},"query-input":{"@type":"PropertyValueSpecification","valueRequired":true,"valueName":"search_term_string"}}],"inLanguage":"es"},{"@type":"Person","@id":"https:\/\/quehacerpolitico.mx\/#\/schema\/person\/496d8ad2d1d3f8036101dca7ee39e585","name":"Redacci\u00f3n QP","image":{"@type":"ImageObject","inLanguage":"es","@id":"https:\/\/secure.gravatar.com\/avatar\/c7164ed6fdec453195284ad24a5ae5b6e1eed2b848477fa2a4787ba9adf39a41?s=96&d=mm&r=g","url":"https:\/\/secure.gravatar.com\/avatar\/c7164ed6fdec453195284ad24a5ae5b6e1eed2b848477fa2a4787ba9adf39a41?s=96&d=mm&r=g","contentUrl":"https:\/\/secure.gravatar.com\/avatar\/c7164ed6fdec453195284ad24a5ae5b6e1eed2b848477fa2a4787ba9adf39a41?s=96&d=mm&r=g","caption":"Redacci\u00f3n QP"},"url":"https:\/\/quehacerpolitico.mx\/?author=2"}]}},"featured_image_urls":{"full":["https:\/\/quehacerpolitico.mx\/wp-content\/uploads\/2023\/02\/6B48B08B-3475-4C36-AD44-FA5993D59AEB.jpeg",657,467,false],"thumbnail":["https:\/\/quehacerpolitico.mx\/wp-content\/uploads\/2023\/02\/6B48B08B-3475-4C36-AD44-FA5993D59AEB-150x150.jpeg",150,150,true],"medium":["https:\/\/quehacerpolitico.mx\/wp-content\/uploads\/2023\/02\/6B48B08B-3475-4C36-AD44-FA5993D59AEB-300x213.jpeg",300,213,true],"medium_large":["https:\/\/quehacerpolitico.mx\/wp-content\/uploads\/2023\/02\/6B48B08B-3475-4C36-AD44-FA5993D59AEB.jpeg",640,455,false],"large":["https:\/\/quehacerpolitico.mx\/wp-content\/uploads\/2023\/02\/6B48B08B-3475-4C36-AD44-FA5993D59AEB.jpeg",640,455,false],"1536x1536":["https:\/\/quehacerpolitico.mx\/wp-content\/uploads\/2023\/02\/6B48B08B-3475-4C36-AD44-FA5993D59AEB.jpeg",657,467,false],"2048x2048":["https:\/\/quehacerpolitico.mx\/wp-content\/uploads\/2023\/02\/6B48B08B-3475-4C36-AD44-FA5993D59AEB.jpeg",657,467,false],"covernews-featured":["https:\/\/quehacerpolitico.mx\/wp-content\/uploads\/2023\/02\/6B48B08B-3475-4C36-AD44-FA5993D59AEB.jpeg",657,467,false],"covernews-medium":["https:\/\/quehacerpolitico.mx\/wp-content\/uploads\/2023\/02\/6B48B08B-3475-4C36-AD44-FA5993D59AEB.jpeg",478,340,false]},"author_info":{"display_name":"Redacci\u00f3n QP","author_link":"https:\/\/quehacerpolitico.mx\/?author=2"},"category_info":"<a href=\"https:\/\/quehacerpolitico.mx\/?cat=2\" rel=\"category\">Noticias<\/a>","tag_info":"Noticias","comment_count":"0","_links":{"self":[{"href":"https:\/\/quehacerpolitico.mx\/index.php?rest_route=\/wp\/v2\/posts\/98748","targetHints":{"allow":["GET"]}}],"collection":[{"href":"https:\/\/quehacerpolitico.mx\/index.php?rest_route=\/wp\/v2\/posts"}],"about":[{"href":"https:\/\/quehacerpolitico.mx\/index.php?rest_route=\/wp\/v2\/types\/post"}],"author":[{"embeddable":true,"href":"https:\/\/quehacerpolitico.mx\/index.php?rest_route=\/wp\/v2\/users\/2"}],"replies":[{"embeddable":true,"href":"https:\/\/quehacerpolitico.mx\/index.php?rest_route=%2Fwp%2Fv2%2Fcomments&post=98748"}],"version-history":[{"count":1,"href":"https:\/\/quehacerpolitico.mx\/index.php?rest_route=\/wp\/v2\/posts\/98748\/revisions"}],"predecessor-version":[{"id":98750,"href":"https:\/\/quehacerpolitico.mx\/index.php?rest_route=\/wp\/v2\/posts\/98748\/revisions\/98750"}],"wp:featuredmedia":[{"embeddable":true,"href":"https:\/\/quehacerpolitico.mx\/index.php?rest_route=\/wp\/v2\/media\/98749"}],"wp:attachment":[{"href":"https:\/\/quehacerpolitico.mx\/index.php?rest_route=%2Fwp%2Fv2%2Fmedia&parent=98748"}],"wp:term":[{"taxonomy":"category","embeddable":true,"href":"https:\/\/quehacerpolitico.mx\/index.php?rest_route=%2Fwp%2Fv2%2Fcategories&post=98748"},{"taxonomy":"post_tag","embeddable":true,"href":"https:\/\/quehacerpolitico.mx\/index.php?rest_route=%2Fwp%2Fv2%2Ftags&post=98748"}],"curies":[{"name":"wp","href":"https:\/\/api.w.org\/{rel}","templated":true}]}}