{"id":98711,"date":"2023-02-16T14:33:03","date_gmt":"2023-02-16T14:33:03","guid":{"rendered":"https:\/\/quehacerpolitico.mx\/?p=98711"},"modified":"2023-02-16T14:33:05","modified_gmt":"2023-02-16T14:33:05","slug":"muere-raquel-welch-a-los-82-anos","status":"publish","type":"post","link":"https:\/\/quehacerpolitico.mx\/?p=98711","title":{"rendered":"Muere Raquel Welch a los 82 a\u00f1os"},"content":{"rendered":"\n<p>Por Redacci\u00f3n QP<\/p>\n\n\n\n<p>La actriz Raquel Welch, considerada s\u00edmbolo sexual, muri\u00f3 a los 82 a\u00f1os tras una breve enfermedad<\/p>\n\n\n\n<p>La reconocida actriz\u00a0<strong>Raquel Welch<\/strong>\u00a0muri\u00f3 a los 82 a\u00f1os de edad.<\/p>\n\n\n\n<figure class=\"wp-block-embed is-type-video is-provider-youtube wp-block-embed-youtube wp-embed-aspect-16-9 wp-has-aspect-ratio\"><div class=\"wp-block-embed__wrapper\">\n<iframe loading=\"lazy\" title=\"Fallece la actriz estadounidense Raquel Welch uno de los iconos de belleza de los a\u00f1os sesenta\" width=\"640\" height=\"360\" src=\"https:\/\/www.youtube.com\/embed\/BMa6BTUcs6Q?feature=oembed\" frameborder=\"0\" allow=\"accelerometer; autoplay; clipboard-write; encrypted-media; gyroscope; picture-in-picture; web-share\" referrerpolicy=\"strict-origin-when-cross-origin\" allowfullscreen><\/iframe>\n<\/div><\/figure>\n\n\n\n<p>El medio especializado\u00a0TMZ inform\u00f3 que de acuerdo con la familia de la actriz, esta muri\u00f3 tras una breve enfermedad de la que no se dieron a conocer mayores detalles.<\/p>\n\n\n\n<p><strong>Raquel Welch<\/strong>\u00a0inici\u00f3 su carrera actoral en 1964, en la cinta\u00a0<em>Roustabout<\/em>\u00a0protagonizada por Elvis Presley.<\/p>\n\n\n\n<p>Pero fue dos a\u00f1os despu\u00e9s cuando la pel\u00edcula&nbsp;<em>One million years BC<\/em>&nbsp;la lanz\u00f3 al estrellato como&nbsp;<strong><em>sex symbol<\/em><\/strong>.<\/p>\n\n\n\n<p>Aunque casi no tuvo l\u00edneas, Welch destac\u00f3 por vestir un bikini de piel que le vali\u00f3 el apodo de \u2018el Cuerpo\u2019.<\/p>\n\n\n\n<p>Los a\u00f1os 60 representaron para la actriz su mejor \u00e9poca. Actu\u00f3 en Dispara fuerte, m\u00e1s fuerte, no lo entiendo; en La mujer de cemento; Gran golpe a la napolitana; Bandolero; 100 rifles; Bedazzled y Hannie Caulder, entre otros.<\/p>\n\n\n\n<figure class=\"wp-block-image size-full\"><img loading=\"lazy\" decoding=\"async\" width=\"570\" height=\"507\" src=\"https:\/\/quehacerpolitico.mx\/wp-content\/uploads\/2023\/02\/image-42.jpeg\" alt=\"\" class=\"wp-image-98713\" srcset=\"https:\/\/quehacerpolitico.mx\/wp-content\/uploads\/2023\/02\/image-42.jpeg 570w, https:\/\/quehacerpolitico.mx\/wp-content\/uploads\/2023\/02\/image-42-300x267.jpeg 300w, https:\/\/quehacerpolitico.mx\/wp-content\/uploads\/2023\/02\/image-42-164x146.jpeg 164w, https:\/\/quehacerpolitico.mx\/wp-content\/uploads\/2023\/02\/image-42-50x44.jpeg 50w, https:\/\/quehacerpolitico.mx\/wp-content\/uploads\/2023\/02\/image-42-84x75.jpeg 84w\" sizes=\"auto, (max-width: 570px) 100vw, 570px\" \/><\/figure>\n\n\n\n<figure class=\"wp-block-image size-full\"><img loading=\"lazy\" decoding=\"async\" width=\"554\" height=\"554\" src=\"https:\/\/quehacerpolitico.mx\/wp-content\/uploads\/2023\/02\/image-41.jpeg\" alt=\"\" class=\"wp-image-98712\" srcset=\"https:\/\/quehacerpolitico.mx\/wp-content\/uploads\/2023\/02\/image-41.jpeg 554w, https:\/\/quehacerpolitico.mx\/wp-content\/uploads\/2023\/02\/image-41-300x300.jpeg 300w, https:\/\/quehacerpolitico.mx\/wp-content\/uploads\/2023\/02\/image-41-150x150.jpeg 150w, https:\/\/quehacerpolitico.mx\/wp-content\/uploads\/2023\/02\/image-41-146x146.jpeg 146w, https:\/\/quehacerpolitico.mx\/wp-content\/uploads\/2023\/02\/image-41-50x50.jpeg 50w, https:\/\/quehacerpolitico.mx\/wp-content\/uploads\/2023\/02\/image-41-75x75.jpeg 75w, https:\/\/quehacerpolitico.mx\/wp-content\/uploads\/2023\/02\/image-41-85x85.jpeg 85w, https:\/\/quehacerpolitico.mx\/wp-content\/uploads\/2023\/02\/image-41-80x80.jpeg 80w\" sizes=\"auto, (max-width: 554px) 100vw, 554px\" \/><\/figure>\n\n\n\n<p>En 1974,&nbsp;<strong>Raquel Welch<\/strong>&nbsp;gan\u00f3 un&nbsp;<strong>Globo de Oro<\/strong>&nbsp;a Mejor Actriz de Comedia o Musical por su actuaci\u00f3n en&nbsp;<strong>Los tres mosqueteros<\/strong>.<\/p>\n\n\n\n<p>Su carrera actoral tambi\u00e9n incluy\u00f3 el teatro musical, pues particip\u00f3 en puestas en escena en Broadway como La mujer del a\u00f1o y V\u00edctor Victoria.<\/p>\n\n\n\n<p>Entre sus \u00faltimas actuaciones estuvieron Legalmente rubia y C\u00f3mo ser un Latin Lover.<\/p>\n\n\n\n<p>Con informaci\u00f3n de TMZ<\/p>\n","protected":false},"excerpt":{"rendered":"<p>Por Redacci\u00f3n QP La actriz Raquel Welch, considerada s\u00edmbolo sexual, muri\u00f3 a los 82 a\u00f1os&#8230;<\/p>\n","protected":false},"author":2,"featured_media":98714,"comment_status":"open","ping_status":"open","sticky":false,"template":"","format":"standard","meta":{"_monsterinsights_skip_tracking":false,"_monsterinsights_sitenote_active":false,"_monsterinsights_sitenote_note":"","_monsterinsights_sitenote_category":0,"footnotes":""},"categories":[58],"tags":[],"class_list":["post-98711","post","type-post","status-publish","format-standard","has-post-thumbnail","hentry","category-cultura"],"yoast_head":"<!-- This site is optimized with the Yoast SEO plugin v27.3 - https:\/\/yoast.com\/product\/yoast-seo-wordpress\/ -->\n<title>Muere Raquel Welch a los 82 a\u00f1os -<\/title>\n<meta name=\"robots\" content=\"index, follow, max-snippet:-1, max-image-preview:large, max-video-preview:-1\" \/>\n<link rel=\"canonical\" href=\"https:\/\/quehacerpolitico.mx\/?p=98711\" \/>\n<meta property=\"og:locale\" content=\"es_MX\" \/>\n<meta property=\"og:type\" content=\"article\" \/>\n<meta property=\"og:title\" content=\"Muere Raquel Welch a los 82 a\u00f1os -\" \/>\n<meta property=\"og:description\" content=\"Por Redacci\u00f3n QP La actriz Raquel Welch, considerada s\u00edmbolo sexual, muri\u00f3 a los 82 a\u00f1os...\" \/>\n<meta property=\"og:url\" content=\"https:\/\/quehacerpolitico.mx\/?p=98711\" \/>\n<meta property=\"article:published_time\" content=\"2023-02-16T14:33:03+00:00\" \/>\n<meta property=\"article:modified_time\" content=\"2023-02-16T14:33:05+00:00\" \/>\n<meta property=\"og:image\" content=\"https:\/\/quehacerpolitico.mx\/wp-content\/uploads\/2023\/02\/83A5C471-D136-4C8C-B2CA-7048C78A7CC5.jpeg\" \/>\n\t<meta property=\"og:image:width\" content=\"624\" \/>\n\t<meta property=\"og:image:height\" content=\"463\" \/>\n\t<meta property=\"og:image:type\" content=\"image\/jpeg\" \/>\n<meta name=\"author\" content=\"Redacci\u00f3n QP\" \/>\n<meta name=\"twitter:card\" content=\"summary_large_image\" \/>\n<meta name=\"twitter:label1\" content=\"Escrito por\" \/>\n\t<meta name=\"twitter:data1\" content=\"Redacci\u00f3n QP\" \/>\n\t<meta name=\"twitter:label2\" content=\"Tiempo de lectura\" \/>\n\t<meta name=\"twitter:data2\" content=\"1 minuto\" \/>\n<script type=\"application\/ld+json\" class=\"yoast-schema-graph\">{\"@context\":\"https:\\\/\\\/schema.org\",\"@graph\":[{\"@type\":\"Article\",\"@id\":\"https:\\\/\\\/quehacerpolitico.mx\\\/?p=98711#article\",\"isPartOf\":{\"@id\":\"https:\\\/\\\/quehacerpolitico.mx\\\/?p=98711\"},\"author\":{\"name\":\"Redacci\u00f3n QP\",\"@id\":\"https:\\\/\\\/quehacerpolitico.mx\\\/#\\\/schema\\\/person\\\/496d8ad2d1d3f8036101dca7ee39e585\"},\"headline\":\"Muere Raquel Welch a los 82 a\u00f1os\",\"datePublished\":\"2023-02-16T14:33:03+00:00\",\"dateModified\":\"2023-02-16T14:33:05+00:00\",\"mainEntityOfPage\":{\"@id\":\"https:\\\/\\\/quehacerpolitico.mx\\\/?p=98711\"},\"wordCount\":250,\"commentCount\":0,\"image\":{\"@id\":\"https:\\\/\\\/quehacerpolitico.mx\\\/?p=98711#primaryimage\"},\"thumbnailUrl\":\"https:\\\/\\\/quehacerpolitico.mx\\\/wp-content\\\/uploads\\\/2023\\\/02\\\/83A5C471-D136-4C8C-B2CA-7048C78A7CC5.jpeg\",\"articleSection\":[\"Cultura y Entretenimiento\"],\"inLanguage\":\"es\",\"potentialAction\":[{\"@type\":\"CommentAction\",\"name\":\"Comment\",\"target\":[\"https:\\\/\\\/quehacerpolitico.mx\\\/?p=98711#respond\"]}]},{\"@type\":\"WebPage\",\"@id\":\"https:\\\/\\\/quehacerpolitico.mx\\\/?p=98711\",\"url\":\"https:\\\/\\\/quehacerpolitico.mx\\\/?p=98711\",\"name\":\"Muere Raquel Welch a los 82 a\u00f1os -\",\"isPartOf\":{\"@id\":\"https:\\\/\\\/quehacerpolitico.mx\\\/#website\"},\"primaryImageOfPage\":{\"@id\":\"https:\\\/\\\/quehacerpolitico.mx\\\/?p=98711#primaryimage\"},\"image\":{\"@id\":\"https:\\\/\\\/quehacerpolitico.mx\\\/?p=98711#primaryimage\"},\"thumbnailUrl\":\"https:\\\/\\\/quehacerpolitico.mx\\\/wp-content\\\/uploads\\\/2023\\\/02\\\/83A5C471-D136-4C8C-B2CA-7048C78A7CC5.jpeg\",\"datePublished\":\"2023-02-16T14:33:03+00:00\",\"dateModified\":\"2023-02-16T14:33:05+00:00\",\"author\":{\"@id\":\"https:\\\/\\\/quehacerpolitico.mx\\\/#\\\/schema\\\/person\\\/496d8ad2d1d3f8036101dca7ee39e585\"},\"breadcrumb\":{\"@id\":\"https:\\\/\\\/quehacerpolitico.mx\\\/?p=98711#breadcrumb\"},\"inLanguage\":\"es\",\"potentialAction\":[{\"@type\":\"ReadAction\",\"target\":[\"https:\\\/\\\/quehacerpolitico.mx\\\/?p=98711\"]}]},{\"@type\":\"ImageObject\",\"inLanguage\":\"es\",\"@id\":\"https:\\\/\\\/quehacerpolitico.mx\\\/?p=98711#primaryimage\",\"url\":\"https:\\\/\\\/quehacerpolitico.mx\\\/wp-content\\\/uploads\\\/2023\\\/02\\\/83A5C471-D136-4C8C-B2CA-7048C78A7CC5.jpeg\",\"contentUrl\":\"https:\\\/\\\/quehacerpolitico.mx\\\/wp-content\\\/uploads\\\/2023\\\/02\\\/83A5C471-D136-4C8C-B2CA-7048C78A7CC5.jpeg\",\"width\":624,\"height\":463},{\"@type\":\"BreadcrumbList\",\"@id\":\"https:\\\/\\\/quehacerpolitico.mx\\\/?p=98711#breadcrumb\",\"itemListElement\":[{\"@type\":\"ListItem\",\"position\":1,\"name\":\"Inicio\",\"item\":\"https:\\\/\\\/quehacerpolitico.mx\\\/\"},{\"@type\":\"ListItem\",\"position\":2,\"name\":\"Muere Raquel Welch a los 82 a\u00f1os\"}]},{\"@type\":\"WebSite\",\"@id\":\"https:\\\/\\\/quehacerpolitico.mx\\\/#website\",\"url\":\"https:\\\/\\\/quehacerpolitico.mx\\\/\",\"name\":\"\",\"description\":\"\",\"potentialAction\":[{\"@type\":\"SearchAction\",\"target\":{\"@type\":\"EntryPoint\",\"urlTemplate\":\"https:\\\/\\\/quehacerpolitico.mx\\\/?s={search_term_string}\"},\"query-input\":{\"@type\":\"PropertyValueSpecification\",\"valueRequired\":true,\"valueName\":\"search_term_string\"}}],\"inLanguage\":\"es\"},{\"@type\":\"Person\",\"@id\":\"https:\\\/\\\/quehacerpolitico.mx\\\/#\\\/schema\\\/person\\\/496d8ad2d1d3f8036101dca7ee39e585\",\"name\":\"Redacci\u00f3n QP\",\"image\":{\"@type\":\"ImageObject\",\"inLanguage\":\"es\",\"@id\":\"https:\\\/\\\/secure.gravatar.com\\\/avatar\\\/c7164ed6fdec453195284ad24a5ae5b6e1eed2b848477fa2a4787ba9adf39a41?s=96&d=mm&r=g\",\"url\":\"https:\\\/\\\/secure.gravatar.com\\\/avatar\\\/c7164ed6fdec453195284ad24a5ae5b6e1eed2b848477fa2a4787ba9adf39a41?s=96&d=mm&r=g\",\"contentUrl\":\"https:\\\/\\\/secure.gravatar.com\\\/avatar\\\/c7164ed6fdec453195284ad24a5ae5b6e1eed2b848477fa2a4787ba9adf39a41?s=96&d=mm&r=g\",\"caption\":\"Redacci\u00f3n QP\"},\"url\":\"https:\\\/\\\/quehacerpolitico.mx\\\/?author=2\"}]}<\/script>\n<!-- \/ Yoast SEO plugin. -->","yoast_head_json":{"title":"Muere Raquel Welch a los 82 a\u00f1os -","robots":{"index":"index","follow":"follow","max-snippet":"max-snippet:-1","max-image-preview":"max-image-preview:large","max-video-preview":"max-video-preview:-1"},"canonical":"https:\/\/quehacerpolitico.mx\/?p=98711","og_locale":"es_MX","og_type":"article","og_title":"Muere Raquel Welch a los 82 a\u00f1os -","og_description":"Por Redacci\u00f3n QP La actriz Raquel Welch, considerada s\u00edmbolo sexual, muri\u00f3 a los 82 a\u00f1os...","og_url":"https:\/\/quehacerpolitico.mx\/?p=98711","article_published_time":"2023-02-16T14:33:03+00:00","article_modified_time":"2023-02-16T14:33:05+00:00","og_image":[{"width":624,"height":463,"url":"https:\/\/quehacerpolitico.mx\/wp-content\/uploads\/2023\/02\/83A5C471-D136-4C8C-B2CA-7048C78A7CC5.jpeg","type":"image\/jpeg"}],"author":"Redacci\u00f3n QP","twitter_card":"summary_large_image","twitter_misc":{"Escrito por":"Redacci\u00f3n QP","Tiempo de lectura":"1 minuto"},"schema":{"@context":"https:\/\/schema.org","@graph":[{"@type":"Article","@id":"https:\/\/quehacerpolitico.mx\/?p=98711#article","isPartOf":{"@id":"https:\/\/quehacerpolitico.mx\/?p=98711"},"author":{"name":"Redacci\u00f3n QP","@id":"https:\/\/quehacerpolitico.mx\/#\/schema\/person\/496d8ad2d1d3f8036101dca7ee39e585"},"headline":"Muere Raquel Welch a los 82 a\u00f1os","datePublished":"2023-02-16T14:33:03+00:00","dateModified":"2023-02-16T14:33:05+00:00","mainEntityOfPage":{"@id":"https:\/\/quehacerpolitico.mx\/?p=98711"},"wordCount":250,"commentCount":0,"image":{"@id":"https:\/\/quehacerpolitico.mx\/?p=98711#primaryimage"},"thumbnailUrl":"https:\/\/quehacerpolitico.mx\/wp-content\/uploads\/2023\/02\/83A5C471-D136-4C8C-B2CA-7048C78A7CC5.jpeg","articleSection":["Cultura y Entretenimiento"],"inLanguage":"es","potentialAction":[{"@type":"CommentAction","name":"Comment","target":["https:\/\/quehacerpolitico.mx\/?p=98711#respond"]}]},{"@type":"WebPage","@id":"https:\/\/quehacerpolitico.mx\/?p=98711","url":"https:\/\/quehacerpolitico.mx\/?p=98711","name":"Muere Raquel Welch a los 82 a\u00f1os -","isPartOf":{"@id":"https:\/\/quehacerpolitico.mx\/#website"},"primaryImageOfPage":{"@id":"https:\/\/quehacerpolitico.mx\/?p=98711#primaryimage"},"image":{"@id":"https:\/\/quehacerpolitico.mx\/?p=98711#primaryimage"},"thumbnailUrl":"https:\/\/quehacerpolitico.mx\/wp-content\/uploads\/2023\/02\/83A5C471-D136-4C8C-B2CA-7048C78A7CC5.jpeg","datePublished":"2023-02-16T14:33:03+00:00","dateModified":"2023-02-16T14:33:05+00:00","author":{"@id":"https:\/\/quehacerpolitico.mx\/#\/schema\/person\/496d8ad2d1d3f8036101dca7ee39e585"},"breadcrumb":{"@id":"https:\/\/quehacerpolitico.mx\/?p=98711#breadcrumb"},"inLanguage":"es","potentialAction":[{"@type":"ReadAction","target":["https:\/\/quehacerpolitico.mx\/?p=98711"]}]},{"@type":"ImageObject","inLanguage":"es","@id":"https:\/\/quehacerpolitico.mx\/?p=98711#primaryimage","url":"https:\/\/quehacerpolitico.mx\/wp-content\/uploads\/2023\/02\/83A5C471-D136-4C8C-B2CA-7048C78A7CC5.jpeg","contentUrl":"https:\/\/quehacerpolitico.mx\/wp-content\/uploads\/2023\/02\/83A5C471-D136-4C8C-B2CA-7048C78A7CC5.jpeg","width":624,"height":463},{"@type":"BreadcrumbList","@id":"https:\/\/quehacerpolitico.mx\/?p=98711#breadcrumb","itemListElement":[{"@type":"ListItem","position":1,"name":"Inicio","item":"https:\/\/quehacerpolitico.mx\/"},{"@type":"ListItem","position":2,"name":"Muere Raquel Welch a los 82 a\u00f1os"}]},{"@type":"WebSite","@id":"https:\/\/quehacerpolitico.mx\/#website","url":"https:\/\/quehacerpolitico.mx\/","name":"","description":"","potentialAction":[{"@type":"SearchAction","target":{"@type":"EntryPoint","urlTemplate":"https:\/\/quehacerpolitico.mx\/?s={search_term_string}"},"query-input":{"@type":"PropertyValueSpecification","valueRequired":true,"valueName":"search_term_string"}}],"inLanguage":"es"},{"@type":"Person","@id":"https:\/\/quehacerpolitico.mx\/#\/schema\/person\/496d8ad2d1d3f8036101dca7ee39e585","name":"Redacci\u00f3n QP","image":{"@type":"ImageObject","inLanguage":"es","@id":"https:\/\/secure.gravatar.com\/avatar\/c7164ed6fdec453195284ad24a5ae5b6e1eed2b848477fa2a4787ba9adf39a41?s=96&d=mm&r=g","url":"https:\/\/secure.gravatar.com\/avatar\/c7164ed6fdec453195284ad24a5ae5b6e1eed2b848477fa2a4787ba9adf39a41?s=96&d=mm&r=g","contentUrl":"https:\/\/secure.gravatar.com\/avatar\/c7164ed6fdec453195284ad24a5ae5b6e1eed2b848477fa2a4787ba9adf39a41?s=96&d=mm&r=g","caption":"Redacci\u00f3n QP"},"url":"https:\/\/quehacerpolitico.mx\/?author=2"}]}},"featured_image_urls":{"full":["https:\/\/quehacerpolitico.mx\/wp-content\/uploads\/2023\/02\/83A5C471-D136-4C8C-B2CA-7048C78A7CC5.jpeg",624,463,false],"thumbnail":["https:\/\/quehacerpolitico.mx\/wp-content\/uploads\/2023\/02\/83A5C471-D136-4C8C-B2CA-7048C78A7CC5-150x150.jpeg",150,150,true],"medium":["https:\/\/quehacerpolitico.mx\/wp-content\/uploads\/2023\/02\/83A5C471-D136-4C8C-B2CA-7048C78A7CC5-300x223.jpeg",300,223,true],"medium_large":["https:\/\/quehacerpolitico.mx\/wp-content\/uploads\/2023\/02\/83A5C471-D136-4C8C-B2CA-7048C78A7CC5.jpeg",624,463,false],"large":["https:\/\/quehacerpolitico.mx\/wp-content\/uploads\/2023\/02\/83A5C471-D136-4C8C-B2CA-7048C78A7CC5.jpeg",624,463,false],"1536x1536":["https:\/\/quehacerpolitico.mx\/wp-content\/uploads\/2023\/02\/83A5C471-D136-4C8C-B2CA-7048C78A7CC5.jpeg",624,463,false],"2048x2048":["https:\/\/quehacerpolitico.mx\/wp-content\/uploads\/2023\/02\/83A5C471-D136-4C8C-B2CA-7048C78A7CC5.jpeg",624,463,false],"covernews-featured":["https:\/\/quehacerpolitico.mx\/wp-content\/uploads\/2023\/02\/83A5C471-D136-4C8C-B2CA-7048C78A7CC5.jpeg",624,463,false],"covernews-medium":["https:\/\/quehacerpolitico.mx\/wp-content\/uploads\/2023\/02\/83A5C471-D136-4C8C-B2CA-7048C78A7CC5.jpeg",458,340,false]},"author_info":{"display_name":"Redacci\u00f3n QP","author_link":"https:\/\/quehacerpolitico.mx\/?author=2"},"category_info":"<a href=\"https:\/\/quehacerpolitico.mx\/?cat=58\" rel=\"category\">Cultura y Entretenimiento<\/a>","tag_info":"Cultura y Entretenimiento","comment_count":"0","_links":{"self":[{"href":"https:\/\/quehacerpolitico.mx\/index.php?rest_route=\/wp\/v2\/posts\/98711","targetHints":{"allow":["GET"]}}],"collection":[{"href":"https:\/\/quehacerpolitico.mx\/index.php?rest_route=\/wp\/v2\/posts"}],"about":[{"href":"https:\/\/quehacerpolitico.mx\/index.php?rest_route=\/wp\/v2\/types\/post"}],"author":[{"embeddable":true,"href":"https:\/\/quehacerpolitico.mx\/index.php?rest_route=\/wp\/v2\/users\/2"}],"replies":[{"embeddable":true,"href":"https:\/\/quehacerpolitico.mx\/index.php?rest_route=%2Fwp%2Fv2%2Fcomments&post=98711"}],"version-history":[{"count":1,"href":"https:\/\/quehacerpolitico.mx\/index.php?rest_route=\/wp\/v2\/posts\/98711\/revisions"}],"predecessor-version":[{"id":98715,"href":"https:\/\/quehacerpolitico.mx\/index.php?rest_route=\/wp\/v2\/posts\/98711\/revisions\/98715"}],"wp:featuredmedia":[{"embeddable":true,"href":"https:\/\/quehacerpolitico.mx\/index.php?rest_route=\/wp\/v2\/media\/98714"}],"wp:attachment":[{"href":"https:\/\/quehacerpolitico.mx\/index.php?rest_route=%2Fwp%2Fv2%2Fmedia&parent=98711"}],"wp:term":[{"taxonomy":"category","embeddable":true,"href":"https:\/\/quehacerpolitico.mx\/index.php?rest_route=%2Fwp%2Fv2%2Fcategories&post=98711"},{"taxonomy":"post_tag","embeddable":true,"href":"https:\/\/quehacerpolitico.mx\/index.php?rest_route=%2Fwp%2Fv2%2Ftags&post=98711"}],"curies":[{"name":"wp","href":"https:\/\/api.w.org\/{rel}","templated":true}]}}