{"id":98588,"date":"2023-02-07T17:16:09","date_gmt":"2023-02-07T17:16:09","guid":{"rendered":"https:\/\/quehacerpolitico.mx\/?p=98588"},"modified":"2023-02-07T17:16:13","modified_gmt":"2023-02-07T17:16:13","slug":"avion-de-la-fuerza-aerea-mexicana-viaja-a-turquia-para-apoyar-en-las-labores-de-rescate","status":"publish","type":"post","link":"https:\/\/quehacerpolitico.mx\/?p=98588","title":{"rendered":"Avi\u00f3n de la Fuerza A\u00e9rea Mexicana viaja a Turqu\u00eda para apoyar en las labores de rescate"},"content":{"rendered":"\n<p>Por Redacci\u00f3n QP<\/p>\n\n\n\n<p>En la delegaci\u00f3n de rescate y apoyo viajan 150 elementos, entre militares, marinos, integrantes de la Cruz Roja Mexicana y personal de canciller\u00eda<\/p>\n\n\n\n<p>El general\u00a0<strong>Luis Cresencio Sandoval<\/strong>, titular de la Defensa Nacional\u00a0(Sede\u00f1a) inform\u00f3 que esta ma\u00f1ana de martes despeg\u00f3 el avi\u00f3n de la Fuerza A\u00e9rea Mexicana (FAM) rumbo a Turqu\u00eda con la delegaci\u00f3n mexicana\u00a0<strong>para apoyar en las labores de rescate tras el sismo de magnitud 7.8 que sufri\u00f3 este pa\u00eds.<\/strong><\/p>\n\n\n\n<p>En el Informe de Seguridad y frente al presidente\u00a0Andres Manuel Lopez Obrador el secretario detall\u00f3 que en esta delegaci\u00f3n de rescate y apoyo\u00a0<strong>viajan 150 elementos, entre militares, marinos, integrantes de la\u00a0Cruz\u00a0Roja Mexicana<\/strong>\u00a0y personal de canciller\u00eda.<\/p>\n\n\n\n<figure class=\"wp-block-embed is-type-rich is-provider-twitter wp-block-embed-twitter\"><div class=\"wp-block-embed__wrapper\">\n<blockquote class=\"twitter-tweet\" data-width=\"550\" data-dnt=\"true\"><p lang=\"es\" dir=\"ltr\">M\u00e9xico ya env\u00edo ayuda humanitaria a Turqu\u00eda despu\u00e9s del terremoto que sufrieron.<br><br>Soldados y perritos de rescate van en camino a ayudar. <a href=\"https:\/\/t.co\/9bwNwY8vG2\">pic.twitter.com\/9bwNwY8vG2<\/a><\/p>&mdash; Ruido en la Red (@RuidoEnLaRed) <a href=\"https:\/\/twitter.com\/RuidoEnLaRed\/status\/1622957080738160640?ref_src=twsrc%5Etfw\">February 7, 2023<\/a><\/blockquote><script async src=\"https:\/\/platform.twitter.com\/widgets.js\" charset=\"utf-8\"><\/script>\n<\/div><\/figure>\n\n\n\n<p>&#8220;Sobre la ayuda humanitaria a\u00a0Turqu\u00eda esta delegaci\u00f3n esta conformada por 93 elementos del Ej\u00e9rcito, 37 de Semar, 15 de la Cruz Roja y cinco de Relaciones Exteriores, un total de 150 elementos, tambi\u00e9n est\u00e1n aqu\u00ed transportados en un avi\u00f3n 737-800 de la Fuerza A\u00e9rea Mexicana con 12 elementos de tripulaci\u00f3n.<\/p>\n\n\n\n<p>&#8220;Ya salieron ahorita, despegaron hace unos momentos, van hasta la ciudad de Adana, Turqu\u00eda.&nbsp;<strong>Son aproximadamente 20 horas y media de vuelo, pero ah\u00ed se cuenta tambi\u00e9n los espacios que deben de tener para las recargas y que se hacen en el transcurso de esta trayectoria&#8221;.<\/strong><\/p>\n\n\n\n<p>En Palacio Nacional, durante la\u00a0ma\u00f1anera de hoy, el general secretario detall\u00f3 que en las m\u00e1s de 20 horas de vuelo, el avi\u00f3n de la FAM sobrevolar\u00e1 14 pa\u00edses de los cuales se tuvo la autorizaci\u00f3n para volar su espacio a\u00e9reo tras el apoyo de la Secretar\u00eda de Relaciones Exteriores\u00a0<strong>(SRE)<\/strong>\u00a0y agregados militares.<\/p>\n\n\n\n<p>&#8220;Es el sobrevuelo de 14 pa\u00edses donde se tuvo que obtener la autorizaci\u00f3n para poder sobrevolar su espacio a\u00e9reo, donde est\u00e1 participando Relaciones Exteriores y nuestros agregados militares que est\u00e1n en diversos pa\u00edses&#8221;, indic\u00f3.<\/p>\n\n\n\n<p>Con Informaci\u00f3n de SUN <\/p>\n","protected":false},"excerpt":{"rendered":"<p>Por Redacci\u00f3n QP En la delegaci\u00f3n de rescate y apoyo viajan 150 elementos, entre militares,&#8230;<\/p>\n","protected":false},"author":2,"featured_media":98589,"comment_status":"open","ping_status":"open","sticky":false,"template":"","format":"standard","meta":{"_monsterinsights_skip_tracking":false,"_monsterinsights_sitenote_active":false,"_monsterinsights_sitenote_note":"","_monsterinsights_sitenote_category":0,"footnotes":""},"categories":[2],"tags":[],"class_list":["post-98588","post","type-post","status-publish","format-standard","has-post-thumbnail","hentry","category-noticias"],"yoast_head":"<!-- This site is optimized with the Yoast SEO plugin v27.3 - https:\/\/yoast.com\/product\/yoast-seo-wordpress\/ -->\n<title>Avi\u00f3n de la Fuerza A\u00e9rea Mexicana viaja a Turqu\u00eda para apoyar en las labores de rescate -<\/title>\n<meta name=\"robots\" content=\"index, follow, max-snippet:-1, max-image-preview:large, max-video-preview:-1\" \/>\n<link rel=\"canonical\" href=\"https:\/\/quehacerpolitico.mx\/?p=98588\" \/>\n<meta property=\"og:locale\" content=\"es_MX\" \/>\n<meta property=\"og:type\" content=\"article\" \/>\n<meta property=\"og:title\" content=\"Avi\u00f3n de la Fuerza A\u00e9rea Mexicana viaja a Turqu\u00eda para apoyar en las labores de rescate -\" \/>\n<meta property=\"og:description\" content=\"Por Redacci\u00f3n QP En la delegaci\u00f3n de rescate y apoyo viajan 150 elementos, entre militares,...\" \/>\n<meta property=\"og:url\" content=\"https:\/\/quehacerpolitico.mx\/?p=98588\" \/>\n<meta property=\"article:published_time\" content=\"2023-02-07T17:16:09+00:00\" \/>\n<meta property=\"article:modified_time\" content=\"2023-02-07T17:16:13+00:00\" \/>\n<meta property=\"og:image\" content=\"https:\/\/quehacerpolitico.mx\/wp-content\/uploads\/2023\/02\/EB01FA52-68F5-4004-B5AF-5EA1CF875A24.jpeg\" \/>\n\t<meta property=\"og:image:width\" content=\"1284\" \/>\n\t<meta property=\"og:image:height\" content=\"714\" \/>\n\t<meta property=\"og:image:type\" content=\"image\/jpeg\" \/>\n<meta name=\"author\" content=\"Redacci\u00f3n QP\" \/>\n<meta name=\"twitter:card\" content=\"summary_large_image\" \/>\n<meta name=\"twitter:label1\" content=\"Escrito por\" \/>\n\t<meta name=\"twitter:data1\" content=\"Redacci\u00f3n QP\" \/>\n\t<meta name=\"twitter:label2\" content=\"Tiempo de lectura\" \/>\n\t<meta name=\"twitter:data2\" content=\"2 minutos\" \/>\n<script type=\"application\/ld+json\" class=\"yoast-schema-graph\">{\"@context\":\"https:\\\/\\\/schema.org\",\"@graph\":[{\"@type\":\"Article\",\"@id\":\"https:\\\/\\\/quehacerpolitico.mx\\\/?p=98588#article\",\"isPartOf\":{\"@id\":\"https:\\\/\\\/quehacerpolitico.mx\\\/?p=98588\"},\"author\":{\"name\":\"Redacci\u00f3n QP\",\"@id\":\"https:\\\/\\\/quehacerpolitico.mx\\\/#\\\/schema\\\/person\\\/496d8ad2d1d3f8036101dca7ee39e585\"},\"headline\":\"Avi\u00f3n de la Fuerza A\u00e9rea Mexicana viaja a Turqu\u00eda para apoyar en las labores de rescate\",\"datePublished\":\"2023-02-07T17:16:09+00:00\",\"dateModified\":\"2023-02-07T17:16:13+00:00\",\"mainEntityOfPage\":{\"@id\":\"https:\\\/\\\/quehacerpolitico.mx\\\/?p=98588\"},\"wordCount\":362,\"commentCount\":0,\"image\":{\"@id\":\"https:\\\/\\\/quehacerpolitico.mx\\\/?p=98588#primaryimage\"},\"thumbnailUrl\":\"https:\\\/\\\/quehacerpolitico.mx\\\/wp-content\\\/uploads\\\/2023\\\/02\\\/EB01FA52-68F5-4004-B5AF-5EA1CF875A24.jpeg\",\"articleSection\":[\"Noticias\"],\"inLanguage\":\"es\",\"potentialAction\":[{\"@type\":\"CommentAction\",\"name\":\"Comment\",\"target\":[\"https:\\\/\\\/quehacerpolitico.mx\\\/?p=98588#respond\"]}]},{\"@type\":\"WebPage\",\"@id\":\"https:\\\/\\\/quehacerpolitico.mx\\\/?p=98588\",\"url\":\"https:\\\/\\\/quehacerpolitico.mx\\\/?p=98588\",\"name\":\"Avi\u00f3n de la Fuerza A\u00e9rea Mexicana viaja a Turqu\u00eda para apoyar en las labores de rescate -\",\"isPartOf\":{\"@id\":\"https:\\\/\\\/quehacerpolitico.mx\\\/#website\"},\"primaryImageOfPage\":{\"@id\":\"https:\\\/\\\/quehacerpolitico.mx\\\/?p=98588#primaryimage\"},\"image\":{\"@id\":\"https:\\\/\\\/quehacerpolitico.mx\\\/?p=98588#primaryimage\"},\"thumbnailUrl\":\"https:\\\/\\\/quehacerpolitico.mx\\\/wp-content\\\/uploads\\\/2023\\\/02\\\/EB01FA52-68F5-4004-B5AF-5EA1CF875A24.jpeg\",\"datePublished\":\"2023-02-07T17:16:09+00:00\",\"dateModified\":\"2023-02-07T17:16:13+00:00\",\"author\":{\"@id\":\"https:\\\/\\\/quehacerpolitico.mx\\\/#\\\/schema\\\/person\\\/496d8ad2d1d3f8036101dca7ee39e585\"},\"breadcrumb\":{\"@id\":\"https:\\\/\\\/quehacerpolitico.mx\\\/?p=98588#breadcrumb\"},\"inLanguage\":\"es\",\"potentialAction\":[{\"@type\":\"ReadAction\",\"target\":[\"https:\\\/\\\/quehacerpolitico.mx\\\/?p=98588\"]}]},{\"@type\":\"ImageObject\",\"inLanguage\":\"es\",\"@id\":\"https:\\\/\\\/quehacerpolitico.mx\\\/?p=98588#primaryimage\",\"url\":\"https:\\\/\\\/quehacerpolitico.mx\\\/wp-content\\\/uploads\\\/2023\\\/02\\\/EB01FA52-68F5-4004-B5AF-5EA1CF875A24.jpeg\",\"contentUrl\":\"https:\\\/\\\/quehacerpolitico.mx\\\/wp-content\\\/uploads\\\/2023\\\/02\\\/EB01FA52-68F5-4004-B5AF-5EA1CF875A24.jpeg\",\"width\":1284,\"height\":714},{\"@type\":\"BreadcrumbList\",\"@id\":\"https:\\\/\\\/quehacerpolitico.mx\\\/?p=98588#breadcrumb\",\"itemListElement\":[{\"@type\":\"ListItem\",\"position\":1,\"name\":\"Inicio\",\"item\":\"https:\\\/\\\/quehacerpolitico.mx\\\/\"},{\"@type\":\"ListItem\",\"position\":2,\"name\":\"Avi\u00f3n de la Fuerza A\u00e9rea Mexicana viaja a Turqu\u00eda para apoyar en las labores de rescate\"}]},{\"@type\":\"WebSite\",\"@id\":\"https:\\\/\\\/quehacerpolitico.mx\\\/#website\",\"url\":\"https:\\\/\\\/quehacerpolitico.mx\\\/\",\"name\":\"\",\"description\":\"\",\"potentialAction\":[{\"@type\":\"SearchAction\",\"target\":{\"@type\":\"EntryPoint\",\"urlTemplate\":\"https:\\\/\\\/quehacerpolitico.mx\\\/?s={search_term_string}\"},\"query-input\":{\"@type\":\"PropertyValueSpecification\",\"valueRequired\":true,\"valueName\":\"search_term_string\"}}],\"inLanguage\":\"es\"},{\"@type\":\"Person\",\"@id\":\"https:\\\/\\\/quehacerpolitico.mx\\\/#\\\/schema\\\/person\\\/496d8ad2d1d3f8036101dca7ee39e585\",\"name\":\"Redacci\u00f3n QP\",\"image\":{\"@type\":\"ImageObject\",\"inLanguage\":\"es\",\"@id\":\"https:\\\/\\\/secure.gravatar.com\\\/avatar\\\/c7164ed6fdec453195284ad24a5ae5b6e1eed2b848477fa2a4787ba9adf39a41?s=96&d=mm&r=g\",\"url\":\"https:\\\/\\\/secure.gravatar.com\\\/avatar\\\/c7164ed6fdec453195284ad24a5ae5b6e1eed2b848477fa2a4787ba9adf39a41?s=96&d=mm&r=g\",\"contentUrl\":\"https:\\\/\\\/secure.gravatar.com\\\/avatar\\\/c7164ed6fdec453195284ad24a5ae5b6e1eed2b848477fa2a4787ba9adf39a41?s=96&d=mm&r=g\",\"caption\":\"Redacci\u00f3n QP\"},\"url\":\"https:\\\/\\\/quehacerpolitico.mx\\\/?author=2\"}]}<\/script>\n<!-- \/ Yoast SEO plugin. -->","yoast_head_json":{"title":"Avi\u00f3n de la Fuerza A\u00e9rea Mexicana viaja a Turqu\u00eda para apoyar en las labores de rescate -","robots":{"index":"index","follow":"follow","max-snippet":"max-snippet:-1","max-image-preview":"max-image-preview:large","max-video-preview":"max-video-preview:-1"},"canonical":"https:\/\/quehacerpolitico.mx\/?p=98588","og_locale":"es_MX","og_type":"article","og_title":"Avi\u00f3n de la Fuerza A\u00e9rea Mexicana viaja a Turqu\u00eda para apoyar en las labores de rescate -","og_description":"Por Redacci\u00f3n QP En la delegaci\u00f3n de rescate y apoyo viajan 150 elementos, entre militares,...","og_url":"https:\/\/quehacerpolitico.mx\/?p=98588","article_published_time":"2023-02-07T17:16:09+00:00","article_modified_time":"2023-02-07T17:16:13+00:00","og_image":[{"width":1284,"height":714,"url":"https:\/\/quehacerpolitico.mx\/wp-content\/uploads\/2023\/02\/EB01FA52-68F5-4004-B5AF-5EA1CF875A24.jpeg","type":"image\/jpeg"}],"author":"Redacci\u00f3n QP","twitter_card":"summary_large_image","twitter_misc":{"Escrito por":"Redacci\u00f3n QP","Tiempo de lectura":"2 minutos"},"schema":{"@context":"https:\/\/schema.org","@graph":[{"@type":"Article","@id":"https:\/\/quehacerpolitico.mx\/?p=98588#article","isPartOf":{"@id":"https:\/\/quehacerpolitico.mx\/?p=98588"},"author":{"name":"Redacci\u00f3n QP","@id":"https:\/\/quehacerpolitico.mx\/#\/schema\/person\/496d8ad2d1d3f8036101dca7ee39e585"},"headline":"Avi\u00f3n de la Fuerza A\u00e9rea Mexicana viaja a Turqu\u00eda para apoyar en las labores de rescate","datePublished":"2023-02-07T17:16:09+00:00","dateModified":"2023-02-07T17:16:13+00:00","mainEntityOfPage":{"@id":"https:\/\/quehacerpolitico.mx\/?p=98588"},"wordCount":362,"commentCount":0,"image":{"@id":"https:\/\/quehacerpolitico.mx\/?p=98588#primaryimage"},"thumbnailUrl":"https:\/\/quehacerpolitico.mx\/wp-content\/uploads\/2023\/02\/EB01FA52-68F5-4004-B5AF-5EA1CF875A24.jpeg","articleSection":["Noticias"],"inLanguage":"es","potentialAction":[{"@type":"CommentAction","name":"Comment","target":["https:\/\/quehacerpolitico.mx\/?p=98588#respond"]}]},{"@type":"WebPage","@id":"https:\/\/quehacerpolitico.mx\/?p=98588","url":"https:\/\/quehacerpolitico.mx\/?p=98588","name":"Avi\u00f3n de la Fuerza A\u00e9rea Mexicana viaja a Turqu\u00eda para apoyar en las labores de rescate -","isPartOf":{"@id":"https:\/\/quehacerpolitico.mx\/#website"},"primaryImageOfPage":{"@id":"https:\/\/quehacerpolitico.mx\/?p=98588#primaryimage"},"image":{"@id":"https:\/\/quehacerpolitico.mx\/?p=98588#primaryimage"},"thumbnailUrl":"https:\/\/quehacerpolitico.mx\/wp-content\/uploads\/2023\/02\/EB01FA52-68F5-4004-B5AF-5EA1CF875A24.jpeg","datePublished":"2023-02-07T17:16:09+00:00","dateModified":"2023-02-07T17:16:13+00:00","author":{"@id":"https:\/\/quehacerpolitico.mx\/#\/schema\/person\/496d8ad2d1d3f8036101dca7ee39e585"},"breadcrumb":{"@id":"https:\/\/quehacerpolitico.mx\/?p=98588#breadcrumb"},"inLanguage":"es","potentialAction":[{"@type":"ReadAction","target":["https:\/\/quehacerpolitico.mx\/?p=98588"]}]},{"@type":"ImageObject","inLanguage":"es","@id":"https:\/\/quehacerpolitico.mx\/?p=98588#primaryimage","url":"https:\/\/quehacerpolitico.mx\/wp-content\/uploads\/2023\/02\/EB01FA52-68F5-4004-B5AF-5EA1CF875A24.jpeg","contentUrl":"https:\/\/quehacerpolitico.mx\/wp-content\/uploads\/2023\/02\/EB01FA52-68F5-4004-B5AF-5EA1CF875A24.jpeg","width":1284,"height":714},{"@type":"BreadcrumbList","@id":"https:\/\/quehacerpolitico.mx\/?p=98588#breadcrumb","itemListElement":[{"@type":"ListItem","position":1,"name":"Inicio","item":"https:\/\/quehacerpolitico.mx\/"},{"@type":"ListItem","position":2,"name":"Avi\u00f3n de la Fuerza A\u00e9rea Mexicana viaja a Turqu\u00eda para apoyar en las labores de rescate"}]},{"@type":"WebSite","@id":"https:\/\/quehacerpolitico.mx\/#website","url":"https:\/\/quehacerpolitico.mx\/","name":"","description":"","potentialAction":[{"@type":"SearchAction","target":{"@type":"EntryPoint","urlTemplate":"https:\/\/quehacerpolitico.mx\/?s={search_term_string}"},"query-input":{"@type":"PropertyValueSpecification","valueRequired":true,"valueName":"search_term_string"}}],"inLanguage":"es"},{"@type":"Person","@id":"https:\/\/quehacerpolitico.mx\/#\/schema\/person\/496d8ad2d1d3f8036101dca7ee39e585","name":"Redacci\u00f3n QP","image":{"@type":"ImageObject","inLanguage":"es","@id":"https:\/\/secure.gravatar.com\/avatar\/c7164ed6fdec453195284ad24a5ae5b6e1eed2b848477fa2a4787ba9adf39a41?s=96&d=mm&r=g","url":"https:\/\/secure.gravatar.com\/avatar\/c7164ed6fdec453195284ad24a5ae5b6e1eed2b848477fa2a4787ba9adf39a41?s=96&d=mm&r=g","contentUrl":"https:\/\/secure.gravatar.com\/avatar\/c7164ed6fdec453195284ad24a5ae5b6e1eed2b848477fa2a4787ba9adf39a41?s=96&d=mm&r=g","caption":"Redacci\u00f3n QP"},"url":"https:\/\/quehacerpolitico.mx\/?author=2"}]}},"featured_image_urls":{"full":["https:\/\/quehacerpolitico.mx\/wp-content\/uploads\/2023\/02\/EB01FA52-68F5-4004-B5AF-5EA1CF875A24.jpeg",1284,714,false],"thumbnail":["https:\/\/quehacerpolitico.mx\/wp-content\/uploads\/2023\/02\/EB01FA52-68F5-4004-B5AF-5EA1CF875A24-150x150.jpeg",150,150,true],"medium":["https:\/\/quehacerpolitico.mx\/wp-content\/uploads\/2023\/02\/EB01FA52-68F5-4004-B5AF-5EA1CF875A24-300x167.jpeg",300,167,true],"medium_large":["https:\/\/quehacerpolitico.mx\/wp-content\/uploads\/2023\/02\/EB01FA52-68F5-4004-B5AF-5EA1CF875A24-768x427.jpeg",640,356,true],"large":["https:\/\/quehacerpolitico.mx\/wp-content\/uploads\/2023\/02\/EB01FA52-68F5-4004-B5AF-5EA1CF875A24-1024x569.jpeg",640,356,true],"1536x1536":["https:\/\/quehacerpolitico.mx\/wp-content\/uploads\/2023\/02\/EB01FA52-68F5-4004-B5AF-5EA1CF875A24.jpeg",1284,714,false],"2048x2048":["https:\/\/quehacerpolitico.mx\/wp-content\/uploads\/2023\/02\/EB01FA52-68F5-4004-B5AF-5EA1CF875A24.jpeg",1284,714,false],"covernews-featured":["https:\/\/quehacerpolitico.mx\/wp-content\/uploads\/2023\/02\/EB01FA52-68F5-4004-B5AF-5EA1CF875A24.jpeg",1024,569,false],"covernews-medium":["https:\/\/quehacerpolitico.mx\/wp-content\/uploads\/2023\/02\/EB01FA52-68F5-4004-B5AF-5EA1CF875A24.jpeg",540,300,false]},"author_info":{"display_name":"Redacci\u00f3n QP","author_link":"https:\/\/quehacerpolitico.mx\/?author=2"},"category_info":"<a href=\"https:\/\/quehacerpolitico.mx\/?cat=2\" rel=\"category\">Noticias<\/a>","tag_info":"Noticias","comment_count":"0","_links":{"self":[{"href":"https:\/\/quehacerpolitico.mx\/index.php?rest_route=\/wp\/v2\/posts\/98588","targetHints":{"allow":["GET"]}}],"collection":[{"href":"https:\/\/quehacerpolitico.mx\/index.php?rest_route=\/wp\/v2\/posts"}],"about":[{"href":"https:\/\/quehacerpolitico.mx\/index.php?rest_route=\/wp\/v2\/types\/post"}],"author":[{"embeddable":true,"href":"https:\/\/quehacerpolitico.mx\/index.php?rest_route=\/wp\/v2\/users\/2"}],"replies":[{"embeddable":true,"href":"https:\/\/quehacerpolitico.mx\/index.php?rest_route=%2Fwp%2Fv2%2Fcomments&post=98588"}],"version-history":[{"count":1,"href":"https:\/\/quehacerpolitico.mx\/index.php?rest_route=\/wp\/v2\/posts\/98588\/revisions"}],"predecessor-version":[{"id":98590,"href":"https:\/\/quehacerpolitico.mx\/index.php?rest_route=\/wp\/v2\/posts\/98588\/revisions\/98590"}],"wp:featuredmedia":[{"embeddable":true,"href":"https:\/\/quehacerpolitico.mx\/index.php?rest_route=\/wp\/v2\/media\/98589"}],"wp:attachment":[{"href":"https:\/\/quehacerpolitico.mx\/index.php?rest_route=%2Fwp%2Fv2%2Fmedia&parent=98588"}],"wp:term":[{"taxonomy":"category","embeddable":true,"href":"https:\/\/quehacerpolitico.mx\/index.php?rest_route=%2Fwp%2Fv2%2Fcategories&post=98588"},{"taxonomy":"post_tag","embeddable":true,"href":"https:\/\/quehacerpolitico.mx\/index.php?rest_route=%2Fwp%2Fv2%2Ftags&post=98588"}],"curies":[{"name":"wp","href":"https:\/\/api.w.org\/{rel}","templated":true}]}}