{"id":98576,"date":"2023-02-07T15:02:46","date_gmt":"2023-02-07T15:02:46","guid":{"rendered":"https:\/\/quehacerpolitico.mx\/?p=98576"},"modified":"2023-02-07T15:02:49","modified_gmt":"2023-02-07T15:02:49","slug":"internacionales-carolina-alonso-romei-turquia-declara-estado-de-emergencia-en-zonas-afectadas-por-sismo","status":"publish","type":"post","link":"https:\/\/quehacerpolitico.mx\/?p=98576","title":{"rendered":"Internacionales\/\/\/Carolina Alonso Romei\/\/\/Turqu\u00eda declara estado de emergencia en zonas afectadas por sismo"},"content":{"rendered":"\n<p>Por Carolina Alonso Romei<\/p>\n\n\n\n<p>Internacionalista <\/p>\n\n\n\n<p>El presidente Recep Tayyip Erdogan se\u00f1al\u00f3 que se destinar\u00e1n cinco mil millones de euros en ayuda de emergencia para las zonas afectadas<\/p>\n\n\n\n<p>El Gobierno turco ha declarado\u00a0<strong>tres meses de estado de emergencia en las diez provincias afectadas el lunes\u00a0<\/strong>por los dos fuertes terremotos que han dejado ya al menos tres mil 549 muertos y 22 mil heridos en el pa\u00eds.<\/p>\n\n\n\n<figure class=\"wp-block-embed is-type-video is-provider-youtube wp-block-embed-youtube wp-embed-aspect-16-9 wp-has-aspect-ratio\"><div class=\"wp-block-embed__wrapper\">\n<iframe loading=\"lazy\" title=\"Miles de muertos en terremoto en Turqu\u00eda\" width=\"640\" height=\"360\" src=\"https:\/\/www.youtube.com\/embed\/veQ_xU-oeas?feature=oembed\" frameborder=\"0\" allow=\"accelerometer; autoplay; clipboard-write; encrypted-media; gyroscope; picture-in-picture; web-share\" referrerpolicy=\"strict-origin-when-cross-origin\" allowfullscreen><\/iframe>\n<\/div><\/figure>\n\n\n\n<p>As\u00ed lo anunci\u00f3 el presidente de Turqu\u00eda, Recep Tayyip Erdogan, quien se\u00f1al\u00f3 que&nbsp;<strong>se destinar\u00e1n cinco mil millones de euros en ayuda de emergencia para esas regiones.<\/strong><\/p>\n\n\n\n<p>Erdogan se\u00f1al\u00f3 que los terremotos, de magnitud 7.7 y 7.6, adem\u00e1s de numerosas r\u00e9plicas m\u00e1s suaves, se encuadra dentro de un fen\u00f3meno denominado &#8220;triggering&#8221;, en el que un sismo va desencadenado el siguiente.<\/p>\n\n\n\n<figure class=\"wp-block-embed is-type-rich is-provider-twitter wp-block-embed-twitter\"><div class=\"wp-block-embed__wrapper\">\n<blockquote class=\"twitter-tweet\" data-width=\"550\" data-dnt=\"true\"><p lang=\"es\" dir=\"ltr\">Cifra de muertos sube a 3.830 tras el terremoto que sacudi\u00f3 <a href=\"https:\/\/twitter.com\/hashtag\/Turqu%C3%ADa?src=hash&amp;ref_src=twsrc%5Etfw\">#Turqu\u00eda<\/a> y <a href=\"https:\/\/twitter.com\/hashtag\/Siria?src=hash&amp;ref_src=twsrc%5Etfw\">#Siria<\/a><br>Video de un segundo <a href=\"https:\/\/twitter.com\/hashtag\/tetrremoto?src=hash&amp;ref_src=twsrc%5Etfw\">#tetrremoto<\/a> en Turquia <a href=\"https:\/\/t.co\/lrsAPytD2m\">pic.twitter.com\/lrsAPytD2m<\/a><\/p>&mdash; Meteorolog\u00eda Estaci\u00f3n bcp (@Estacion_bcp) <a href=\"https:\/\/twitter.com\/Estacion_bcp\/status\/1622779114452144128?ref_src=twsrc%5Etfw\">February 7, 2023<\/a><\/blockquote><script async src=\"https:\/\/platform.twitter.com\/widgets.js\" charset=\"utf-8\"><\/script>\n<\/div><\/figure>\n\n\n\n<p>Erdogan afirm\u00f3 que&nbsp;<strong>este desastre no es s\u00f3lo uno de los m\u00e1s graves en la historia de Turqu\u00eda, sino a nivel global.<\/strong><\/p>\n\n\n\n<p>El jefe del Estado ya hab\u00eda asegurado ayer que estos terremotos suponen el mayor desastre sufrido por el pa\u00eds desde el se\u00edsmo de 1939 en Erzincan, en el este de Turqu\u00eda, que dej\u00f3 m\u00e1s de 32 mil muertos y provoc\u00f3 un tsunami en el mar Negro, situado a unos 160 kil\u00f3metros del epicentro.<\/p>\n\n\n\n<p>El presidente lament\u00f3 que los cientos de r\u00e9plicas producidas, algunas de magnitud 6, est\u00e1n dificultando las tareas de b\u00fasqueda de supervivientes.<\/p>\n\n\n\n<p>De momento, dijo,&nbsp;<strong>se han localizado con vida a unas ocho mil personas.<\/strong><\/p>\n\n\n\n<p>Erdogan confirm\u00f3 que&nbsp;<strong>todos los colegios del pa\u00eds estar\u00e1n cerrados hasta el 13 de febrero, y hasta el d\u00eda 20 en las zonas afectadas.<\/strong><\/p>\n\n\n\n<p>Tambi\u00e9n se\u00f1al\u00f3 que unas 50 mil personas participan en las labores de rescate de quienes se creen que han quedado sepultados bajo los escombros de los miles de edificios que han colapsado.<\/p>\n\n\n\n<figure class=\"wp-block-embed is-type-rich is-provider-twitter wp-block-embed-twitter\"><div class=\"wp-block-embed__wrapper\">\n<blockquote class=\"twitter-tweet\" data-width=\"550\" data-dnt=\"true\"><p lang=\"es\" dir=\"ltr\">Bomberos \u00a0encontraron a un ni\u00f1o\u00a0de tres a\u00f1os que llevaba 22 horas bajo los escombros de un edificio de la ciudad turca de\u00a0<a href=\"https:\/\/twitter.com\/hashtag\/Malatya?src=hash&amp;ref_src=twsrc%5Etfw\">#Malatya<\/a>, luego de los\u00a0terremotos\u00a0a Turqu\u00eda y Siria.<br><br>M\u00e1s informaci\u00f3n: <a href=\"https:\/\/t.co\/iTFLgxgPSK\">https:\/\/t.co\/iTFLgxgPSK<\/a><a href=\"https:\/\/twitter.com\/hashtag\/Turquia?src=hash&amp;ref_src=twsrc%5Etfw\">#Turquia<\/a> <a href=\"https:\/\/twitter.com\/hashtag\/Turkey?src=hash&amp;ref_src=twsrc%5Etfw\">#Turkey<\/a> <a href=\"https:\/\/twitter.com\/hashtag\/sismo?src=hash&amp;ref_src=twsrc%5Etfw\">#sismo<\/a> <a href=\"https:\/\/twitter.com\/hashtag\/temblor?src=hash&amp;ref_src=twsrc%5Etfw\">#temblor<\/a> <a href=\"https:\/\/twitter.com\/hashtag\/Terremoto?src=hash&amp;ref_src=twsrc%5Etfw\">#Terremoto<\/a> <a href=\"https:\/\/twitter.com\/hashtag\/Turkiye?src=hash&amp;ref_src=twsrc%5Etfw\">#Turkiye<\/a> <a href=\"https:\/\/twitter.com\/hashtag\/Siria?src=hash&amp;ref_src=twsrc%5Etfw\">#Siria<\/a> <a href=\"https:\/\/t.co\/Q9Vb9jA7yd\">pic.twitter.com\/Q9Vb9jA7yd<\/a><\/p>&mdash; El Quinto Elemento TV (@el5elementotv) <a href=\"https:\/\/twitter.com\/el5elementotv\/status\/1622910990139510784?ref_src=twsrc%5Etfw\">February 7, 2023<\/a><\/blockquote><script async src=\"https:\/\/platform.twitter.com\/widgets.js\" charset=\"utf-8\"><\/script>\n<\/div><\/figure>\n\n\n\n<p>Diez barcos de la armada y 26 aviones militares est\u00e1n participando en las tareas de evacuaci\u00f3n de heridos.<\/p>\n\n\n\n<p>Igualmente, indic\u00f3 que se va a evacuar de forma ordenada a las v\u00edctimas de las zonas devastadas, donde viven unos 13 millones de personas, y que ser\u00e1n realojadas en parte en instalaciones tur\u00edsticas.<\/p>\n\n\n\n<p>Erdogan agradeci\u00f3 la ayuda material y humana enviada por setenta pa\u00edses y catorce organismos internacionales.<\/p>\n\n\n\n<p>Con Informaci\u00f3n de EFE<\/p>\n","protected":false},"excerpt":{"rendered":"<p>Por Carolina Alonso Romei Internacionalista El presidente Recep Tayyip Erdogan se\u00f1al\u00f3 que se destinar\u00e1n cinco&#8230;<\/p>\n","protected":false},"author":2,"featured_media":98577,"comment_status":"open","ping_status":"open","sticky":false,"template":"","format":"standard","meta":{"_monsterinsights_skip_tracking":false,"_monsterinsights_sitenote_active":false,"_monsterinsights_sitenote_note":"","_monsterinsights_sitenote_category":0,"footnotes":""},"categories":[1],"tags":[],"class_list":["post-98576","post","type-post","status-publish","format-standard","has-post-thumbnail","hentry","category-sin-categoria"],"yoast_head":"<!-- This site is optimized with the Yoast SEO plugin v27.3 - https:\/\/yoast.com\/product\/yoast-seo-wordpress\/ -->\n<title>Internacionales\/\/\/Carolina Alonso Romei\/\/\/Turqu\u00eda declara estado de emergencia en zonas afectadas por sismo -<\/title>\n<meta name=\"robots\" content=\"index, follow, max-snippet:-1, max-image-preview:large, max-video-preview:-1\" \/>\n<link rel=\"canonical\" href=\"https:\/\/quehacerpolitico.mx\/?p=98576\" \/>\n<meta property=\"og:locale\" content=\"es_MX\" \/>\n<meta property=\"og:type\" content=\"article\" \/>\n<meta property=\"og:title\" content=\"Internacionales\/\/\/Carolina Alonso Romei\/\/\/Turqu\u00eda declara estado de emergencia en zonas afectadas por sismo -\" \/>\n<meta property=\"og:description\" content=\"Por Carolina Alonso Romei Internacionalista El presidente Recep Tayyip Erdogan se\u00f1al\u00f3 que se destinar\u00e1n cinco...\" \/>\n<meta property=\"og:url\" content=\"https:\/\/quehacerpolitico.mx\/?p=98576\" \/>\n<meta property=\"article:published_time\" content=\"2023-02-07T15:02:46+00:00\" \/>\n<meta property=\"article:modified_time\" content=\"2023-02-07T15:02:49+00:00\" \/>\n<meta property=\"og:image\" content=\"https:\/\/quehacerpolitico.mx\/wp-content\/uploads\/2023\/02\/A8C4B221-C38F-4718-B373-E9172F0E31C6.jpeg\" \/>\n\t<meta property=\"og:image:width\" content=\"1284\" \/>\n\t<meta property=\"og:image:height\" content=\"587\" \/>\n\t<meta property=\"og:image:type\" content=\"image\/jpeg\" \/>\n<meta name=\"author\" content=\"Redacci\u00f3n QP\" \/>\n<meta name=\"twitter:card\" content=\"summary_large_image\" \/>\n<meta name=\"twitter:label1\" content=\"Escrito por\" \/>\n\t<meta name=\"twitter:data1\" content=\"Redacci\u00f3n QP\" \/>\n\t<meta name=\"twitter:label2\" content=\"Tiempo de lectura\" \/>\n\t<meta name=\"twitter:data2\" content=\"2 minutos\" \/>\n<script type=\"application\/ld+json\" class=\"yoast-schema-graph\">{\"@context\":\"https:\\\/\\\/schema.org\",\"@graph\":[{\"@type\":\"Article\",\"@id\":\"https:\\\/\\\/quehacerpolitico.mx\\\/?p=98576#article\",\"isPartOf\":{\"@id\":\"https:\\\/\\\/quehacerpolitico.mx\\\/?p=98576\"},\"author\":{\"name\":\"Redacci\u00f3n QP\",\"@id\":\"https:\\\/\\\/quehacerpolitico.mx\\\/#\\\/schema\\\/person\\\/496d8ad2d1d3f8036101dca7ee39e585\"},\"headline\":\"Internacionales\\\/\\\/\\\/Carolina Alonso Romei\\\/\\\/\\\/Turqu\u00eda declara estado de emergencia en zonas afectadas por sismo\",\"datePublished\":\"2023-02-07T15:02:46+00:00\",\"dateModified\":\"2023-02-07T15:02:49+00:00\",\"mainEntityOfPage\":{\"@id\":\"https:\\\/\\\/quehacerpolitico.mx\\\/?p=98576\"},\"wordCount\":431,\"commentCount\":0,\"image\":{\"@id\":\"https:\\\/\\\/quehacerpolitico.mx\\\/?p=98576#primaryimage\"},\"thumbnailUrl\":\"https:\\\/\\\/quehacerpolitico.mx\\\/wp-content\\\/uploads\\\/2023\\\/02\\\/A8C4B221-C38F-4718-B373-E9172F0E31C6.jpeg\",\"articleSection\":[\"Internacionales\"],\"inLanguage\":\"es\",\"potentialAction\":[{\"@type\":\"CommentAction\",\"name\":\"Comment\",\"target\":[\"https:\\\/\\\/quehacerpolitico.mx\\\/?p=98576#respond\"]}]},{\"@type\":\"WebPage\",\"@id\":\"https:\\\/\\\/quehacerpolitico.mx\\\/?p=98576\",\"url\":\"https:\\\/\\\/quehacerpolitico.mx\\\/?p=98576\",\"name\":\"Internacionales\\\/\\\/\\\/Carolina Alonso Romei\\\/\\\/\\\/Turqu\u00eda declara estado de emergencia en zonas afectadas por sismo -\",\"isPartOf\":{\"@id\":\"https:\\\/\\\/quehacerpolitico.mx\\\/#website\"},\"primaryImageOfPage\":{\"@id\":\"https:\\\/\\\/quehacerpolitico.mx\\\/?p=98576#primaryimage\"},\"image\":{\"@id\":\"https:\\\/\\\/quehacerpolitico.mx\\\/?p=98576#primaryimage\"},\"thumbnailUrl\":\"https:\\\/\\\/quehacerpolitico.mx\\\/wp-content\\\/uploads\\\/2023\\\/02\\\/A8C4B221-C38F-4718-B373-E9172F0E31C6.jpeg\",\"datePublished\":\"2023-02-07T15:02:46+00:00\",\"dateModified\":\"2023-02-07T15:02:49+00:00\",\"author\":{\"@id\":\"https:\\\/\\\/quehacerpolitico.mx\\\/#\\\/schema\\\/person\\\/496d8ad2d1d3f8036101dca7ee39e585\"},\"breadcrumb\":{\"@id\":\"https:\\\/\\\/quehacerpolitico.mx\\\/?p=98576#breadcrumb\"},\"inLanguage\":\"es\",\"potentialAction\":[{\"@type\":\"ReadAction\",\"target\":[\"https:\\\/\\\/quehacerpolitico.mx\\\/?p=98576\"]}]},{\"@type\":\"ImageObject\",\"inLanguage\":\"es\",\"@id\":\"https:\\\/\\\/quehacerpolitico.mx\\\/?p=98576#primaryimage\",\"url\":\"https:\\\/\\\/quehacerpolitico.mx\\\/wp-content\\\/uploads\\\/2023\\\/02\\\/A8C4B221-C38F-4718-B373-E9172F0E31C6.jpeg\",\"contentUrl\":\"https:\\\/\\\/quehacerpolitico.mx\\\/wp-content\\\/uploads\\\/2023\\\/02\\\/A8C4B221-C38F-4718-B373-E9172F0E31C6.jpeg\",\"width\":1284,\"height\":587},{\"@type\":\"BreadcrumbList\",\"@id\":\"https:\\\/\\\/quehacerpolitico.mx\\\/?p=98576#breadcrumb\",\"itemListElement\":[{\"@type\":\"ListItem\",\"position\":1,\"name\":\"Inicio\",\"item\":\"https:\\\/\\\/quehacerpolitico.mx\\\/\"},{\"@type\":\"ListItem\",\"position\":2,\"name\":\"Internacionales\\\/\\\/\\\/Carolina Alonso Romei\\\/\\\/\\\/Turqu\u00eda declara estado de emergencia en zonas afectadas por sismo\"}]},{\"@type\":\"WebSite\",\"@id\":\"https:\\\/\\\/quehacerpolitico.mx\\\/#website\",\"url\":\"https:\\\/\\\/quehacerpolitico.mx\\\/\",\"name\":\"\",\"description\":\"\",\"potentialAction\":[{\"@type\":\"SearchAction\",\"target\":{\"@type\":\"EntryPoint\",\"urlTemplate\":\"https:\\\/\\\/quehacerpolitico.mx\\\/?s={search_term_string}\"},\"query-input\":{\"@type\":\"PropertyValueSpecification\",\"valueRequired\":true,\"valueName\":\"search_term_string\"}}],\"inLanguage\":\"es\"},{\"@type\":\"Person\",\"@id\":\"https:\\\/\\\/quehacerpolitico.mx\\\/#\\\/schema\\\/person\\\/496d8ad2d1d3f8036101dca7ee39e585\",\"name\":\"Redacci\u00f3n QP\",\"image\":{\"@type\":\"ImageObject\",\"inLanguage\":\"es\",\"@id\":\"https:\\\/\\\/secure.gravatar.com\\\/avatar\\\/c7164ed6fdec453195284ad24a5ae5b6e1eed2b848477fa2a4787ba9adf39a41?s=96&d=mm&r=g\",\"url\":\"https:\\\/\\\/secure.gravatar.com\\\/avatar\\\/c7164ed6fdec453195284ad24a5ae5b6e1eed2b848477fa2a4787ba9adf39a41?s=96&d=mm&r=g\",\"contentUrl\":\"https:\\\/\\\/secure.gravatar.com\\\/avatar\\\/c7164ed6fdec453195284ad24a5ae5b6e1eed2b848477fa2a4787ba9adf39a41?s=96&d=mm&r=g\",\"caption\":\"Redacci\u00f3n QP\"},\"url\":\"https:\\\/\\\/quehacerpolitico.mx\\\/?author=2\"}]}<\/script>\n<!-- \/ Yoast SEO plugin. -->","yoast_head_json":{"title":"Internacionales\/\/\/Carolina Alonso Romei\/\/\/Turqu\u00eda declara estado de emergencia en zonas afectadas por sismo -","robots":{"index":"index","follow":"follow","max-snippet":"max-snippet:-1","max-image-preview":"max-image-preview:large","max-video-preview":"max-video-preview:-1"},"canonical":"https:\/\/quehacerpolitico.mx\/?p=98576","og_locale":"es_MX","og_type":"article","og_title":"Internacionales\/\/\/Carolina Alonso Romei\/\/\/Turqu\u00eda declara estado de emergencia en zonas afectadas por sismo -","og_description":"Por Carolina Alonso Romei Internacionalista El presidente Recep Tayyip Erdogan se\u00f1al\u00f3 que se destinar\u00e1n cinco...","og_url":"https:\/\/quehacerpolitico.mx\/?p=98576","article_published_time":"2023-02-07T15:02:46+00:00","article_modified_time":"2023-02-07T15:02:49+00:00","og_image":[{"width":1284,"height":587,"url":"https:\/\/quehacerpolitico.mx\/wp-content\/uploads\/2023\/02\/A8C4B221-C38F-4718-B373-E9172F0E31C6.jpeg","type":"image\/jpeg"}],"author":"Redacci\u00f3n QP","twitter_card":"summary_large_image","twitter_misc":{"Escrito por":"Redacci\u00f3n QP","Tiempo de lectura":"2 minutos"},"schema":{"@context":"https:\/\/schema.org","@graph":[{"@type":"Article","@id":"https:\/\/quehacerpolitico.mx\/?p=98576#article","isPartOf":{"@id":"https:\/\/quehacerpolitico.mx\/?p=98576"},"author":{"name":"Redacci\u00f3n QP","@id":"https:\/\/quehacerpolitico.mx\/#\/schema\/person\/496d8ad2d1d3f8036101dca7ee39e585"},"headline":"Internacionales\/\/\/Carolina Alonso Romei\/\/\/Turqu\u00eda declara estado de emergencia en zonas afectadas por sismo","datePublished":"2023-02-07T15:02:46+00:00","dateModified":"2023-02-07T15:02:49+00:00","mainEntityOfPage":{"@id":"https:\/\/quehacerpolitico.mx\/?p=98576"},"wordCount":431,"commentCount":0,"image":{"@id":"https:\/\/quehacerpolitico.mx\/?p=98576#primaryimage"},"thumbnailUrl":"https:\/\/quehacerpolitico.mx\/wp-content\/uploads\/2023\/02\/A8C4B221-C38F-4718-B373-E9172F0E31C6.jpeg","articleSection":["Internacionales"],"inLanguage":"es","potentialAction":[{"@type":"CommentAction","name":"Comment","target":["https:\/\/quehacerpolitico.mx\/?p=98576#respond"]}]},{"@type":"WebPage","@id":"https:\/\/quehacerpolitico.mx\/?p=98576","url":"https:\/\/quehacerpolitico.mx\/?p=98576","name":"Internacionales\/\/\/Carolina Alonso Romei\/\/\/Turqu\u00eda declara estado de emergencia en zonas afectadas por sismo -","isPartOf":{"@id":"https:\/\/quehacerpolitico.mx\/#website"},"primaryImageOfPage":{"@id":"https:\/\/quehacerpolitico.mx\/?p=98576#primaryimage"},"image":{"@id":"https:\/\/quehacerpolitico.mx\/?p=98576#primaryimage"},"thumbnailUrl":"https:\/\/quehacerpolitico.mx\/wp-content\/uploads\/2023\/02\/A8C4B221-C38F-4718-B373-E9172F0E31C6.jpeg","datePublished":"2023-02-07T15:02:46+00:00","dateModified":"2023-02-07T15:02:49+00:00","author":{"@id":"https:\/\/quehacerpolitico.mx\/#\/schema\/person\/496d8ad2d1d3f8036101dca7ee39e585"},"breadcrumb":{"@id":"https:\/\/quehacerpolitico.mx\/?p=98576#breadcrumb"},"inLanguage":"es","potentialAction":[{"@type":"ReadAction","target":["https:\/\/quehacerpolitico.mx\/?p=98576"]}]},{"@type":"ImageObject","inLanguage":"es","@id":"https:\/\/quehacerpolitico.mx\/?p=98576#primaryimage","url":"https:\/\/quehacerpolitico.mx\/wp-content\/uploads\/2023\/02\/A8C4B221-C38F-4718-B373-E9172F0E31C6.jpeg","contentUrl":"https:\/\/quehacerpolitico.mx\/wp-content\/uploads\/2023\/02\/A8C4B221-C38F-4718-B373-E9172F0E31C6.jpeg","width":1284,"height":587},{"@type":"BreadcrumbList","@id":"https:\/\/quehacerpolitico.mx\/?p=98576#breadcrumb","itemListElement":[{"@type":"ListItem","position":1,"name":"Inicio","item":"https:\/\/quehacerpolitico.mx\/"},{"@type":"ListItem","position":2,"name":"Internacionales\/\/\/Carolina Alonso Romei\/\/\/Turqu\u00eda declara estado de emergencia en zonas afectadas por sismo"}]},{"@type":"WebSite","@id":"https:\/\/quehacerpolitico.mx\/#website","url":"https:\/\/quehacerpolitico.mx\/","name":"","description":"","potentialAction":[{"@type":"SearchAction","target":{"@type":"EntryPoint","urlTemplate":"https:\/\/quehacerpolitico.mx\/?s={search_term_string}"},"query-input":{"@type":"PropertyValueSpecification","valueRequired":true,"valueName":"search_term_string"}}],"inLanguage":"es"},{"@type":"Person","@id":"https:\/\/quehacerpolitico.mx\/#\/schema\/person\/496d8ad2d1d3f8036101dca7ee39e585","name":"Redacci\u00f3n QP","image":{"@type":"ImageObject","inLanguage":"es","@id":"https:\/\/secure.gravatar.com\/avatar\/c7164ed6fdec453195284ad24a5ae5b6e1eed2b848477fa2a4787ba9adf39a41?s=96&d=mm&r=g","url":"https:\/\/secure.gravatar.com\/avatar\/c7164ed6fdec453195284ad24a5ae5b6e1eed2b848477fa2a4787ba9adf39a41?s=96&d=mm&r=g","contentUrl":"https:\/\/secure.gravatar.com\/avatar\/c7164ed6fdec453195284ad24a5ae5b6e1eed2b848477fa2a4787ba9adf39a41?s=96&d=mm&r=g","caption":"Redacci\u00f3n QP"},"url":"https:\/\/quehacerpolitico.mx\/?author=2"}]}},"featured_image_urls":{"full":["https:\/\/quehacerpolitico.mx\/wp-content\/uploads\/2023\/02\/A8C4B221-C38F-4718-B373-E9172F0E31C6.jpeg",1284,587,false],"thumbnail":["https:\/\/quehacerpolitico.mx\/wp-content\/uploads\/2023\/02\/A8C4B221-C38F-4718-B373-E9172F0E31C6-150x150.jpeg",150,150,true],"medium":["https:\/\/quehacerpolitico.mx\/wp-content\/uploads\/2023\/02\/A8C4B221-C38F-4718-B373-E9172F0E31C6-300x137.jpeg",300,137,true],"medium_large":["https:\/\/quehacerpolitico.mx\/wp-content\/uploads\/2023\/02\/A8C4B221-C38F-4718-B373-E9172F0E31C6-768x351.jpeg",640,293,true],"large":["https:\/\/quehacerpolitico.mx\/wp-content\/uploads\/2023\/02\/A8C4B221-C38F-4718-B373-E9172F0E31C6-1024x468.jpeg",640,293,true],"1536x1536":["https:\/\/quehacerpolitico.mx\/wp-content\/uploads\/2023\/02\/A8C4B221-C38F-4718-B373-E9172F0E31C6.jpeg",1284,587,false],"2048x2048":["https:\/\/quehacerpolitico.mx\/wp-content\/uploads\/2023\/02\/A8C4B221-C38F-4718-B373-E9172F0E31C6.jpeg",1284,587,false],"covernews-featured":["https:\/\/quehacerpolitico.mx\/wp-content\/uploads\/2023\/02\/A8C4B221-C38F-4718-B373-E9172F0E31C6.jpeg",1024,468,false],"covernews-medium":["https:\/\/quehacerpolitico.mx\/wp-content\/uploads\/2023\/02\/A8C4B221-C38F-4718-B373-E9172F0E31C6.jpeg",540,247,false]},"author_info":{"display_name":"Redacci\u00f3n QP","author_link":"https:\/\/quehacerpolitico.mx\/?author=2"},"category_info":"<a href=\"https:\/\/quehacerpolitico.mx\/?cat=1\" rel=\"category\">Internacionales<\/a>","tag_info":"Internacionales","comment_count":"0","_links":{"self":[{"href":"https:\/\/quehacerpolitico.mx\/index.php?rest_route=\/wp\/v2\/posts\/98576","targetHints":{"allow":["GET"]}}],"collection":[{"href":"https:\/\/quehacerpolitico.mx\/index.php?rest_route=\/wp\/v2\/posts"}],"about":[{"href":"https:\/\/quehacerpolitico.mx\/index.php?rest_route=\/wp\/v2\/types\/post"}],"author":[{"embeddable":true,"href":"https:\/\/quehacerpolitico.mx\/index.php?rest_route=\/wp\/v2\/users\/2"}],"replies":[{"embeddable":true,"href":"https:\/\/quehacerpolitico.mx\/index.php?rest_route=%2Fwp%2Fv2%2Fcomments&post=98576"}],"version-history":[{"count":1,"href":"https:\/\/quehacerpolitico.mx\/index.php?rest_route=\/wp\/v2\/posts\/98576\/revisions"}],"predecessor-version":[{"id":98578,"href":"https:\/\/quehacerpolitico.mx\/index.php?rest_route=\/wp\/v2\/posts\/98576\/revisions\/98578"}],"wp:featuredmedia":[{"embeddable":true,"href":"https:\/\/quehacerpolitico.mx\/index.php?rest_route=\/wp\/v2\/media\/98577"}],"wp:attachment":[{"href":"https:\/\/quehacerpolitico.mx\/index.php?rest_route=%2Fwp%2Fv2%2Fmedia&parent=98576"}],"wp:term":[{"taxonomy":"category","embeddable":true,"href":"https:\/\/quehacerpolitico.mx\/index.php?rest_route=%2Fwp%2Fv2%2Fcategories&post=98576"},{"taxonomy":"post_tag","embeddable":true,"href":"https:\/\/quehacerpolitico.mx\/index.php?rest_route=%2Fwp%2Fv2%2Ftags&post=98576"}],"curies":[{"name":"wp","href":"https:\/\/api.w.org\/{rel}","templated":true}]}}