{"id":98573,"date":"2023-02-07T01:48:06","date_gmt":"2023-02-07T01:48:06","guid":{"rendered":"https:\/\/quehacerpolitico.mx\/?p=98573"},"modified":"2023-02-07T01:48:10","modified_gmt":"2023-02-07T01:48:10","slug":"leonardo-padura-gana-premio-pepe-carvalho-2023-de-novela-negra","status":"publish","type":"post","link":"https:\/\/quehacerpolitico.mx\/?p=98573","title":{"rendered":"Leonardo Padura gana Premio Pepe Carvalho 2023 de novela negra"},"content":{"rendered":"\n<p>Por Redacci\u00f3n QP<\/p>\n\n\n\n<p>Leonardo Padura recibi\u00f3 este importante reconocimiento de las letras\u00a0por \u201cconstruir una obra tan cubana como universal\u201d<\/p>\n\n\n\n<p><strong>El escritor de origen cubano Leonardo Padura ha sido reconocido, de acuerdo con informaci\u00f3n dada a conocer este d\u00eda, con el Premio Pepe Carvalho, que otorga el festival BCNegra a un autor destacado en el g\u00e9nero de la novela negra; as\u00ed, de acuerdo con el veredicto del jurado, se decidi\u00f3 otorgar el galard\u00f3n al novelista caribe\u00f1o por \u201cconstruir una obra tan cubana como universal\u201d.<\/strong><\/p>\n\n\n\n<figure class=\"wp-block-embed is-type-rich is-provider-twitter wp-block-embed-twitter\"><div class=\"wp-block-embed__wrapper\">\n<blockquote class=\"twitter-tweet\" data-width=\"550\" data-dnt=\"true\"><p lang=\"ca\" dir=\"ltr\">TW: \ud83d\udce2 Ja sabem qui \u00e9s el guanyador del Premi Pepe Carvalho 2023!<br><br>\ud83c\udfc6 Leonardo Padura!<br>\u270d\ufe0f L&#39;escriptor cub\u00e0, creador del personatge Mario  Conde, ha volgut de dedicar unes paraules a totes les lectores i lectors!<br><br>\ud83d\udc4f Enhorabona!<br><br>\u2139\ufe0f <a href=\"https:\/\/t.co\/DaLgOoHtyG\">https:\/\/t.co\/DaLgOoHtyG<\/a> <a href=\"https:\/\/t.co\/CeECVYOQcm\">pic.twitter.com\/CeECVYOQcm<\/a><\/p>&mdash; Barcelona Cultura (@bcncultura) <a href=\"https:\/\/twitter.com\/bcncultura\/status\/1622634521672679434?ref_src=twsrc%5Etfw\">February 6, 2023<\/a><\/blockquote><script async src=\"https:\/\/platform.twitter.com\/widgets.js\" charset=\"utf-8\"><\/script>\n<\/div><\/figure>\n\n\n\n<p>En estos t\u00e9rminos, desde el comienzo de su carrera literaria, Padura se ha caracterizado por ser un cr\u00edtico de la sociedad y la pol\u00edtica de su pa\u00eds,\u00a0<strong>abordando temas como la corrupci\u00f3n, la violencia y la pobreza no s\u00f3lo durante el periodo de la revoluci\u00f3n<\/strong>\u00a0sino, asimismo, buscando sus ra\u00edces en la historia de la isla anterior a 1959.<\/p>\n\n\n\n<p>De esta forma, Padura ha experimentado tambi\u00e9n con diversos g\u00e9neros, desde el relato, la memoria o la cr\u00f3nica hasta el reportaje period\u00edstico.\u00a0<strong>Sin embargo, es a trav\u00e9s de su personaje emblem\u00e1tico, el detective Mario Conde, protagonista de sus novelas polic\u00edacas, que sus lectores se dan una idea de lo que significa recorrer las calles de La Habana,<\/strong>\u00a0desde los a\u00f1os ochenta hasta la \u00e9poca actual, en una entorno donde se ahondan las contradicciones.<\/p>\n\n\n\n<p>Destacan en esta bibliograf\u00eda del personaje, la tetralog\u00eda de las \u2018Cuatro estaciones\u2019 \u2014formada por las novelas \u2018Pasado perfecto\u2019 (1991), \u2018Vientos de Cuaresma\u2019 (1994), \u2018M\u00e1scaras\u2019 (1997) y \u2018Paisaje de oto\u00f1o\u2019 (1998)\u2014, pero a ella se suman novelas como \u2018Adi\u00f3s, Hemingway\u2019 (2001), \u2018La neblina del ayer\u2019 (2005), \u2018La cola de la serpiente\u2019 (2011), \u2018Herejes\u2019 (2013), \u2018La transparencia del tiempo\u2019 (2018) y \u2018Como polvo en el viento\u2019 (2022).<\/p>\n\n\n\n<p>Padura ha destacado tambi\u00e9n como novelista en otros temas, as\u00ed como ensayista literario; en su larga carrera&nbsp;<strong>ha recibido numerosas distinciones, como el Premio Nacional de Literatura de Cuba en 2012, la Orden de las Artes y las Letras<\/strong>&nbsp;que le otorg\u00f3 el gobierno franc\u00e9s en 2013 por el conjunto de su obra o el Premio Princesa de Asturias de las Letras, en 2015.<\/p>\n","protected":false},"excerpt":{"rendered":"<p>Por Redacci\u00f3n QP Leonardo Padura recibi\u00f3 este importante reconocimiento de las letras\u00a0por \u201cconstruir una obra&#8230;<\/p>\n","protected":false},"author":2,"featured_media":98574,"comment_status":"open","ping_status":"open","sticky":false,"template":"","format":"standard","meta":{"_monsterinsights_skip_tracking":false,"_monsterinsights_sitenote_active":false,"_monsterinsights_sitenote_note":"","_monsterinsights_sitenote_category":0,"footnotes":""},"categories":[58],"tags":[],"class_list":["post-98573","post","type-post","status-publish","format-standard","has-post-thumbnail","hentry","category-cultura"],"yoast_head":"<!-- This site is optimized with the Yoast SEO plugin v27.3 - https:\/\/yoast.com\/product\/yoast-seo-wordpress\/ -->\n<title>Leonardo Padura gana Premio Pepe Carvalho 2023 de novela negra -<\/title>\n<meta name=\"robots\" content=\"index, follow, max-snippet:-1, max-image-preview:large, max-video-preview:-1\" \/>\n<link rel=\"canonical\" href=\"https:\/\/quehacerpolitico.mx\/?p=98573\" \/>\n<meta property=\"og:locale\" content=\"es_MX\" \/>\n<meta property=\"og:type\" content=\"article\" \/>\n<meta property=\"og:title\" content=\"Leonardo Padura gana Premio Pepe Carvalho 2023 de novela negra -\" \/>\n<meta property=\"og:description\" content=\"Por Redacci\u00f3n QP Leonardo Padura recibi\u00f3 este importante reconocimiento de las letras\u00a0por \u201cconstruir una obra...\" \/>\n<meta property=\"og:url\" content=\"https:\/\/quehacerpolitico.mx\/?p=98573\" \/>\n<meta property=\"article:published_time\" content=\"2023-02-07T01:48:06+00:00\" \/>\n<meta property=\"article:modified_time\" content=\"2023-02-07T01:48:10+00:00\" \/>\n<meta property=\"og:image\" content=\"https:\/\/quehacerpolitico.mx\/wp-content\/uploads\/2023\/02\/D733EEF0-326D-44A9-A386-6163CEFEB425.jpeg\" \/>\n\t<meta property=\"og:image:width\" content=\"275\" \/>\n\t<meta property=\"og:image:height\" content=\"184\" \/>\n\t<meta property=\"og:image:type\" content=\"image\/jpeg\" \/>\n<meta name=\"author\" content=\"Redacci\u00f3n QP\" \/>\n<meta name=\"twitter:card\" content=\"summary_large_image\" \/>\n<meta name=\"twitter:label1\" content=\"Escrito por\" \/>\n\t<meta name=\"twitter:data1\" content=\"Redacci\u00f3n QP\" \/>\n\t<meta name=\"twitter:label2\" content=\"Tiempo de lectura\" \/>\n\t<meta name=\"twitter:data2\" content=\"2 minutos\" \/>\n<script type=\"application\/ld+json\" class=\"yoast-schema-graph\">{\"@context\":\"https:\\\/\\\/schema.org\",\"@graph\":[{\"@type\":\"Article\",\"@id\":\"https:\\\/\\\/quehacerpolitico.mx\\\/?p=98573#article\",\"isPartOf\":{\"@id\":\"https:\\\/\\\/quehacerpolitico.mx\\\/?p=98573\"},\"author\":{\"name\":\"Redacci\u00f3n QP\",\"@id\":\"https:\\\/\\\/quehacerpolitico.mx\\\/#\\\/schema\\\/person\\\/496d8ad2d1d3f8036101dca7ee39e585\"},\"headline\":\"Leonardo Padura gana Premio Pepe Carvalho 2023 de novela negra\",\"datePublished\":\"2023-02-07T01:48:06+00:00\",\"dateModified\":\"2023-02-07T01:48:10+00:00\",\"mainEntityOfPage\":{\"@id\":\"https:\\\/\\\/quehacerpolitico.mx\\\/?p=98573\"},\"wordCount\":384,\"commentCount\":0,\"image\":{\"@id\":\"https:\\\/\\\/quehacerpolitico.mx\\\/?p=98573#primaryimage\"},\"thumbnailUrl\":\"https:\\\/\\\/quehacerpolitico.mx\\\/wp-content\\\/uploads\\\/2023\\\/02\\\/D733EEF0-326D-44A9-A386-6163CEFEB425.jpeg\",\"articleSection\":[\"Cultura y Entretenimiento\"],\"inLanguage\":\"es\",\"potentialAction\":[{\"@type\":\"CommentAction\",\"name\":\"Comment\",\"target\":[\"https:\\\/\\\/quehacerpolitico.mx\\\/?p=98573#respond\"]}]},{\"@type\":\"WebPage\",\"@id\":\"https:\\\/\\\/quehacerpolitico.mx\\\/?p=98573\",\"url\":\"https:\\\/\\\/quehacerpolitico.mx\\\/?p=98573\",\"name\":\"Leonardo Padura gana Premio Pepe Carvalho 2023 de novela negra -\",\"isPartOf\":{\"@id\":\"https:\\\/\\\/quehacerpolitico.mx\\\/#website\"},\"primaryImageOfPage\":{\"@id\":\"https:\\\/\\\/quehacerpolitico.mx\\\/?p=98573#primaryimage\"},\"image\":{\"@id\":\"https:\\\/\\\/quehacerpolitico.mx\\\/?p=98573#primaryimage\"},\"thumbnailUrl\":\"https:\\\/\\\/quehacerpolitico.mx\\\/wp-content\\\/uploads\\\/2023\\\/02\\\/D733EEF0-326D-44A9-A386-6163CEFEB425.jpeg\",\"datePublished\":\"2023-02-07T01:48:06+00:00\",\"dateModified\":\"2023-02-07T01:48:10+00:00\",\"author\":{\"@id\":\"https:\\\/\\\/quehacerpolitico.mx\\\/#\\\/schema\\\/person\\\/496d8ad2d1d3f8036101dca7ee39e585\"},\"breadcrumb\":{\"@id\":\"https:\\\/\\\/quehacerpolitico.mx\\\/?p=98573#breadcrumb\"},\"inLanguage\":\"es\",\"potentialAction\":[{\"@type\":\"ReadAction\",\"target\":[\"https:\\\/\\\/quehacerpolitico.mx\\\/?p=98573\"]}]},{\"@type\":\"ImageObject\",\"inLanguage\":\"es\",\"@id\":\"https:\\\/\\\/quehacerpolitico.mx\\\/?p=98573#primaryimage\",\"url\":\"https:\\\/\\\/quehacerpolitico.mx\\\/wp-content\\\/uploads\\\/2023\\\/02\\\/D733EEF0-326D-44A9-A386-6163CEFEB425.jpeg\",\"contentUrl\":\"https:\\\/\\\/quehacerpolitico.mx\\\/wp-content\\\/uploads\\\/2023\\\/02\\\/D733EEF0-326D-44A9-A386-6163CEFEB425.jpeg\",\"width\":275,\"height\":184},{\"@type\":\"BreadcrumbList\",\"@id\":\"https:\\\/\\\/quehacerpolitico.mx\\\/?p=98573#breadcrumb\",\"itemListElement\":[{\"@type\":\"ListItem\",\"position\":1,\"name\":\"Inicio\",\"item\":\"https:\\\/\\\/quehacerpolitico.mx\\\/\"},{\"@type\":\"ListItem\",\"position\":2,\"name\":\"Leonardo Padura gana Premio Pepe Carvalho 2023 de novela negra\"}]},{\"@type\":\"WebSite\",\"@id\":\"https:\\\/\\\/quehacerpolitico.mx\\\/#website\",\"url\":\"https:\\\/\\\/quehacerpolitico.mx\\\/\",\"name\":\"\",\"description\":\"\",\"potentialAction\":[{\"@type\":\"SearchAction\",\"target\":{\"@type\":\"EntryPoint\",\"urlTemplate\":\"https:\\\/\\\/quehacerpolitico.mx\\\/?s={search_term_string}\"},\"query-input\":{\"@type\":\"PropertyValueSpecification\",\"valueRequired\":true,\"valueName\":\"search_term_string\"}}],\"inLanguage\":\"es\"},{\"@type\":\"Person\",\"@id\":\"https:\\\/\\\/quehacerpolitico.mx\\\/#\\\/schema\\\/person\\\/496d8ad2d1d3f8036101dca7ee39e585\",\"name\":\"Redacci\u00f3n QP\",\"image\":{\"@type\":\"ImageObject\",\"inLanguage\":\"es\",\"@id\":\"https:\\\/\\\/secure.gravatar.com\\\/avatar\\\/c7164ed6fdec453195284ad24a5ae5b6e1eed2b848477fa2a4787ba9adf39a41?s=96&d=mm&r=g\",\"url\":\"https:\\\/\\\/secure.gravatar.com\\\/avatar\\\/c7164ed6fdec453195284ad24a5ae5b6e1eed2b848477fa2a4787ba9adf39a41?s=96&d=mm&r=g\",\"contentUrl\":\"https:\\\/\\\/secure.gravatar.com\\\/avatar\\\/c7164ed6fdec453195284ad24a5ae5b6e1eed2b848477fa2a4787ba9adf39a41?s=96&d=mm&r=g\",\"caption\":\"Redacci\u00f3n QP\"},\"url\":\"https:\\\/\\\/quehacerpolitico.mx\\\/?author=2\"}]}<\/script>\n<!-- \/ Yoast SEO plugin. -->","yoast_head_json":{"title":"Leonardo Padura gana Premio Pepe Carvalho 2023 de novela negra -","robots":{"index":"index","follow":"follow","max-snippet":"max-snippet:-1","max-image-preview":"max-image-preview:large","max-video-preview":"max-video-preview:-1"},"canonical":"https:\/\/quehacerpolitico.mx\/?p=98573","og_locale":"es_MX","og_type":"article","og_title":"Leonardo Padura gana Premio Pepe Carvalho 2023 de novela negra -","og_description":"Por Redacci\u00f3n QP Leonardo Padura recibi\u00f3 este importante reconocimiento de las letras\u00a0por \u201cconstruir una obra...","og_url":"https:\/\/quehacerpolitico.mx\/?p=98573","article_published_time":"2023-02-07T01:48:06+00:00","article_modified_time":"2023-02-07T01:48:10+00:00","og_image":[{"width":275,"height":184,"url":"https:\/\/quehacerpolitico.mx\/wp-content\/uploads\/2023\/02\/D733EEF0-326D-44A9-A386-6163CEFEB425.jpeg","type":"image\/jpeg"}],"author":"Redacci\u00f3n QP","twitter_card":"summary_large_image","twitter_misc":{"Escrito por":"Redacci\u00f3n QP","Tiempo de lectura":"2 minutos"},"schema":{"@context":"https:\/\/schema.org","@graph":[{"@type":"Article","@id":"https:\/\/quehacerpolitico.mx\/?p=98573#article","isPartOf":{"@id":"https:\/\/quehacerpolitico.mx\/?p=98573"},"author":{"name":"Redacci\u00f3n QP","@id":"https:\/\/quehacerpolitico.mx\/#\/schema\/person\/496d8ad2d1d3f8036101dca7ee39e585"},"headline":"Leonardo Padura gana Premio Pepe Carvalho 2023 de novela negra","datePublished":"2023-02-07T01:48:06+00:00","dateModified":"2023-02-07T01:48:10+00:00","mainEntityOfPage":{"@id":"https:\/\/quehacerpolitico.mx\/?p=98573"},"wordCount":384,"commentCount":0,"image":{"@id":"https:\/\/quehacerpolitico.mx\/?p=98573#primaryimage"},"thumbnailUrl":"https:\/\/quehacerpolitico.mx\/wp-content\/uploads\/2023\/02\/D733EEF0-326D-44A9-A386-6163CEFEB425.jpeg","articleSection":["Cultura y Entretenimiento"],"inLanguage":"es","potentialAction":[{"@type":"CommentAction","name":"Comment","target":["https:\/\/quehacerpolitico.mx\/?p=98573#respond"]}]},{"@type":"WebPage","@id":"https:\/\/quehacerpolitico.mx\/?p=98573","url":"https:\/\/quehacerpolitico.mx\/?p=98573","name":"Leonardo Padura gana Premio Pepe Carvalho 2023 de novela negra -","isPartOf":{"@id":"https:\/\/quehacerpolitico.mx\/#website"},"primaryImageOfPage":{"@id":"https:\/\/quehacerpolitico.mx\/?p=98573#primaryimage"},"image":{"@id":"https:\/\/quehacerpolitico.mx\/?p=98573#primaryimage"},"thumbnailUrl":"https:\/\/quehacerpolitico.mx\/wp-content\/uploads\/2023\/02\/D733EEF0-326D-44A9-A386-6163CEFEB425.jpeg","datePublished":"2023-02-07T01:48:06+00:00","dateModified":"2023-02-07T01:48:10+00:00","author":{"@id":"https:\/\/quehacerpolitico.mx\/#\/schema\/person\/496d8ad2d1d3f8036101dca7ee39e585"},"breadcrumb":{"@id":"https:\/\/quehacerpolitico.mx\/?p=98573#breadcrumb"},"inLanguage":"es","potentialAction":[{"@type":"ReadAction","target":["https:\/\/quehacerpolitico.mx\/?p=98573"]}]},{"@type":"ImageObject","inLanguage":"es","@id":"https:\/\/quehacerpolitico.mx\/?p=98573#primaryimage","url":"https:\/\/quehacerpolitico.mx\/wp-content\/uploads\/2023\/02\/D733EEF0-326D-44A9-A386-6163CEFEB425.jpeg","contentUrl":"https:\/\/quehacerpolitico.mx\/wp-content\/uploads\/2023\/02\/D733EEF0-326D-44A9-A386-6163CEFEB425.jpeg","width":275,"height":184},{"@type":"BreadcrumbList","@id":"https:\/\/quehacerpolitico.mx\/?p=98573#breadcrumb","itemListElement":[{"@type":"ListItem","position":1,"name":"Inicio","item":"https:\/\/quehacerpolitico.mx\/"},{"@type":"ListItem","position":2,"name":"Leonardo Padura gana Premio Pepe Carvalho 2023 de novela negra"}]},{"@type":"WebSite","@id":"https:\/\/quehacerpolitico.mx\/#website","url":"https:\/\/quehacerpolitico.mx\/","name":"","description":"","potentialAction":[{"@type":"SearchAction","target":{"@type":"EntryPoint","urlTemplate":"https:\/\/quehacerpolitico.mx\/?s={search_term_string}"},"query-input":{"@type":"PropertyValueSpecification","valueRequired":true,"valueName":"search_term_string"}}],"inLanguage":"es"},{"@type":"Person","@id":"https:\/\/quehacerpolitico.mx\/#\/schema\/person\/496d8ad2d1d3f8036101dca7ee39e585","name":"Redacci\u00f3n QP","image":{"@type":"ImageObject","inLanguage":"es","@id":"https:\/\/secure.gravatar.com\/avatar\/c7164ed6fdec453195284ad24a5ae5b6e1eed2b848477fa2a4787ba9adf39a41?s=96&d=mm&r=g","url":"https:\/\/secure.gravatar.com\/avatar\/c7164ed6fdec453195284ad24a5ae5b6e1eed2b848477fa2a4787ba9adf39a41?s=96&d=mm&r=g","contentUrl":"https:\/\/secure.gravatar.com\/avatar\/c7164ed6fdec453195284ad24a5ae5b6e1eed2b848477fa2a4787ba9adf39a41?s=96&d=mm&r=g","caption":"Redacci\u00f3n QP"},"url":"https:\/\/quehacerpolitico.mx\/?author=2"}]}},"featured_image_urls":{"full":["https:\/\/quehacerpolitico.mx\/wp-content\/uploads\/2023\/02\/D733EEF0-326D-44A9-A386-6163CEFEB425.jpeg",275,184,false],"thumbnail":["https:\/\/quehacerpolitico.mx\/wp-content\/uploads\/2023\/02\/D733EEF0-326D-44A9-A386-6163CEFEB425-150x150.jpeg",150,150,true],"medium":["https:\/\/quehacerpolitico.mx\/wp-content\/uploads\/2023\/02\/D733EEF0-326D-44A9-A386-6163CEFEB425.jpeg",275,184,false],"medium_large":["https:\/\/quehacerpolitico.mx\/wp-content\/uploads\/2023\/02\/D733EEF0-326D-44A9-A386-6163CEFEB425.jpeg",275,184,false],"large":["https:\/\/quehacerpolitico.mx\/wp-content\/uploads\/2023\/02\/D733EEF0-326D-44A9-A386-6163CEFEB425.jpeg",275,184,false],"1536x1536":["https:\/\/quehacerpolitico.mx\/wp-content\/uploads\/2023\/02\/D733EEF0-326D-44A9-A386-6163CEFEB425.jpeg",275,184,false],"2048x2048":["https:\/\/quehacerpolitico.mx\/wp-content\/uploads\/2023\/02\/D733EEF0-326D-44A9-A386-6163CEFEB425.jpeg",275,184,false],"covernews-featured":["https:\/\/quehacerpolitico.mx\/wp-content\/uploads\/2023\/02\/D733EEF0-326D-44A9-A386-6163CEFEB425.jpeg",275,184,false],"covernews-medium":["https:\/\/quehacerpolitico.mx\/wp-content\/uploads\/2023\/02\/D733EEF0-326D-44A9-A386-6163CEFEB425.jpeg",275,184,false]},"author_info":{"display_name":"Redacci\u00f3n QP","author_link":"https:\/\/quehacerpolitico.mx\/?author=2"},"category_info":"<a href=\"https:\/\/quehacerpolitico.mx\/?cat=58\" rel=\"category\">Cultura y Entretenimiento<\/a>","tag_info":"Cultura y Entretenimiento","comment_count":"0","_links":{"self":[{"href":"https:\/\/quehacerpolitico.mx\/index.php?rest_route=\/wp\/v2\/posts\/98573","targetHints":{"allow":["GET"]}}],"collection":[{"href":"https:\/\/quehacerpolitico.mx\/index.php?rest_route=\/wp\/v2\/posts"}],"about":[{"href":"https:\/\/quehacerpolitico.mx\/index.php?rest_route=\/wp\/v2\/types\/post"}],"author":[{"embeddable":true,"href":"https:\/\/quehacerpolitico.mx\/index.php?rest_route=\/wp\/v2\/users\/2"}],"replies":[{"embeddable":true,"href":"https:\/\/quehacerpolitico.mx\/index.php?rest_route=%2Fwp%2Fv2%2Fcomments&post=98573"}],"version-history":[{"count":1,"href":"https:\/\/quehacerpolitico.mx\/index.php?rest_route=\/wp\/v2\/posts\/98573\/revisions"}],"predecessor-version":[{"id":98575,"href":"https:\/\/quehacerpolitico.mx\/index.php?rest_route=\/wp\/v2\/posts\/98573\/revisions\/98575"}],"wp:featuredmedia":[{"embeddable":true,"href":"https:\/\/quehacerpolitico.mx\/index.php?rest_route=\/wp\/v2\/media\/98574"}],"wp:attachment":[{"href":"https:\/\/quehacerpolitico.mx\/index.php?rest_route=%2Fwp%2Fv2%2Fmedia&parent=98573"}],"wp:term":[{"taxonomy":"category","embeddable":true,"href":"https:\/\/quehacerpolitico.mx\/index.php?rest_route=%2Fwp%2Fv2%2Fcategories&post=98573"},{"taxonomy":"post_tag","embeddable":true,"href":"https:\/\/quehacerpolitico.mx\/index.php?rest_route=%2Fwp%2Fv2%2Ftags&post=98573"}],"curies":[{"name":"wp","href":"https:\/\/api.w.org\/{rel}","templated":true}]}}