{"id":98570,"date":"2023-02-07T01:32:17","date_gmt":"2023-02-07T01:32:17","guid":{"rendered":"https:\/\/quehacerpolitico.mx\/?p=98570"},"modified":"2023-02-07T01:32:21","modified_gmt":"2023-02-07T01:32:21","slug":"testigo-dice-que-garcia-luna-pago-a-diario-para-limpiar-imagen","status":"publish","type":"post","link":"https:\/\/quehacerpolitico.mx\/?p=98570","title":{"rendered":"Testigo dice que Garc\u00eda Luna pag\u00f3 a diario para limpiar imagen"},"content":{"rendered":"\n<p>Por Redacci\u00f3n QP<\/p>\n\n\n\n<p>El exfuncionario\u00a0H\u00e9ctor Villarreal dijo que el exsecretario de Seguridad P\u00fablica pagaba\u00a025 millones de pesos mensuales al diario<\/p>\n\n\n\n<p>El<strong>\u00a0exfuncionario<\/strong>\u00a0<strong>H\u00e9ctor Villarreal<\/strong>\u00a0asegur\u00f3 este lunes en un tribunal de Nueva York que el exsecretario de Seguridad P\u00fablica de M\u00e9xico,\u00a0<strong>Genaro Garc\u00eda Luna,\u00a0<\/strong>pagaba mensualmente 25 millones de pesos mexicanos (1.3 millones de d\u00f3lares al cambio actual) a un\u00a0peri\u00f3dico de circulaci\u00f3n nacional\u00a0<strong>para limpiar su imagen<\/strong>.<\/p>\n\n\n\n<p>Seg\u00fan Villarreal,\u00a0<strong>exsecretario de Finanzas<\/strong>\u00a0de Coahuila, Garc\u00eda Luna le pidi\u00f3 al exgobernador de dicho estado, Humberto Moreira, en una\u00a0<strong>reuni\u00f3n celebrada en 2009<\/strong>\u00a0y en la que \u00e9l estaba presente, que quer\u00eda acercarse al due\u00f1o del diario porque\u00a0<strong>&#8220;hab\u00eda ciertos rumores&#8221;<\/strong>\u00a0que aseguraban que un c\u00e1rtel hab\u00eda secuestrado a Garc\u00eda Luna y que lo &#8220;relacionaban con ciertos personajes de los c\u00e1rteles&#8221;.<\/p>\n\n\n\n<p><strong>Estos &#8220;rumores&#8221; hac\u00edan referencia al supuesto secuestro<\/strong>\u00a0del exsecretario de Seguridad P\u00fablica ordenado por el capo de la droga Arturo Beltr\u00e1n Leyva, l\u00edder del clan de los Leyva, en 2008, y que ha sido mencionado durante el proceso por narcotr\u00e1fico contra Garc\u00eda Luna por\u00a0<strong>varios testigos de la Fiscal\u00eda<\/strong>.<\/p>\n\n\n\n<p>Seg\u00fan Villarreal, que espera sentencia en Estados Unidos donde se ha declarado culpable de blanqueo de dinero,&nbsp;<strong>Garc\u00eda Luna quer\u00eda acercarse al presidente<\/strong>&nbsp;ejecutivo del medio&nbsp;&#8220;para que supiera que todo eso no era real&#8221;.<\/p>\n\n\n\n<p>El exfuncionario corrupto tambi\u00e9n asegur\u00f3 que Moreira le coment\u00f3 a Garc\u00eda Luna en una reuni\u00f3n posterior en la que \u00e9l estuvo presente que\u00a0<strong>&#8220;el acuerdo\u00a0era de 25 millones de pesos para apoyarlo<\/strong>&#8220;.<\/p>\n\n\n\n<p>Posteriormente, Villarreal relat\u00f3 que tambi\u00e9n&nbsp;<strong>estuvo presente en el primer pago al diario de m\u00e1xima tirada mexicano,<\/strong>&nbsp;que lo realiz\u00f3 un funcionario que trabajaba a las \u00f3rdenes de Garc\u00eda Luna e identificado como Sergio Monta\u00f1o.<\/p>\n\n\n\n<p><strong>Dicha entrega se llev\u00f3 a cabo<\/strong>, supuestamente, en las&nbsp;<strong>oficinas del peri\u00f3dico<\/strong>&nbsp;y supuso el cierre del acuerdo. &#8220;Sergio llevaba una maleta peque\u00f1a con efectivo y cont\u00f3 que lo dem\u00e1s lo llevaba en la camioneta&#8221; con la que hab\u00edan viajado hasta las instalaciones del medio.<\/p>\n\n\n\n<p>Asimismo, Villarreal agreg\u00f3 que en otra ocasi\u00f3n, tambi\u00e9n en 2009,&nbsp;<strong>Monta\u00f1o le pidi\u00f3 el favor de entregar 10 millones de pesos mexicanos<\/strong>&nbsp;(522,000 de d\u00f3lares al cambio actual) al diario. Pago que Villarreal&nbsp;<strong>realiz\u00f3 a trav\u00e9s de una factura del Gobierno de Coahuila,<\/strong>&nbsp;cuyo concepto era la publicaci\u00f3n de una campa\u00f1a para rescatar al turismo.<\/p>\n\n\n\n<p><strong>Dicha factura<\/strong>, que seg\u00fan Villarreal se guardaba en una &#8220;caja independiente&#8221; junto a todos los pagos relacionados con la corrupci\u00f3n,\u00a0<strong>fue mostrada como prueba por la Fiscal\u00eda<\/strong>.<\/p>\n\n\n\n<figure class=\"wp-block-embed is-type-rich is-provider-twitter wp-block-embed-twitter\"><div class=\"wp-block-embed__wrapper\">\n<blockquote class=\"twitter-tweet\" data-width=\"550\" data-dnt=\"true\"><p lang=\"es\" dir=\"ltr\">\ud83d\udea8<a href=\"https:\/\/twitter.com\/hashtag\/%C3%9ALTIMAHORA?src=hash&amp;ref_src=twsrc%5Etfw\">#\u00daLTIMAHORA<\/a> | La Fiscal\u00eda estadounidense revel\u00f3 la captura del pago que sali\u00f3 de Coahuila a &#39;El Universal&#39;, presentada durante el juicio a Garc\u00eda Luna.<br><br>El concepto era &quot;Publicidad Campa\u00f1a de Rescate al Turismo&quot;, mucho inter\u00e9s de Garcia Luna por el turismo \ud83e\udd2d <a href=\"https:\/\/t.co\/agPezIHlfk\">pic.twitter.com\/agPezIHlfk<\/a><\/p>&mdash; Ruido en la Red (@RuidoEnLaRed) <a href=\"https:\/\/twitter.com\/RuidoEnLaRed\/status\/1622750850312552448?ref_src=twsrc%5Etfw\">February 7, 2023<\/a><\/blockquote><script async src=\"https:\/\/platform.twitter.com\/widgets.js\" charset=\"utf-8\"><\/script>\n<\/div><\/figure>\n\n\n\n<p><strong>Villarreal apunt\u00f3 que cuando en 2014 viaj\u00f3 a Estados Unidos<\/strong>&nbsp;para entregarse a la justicia de ese pa\u00eds, se llev\u00f3 consigo todas las facturas de dicha &#8220;caja independiente&#8221;, aunque esas facturas forman parte de la trama local y no han aparecido en el juicio.<\/p>\n\n\n\n<p>Seg\u00fan el exfuncionario, esa cantidad de\u00a0<strong>10 millones de pesos pudo ser &#8220;para pagar algo que faltaba&#8221;<\/strong>, sin ofrecer m\u00e1s detalles. Adem\u00e1s de\u00a0<strong>implicar a Garc\u00eda Luna<\/strong>, coment\u00f3 que junto a otros funcionarios, incluido Humberto Moreira, desarroll\u00f3 una trama entre 2006 y 2011 para\u00a0<strong>inflar facturas de obras p\u00fablicas en el estado de Coahuila,<\/strong>\u00a0por la que \u00e9l lleg\u00f3 a ganar 2.5 millones de d\u00f3lares y Moreira\u00a0m\u00e1s de 40 millones.<\/p>\n\n\n\n<p>Con Informaci\u00f3n de EFE<\/p>\n","protected":false},"excerpt":{"rendered":"<p>Por Redacci\u00f3n QP El exfuncionario\u00a0H\u00e9ctor Villarreal dijo que el exsecretario de Seguridad P\u00fablica pagaba\u00a025 millones&#8230;<\/p>\n","protected":false},"author":2,"featured_media":98571,"comment_status":"open","ping_status":"open","sticky":false,"template":"","format":"standard","meta":{"_monsterinsights_skip_tracking":false,"_monsterinsights_sitenote_active":false,"_monsterinsights_sitenote_note":"","_monsterinsights_sitenote_category":0,"footnotes":""},"categories":[2],"tags":[],"class_list":["post-98570","post","type-post","status-publish","format-standard","has-post-thumbnail","hentry","category-noticias"],"yoast_head":"<!-- This site is optimized with the Yoast SEO plugin v27.3 - https:\/\/yoast.com\/product\/yoast-seo-wordpress\/ -->\n<title>Testigo dice que Garc\u00eda Luna pag\u00f3 a diario para limpiar imagen -<\/title>\n<meta name=\"robots\" content=\"index, follow, max-snippet:-1, max-image-preview:large, max-video-preview:-1\" \/>\n<link rel=\"canonical\" href=\"https:\/\/quehacerpolitico.mx\/?p=98570\" \/>\n<meta property=\"og:locale\" content=\"es_MX\" \/>\n<meta property=\"og:type\" content=\"article\" \/>\n<meta property=\"og:title\" content=\"Testigo dice que Garc\u00eda Luna pag\u00f3 a diario para limpiar imagen -\" \/>\n<meta property=\"og:description\" content=\"Por Redacci\u00f3n QP El exfuncionario\u00a0H\u00e9ctor Villarreal dijo que el exsecretario de Seguridad P\u00fablica pagaba\u00a025 millones...\" \/>\n<meta property=\"og:url\" content=\"https:\/\/quehacerpolitico.mx\/?p=98570\" \/>\n<meta property=\"article:published_time\" content=\"2023-02-07T01:32:17+00:00\" \/>\n<meta property=\"article:modified_time\" content=\"2023-02-07T01:32:21+00:00\" \/>\n<meta property=\"og:image\" content=\"https:\/\/quehacerpolitico.mx\/wp-content\/uploads\/2023\/02\/7A7CDB67-72B2-47E8-AF96-60C8479FD8DA.jpeg\" \/>\n\t<meta property=\"og:image:width\" content=\"318\" \/>\n\t<meta property=\"og:image:height\" content=\"159\" \/>\n\t<meta property=\"og:image:type\" content=\"image\/jpeg\" \/>\n<meta name=\"author\" content=\"Redacci\u00f3n QP\" \/>\n<meta name=\"twitter:card\" content=\"summary_large_image\" \/>\n<meta name=\"twitter:label1\" content=\"Escrito por\" \/>\n\t<meta name=\"twitter:data1\" content=\"Redacci\u00f3n QP\" \/>\n\t<meta name=\"twitter:label2\" content=\"Tiempo de lectura\" \/>\n\t<meta name=\"twitter:data2\" content=\"3 minutos\" \/>\n<script type=\"application\/ld+json\" class=\"yoast-schema-graph\">{\"@context\":\"https:\\\/\\\/schema.org\",\"@graph\":[{\"@type\":\"Article\",\"@id\":\"https:\\\/\\\/quehacerpolitico.mx\\\/?p=98570#article\",\"isPartOf\":{\"@id\":\"https:\\\/\\\/quehacerpolitico.mx\\\/?p=98570\"},\"author\":{\"name\":\"Redacci\u00f3n QP\",\"@id\":\"https:\\\/\\\/quehacerpolitico.mx\\\/#\\\/schema\\\/person\\\/496d8ad2d1d3f8036101dca7ee39e585\"},\"headline\":\"Testigo dice que Garc\u00eda Luna pag\u00f3 a diario para limpiar imagen\",\"datePublished\":\"2023-02-07T01:32:17+00:00\",\"dateModified\":\"2023-02-07T01:32:21+00:00\",\"mainEntityOfPage\":{\"@id\":\"https:\\\/\\\/quehacerpolitico.mx\\\/?p=98570\"},\"wordCount\":611,\"commentCount\":0,\"image\":{\"@id\":\"https:\\\/\\\/quehacerpolitico.mx\\\/?p=98570#primaryimage\"},\"thumbnailUrl\":\"https:\\\/\\\/quehacerpolitico.mx\\\/wp-content\\\/uploads\\\/2023\\\/02\\\/7A7CDB67-72B2-47E8-AF96-60C8479FD8DA.jpeg\",\"articleSection\":[\"Noticias\"],\"inLanguage\":\"es\",\"potentialAction\":[{\"@type\":\"CommentAction\",\"name\":\"Comment\",\"target\":[\"https:\\\/\\\/quehacerpolitico.mx\\\/?p=98570#respond\"]}]},{\"@type\":\"WebPage\",\"@id\":\"https:\\\/\\\/quehacerpolitico.mx\\\/?p=98570\",\"url\":\"https:\\\/\\\/quehacerpolitico.mx\\\/?p=98570\",\"name\":\"Testigo dice que Garc\u00eda Luna pag\u00f3 a diario para limpiar imagen -\",\"isPartOf\":{\"@id\":\"https:\\\/\\\/quehacerpolitico.mx\\\/#website\"},\"primaryImageOfPage\":{\"@id\":\"https:\\\/\\\/quehacerpolitico.mx\\\/?p=98570#primaryimage\"},\"image\":{\"@id\":\"https:\\\/\\\/quehacerpolitico.mx\\\/?p=98570#primaryimage\"},\"thumbnailUrl\":\"https:\\\/\\\/quehacerpolitico.mx\\\/wp-content\\\/uploads\\\/2023\\\/02\\\/7A7CDB67-72B2-47E8-AF96-60C8479FD8DA.jpeg\",\"datePublished\":\"2023-02-07T01:32:17+00:00\",\"dateModified\":\"2023-02-07T01:32:21+00:00\",\"author\":{\"@id\":\"https:\\\/\\\/quehacerpolitico.mx\\\/#\\\/schema\\\/person\\\/496d8ad2d1d3f8036101dca7ee39e585\"},\"breadcrumb\":{\"@id\":\"https:\\\/\\\/quehacerpolitico.mx\\\/?p=98570#breadcrumb\"},\"inLanguage\":\"es\",\"potentialAction\":[{\"@type\":\"ReadAction\",\"target\":[\"https:\\\/\\\/quehacerpolitico.mx\\\/?p=98570\"]}]},{\"@type\":\"ImageObject\",\"inLanguage\":\"es\",\"@id\":\"https:\\\/\\\/quehacerpolitico.mx\\\/?p=98570#primaryimage\",\"url\":\"https:\\\/\\\/quehacerpolitico.mx\\\/wp-content\\\/uploads\\\/2023\\\/02\\\/7A7CDB67-72B2-47E8-AF96-60C8479FD8DA.jpeg\",\"contentUrl\":\"https:\\\/\\\/quehacerpolitico.mx\\\/wp-content\\\/uploads\\\/2023\\\/02\\\/7A7CDB67-72B2-47E8-AF96-60C8479FD8DA.jpeg\",\"width\":318,\"height\":159},{\"@type\":\"BreadcrumbList\",\"@id\":\"https:\\\/\\\/quehacerpolitico.mx\\\/?p=98570#breadcrumb\",\"itemListElement\":[{\"@type\":\"ListItem\",\"position\":1,\"name\":\"Inicio\",\"item\":\"https:\\\/\\\/quehacerpolitico.mx\\\/\"},{\"@type\":\"ListItem\",\"position\":2,\"name\":\"Testigo dice que Garc\u00eda Luna pag\u00f3 a diario para limpiar imagen\"}]},{\"@type\":\"WebSite\",\"@id\":\"https:\\\/\\\/quehacerpolitico.mx\\\/#website\",\"url\":\"https:\\\/\\\/quehacerpolitico.mx\\\/\",\"name\":\"\",\"description\":\"\",\"potentialAction\":[{\"@type\":\"SearchAction\",\"target\":{\"@type\":\"EntryPoint\",\"urlTemplate\":\"https:\\\/\\\/quehacerpolitico.mx\\\/?s={search_term_string}\"},\"query-input\":{\"@type\":\"PropertyValueSpecification\",\"valueRequired\":true,\"valueName\":\"search_term_string\"}}],\"inLanguage\":\"es\"},{\"@type\":\"Person\",\"@id\":\"https:\\\/\\\/quehacerpolitico.mx\\\/#\\\/schema\\\/person\\\/496d8ad2d1d3f8036101dca7ee39e585\",\"name\":\"Redacci\u00f3n QP\",\"image\":{\"@type\":\"ImageObject\",\"inLanguage\":\"es\",\"@id\":\"https:\\\/\\\/secure.gravatar.com\\\/avatar\\\/c7164ed6fdec453195284ad24a5ae5b6e1eed2b848477fa2a4787ba9adf39a41?s=96&d=mm&r=g\",\"url\":\"https:\\\/\\\/secure.gravatar.com\\\/avatar\\\/c7164ed6fdec453195284ad24a5ae5b6e1eed2b848477fa2a4787ba9adf39a41?s=96&d=mm&r=g\",\"contentUrl\":\"https:\\\/\\\/secure.gravatar.com\\\/avatar\\\/c7164ed6fdec453195284ad24a5ae5b6e1eed2b848477fa2a4787ba9adf39a41?s=96&d=mm&r=g\",\"caption\":\"Redacci\u00f3n QP\"},\"url\":\"https:\\\/\\\/quehacerpolitico.mx\\\/?author=2\"}]}<\/script>\n<!-- \/ Yoast SEO plugin. -->","yoast_head_json":{"title":"Testigo dice que Garc\u00eda Luna pag\u00f3 a diario para limpiar imagen -","robots":{"index":"index","follow":"follow","max-snippet":"max-snippet:-1","max-image-preview":"max-image-preview:large","max-video-preview":"max-video-preview:-1"},"canonical":"https:\/\/quehacerpolitico.mx\/?p=98570","og_locale":"es_MX","og_type":"article","og_title":"Testigo dice que Garc\u00eda Luna pag\u00f3 a diario para limpiar imagen -","og_description":"Por Redacci\u00f3n QP El exfuncionario\u00a0H\u00e9ctor Villarreal dijo que el exsecretario de Seguridad P\u00fablica pagaba\u00a025 millones...","og_url":"https:\/\/quehacerpolitico.mx\/?p=98570","article_published_time":"2023-02-07T01:32:17+00:00","article_modified_time":"2023-02-07T01:32:21+00:00","og_image":[{"width":318,"height":159,"url":"https:\/\/quehacerpolitico.mx\/wp-content\/uploads\/2023\/02\/7A7CDB67-72B2-47E8-AF96-60C8479FD8DA.jpeg","type":"image\/jpeg"}],"author":"Redacci\u00f3n QP","twitter_card":"summary_large_image","twitter_misc":{"Escrito por":"Redacci\u00f3n QP","Tiempo de lectura":"3 minutos"},"schema":{"@context":"https:\/\/schema.org","@graph":[{"@type":"Article","@id":"https:\/\/quehacerpolitico.mx\/?p=98570#article","isPartOf":{"@id":"https:\/\/quehacerpolitico.mx\/?p=98570"},"author":{"name":"Redacci\u00f3n QP","@id":"https:\/\/quehacerpolitico.mx\/#\/schema\/person\/496d8ad2d1d3f8036101dca7ee39e585"},"headline":"Testigo dice que Garc\u00eda Luna pag\u00f3 a diario para limpiar imagen","datePublished":"2023-02-07T01:32:17+00:00","dateModified":"2023-02-07T01:32:21+00:00","mainEntityOfPage":{"@id":"https:\/\/quehacerpolitico.mx\/?p=98570"},"wordCount":611,"commentCount":0,"image":{"@id":"https:\/\/quehacerpolitico.mx\/?p=98570#primaryimage"},"thumbnailUrl":"https:\/\/quehacerpolitico.mx\/wp-content\/uploads\/2023\/02\/7A7CDB67-72B2-47E8-AF96-60C8479FD8DA.jpeg","articleSection":["Noticias"],"inLanguage":"es","potentialAction":[{"@type":"CommentAction","name":"Comment","target":["https:\/\/quehacerpolitico.mx\/?p=98570#respond"]}]},{"@type":"WebPage","@id":"https:\/\/quehacerpolitico.mx\/?p=98570","url":"https:\/\/quehacerpolitico.mx\/?p=98570","name":"Testigo dice que Garc\u00eda Luna pag\u00f3 a diario para limpiar imagen -","isPartOf":{"@id":"https:\/\/quehacerpolitico.mx\/#website"},"primaryImageOfPage":{"@id":"https:\/\/quehacerpolitico.mx\/?p=98570#primaryimage"},"image":{"@id":"https:\/\/quehacerpolitico.mx\/?p=98570#primaryimage"},"thumbnailUrl":"https:\/\/quehacerpolitico.mx\/wp-content\/uploads\/2023\/02\/7A7CDB67-72B2-47E8-AF96-60C8479FD8DA.jpeg","datePublished":"2023-02-07T01:32:17+00:00","dateModified":"2023-02-07T01:32:21+00:00","author":{"@id":"https:\/\/quehacerpolitico.mx\/#\/schema\/person\/496d8ad2d1d3f8036101dca7ee39e585"},"breadcrumb":{"@id":"https:\/\/quehacerpolitico.mx\/?p=98570#breadcrumb"},"inLanguage":"es","potentialAction":[{"@type":"ReadAction","target":["https:\/\/quehacerpolitico.mx\/?p=98570"]}]},{"@type":"ImageObject","inLanguage":"es","@id":"https:\/\/quehacerpolitico.mx\/?p=98570#primaryimage","url":"https:\/\/quehacerpolitico.mx\/wp-content\/uploads\/2023\/02\/7A7CDB67-72B2-47E8-AF96-60C8479FD8DA.jpeg","contentUrl":"https:\/\/quehacerpolitico.mx\/wp-content\/uploads\/2023\/02\/7A7CDB67-72B2-47E8-AF96-60C8479FD8DA.jpeg","width":318,"height":159},{"@type":"BreadcrumbList","@id":"https:\/\/quehacerpolitico.mx\/?p=98570#breadcrumb","itemListElement":[{"@type":"ListItem","position":1,"name":"Inicio","item":"https:\/\/quehacerpolitico.mx\/"},{"@type":"ListItem","position":2,"name":"Testigo dice que Garc\u00eda Luna pag\u00f3 a diario para limpiar imagen"}]},{"@type":"WebSite","@id":"https:\/\/quehacerpolitico.mx\/#website","url":"https:\/\/quehacerpolitico.mx\/","name":"","description":"","potentialAction":[{"@type":"SearchAction","target":{"@type":"EntryPoint","urlTemplate":"https:\/\/quehacerpolitico.mx\/?s={search_term_string}"},"query-input":{"@type":"PropertyValueSpecification","valueRequired":true,"valueName":"search_term_string"}}],"inLanguage":"es"},{"@type":"Person","@id":"https:\/\/quehacerpolitico.mx\/#\/schema\/person\/496d8ad2d1d3f8036101dca7ee39e585","name":"Redacci\u00f3n QP","image":{"@type":"ImageObject","inLanguage":"es","@id":"https:\/\/secure.gravatar.com\/avatar\/c7164ed6fdec453195284ad24a5ae5b6e1eed2b848477fa2a4787ba9adf39a41?s=96&d=mm&r=g","url":"https:\/\/secure.gravatar.com\/avatar\/c7164ed6fdec453195284ad24a5ae5b6e1eed2b848477fa2a4787ba9adf39a41?s=96&d=mm&r=g","contentUrl":"https:\/\/secure.gravatar.com\/avatar\/c7164ed6fdec453195284ad24a5ae5b6e1eed2b848477fa2a4787ba9adf39a41?s=96&d=mm&r=g","caption":"Redacci\u00f3n QP"},"url":"https:\/\/quehacerpolitico.mx\/?author=2"}]}},"featured_image_urls":{"full":["https:\/\/quehacerpolitico.mx\/wp-content\/uploads\/2023\/02\/7A7CDB67-72B2-47E8-AF96-60C8479FD8DA.jpeg",318,159,false],"thumbnail":["https:\/\/quehacerpolitico.mx\/wp-content\/uploads\/2023\/02\/7A7CDB67-72B2-47E8-AF96-60C8479FD8DA-150x150.jpeg",150,150,true],"medium":["https:\/\/quehacerpolitico.mx\/wp-content\/uploads\/2023\/02\/7A7CDB67-72B2-47E8-AF96-60C8479FD8DA-300x150.jpeg",300,150,true],"medium_large":["https:\/\/quehacerpolitico.mx\/wp-content\/uploads\/2023\/02\/7A7CDB67-72B2-47E8-AF96-60C8479FD8DA.jpeg",318,159,false],"large":["https:\/\/quehacerpolitico.mx\/wp-content\/uploads\/2023\/02\/7A7CDB67-72B2-47E8-AF96-60C8479FD8DA.jpeg",318,159,false],"1536x1536":["https:\/\/quehacerpolitico.mx\/wp-content\/uploads\/2023\/02\/7A7CDB67-72B2-47E8-AF96-60C8479FD8DA.jpeg",318,159,false],"2048x2048":["https:\/\/quehacerpolitico.mx\/wp-content\/uploads\/2023\/02\/7A7CDB67-72B2-47E8-AF96-60C8479FD8DA.jpeg",318,159,false],"covernews-featured":["https:\/\/quehacerpolitico.mx\/wp-content\/uploads\/2023\/02\/7A7CDB67-72B2-47E8-AF96-60C8479FD8DA.jpeg",318,159,false],"covernews-medium":["https:\/\/quehacerpolitico.mx\/wp-content\/uploads\/2023\/02\/7A7CDB67-72B2-47E8-AF96-60C8479FD8DA.jpeg",318,159,false]},"author_info":{"display_name":"Redacci\u00f3n QP","author_link":"https:\/\/quehacerpolitico.mx\/?author=2"},"category_info":"<a href=\"https:\/\/quehacerpolitico.mx\/?cat=2\" rel=\"category\">Noticias<\/a>","tag_info":"Noticias","comment_count":"0","_links":{"self":[{"href":"https:\/\/quehacerpolitico.mx\/index.php?rest_route=\/wp\/v2\/posts\/98570","targetHints":{"allow":["GET"]}}],"collection":[{"href":"https:\/\/quehacerpolitico.mx\/index.php?rest_route=\/wp\/v2\/posts"}],"about":[{"href":"https:\/\/quehacerpolitico.mx\/index.php?rest_route=\/wp\/v2\/types\/post"}],"author":[{"embeddable":true,"href":"https:\/\/quehacerpolitico.mx\/index.php?rest_route=\/wp\/v2\/users\/2"}],"replies":[{"embeddable":true,"href":"https:\/\/quehacerpolitico.mx\/index.php?rest_route=%2Fwp%2Fv2%2Fcomments&post=98570"}],"version-history":[{"count":1,"href":"https:\/\/quehacerpolitico.mx\/index.php?rest_route=\/wp\/v2\/posts\/98570\/revisions"}],"predecessor-version":[{"id":98572,"href":"https:\/\/quehacerpolitico.mx\/index.php?rest_route=\/wp\/v2\/posts\/98570\/revisions\/98572"}],"wp:featuredmedia":[{"embeddable":true,"href":"https:\/\/quehacerpolitico.mx\/index.php?rest_route=\/wp\/v2\/media\/98571"}],"wp:attachment":[{"href":"https:\/\/quehacerpolitico.mx\/index.php?rest_route=%2Fwp%2Fv2%2Fmedia&parent=98570"}],"wp:term":[{"taxonomy":"category","embeddable":true,"href":"https:\/\/quehacerpolitico.mx\/index.php?rest_route=%2Fwp%2Fv2%2Fcategories&post=98570"},{"taxonomy":"post_tag","embeddable":true,"href":"https:\/\/quehacerpolitico.mx\/index.php?rest_route=%2Fwp%2Fv2%2Ftags&post=98570"}],"curies":[{"name":"wp","href":"https:\/\/api.w.org\/{rel}","templated":true}]}}