{"id":98566,"date":"2023-02-07T01:11:59","date_gmt":"2023-02-07T01:11:59","guid":{"rendered":"https:\/\/quehacerpolitico.mx\/?p=98566"},"modified":"2023-02-07T01:12:03","modified_gmt":"2023-02-07T01:12:03","slug":"lorenzo-cordova-aplaudio-el-discurso-de-la-ministra-presidenta-de-la-suprema-corte-norma-lucia-pina","status":"publish","type":"post","link":"https:\/\/quehacerpolitico.mx\/?p=98566","title":{"rendered":"<strong>Lorenzo C\u00f3rdova<\/strong>\u00a0aplaudi\u00f3 el\u00a0<strong>discurso<\/strong>\u00a0de la ministra presidenta de la Suprema Corte,\u00a0<strong>Norma Luc\u00eda Pi\u00f1a<\/strong>"},"content":{"rendered":"\n<p>Por Redacci\u00f3n QP<\/p>\n\n\n\n<p>Lorenzo C\u00f3rdova destac\u00f3 la necesidad de resaltar la independencia judicial como principio central de la vida democr\u00e1tica<\/p>\n\n\n\n<p><strong>Lorenzo C\u00f3rdova<\/strong>\u00a0aplaudi\u00f3 el\u00a0<strong>discurso<\/strong>\u00a0de la ministra presidenta de la Suprema Corte,\u00a0<strong>Norma Luc\u00eda Pi\u00f1a<\/strong>, durante el 106 Aniversario de la Promulgaci\u00f3n de la Constituci\u00f3n mexicana.<\/p>\n\n\n\n<figure class=\"wp-block-image size-full\"><img loading=\"lazy\" decoding=\"async\" width=\"275\" height=\"183\" src=\"https:\/\/quehacerpolitico.mx\/wp-content\/uploads\/2023\/02\/image-16.jpeg\" alt=\"\" class=\"wp-image-98568\" srcset=\"https:\/\/quehacerpolitico.mx\/wp-content\/uploads\/2023\/02\/image-16.jpeg 275w, https:\/\/quehacerpolitico.mx\/wp-content\/uploads\/2023\/02\/image-16-219x146.jpeg 219w, https:\/\/quehacerpolitico.mx\/wp-content\/uploads\/2023\/02\/image-16-50x33.jpeg 50w, https:\/\/quehacerpolitico.mx\/wp-content\/uploads\/2023\/02\/image-16-113x75.jpeg 113w\" sizes=\"auto, (max-width: 275px) 100vw, 275px\" \/><\/figure>\n\n\n\n<p>El consejero presidente del Instituto Nacional Electoral (INE) destac\u00f3 la necesidad de resaltar la\u00a0<strong>independencia<\/strong>\u00a0<strong>judicial<\/strong> como principio central de la vida democr\u00e1tica \u201cen tiempos en los que hay quienes ven en la Constituci\u00f3n algo prescindible en aras de sus intereses pol\u00edticos\u201d.<\/p>\n\n\n\n<figure class=\"wp-block-embed is-type-rich is-provider-twitter wp-block-embed-twitter\"><div class=\"wp-block-embed__wrapper\">\n<blockquote class=\"twitter-tweet\" data-width=\"550\" data-dnt=\"true\"><p lang=\"es\" dir=\"ltr\">Gran discurso de la Ministra Norma Pi\u00f1a, Presidenta de la <a href=\"https:\/\/twitter.com\/SCJN?ref_src=twsrc%5Etfw\">@SCJN<\/a>, ayer en Quer\u00e9taro, resaltando la <a href=\"https:\/\/twitter.com\/hashtag\/IndependenciaJudicial?src=hash&amp;ref_src=twsrc%5Etfw\">#IndependenciaJudicial<\/a> como principio central de la vida democr\u00e1tica, en tiempos en los hay quienes ven en la Constituci\u00f3n algo prescindible en aras de sus intereses pol\u00edticos. <a href=\"https:\/\/t.co\/ZzdsU4xBnQ\">https:\/\/t.co\/ZzdsU4xBnQ<\/a><\/p>&mdash; Lorenzo C\u00f3rdova V. (@lorenzocordovav) <a href=\"https:\/\/twitter.com\/lorenzocordovav\/status\/1622609697889984514?ref_src=twsrc%5Etfw\">February 6, 2023<\/a><\/blockquote><script async src=\"https:\/\/platform.twitter.com\/widgets.js\" charset=\"utf-8\"><\/script>\n<\/div><\/figure>\n\n\n\n<p>En el acto oficial realizado en Quer\u00e9taro la&nbsp;<strong>ministra presidenta Norma Pi\u00f1a<\/strong>&nbsp;destac\u00f3 que la&nbsp;<strong>independencia judicial<\/strong>&nbsp;\u201cno es un privilegio de los jueces\u201d, sino el principio que garantiza una \u201cadecuada impartici\u00f3n de justicia\u201d.<\/p>\n\n\n\n<p>Esto, abund\u00f3, ayuda a hacer efectivas las libertades y la igualaci\u00f3n de los ciudadanos mexicanos.<\/p>\n\n\n\n<p>La independencia judicial es la principal garant\u00eda de imparcialidad del Poder Judicial, siempre, en beneficio de la sociedad\u201d, explic\u00f3.<\/p>\n\n\n\n<p>La presidenta de la SCJN manifest\u00f3 esto ante el presidente&nbsp;<strong>Andr\u00e9s Manuel L\u00f3pez Obrador<\/strong>, quien en varias ocasiones ha dicho que \u201cno conf\u00eda\u201d en el&nbsp;<strong>Poder Judicial<\/strong>.<\/p>\n\n\n\n<p>El mandatario ha criticado los votos de la Corte en contra de sus iniciativas, como la\u00a0<strong>reforma el\u00e9ctrica<\/strong>, y que los jueces liberen a delincuentes con el argumento del debido proceso.<\/p>\n\n\n\n<figure class=\"wp-block-embed is-type-rich is-provider-twitter wp-block-embed-twitter\"><div class=\"wp-block-embed__wrapper\">\n<blockquote class=\"twitter-tweet\" data-width=\"550\" data-dnt=\"true\"><p lang=\"es\" dir=\"ltr\">Las injusticias generan inconformidad, descontento, enojo, violencia. Para encontrar una verdadera soluci\u00f3n a ellas se necesita crear conceptos, ideales, convicciones de lucha pol\u00edtica, de fortalecimiento institucional: Ministra Presidenta Norma Luc\u00eda Pi\u00f1a Hern\u00e1ndez <a href=\"https:\/\/t.co\/cDlXlZglwN\">pic.twitter.com\/cDlXlZglwN<\/a><\/p>&mdash; Suprema Corte (@SCJN) <a href=\"https:\/\/twitter.com\/SCJN\/status\/1622294698588270594?ref_src=twsrc%5Etfw\">February 5, 2023<\/a><\/blockquote><script async src=\"https:\/\/platform.twitter.com\/widgets.js\" charset=\"utf-8\"><\/script>\n<\/div><\/figure>\n\n\n\n<p>En su\u00a0discurso, la jueza afirm\u00f3 que la Constituci\u00f3n es \u201cun inmenso y muy poderoso manto protector de certeza, de confianza, de seguridad y, sobre todo, de uni\u00f3n entre las y los mexicanos\u201d.<\/p>\n\n\n\n<p>Abund\u00f3 que el documento obliga a las autoridades a promover, respetar, proteger y garantizar los derechos humanos de conformidad con los principios de universalidad, interdependencia, indivisibilidad y \u201cmuy destacadamente, progresividad\u201d.<\/p>\n\n\n\n<p>La ministra convoc\u00f3 a trabajar por el bien del pa\u00eds con base en lo que establece la Carta Magna \u201cpara dar ejemplo de que en la unidad nacional somos dignos herederos de nuestra historia\u201d.<\/p>\n\n\n\n<p>Con Informaci\u00f3n de EFE<\/p>\n","protected":false},"excerpt":{"rendered":"<p>Por Redacci\u00f3n QP Lorenzo C\u00f3rdova destac\u00f3 la necesidad de resaltar la independencia judicial como principio&#8230;<\/p>\n","protected":false},"author":2,"featured_media":98567,"comment_status":"open","ping_status":"open","sticky":false,"template":"","format":"standard","meta":{"_monsterinsights_skip_tracking":false,"_monsterinsights_sitenote_active":false,"_monsterinsights_sitenote_note":"","_monsterinsights_sitenote_category":0,"footnotes":""},"categories":[2],"tags":[],"class_list":["post-98566","post","type-post","status-publish","format-standard","has-post-thumbnail","hentry","category-noticias"],"yoast_head":"<!-- This site is optimized with the Yoast SEO plugin v27.3 - https:\/\/yoast.com\/product\/yoast-seo-wordpress\/ -->\n<title>Lorenzo C\u00f3rdova\u00a0aplaudi\u00f3 el\u00a0discurso\u00a0de la ministra presidenta de la Suprema Corte,\u00a0Norma Luc\u00eda Pi\u00f1a -<\/title>\n<meta name=\"robots\" content=\"index, follow, max-snippet:-1, max-image-preview:large, max-video-preview:-1\" \/>\n<link rel=\"canonical\" href=\"https:\/\/quehacerpolitico.mx\/?p=98566\" \/>\n<meta property=\"og:locale\" content=\"es_MX\" \/>\n<meta property=\"og:type\" content=\"article\" \/>\n<meta property=\"og:title\" content=\"Lorenzo C\u00f3rdova\u00a0aplaudi\u00f3 el\u00a0discurso\u00a0de la ministra presidenta de la Suprema Corte,\u00a0Norma Luc\u00eda Pi\u00f1a -\" \/>\n<meta property=\"og:description\" content=\"Por Redacci\u00f3n QP Lorenzo C\u00f3rdova destac\u00f3 la necesidad de resaltar la independencia judicial como principio...\" \/>\n<meta property=\"og:url\" content=\"https:\/\/quehacerpolitico.mx\/?p=98566\" \/>\n<meta property=\"article:published_time\" content=\"2023-02-07T01:11:59+00:00\" \/>\n<meta property=\"article:modified_time\" content=\"2023-02-07T01:12:03+00:00\" \/>\n<meta property=\"og:image\" content=\"https:\/\/quehacerpolitico.mx\/wp-content\/uploads\/2023\/02\/7A61AE74-CBB0-4544-95E7-E454384296D0.jpeg\" \/>\n\t<meta property=\"og:image:width\" content=\"286\" \/>\n\t<meta property=\"og:image:height\" content=\"176\" \/>\n\t<meta property=\"og:image:type\" content=\"image\/jpeg\" \/>\n<meta name=\"author\" content=\"Redacci\u00f3n QP\" \/>\n<meta name=\"twitter:card\" content=\"summary_large_image\" \/>\n<meta name=\"twitter:label1\" content=\"Escrito por\" \/>\n\t<meta name=\"twitter:data1\" content=\"Redacci\u00f3n QP\" \/>\n\t<meta name=\"twitter:label2\" content=\"Tiempo de lectura\" \/>\n\t<meta name=\"twitter:data2\" content=\"2 minutos\" \/>\n<script type=\"application\/ld+json\" class=\"yoast-schema-graph\">{\"@context\":\"https:\\\/\\\/schema.org\",\"@graph\":[{\"@type\":\"Article\",\"@id\":\"https:\\\/\\\/quehacerpolitico.mx\\\/?p=98566#article\",\"isPartOf\":{\"@id\":\"https:\\\/\\\/quehacerpolitico.mx\\\/?p=98566\"},\"author\":{\"name\":\"Redacci\u00f3n QP\",\"@id\":\"https:\\\/\\\/quehacerpolitico.mx\\\/#\\\/schema\\\/person\\\/496d8ad2d1d3f8036101dca7ee39e585\"},\"headline\":\"Lorenzo C\u00f3rdova\u00a0aplaudi\u00f3 el\u00a0discurso\u00a0de la ministra presidenta de la Suprema Corte,\u00a0Norma Luc\u00eda Pi\u00f1a\",\"datePublished\":\"2023-02-07T01:11:59+00:00\",\"dateModified\":\"2023-02-07T01:12:03+00:00\",\"mainEntityOfPage\":{\"@id\":\"https:\\\/\\\/quehacerpolitico.mx\\\/?p=98566\"},\"wordCount\":387,\"commentCount\":0,\"image\":{\"@id\":\"https:\\\/\\\/quehacerpolitico.mx\\\/?p=98566#primaryimage\"},\"thumbnailUrl\":\"https:\\\/\\\/quehacerpolitico.mx\\\/wp-content\\\/uploads\\\/2023\\\/02\\\/7A61AE74-CBB0-4544-95E7-E454384296D0.jpeg\",\"articleSection\":[\"Noticias\"],\"inLanguage\":\"es\",\"potentialAction\":[{\"@type\":\"CommentAction\",\"name\":\"Comment\",\"target\":[\"https:\\\/\\\/quehacerpolitico.mx\\\/?p=98566#respond\"]}]},{\"@type\":\"WebPage\",\"@id\":\"https:\\\/\\\/quehacerpolitico.mx\\\/?p=98566\",\"url\":\"https:\\\/\\\/quehacerpolitico.mx\\\/?p=98566\",\"name\":\"Lorenzo C\u00f3rdova\u00a0aplaudi\u00f3 el\u00a0discurso\u00a0de la ministra presidenta de la Suprema Corte,\u00a0Norma Luc\u00eda Pi\u00f1a -\",\"isPartOf\":{\"@id\":\"https:\\\/\\\/quehacerpolitico.mx\\\/#website\"},\"primaryImageOfPage\":{\"@id\":\"https:\\\/\\\/quehacerpolitico.mx\\\/?p=98566#primaryimage\"},\"image\":{\"@id\":\"https:\\\/\\\/quehacerpolitico.mx\\\/?p=98566#primaryimage\"},\"thumbnailUrl\":\"https:\\\/\\\/quehacerpolitico.mx\\\/wp-content\\\/uploads\\\/2023\\\/02\\\/7A61AE74-CBB0-4544-95E7-E454384296D0.jpeg\",\"datePublished\":\"2023-02-07T01:11:59+00:00\",\"dateModified\":\"2023-02-07T01:12:03+00:00\",\"author\":{\"@id\":\"https:\\\/\\\/quehacerpolitico.mx\\\/#\\\/schema\\\/person\\\/496d8ad2d1d3f8036101dca7ee39e585\"},\"breadcrumb\":{\"@id\":\"https:\\\/\\\/quehacerpolitico.mx\\\/?p=98566#breadcrumb\"},\"inLanguage\":\"es\",\"potentialAction\":[{\"@type\":\"ReadAction\",\"target\":[\"https:\\\/\\\/quehacerpolitico.mx\\\/?p=98566\"]}]},{\"@type\":\"ImageObject\",\"inLanguage\":\"es\",\"@id\":\"https:\\\/\\\/quehacerpolitico.mx\\\/?p=98566#primaryimage\",\"url\":\"https:\\\/\\\/quehacerpolitico.mx\\\/wp-content\\\/uploads\\\/2023\\\/02\\\/7A61AE74-CBB0-4544-95E7-E454384296D0.jpeg\",\"contentUrl\":\"https:\\\/\\\/quehacerpolitico.mx\\\/wp-content\\\/uploads\\\/2023\\\/02\\\/7A61AE74-CBB0-4544-95E7-E454384296D0.jpeg\",\"width\":286,\"height\":176},{\"@type\":\"BreadcrumbList\",\"@id\":\"https:\\\/\\\/quehacerpolitico.mx\\\/?p=98566#breadcrumb\",\"itemListElement\":[{\"@type\":\"ListItem\",\"position\":1,\"name\":\"Inicio\",\"item\":\"https:\\\/\\\/quehacerpolitico.mx\\\/\"},{\"@type\":\"ListItem\",\"position\":2,\"name\":\"Lorenzo C\u00f3rdova\u00a0aplaudi\u00f3 el\u00a0discurso\u00a0de la ministra presidenta de la Suprema Corte,\u00a0Norma Luc\u00eda Pi\u00f1a\"}]},{\"@type\":\"WebSite\",\"@id\":\"https:\\\/\\\/quehacerpolitico.mx\\\/#website\",\"url\":\"https:\\\/\\\/quehacerpolitico.mx\\\/\",\"name\":\"\",\"description\":\"\",\"potentialAction\":[{\"@type\":\"SearchAction\",\"target\":{\"@type\":\"EntryPoint\",\"urlTemplate\":\"https:\\\/\\\/quehacerpolitico.mx\\\/?s={search_term_string}\"},\"query-input\":{\"@type\":\"PropertyValueSpecification\",\"valueRequired\":true,\"valueName\":\"search_term_string\"}}],\"inLanguage\":\"es\"},{\"@type\":\"Person\",\"@id\":\"https:\\\/\\\/quehacerpolitico.mx\\\/#\\\/schema\\\/person\\\/496d8ad2d1d3f8036101dca7ee39e585\",\"name\":\"Redacci\u00f3n QP\",\"image\":{\"@type\":\"ImageObject\",\"inLanguage\":\"es\",\"@id\":\"https:\\\/\\\/secure.gravatar.com\\\/avatar\\\/c7164ed6fdec453195284ad24a5ae5b6e1eed2b848477fa2a4787ba9adf39a41?s=96&d=mm&r=g\",\"url\":\"https:\\\/\\\/secure.gravatar.com\\\/avatar\\\/c7164ed6fdec453195284ad24a5ae5b6e1eed2b848477fa2a4787ba9adf39a41?s=96&d=mm&r=g\",\"contentUrl\":\"https:\\\/\\\/secure.gravatar.com\\\/avatar\\\/c7164ed6fdec453195284ad24a5ae5b6e1eed2b848477fa2a4787ba9adf39a41?s=96&d=mm&r=g\",\"caption\":\"Redacci\u00f3n QP\"},\"url\":\"https:\\\/\\\/quehacerpolitico.mx\\\/?author=2\"}]}<\/script>\n<!-- \/ Yoast SEO plugin. -->","yoast_head_json":{"title":"Lorenzo C\u00f3rdova\u00a0aplaudi\u00f3 el\u00a0discurso\u00a0de la ministra presidenta de la Suprema Corte,\u00a0Norma Luc\u00eda Pi\u00f1a -","robots":{"index":"index","follow":"follow","max-snippet":"max-snippet:-1","max-image-preview":"max-image-preview:large","max-video-preview":"max-video-preview:-1"},"canonical":"https:\/\/quehacerpolitico.mx\/?p=98566","og_locale":"es_MX","og_type":"article","og_title":"Lorenzo C\u00f3rdova\u00a0aplaudi\u00f3 el\u00a0discurso\u00a0de la ministra presidenta de la Suprema Corte,\u00a0Norma Luc\u00eda Pi\u00f1a -","og_description":"Por Redacci\u00f3n QP Lorenzo C\u00f3rdova destac\u00f3 la necesidad de resaltar la independencia judicial como principio...","og_url":"https:\/\/quehacerpolitico.mx\/?p=98566","article_published_time":"2023-02-07T01:11:59+00:00","article_modified_time":"2023-02-07T01:12:03+00:00","og_image":[{"width":286,"height":176,"url":"https:\/\/quehacerpolitico.mx\/wp-content\/uploads\/2023\/02\/7A61AE74-CBB0-4544-95E7-E454384296D0.jpeg","type":"image\/jpeg"}],"author":"Redacci\u00f3n QP","twitter_card":"summary_large_image","twitter_misc":{"Escrito por":"Redacci\u00f3n QP","Tiempo de lectura":"2 minutos"},"schema":{"@context":"https:\/\/schema.org","@graph":[{"@type":"Article","@id":"https:\/\/quehacerpolitico.mx\/?p=98566#article","isPartOf":{"@id":"https:\/\/quehacerpolitico.mx\/?p=98566"},"author":{"name":"Redacci\u00f3n QP","@id":"https:\/\/quehacerpolitico.mx\/#\/schema\/person\/496d8ad2d1d3f8036101dca7ee39e585"},"headline":"Lorenzo C\u00f3rdova\u00a0aplaudi\u00f3 el\u00a0discurso\u00a0de la ministra presidenta de la Suprema Corte,\u00a0Norma Luc\u00eda Pi\u00f1a","datePublished":"2023-02-07T01:11:59+00:00","dateModified":"2023-02-07T01:12:03+00:00","mainEntityOfPage":{"@id":"https:\/\/quehacerpolitico.mx\/?p=98566"},"wordCount":387,"commentCount":0,"image":{"@id":"https:\/\/quehacerpolitico.mx\/?p=98566#primaryimage"},"thumbnailUrl":"https:\/\/quehacerpolitico.mx\/wp-content\/uploads\/2023\/02\/7A61AE74-CBB0-4544-95E7-E454384296D0.jpeg","articleSection":["Noticias"],"inLanguage":"es","potentialAction":[{"@type":"CommentAction","name":"Comment","target":["https:\/\/quehacerpolitico.mx\/?p=98566#respond"]}]},{"@type":"WebPage","@id":"https:\/\/quehacerpolitico.mx\/?p=98566","url":"https:\/\/quehacerpolitico.mx\/?p=98566","name":"Lorenzo C\u00f3rdova\u00a0aplaudi\u00f3 el\u00a0discurso\u00a0de la ministra presidenta de la Suprema Corte,\u00a0Norma Luc\u00eda Pi\u00f1a -","isPartOf":{"@id":"https:\/\/quehacerpolitico.mx\/#website"},"primaryImageOfPage":{"@id":"https:\/\/quehacerpolitico.mx\/?p=98566#primaryimage"},"image":{"@id":"https:\/\/quehacerpolitico.mx\/?p=98566#primaryimage"},"thumbnailUrl":"https:\/\/quehacerpolitico.mx\/wp-content\/uploads\/2023\/02\/7A61AE74-CBB0-4544-95E7-E454384296D0.jpeg","datePublished":"2023-02-07T01:11:59+00:00","dateModified":"2023-02-07T01:12:03+00:00","author":{"@id":"https:\/\/quehacerpolitico.mx\/#\/schema\/person\/496d8ad2d1d3f8036101dca7ee39e585"},"breadcrumb":{"@id":"https:\/\/quehacerpolitico.mx\/?p=98566#breadcrumb"},"inLanguage":"es","potentialAction":[{"@type":"ReadAction","target":["https:\/\/quehacerpolitico.mx\/?p=98566"]}]},{"@type":"ImageObject","inLanguage":"es","@id":"https:\/\/quehacerpolitico.mx\/?p=98566#primaryimage","url":"https:\/\/quehacerpolitico.mx\/wp-content\/uploads\/2023\/02\/7A61AE74-CBB0-4544-95E7-E454384296D0.jpeg","contentUrl":"https:\/\/quehacerpolitico.mx\/wp-content\/uploads\/2023\/02\/7A61AE74-CBB0-4544-95E7-E454384296D0.jpeg","width":286,"height":176},{"@type":"BreadcrumbList","@id":"https:\/\/quehacerpolitico.mx\/?p=98566#breadcrumb","itemListElement":[{"@type":"ListItem","position":1,"name":"Inicio","item":"https:\/\/quehacerpolitico.mx\/"},{"@type":"ListItem","position":2,"name":"Lorenzo C\u00f3rdova\u00a0aplaudi\u00f3 el\u00a0discurso\u00a0de la ministra presidenta de la Suprema Corte,\u00a0Norma Luc\u00eda Pi\u00f1a"}]},{"@type":"WebSite","@id":"https:\/\/quehacerpolitico.mx\/#website","url":"https:\/\/quehacerpolitico.mx\/","name":"","description":"","potentialAction":[{"@type":"SearchAction","target":{"@type":"EntryPoint","urlTemplate":"https:\/\/quehacerpolitico.mx\/?s={search_term_string}"},"query-input":{"@type":"PropertyValueSpecification","valueRequired":true,"valueName":"search_term_string"}}],"inLanguage":"es"},{"@type":"Person","@id":"https:\/\/quehacerpolitico.mx\/#\/schema\/person\/496d8ad2d1d3f8036101dca7ee39e585","name":"Redacci\u00f3n QP","image":{"@type":"ImageObject","inLanguage":"es","@id":"https:\/\/secure.gravatar.com\/avatar\/c7164ed6fdec453195284ad24a5ae5b6e1eed2b848477fa2a4787ba9adf39a41?s=96&d=mm&r=g","url":"https:\/\/secure.gravatar.com\/avatar\/c7164ed6fdec453195284ad24a5ae5b6e1eed2b848477fa2a4787ba9adf39a41?s=96&d=mm&r=g","contentUrl":"https:\/\/secure.gravatar.com\/avatar\/c7164ed6fdec453195284ad24a5ae5b6e1eed2b848477fa2a4787ba9adf39a41?s=96&d=mm&r=g","caption":"Redacci\u00f3n QP"},"url":"https:\/\/quehacerpolitico.mx\/?author=2"}]}},"featured_image_urls":{"full":["https:\/\/quehacerpolitico.mx\/wp-content\/uploads\/2023\/02\/7A61AE74-CBB0-4544-95E7-E454384296D0.jpeg",286,176,false],"thumbnail":["https:\/\/quehacerpolitico.mx\/wp-content\/uploads\/2023\/02\/7A61AE74-CBB0-4544-95E7-E454384296D0-150x150.jpeg",150,150,true],"medium":["https:\/\/quehacerpolitico.mx\/wp-content\/uploads\/2023\/02\/7A61AE74-CBB0-4544-95E7-E454384296D0.jpeg",286,176,false],"medium_large":["https:\/\/quehacerpolitico.mx\/wp-content\/uploads\/2023\/02\/7A61AE74-CBB0-4544-95E7-E454384296D0.jpeg",286,176,false],"large":["https:\/\/quehacerpolitico.mx\/wp-content\/uploads\/2023\/02\/7A61AE74-CBB0-4544-95E7-E454384296D0.jpeg",286,176,false],"1536x1536":["https:\/\/quehacerpolitico.mx\/wp-content\/uploads\/2023\/02\/7A61AE74-CBB0-4544-95E7-E454384296D0.jpeg",286,176,false],"2048x2048":["https:\/\/quehacerpolitico.mx\/wp-content\/uploads\/2023\/02\/7A61AE74-CBB0-4544-95E7-E454384296D0.jpeg",286,176,false],"covernews-featured":["https:\/\/quehacerpolitico.mx\/wp-content\/uploads\/2023\/02\/7A61AE74-CBB0-4544-95E7-E454384296D0.jpeg",286,176,false],"covernews-medium":["https:\/\/quehacerpolitico.mx\/wp-content\/uploads\/2023\/02\/7A61AE74-CBB0-4544-95E7-E454384296D0.jpeg",286,176,false]},"author_info":{"display_name":"Redacci\u00f3n QP","author_link":"https:\/\/quehacerpolitico.mx\/?author=2"},"category_info":"<a href=\"https:\/\/quehacerpolitico.mx\/?cat=2\" rel=\"category\">Noticias<\/a>","tag_info":"Noticias","comment_count":"0","_links":{"self":[{"href":"https:\/\/quehacerpolitico.mx\/index.php?rest_route=\/wp\/v2\/posts\/98566","targetHints":{"allow":["GET"]}}],"collection":[{"href":"https:\/\/quehacerpolitico.mx\/index.php?rest_route=\/wp\/v2\/posts"}],"about":[{"href":"https:\/\/quehacerpolitico.mx\/index.php?rest_route=\/wp\/v2\/types\/post"}],"author":[{"embeddable":true,"href":"https:\/\/quehacerpolitico.mx\/index.php?rest_route=\/wp\/v2\/users\/2"}],"replies":[{"embeddable":true,"href":"https:\/\/quehacerpolitico.mx\/index.php?rest_route=%2Fwp%2Fv2%2Fcomments&post=98566"}],"version-history":[{"count":1,"href":"https:\/\/quehacerpolitico.mx\/index.php?rest_route=\/wp\/v2\/posts\/98566\/revisions"}],"predecessor-version":[{"id":98569,"href":"https:\/\/quehacerpolitico.mx\/index.php?rest_route=\/wp\/v2\/posts\/98566\/revisions\/98569"}],"wp:featuredmedia":[{"embeddable":true,"href":"https:\/\/quehacerpolitico.mx\/index.php?rest_route=\/wp\/v2\/media\/98567"}],"wp:attachment":[{"href":"https:\/\/quehacerpolitico.mx\/index.php?rest_route=%2Fwp%2Fv2%2Fmedia&parent=98566"}],"wp:term":[{"taxonomy":"category","embeddable":true,"href":"https:\/\/quehacerpolitico.mx\/index.php?rest_route=%2Fwp%2Fv2%2Fcategories&post=98566"},{"taxonomy":"post_tag","embeddable":true,"href":"https:\/\/quehacerpolitico.mx\/index.php?rest_route=%2Fwp%2Fv2%2Ftags&post=98566"}],"curies":[{"name":"wp","href":"https:\/\/api.w.org\/{rel}","templated":true}]}}