{"id":98559,"date":"2023-02-07T00:31:27","date_gmt":"2023-02-07T00:31:27","guid":{"rendered":"https:\/\/quehacerpolitico.mx\/?p=98559"},"modified":"2023-02-07T00:31:30","modified_gmt":"2023-02-07T00:31:30","slug":"detienen-a-carlos-caro-quintero-hermano-de-el-narco-de-narcos","status":"publish","type":"post","link":"https:\/\/quehacerpolitico.mx\/?p=98559","title":{"rendered":"Detienen a Carlos Caro Quintero, hermano de &#8220;El Narco de narcos&#8221;"},"content":{"rendered":"\n<p>Por Redacci\u00f3n QP<\/p>\n\n\n\n<p>El hombre fue capturado hoy en la alcald\u00eda Miguel Hidalgo, Ciudad de M\u00e9xico<\/p>\n\n\n\n<p><strong>Carlos Caro Quintero, hermano de Rafael Caro Quintero &#8220;El Narco de narcos&#8221;<\/strong>, fue detenido este lunes a las 12:20 en la alcald\u00eda Miguel Hidalgo, Ciudad de M\u00e9xico, de acuerdo con el Registro Nacional de Detenciones.<\/p>\n\n\n\n<figure class=\"wp-block-image size-large\"><img loading=\"lazy\" decoding=\"async\" width=\"768\" height=\"1024\" src=\"https:\/\/quehacerpolitico.mx\/wp-content\/uploads\/2023\/02\/image-15-768x1024.jpeg\" alt=\"\" class=\"wp-image-98560\" srcset=\"https:\/\/quehacerpolitico.mx\/wp-content\/uploads\/2023\/02\/image-15-768x1024.jpeg 768w, https:\/\/quehacerpolitico.mx\/wp-content\/uploads\/2023\/02\/image-15-225x300.jpeg 225w, https:\/\/quehacerpolitico.mx\/wp-content\/uploads\/2023\/02\/image-15-110x146.jpeg 110w, https:\/\/quehacerpolitico.mx\/wp-content\/uploads\/2023\/02\/image-15-38x50.jpeg 38w, https:\/\/quehacerpolitico.mx\/wp-content\/uploads\/2023\/02\/image-15-56x75.jpeg 56w, https:\/\/quehacerpolitico.mx\/wp-content\/uploads\/2023\/02\/image-15.jpeg 960w\" sizes=\"auto, (max-width: 768px) 100vw, 768px\" \/><\/figure>\n\n\n\n<p>Omar Garc\u00eda Harfuch,\u00a0titular de la Secretar\u00eda de Seguridad Ciudadana (SSC),\u00a0revel\u00f3 en redes sociales que el hombre pertenece a un grupo delincuencial que opera al norte de la Ciudad de M\u00e9xico.<\/p>\n\n\n\n<figure class=\"wp-block-embed is-type-rich is-provider-twitter wp-block-embed-twitter\"><div class=\"wp-block-embed__wrapper\">\n<blockquote class=\"twitter-tweet\" data-width=\"550\" data-dnt=\"true\"><p lang=\"es\" dir=\"ltr\">Esta tarde compa\u00f1eros de <a href=\"https:\/\/twitter.com\/SSC_CDMX?ref_src=twsrc%5Etfw\">@SSC_CDMX<\/a> detuvieron en <a href=\"https:\/\/twitter.com\/AlcaldiaMHmx?ref_src=twsrc%5Etfw\">@AlcaldiaMHmx<\/a> a Carlos \u201cN\u201d, integrante de un grupo delincuencial que opera en el norte del pa\u00eds, se le asegur\u00f3 un veh\u00edculo sin placas y un arma de fuego. La Polic\u00eda de la CDMX est\u00e1 alerta ante cualquier situaci\u00f3n. <a href=\"https:\/\/t.co\/SvJE9hJVOA\">pic.twitter.com\/SvJE9hJVOA<\/a><\/p>&mdash; Omar H Garcia Harfuch (@OHarfuch) <a href=\"https:\/\/twitter.com\/OHarfuch\/status\/1622718168945885193?ref_src=twsrc%5Etfw\">February 6, 2023<\/a><\/blockquote><script async src=\"https:\/\/platform.twitter.com\/widgets.js\" charset=\"utf-8\"><\/script>\n<\/div><\/figure>\n\n\n\n<p>El funcionario resalt\u00f3 que\u00a0<strong>le fue\u00a0asegurado un veh\u00edculo sin placas y un arma de fuego.<\/strong><\/p>\n\n\n\n<p>Carlos Caro Quintero se\u00a0encuentra en la Fiscal\u00eda Especializada de Delitos Contra la Salud de la fiscal\u00eda de la Ciudad de M\u00e9xico, en espera de que se determine su situaci\u00f3n jur\u00eddica.<\/p>\n\n\n\n<figure class=\"wp-block-image\"><img decoding=\"async\" src=\"https:\/\/www.informador.mx\/export\/sites\/elinformador\/img\/2023\/02\/06\/fouse7nxeaezvaf_x1x.jpg_377568462.jpg\" alt=\"\" title=\"\"\/><\/figure>\n\n\n\n<h2 class=\"wp-block-heading\">\u00bfD\u00f3nde est\u00e1 Caro Quintero?<\/h2>\n\n\n\n<p>Rafael Caro Quintero,\u00a0<strong>fundador del c\u00e1rtel de Guadalajara,<\/strong>\u00a0orden\u00f3 secuestrar al agente de la Administraci\u00f3n de Control de Drogas estadounidense (DEA, por sus siglas en ingl\u00e9s) Enrique Camarena Salazar, as\u00ed como al piloto mexicano Alfredo Zavala Avelar. Ambos fueron asesinados.<\/p>\n\n\n\n<p>Era el hombre m\u00e1s buscado por la DEA y ofrec\u00edan 20&nbsp;millones de d\u00f3lares por informaci\u00f3n para capturarlo.<\/p>\n\n\n\n<p>Caro Quintero&nbsp;fue recapturado por la Secretar\u00eda de Marina (Semar) en julio del a\u00f1o pasado&nbsp;luego de estar pr\u00f3fugo nueve a\u00f1os.<\/p>\n\n\n\n<p>Estaba pr\u00f3fugo despu\u00e9s de haber sido dejado en libertad en 2013, cuando hab\u00eda cumplido 28 de los 40 a\u00f1os de sentencia.<\/p>\n","protected":false},"excerpt":{"rendered":"<p>Por Redacci\u00f3n QP El hombre fue capturado hoy en la alcald\u00eda Miguel Hidalgo, Ciudad de&#8230;<\/p>\n","protected":false},"author":2,"featured_media":98561,"comment_status":"open","ping_status":"open","sticky":false,"template":"","format":"standard","meta":{"_monsterinsights_skip_tracking":false,"_monsterinsights_sitenote_active":false,"_monsterinsights_sitenote_note":"","_monsterinsights_sitenote_category":0,"footnotes":""},"categories":[55],"tags":[],"class_list":["post-98559","post","type-post","status-publish","format-standard","has-post-thumbnail","hentry","category-cdmx"],"yoast_head":"<!-- This site is optimized with the Yoast SEO plugin v27.3 - https:\/\/yoast.com\/product\/yoast-seo-wordpress\/ -->\n<title>Detienen a Carlos Caro Quintero, hermano de &quot;El Narco de narcos&quot; -<\/title>\n<meta name=\"robots\" content=\"index, follow, max-snippet:-1, max-image-preview:large, max-video-preview:-1\" \/>\n<link rel=\"canonical\" href=\"https:\/\/quehacerpolitico.mx\/?p=98559\" \/>\n<meta property=\"og:locale\" content=\"es_MX\" \/>\n<meta property=\"og:type\" content=\"article\" \/>\n<meta property=\"og:title\" content=\"Detienen a Carlos Caro Quintero, hermano de &quot;El Narco de narcos&quot; -\" \/>\n<meta property=\"og:description\" content=\"Por Redacci\u00f3n QP El hombre fue capturado hoy en la alcald\u00eda Miguel Hidalgo, Ciudad de...\" \/>\n<meta property=\"og:url\" content=\"https:\/\/quehacerpolitico.mx\/?p=98559\" \/>\n<meta property=\"article:published_time\" content=\"2023-02-07T00:31:27+00:00\" \/>\n<meta property=\"article:modified_time\" content=\"2023-02-07T00:31:30+00:00\" \/>\n<meta property=\"og:image\" content=\"https:\/\/quehacerpolitico.mx\/wp-content\/uploads\/2023\/02\/CA320AFB-2C6F-4634-AC62-8732C841F34F.jpeg\" \/>\n\t<meta property=\"og:image:width\" content=\"889\" \/>\n\t<meta property=\"og:image:height\" content=\"1280\" \/>\n\t<meta property=\"og:image:type\" content=\"image\/jpeg\" \/>\n<meta name=\"author\" content=\"Redacci\u00f3n QP\" \/>\n<meta name=\"twitter:card\" content=\"summary_large_image\" \/>\n<meta name=\"twitter:label1\" content=\"Escrito por\" \/>\n\t<meta name=\"twitter:data1\" content=\"Redacci\u00f3n QP\" \/>\n\t<meta name=\"twitter:label2\" content=\"Tiempo de lectura\" \/>\n\t<meta name=\"twitter:data2\" content=\"1 minuto\" \/>\n<script type=\"application\/ld+json\" class=\"yoast-schema-graph\">{\"@context\":\"https:\\\/\\\/schema.org\",\"@graph\":[{\"@type\":\"Article\",\"@id\":\"https:\\\/\\\/quehacerpolitico.mx\\\/?p=98559#article\",\"isPartOf\":{\"@id\":\"https:\\\/\\\/quehacerpolitico.mx\\\/?p=98559\"},\"author\":{\"name\":\"Redacci\u00f3n QP\",\"@id\":\"https:\\\/\\\/quehacerpolitico.mx\\\/#\\\/schema\\\/person\\\/496d8ad2d1d3f8036101dca7ee39e585\"},\"headline\":\"Detienen a Carlos Caro Quintero, hermano de &#8220;El Narco de narcos&#8221;\",\"datePublished\":\"2023-02-07T00:31:27+00:00\",\"dateModified\":\"2023-02-07T00:31:30+00:00\",\"mainEntityOfPage\":{\"@id\":\"https:\\\/\\\/quehacerpolitico.mx\\\/?p=98559\"},\"wordCount\":285,\"commentCount\":0,\"image\":{\"@id\":\"https:\\\/\\\/quehacerpolitico.mx\\\/?p=98559#primaryimage\"},\"thumbnailUrl\":\"https:\\\/\\\/quehacerpolitico.mx\\\/wp-content\\\/uploads\\\/2023\\\/02\\\/CA320AFB-2C6F-4634-AC62-8732C841F34F.jpeg\",\"articleSection\":[\"CDMX\"],\"inLanguage\":\"es\",\"potentialAction\":[{\"@type\":\"CommentAction\",\"name\":\"Comment\",\"target\":[\"https:\\\/\\\/quehacerpolitico.mx\\\/?p=98559#respond\"]}]},{\"@type\":\"WebPage\",\"@id\":\"https:\\\/\\\/quehacerpolitico.mx\\\/?p=98559\",\"url\":\"https:\\\/\\\/quehacerpolitico.mx\\\/?p=98559\",\"name\":\"Detienen a Carlos Caro Quintero, hermano de \\\"El Narco de narcos\\\" -\",\"isPartOf\":{\"@id\":\"https:\\\/\\\/quehacerpolitico.mx\\\/#website\"},\"primaryImageOfPage\":{\"@id\":\"https:\\\/\\\/quehacerpolitico.mx\\\/?p=98559#primaryimage\"},\"image\":{\"@id\":\"https:\\\/\\\/quehacerpolitico.mx\\\/?p=98559#primaryimage\"},\"thumbnailUrl\":\"https:\\\/\\\/quehacerpolitico.mx\\\/wp-content\\\/uploads\\\/2023\\\/02\\\/CA320AFB-2C6F-4634-AC62-8732C841F34F.jpeg\",\"datePublished\":\"2023-02-07T00:31:27+00:00\",\"dateModified\":\"2023-02-07T00:31:30+00:00\",\"author\":{\"@id\":\"https:\\\/\\\/quehacerpolitico.mx\\\/#\\\/schema\\\/person\\\/496d8ad2d1d3f8036101dca7ee39e585\"},\"breadcrumb\":{\"@id\":\"https:\\\/\\\/quehacerpolitico.mx\\\/?p=98559#breadcrumb\"},\"inLanguage\":\"es\",\"potentialAction\":[{\"@type\":\"ReadAction\",\"target\":[\"https:\\\/\\\/quehacerpolitico.mx\\\/?p=98559\"]}]},{\"@type\":\"ImageObject\",\"inLanguage\":\"es\",\"@id\":\"https:\\\/\\\/quehacerpolitico.mx\\\/?p=98559#primaryimage\",\"url\":\"https:\\\/\\\/quehacerpolitico.mx\\\/wp-content\\\/uploads\\\/2023\\\/02\\\/CA320AFB-2C6F-4634-AC62-8732C841F34F.jpeg\",\"contentUrl\":\"https:\\\/\\\/quehacerpolitico.mx\\\/wp-content\\\/uploads\\\/2023\\\/02\\\/CA320AFB-2C6F-4634-AC62-8732C841F34F.jpeg\",\"width\":889,\"height\":1280},{\"@type\":\"BreadcrumbList\",\"@id\":\"https:\\\/\\\/quehacerpolitico.mx\\\/?p=98559#breadcrumb\",\"itemListElement\":[{\"@type\":\"ListItem\",\"position\":1,\"name\":\"Inicio\",\"item\":\"https:\\\/\\\/quehacerpolitico.mx\\\/\"},{\"@type\":\"ListItem\",\"position\":2,\"name\":\"Detienen a Carlos Caro Quintero, hermano de &#8220;El Narco de narcos&#8221;\"}]},{\"@type\":\"WebSite\",\"@id\":\"https:\\\/\\\/quehacerpolitico.mx\\\/#website\",\"url\":\"https:\\\/\\\/quehacerpolitico.mx\\\/\",\"name\":\"\",\"description\":\"\",\"potentialAction\":[{\"@type\":\"SearchAction\",\"target\":{\"@type\":\"EntryPoint\",\"urlTemplate\":\"https:\\\/\\\/quehacerpolitico.mx\\\/?s={search_term_string}\"},\"query-input\":{\"@type\":\"PropertyValueSpecification\",\"valueRequired\":true,\"valueName\":\"search_term_string\"}}],\"inLanguage\":\"es\"},{\"@type\":\"Person\",\"@id\":\"https:\\\/\\\/quehacerpolitico.mx\\\/#\\\/schema\\\/person\\\/496d8ad2d1d3f8036101dca7ee39e585\",\"name\":\"Redacci\u00f3n QP\",\"image\":{\"@type\":\"ImageObject\",\"inLanguage\":\"es\",\"@id\":\"https:\\\/\\\/secure.gravatar.com\\\/avatar\\\/c7164ed6fdec453195284ad24a5ae5b6e1eed2b848477fa2a4787ba9adf39a41?s=96&d=mm&r=g\",\"url\":\"https:\\\/\\\/secure.gravatar.com\\\/avatar\\\/c7164ed6fdec453195284ad24a5ae5b6e1eed2b848477fa2a4787ba9adf39a41?s=96&d=mm&r=g\",\"contentUrl\":\"https:\\\/\\\/secure.gravatar.com\\\/avatar\\\/c7164ed6fdec453195284ad24a5ae5b6e1eed2b848477fa2a4787ba9adf39a41?s=96&d=mm&r=g\",\"caption\":\"Redacci\u00f3n QP\"},\"url\":\"https:\\\/\\\/quehacerpolitico.mx\\\/?author=2\"}]}<\/script>\n<!-- \/ Yoast SEO plugin. -->","yoast_head_json":{"title":"Detienen a Carlos Caro Quintero, hermano de \"El Narco de narcos\" -","robots":{"index":"index","follow":"follow","max-snippet":"max-snippet:-1","max-image-preview":"max-image-preview:large","max-video-preview":"max-video-preview:-1"},"canonical":"https:\/\/quehacerpolitico.mx\/?p=98559","og_locale":"es_MX","og_type":"article","og_title":"Detienen a Carlos Caro Quintero, hermano de \"El Narco de narcos\" -","og_description":"Por Redacci\u00f3n QP El hombre fue capturado hoy en la alcald\u00eda Miguel Hidalgo, Ciudad de...","og_url":"https:\/\/quehacerpolitico.mx\/?p=98559","article_published_time":"2023-02-07T00:31:27+00:00","article_modified_time":"2023-02-07T00:31:30+00:00","og_image":[{"width":889,"height":1280,"url":"https:\/\/quehacerpolitico.mx\/wp-content\/uploads\/2023\/02\/CA320AFB-2C6F-4634-AC62-8732C841F34F.jpeg","type":"image\/jpeg"}],"author":"Redacci\u00f3n QP","twitter_card":"summary_large_image","twitter_misc":{"Escrito por":"Redacci\u00f3n QP","Tiempo de lectura":"1 minuto"},"schema":{"@context":"https:\/\/schema.org","@graph":[{"@type":"Article","@id":"https:\/\/quehacerpolitico.mx\/?p=98559#article","isPartOf":{"@id":"https:\/\/quehacerpolitico.mx\/?p=98559"},"author":{"name":"Redacci\u00f3n QP","@id":"https:\/\/quehacerpolitico.mx\/#\/schema\/person\/496d8ad2d1d3f8036101dca7ee39e585"},"headline":"Detienen a Carlos Caro Quintero, hermano de &#8220;El Narco de narcos&#8221;","datePublished":"2023-02-07T00:31:27+00:00","dateModified":"2023-02-07T00:31:30+00:00","mainEntityOfPage":{"@id":"https:\/\/quehacerpolitico.mx\/?p=98559"},"wordCount":285,"commentCount":0,"image":{"@id":"https:\/\/quehacerpolitico.mx\/?p=98559#primaryimage"},"thumbnailUrl":"https:\/\/quehacerpolitico.mx\/wp-content\/uploads\/2023\/02\/CA320AFB-2C6F-4634-AC62-8732C841F34F.jpeg","articleSection":["CDMX"],"inLanguage":"es","potentialAction":[{"@type":"CommentAction","name":"Comment","target":["https:\/\/quehacerpolitico.mx\/?p=98559#respond"]}]},{"@type":"WebPage","@id":"https:\/\/quehacerpolitico.mx\/?p=98559","url":"https:\/\/quehacerpolitico.mx\/?p=98559","name":"Detienen a Carlos Caro Quintero, hermano de \"El Narco de narcos\" -","isPartOf":{"@id":"https:\/\/quehacerpolitico.mx\/#website"},"primaryImageOfPage":{"@id":"https:\/\/quehacerpolitico.mx\/?p=98559#primaryimage"},"image":{"@id":"https:\/\/quehacerpolitico.mx\/?p=98559#primaryimage"},"thumbnailUrl":"https:\/\/quehacerpolitico.mx\/wp-content\/uploads\/2023\/02\/CA320AFB-2C6F-4634-AC62-8732C841F34F.jpeg","datePublished":"2023-02-07T00:31:27+00:00","dateModified":"2023-02-07T00:31:30+00:00","author":{"@id":"https:\/\/quehacerpolitico.mx\/#\/schema\/person\/496d8ad2d1d3f8036101dca7ee39e585"},"breadcrumb":{"@id":"https:\/\/quehacerpolitico.mx\/?p=98559#breadcrumb"},"inLanguage":"es","potentialAction":[{"@type":"ReadAction","target":["https:\/\/quehacerpolitico.mx\/?p=98559"]}]},{"@type":"ImageObject","inLanguage":"es","@id":"https:\/\/quehacerpolitico.mx\/?p=98559#primaryimage","url":"https:\/\/quehacerpolitico.mx\/wp-content\/uploads\/2023\/02\/CA320AFB-2C6F-4634-AC62-8732C841F34F.jpeg","contentUrl":"https:\/\/quehacerpolitico.mx\/wp-content\/uploads\/2023\/02\/CA320AFB-2C6F-4634-AC62-8732C841F34F.jpeg","width":889,"height":1280},{"@type":"BreadcrumbList","@id":"https:\/\/quehacerpolitico.mx\/?p=98559#breadcrumb","itemListElement":[{"@type":"ListItem","position":1,"name":"Inicio","item":"https:\/\/quehacerpolitico.mx\/"},{"@type":"ListItem","position":2,"name":"Detienen a Carlos Caro Quintero, hermano de &#8220;El Narco de narcos&#8221;"}]},{"@type":"WebSite","@id":"https:\/\/quehacerpolitico.mx\/#website","url":"https:\/\/quehacerpolitico.mx\/","name":"","description":"","potentialAction":[{"@type":"SearchAction","target":{"@type":"EntryPoint","urlTemplate":"https:\/\/quehacerpolitico.mx\/?s={search_term_string}"},"query-input":{"@type":"PropertyValueSpecification","valueRequired":true,"valueName":"search_term_string"}}],"inLanguage":"es"},{"@type":"Person","@id":"https:\/\/quehacerpolitico.mx\/#\/schema\/person\/496d8ad2d1d3f8036101dca7ee39e585","name":"Redacci\u00f3n QP","image":{"@type":"ImageObject","inLanguage":"es","@id":"https:\/\/secure.gravatar.com\/avatar\/c7164ed6fdec453195284ad24a5ae5b6e1eed2b848477fa2a4787ba9adf39a41?s=96&d=mm&r=g","url":"https:\/\/secure.gravatar.com\/avatar\/c7164ed6fdec453195284ad24a5ae5b6e1eed2b848477fa2a4787ba9adf39a41?s=96&d=mm&r=g","contentUrl":"https:\/\/secure.gravatar.com\/avatar\/c7164ed6fdec453195284ad24a5ae5b6e1eed2b848477fa2a4787ba9adf39a41?s=96&d=mm&r=g","caption":"Redacci\u00f3n QP"},"url":"https:\/\/quehacerpolitico.mx\/?author=2"}]}},"featured_image_urls":{"full":["https:\/\/quehacerpolitico.mx\/wp-content\/uploads\/2023\/02\/CA320AFB-2C6F-4634-AC62-8732C841F34F.jpeg",889,1280,false],"thumbnail":["https:\/\/quehacerpolitico.mx\/wp-content\/uploads\/2023\/02\/CA320AFB-2C6F-4634-AC62-8732C841F34F-150x150.jpeg",150,150,true],"medium":["https:\/\/quehacerpolitico.mx\/wp-content\/uploads\/2023\/02\/CA320AFB-2C6F-4634-AC62-8732C841F34F-208x300.jpeg",208,300,true],"medium_large":["https:\/\/quehacerpolitico.mx\/wp-content\/uploads\/2023\/02\/CA320AFB-2C6F-4634-AC62-8732C841F34F-768x1106.jpeg",640,922,true],"large":["https:\/\/quehacerpolitico.mx\/wp-content\/uploads\/2023\/02\/CA320AFB-2C6F-4634-AC62-8732C841F34F-711x1024.jpeg",640,922,true],"1536x1536":["https:\/\/quehacerpolitico.mx\/wp-content\/uploads\/2023\/02\/CA320AFB-2C6F-4634-AC62-8732C841F34F.jpeg",889,1280,false],"2048x2048":["https:\/\/quehacerpolitico.mx\/wp-content\/uploads\/2023\/02\/CA320AFB-2C6F-4634-AC62-8732C841F34F.jpeg",889,1280,false],"covernews-featured":["https:\/\/quehacerpolitico.mx\/wp-content\/uploads\/2023\/02\/CA320AFB-2C6F-4634-AC62-8732C841F34F.jpeg",889,1280,false],"covernews-medium":["https:\/\/quehacerpolitico.mx\/wp-content\/uploads\/2023\/02\/CA320AFB-2C6F-4634-AC62-8732C841F34F.jpeg",236,340,false]},"author_info":{"display_name":"Redacci\u00f3n QP","author_link":"https:\/\/quehacerpolitico.mx\/?author=2"},"category_info":"<a href=\"https:\/\/quehacerpolitico.mx\/?cat=55\" rel=\"category\">CDMX<\/a>","tag_info":"CDMX","comment_count":"0","_links":{"self":[{"href":"https:\/\/quehacerpolitico.mx\/index.php?rest_route=\/wp\/v2\/posts\/98559","targetHints":{"allow":["GET"]}}],"collection":[{"href":"https:\/\/quehacerpolitico.mx\/index.php?rest_route=\/wp\/v2\/posts"}],"about":[{"href":"https:\/\/quehacerpolitico.mx\/index.php?rest_route=\/wp\/v2\/types\/post"}],"author":[{"embeddable":true,"href":"https:\/\/quehacerpolitico.mx\/index.php?rest_route=\/wp\/v2\/users\/2"}],"replies":[{"embeddable":true,"href":"https:\/\/quehacerpolitico.mx\/index.php?rest_route=%2Fwp%2Fv2%2Fcomments&post=98559"}],"version-history":[{"count":1,"href":"https:\/\/quehacerpolitico.mx\/index.php?rest_route=\/wp\/v2\/posts\/98559\/revisions"}],"predecessor-version":[{"id":98562,"href":"https:\/\/quehacerpolitico.mx\/index.php?rest_route=\/wp\/v2\/posts\/98559\/revisions\/98562"}],"wp:featuredmedia":[{"embeddable":true,"href":"https:\/\/quehacerpolitico.mx\/index.php?rest_route=\/wp\/v2\/media\/98561"}],"wp:attachment":[{"href":"https:\/\/quehacerpolitico.mx\/index.php?rest_route=%2Fwp%2Fv2%2Fmedia&parent=98559"}],"wp:term":[{"taxonomy":"category","embeddable":true,"href":"https:\/\/quehacerpolitico.mx\/index.php?rest_route=%2Fwp%2Fv2%2Fcategories&post=98559"},{"taxonomy":"post_tag","embeddable":true,"href":"https:\/\/quehacerpolitico.mx\/index.php?rest_route=%2Fwp%2Fv2%2Ftags&post=98559"}],"curies":[{"name":"wp","href":"https:\/\/api.w.org\/{rel}","templated":true}]}}