{"id":98534,"date":"2023-02-06T17:07:30","date_gmt":"2023-02-06T17:07:30","guid":{"rendered":"https:\/\/quehacerpolitico.mx\/?p=98534"},"modified":"2023-02-06T17:07:34","modified_gmt":"2023-02-06T17:07:34","slug":"enfoque-litza-deniss-duran-espinosa-la-figura-del-aval-inmobiliario-tiene-beneficios-y-desventajas","status":"publish","type":"post","link":"https:\/\/quehacerpolitico.mx\/?p=98534","title":{"rendered":"Enfoque\/\/\/Litza Deniss Dur\u00e1n Espinosa\/\/\/La figura del aval inmobiliario tiene beneficios y desventajas"},"content":{"rendered":"\n<p>Por Litza Deniss Dur\u00e1n Espinosa<\/p>\n\n\n\n<p>Analista<\/p>\n\n\n\n<p>El mercado del alquiler se modifica d\u00eda a d\u00eda y el aval resulta un arma de doble filo; sin embargo, existen opciones que ofrecen la misma garant\u00eda.<\/p>\n\n\n\n<p>La figura del aval inmobiliario tiene beneficios, pero igual desventajas. Poco a poco aparecen nuevas figuras para transformar esta garant\u00eda tal y como la conocemos. As\u00ed, conseguir una garant\u00eda para rentar inmuebles ser\u00e1 menos dif\u00edcil.<\/p>\n\n\n\n<p>El aval cuenta con amplio sustento jur\u00eddico que garantiza al propietario, al menos en teor\u00eda, el pago puntual de sus rentas. Sin embargo, en M\u00e9xico el 29.4% de la poblaci\u00f3n (seg\u00fan Feebbo M\u00e9xico, estudios de mercado) \u201ctiene una mala nota en el bur\u00f3 de cr\u00e9dito por ser un aval incumplido\u201d.<\/p>\n\n\n\n<p>Leonardo Gonz\u00e1lez, analista Real Estate de Propiedades.com, menciona a Obras que el aval es una figura que en efecto \u201ctiene una amplia tradici\u00f3n en el funcionamiento del mercado de arrendamiento y alquiler, pero requiere de una modernizaci\u00f3n que se adapte a las nuevas tendencias, a la tecnolog\u00eda que ofrece soluciones a las dificultades del mercado de alquiler, como puede ser, precisamente, conseguir un aval o contratar una fianza\u201d.<\/p>\n\n\n\n<figure class=\"wp-block-image size-full\"><img loading=\"lazy\" decoding=\"async\" width=\"678\" height=\"452\" src=\"https:\/\/quehacerpolitico.mx\/wp-content\/uploads\/2023\/02\/image-6.jpeg\" alt=\"\" class=\"wp-image-98537\" srcset=\"https:\/\/quehacerpolitico.mx\/wp-content\/uploads\/2023\/02\/image-6.jpeg 678w, https:\/\/quehacerpolitico.mx\/wp-content\/uploads\/2023\/02\/image-6-300x200.jpeg 300w, https:\/\/quehacerpolitico.mx\/wp-content\/uploads\/2023\/02\/image-6-219x146.jpeg 219w, https:\/\/quehacerpolitico.mx\/wp-content\/uploads\/2023\/02\/image-6-50x33.jpeg 50w, https:\/\/quehacerpolitico.mx\/wp-content\/uploads\/2023\/02\/image-6-113x75.jpeg 113w\" sizes=\"auto, (max-width: 678px) 100vw, 678px\" \/><\/figure>\n\n\n\n<p>Jeremy Calton, ciudadano estadounidense, radicado en M\u00e9xico desde hace poco m\u00e1s de un a\u00f1o, coment\u00f3 que \u201ccomo extranjero me es imposible conseguir un aval\u201d y nadie le dijo que existen otras opciones como fianzas bancarias o que se est\u00e1n desarrollando servicios que fungen como un aval confiable. En su caso tuvo que demostrar, a trav\u00e9s del banco, que su salario era tres veces mayor que el costo de la renta de su vivienda.<\/p>\n\n\n\n<p>Calton dice que conseguir una renta sin aval en Oaxaca fue relativamente f\u00e1cil, \u201cs\u00f3lo mir\u00e9 los departamentos que ofrec\u00edan trato directo y ofrec\u00ed un dep\u00f3sito adicional, el cual estaba dispuesto a pagar. Termin\u00e9 pagando s\u00f3lo un mes adicional, aunque estaba dispuesto a pagar m\u00e1s\u201d. Su opini\u00f3n es que \u201clos arrendadores quieren asegurarse de recibir sus pagos, as\u00ed que hacen que sea muy dif\u00edcil el obtener un departamento\u201d.<\/p>\n\n\n\n<p>El estadounidense, ya jubilado, afirma que \u201cla mayor\u00eda de los departamentos que rent\u00f3 en Oaxaca no tienen contrato, el inquilino es libre de ir y venir y el propietario libre de pedir su propiedad cuando consigue una mejor oferta o para venderla. De esta manera, a\u00fan cuando existe un marco jur\u00eddico para cada entidad, la informalidad hace su aparici\u00f3n a la menor provocaci\u00f3n&#8221;.<\/p>\n\n\n\n<p>El analista de Propiedades.com dice que \u201cel mercado de arrendamiento y de alquiler en el pa\u00eds reportan un alto rezago, sobre todo institucional. En t\u00e9rminos de fiscalidad el mercado de alquiler es uno de los que m\u00e1s evade el pago de los impuestos, esto es un indicador del alto grado de informalidad y los problemas derivados como el poder ejercer las pr\u00e1cticas del aval o contratar una fianza\u201d.<\/p>\n\n\n\n<figure class=\"wp-block-image size-full\"><img loading=\"lazy\" decoding=\"async\" width=\"724\" height=\"424\" src=\"https:\/\/quehacerpolitico.mx\/wp-content\/uploads\/2023\/02\/image-7.jpeg\" alt=\"\" class=\"wp-image-98538\" srcset=\"https:\/\/quehacerpolitico.mx\/wp-content\/uploads\/2023\/02\/image-7.jpeg 724w, https:\/\/quehacerpolitico.mx\/wp-content\/uploads\/2023\/02\/image-7-300x176.jpeg 300w, https:\/\/quehacerpolitico.mx\/wp-content\/uploads\/2023\/02\/image-7-249x146.jpeg 249w, https:\/\/quehacerpolitico.mx\/wp-content\/uploads\/2023\/02\/image-7-50x29.jpeg 50w, https:\/\/quehacerpolitico.mx\/wp-content\/uploads\/2023\/02\/image-7-128x75.jpeg 128w\" sizes=\"auto, (max-width: 724px) 100vw, 724px\" \/><\/figure>\n\n\n\n<p>La figura del aval sigue siendo cotizada, a\u00fan cuando aparezca entre la informalidad y que las dificultades surjan. Parad\u00f3jicamente protege a los arrendatarios de la incertidumbre y les otorga mayor confianza para el cuidado de sus bienes inmuebles y sus ganancias. Por otra parte, convertirse en aval podr\u00eda parecer f\u00e1cil, pero se necesita ser muy cuidadoso pues hay responsabilidades econ\u00f3micas que cumplir en caso de que el arrendatario no pueda continuar con sus propias obligaciones.<\/p>\n\n\n\n<p>La Comisi\u00f3n Nacional para la Protecci\u00f3n y Defensa de los Usuarios de Servicios Financieros (Condusef) aconseja conocer a fondo a la persona que nos pide ser su aval, enterarse del tipo de cr\u00e9dito que va a contratar en todos sus t\u00e9rminos y asegurarse que la persona que desea el cr\u00e9dito tenga ingresos comprobables y estables. Siempre se puede recurrir a los avales bancarios, que son una opci\u00f3n m\u00e1s segura cuando el incumplimiento por pagos es com\u00fan y encontrar aval deviene tarea tit\u00e1nica. La Condusef aconseja recurrir a instituciones financieras reconocidas y reguladas.<\/p>\n\n\n\n<p>Existen diversas figuras que pueden reemplazar al aval, dependiendo de las necesidades y econom\u00eda personales. Existe por ejemplo la fianza \u201cdonde se puede ejercer la obligaci\u00f3n para garantizar a otra en un contrato de fiador. En realidad la fianza tiene un mayor costo porque lo ofrecen instituciones financieras, mientras que el aval no puede ser obligado a pagar sin haberse requerido previamente el deudor\u201d, afirma Gonz\u00e1lez.<\/p>\n\n\n\n<p>Algunas aseguradoras, como Aserta, han desarrollado servicios que eval\u00faan el riesgo del inquilino en tiempos reducidos y costos m\u00e1s asequibles (nowo.mx). Una vez hecha la evaluaci\u00f3n la empresa otorga un certificado que demuestra que el inquilino tiene su respaldo. A cada necesidad corresponde una soluci\u00f3n y la pregunta es si la figura del aval tender\u00e1 a desaparecer bajo estos nuevos signos del mercado.<\/p>\n\n\n\n<figure class=\"wp-block-image size-full\"><img loading=\"lazy\" decoding=\"async\" width=\"678\" height=\"452\" src=\"https:\/\/quehacerpolitico.mx\/wp-content\/uploads\/2023\/02\/image-8.jpeg\" alt=\"\" class=\"wp-image-98539\" srcset=\"https:\/\/quehacerpolitico.mx\/wp-content\/uploads\/2023\/02\/image-8.jpeg 678w, https:\/\/quehacerpolitico.mx\/wp-content\/uploads\/2023\/02\/image-8-300x200.jpeg 300w, https:\/\/quehacerpolitico.mx\/wp-content\/uploads\/2023\/02\/image-8-219x146.jpeg 219w, https:\/\/quehacerpolitico.mx\/wp-content\/uploads\/2023\/02\/image-8-50x33.jpeg 50w, https:\/\/quehacerpolitico.mx\/wp-content\/uploads\/2023\/02\/image-8-113x75.jpeg 113w\" sizes=\"auto, (max-width: 678px) 100vw, 678px\" \/><\/figure>\n\n\n\n<p>Leonardo Gonz\u00e1lez dice: \u201cdudamos que el aval vaya a desaparecer, pero esperamos que sus pr\u00e1cticas en el mercado se modernicen. Es tradicional observar el pago de dos meses de alquiler cuando se ejerce un aval, pero identificamos que el aval tambi\u00e9n tiene funciones jur\u00eddicas y legales muy importantes, como el poder ejercer los derechos y responsabilidades en la relaci\u00f3n entre el arrendador y el arrendatario. Por lo que consideramos a resumidas cuentas que el aval tender\u00e1 a una modernizaci\u00f3n, m\u00e1s que a su desaparici\u00f3n\u201d, como ya est\u00e1 sucediendo.<\/p>\n\n\n\n<p>As\u00ed el Quehacer Pol\u00edtico y el sector inmobiliario a trav\u00e9s de mi enfoque.Es cuanto.<\/p>\n\n\n\n<p>No se te olvide que?<\/p>\n\n\n\n<p>En\u00a0NotiExpress | La Revista del Sector Inmobiliario nos ocupamos en la difusi\u00f3n de la industria inmobiliaria generamos contenidos que te ayudar\u00e1n a mantenerte a la vanguardia en tecnolog\u00eda y en tendencias del sector inmobiliario para que puedas ofrecer el mejor servicio y generar m\u00e1s clientes.<\/p>\n\n\n\n<p>\u00c9chale una miradita a nuestra revista mensual donde encontrar\u00e1s la informaci\u00f3n precisa y oportuna con todo lo relacionado al sector inmobiliario aqu\u00ed\u00a0?<a href=\"https:\/\/issuu.com\/notiexpressmx\/docs\/notiexpress_07\">https:\/\/issuu.com\/notiexpressmx\/docs\/notiexpress_07\u00a0<\/a>\u00a0NotiExpress | La Revista del Sector Inmobiliario<\/p>\n\n\n\n<figure class=\"wp-block-image size-large\"><img loading=\"lazy\" decoding=\"async\" width=\"1024\" height=\"378\" src=\"https:\/\/quehacerpolitico.mx\/wp-content\/uploads\/2023\/02\/image-5-1024x378.jpeg\" alt=\"\" class=\"wp-image-98536\" srcset=\"https:\/\/quehacerpolitico.mx\/wp-content\/uploads\/2023\/02\/image-5-1024x378.jpeg 1024w, https:\/\/quehacerpolitico.mx\/wp-content\/uploads\/2023\/02\/image-5-300x111.jpeg 300w, https:\/\/quehacerpolitico.mx\/wp-content\/uploads\/2023\/02\/image-5-768x284.jpeg 768w, https:\/\/quehacerpolitico.mx\/wp-content\/uploads\/2023\/02\/image-5-260x96.jpeg 260w, https:\/\/quehacerpolitico.mx\/wp-content\/uploads\/2023\/02\/image-5-50x18.jpeg 50w, https:\/\/quehacerpolitico.mx\/wp-content\/uploads\/2023\/02\/image-5-150x55.jpeg 150w, https:\/\/quehacerpolitico.mx\/wp-content\/uploads\/2023\/02\/image-5.jpeg 1280w\" sizes=\"auto, (max-width: 1024px) 100vw, 1024px\" \/><\/figure>\n","protected":false},"excerpt":{"rendered":"<p>Por Litza Deniss Dur\u00e1n Espinosa Analista El mercado del alquiler se modifica d\u00eda a d\u00eda&#8230;<\/p>\n","protected":false},"author":2,"featured_media":98535,"comment_status":"open","ping_status":"open","sticky":false,"template":"","format":"standard","meta":{"_monsterinsights_skip_tracking":false,"_monsterinsights_sitenote_active":false,"_monsterinsights_sitenote_note":"","_monsterinsights_sitenote_category":0,"footnotes":""},"categories":[56],"tags":[],"class_list":["post-98534","post","type-post","status-publish","format-standard","has-post-thumbnail","hentry","category-economia"],"yoast_head":"<!-- This site is optimized with the Yoast SEO plugin v27.3 - https:\/\/yoast.com\/product\/yoast-seo-wordpress\/ -->\n<title>Enfoque\/\/\/Litza Deniss Dur\u00e1n Espinosa\/\/\/La figura del aval inmobiliario tiene beneficios y desventajas -<\/title>\n<meta name=\"robots\" content=\"index, follow, max-snippet:-1, max-image-preview:large, max-video-preview:-1\" \/>\n<link rel=\"canonical\" href=\"https:\/\/quehacerpolitico.mx\/?p=98534\" \/>\n<meta property=\"og:locale\" content=\"es_MX\" \/>\n<meta property=\"og:type\" content=\"article\" \/>\n<meta property=\"og:title\" content=\"Enfoque\/\/\/Litza Deniss Dur\u00e1n Espinosa\/\/\/La figura del aval inmobiliario tiene beneficios y desventajas -\" \/>\n<meta property=\"og:description\" content=\"Por Litza Deniss Dur\u00e1n Espinosa Analista El mercado del alquiler se modifica d\u00eda a d\u00eda...\" \/>\n<meta property=\"og:url\" content=\"https:\/\/quehacerpolitico.mx\/?p=98534\" \/>\n<meta property=\"article:published_time\" content=\"2023-02-06T17:07:30+00:00\" \/>\n<meta property=\"article:modified_time\" content=\"2023-02-06T17:07:34+00:00\" \/>\n<meta property=\"og:image\" content=\"https:\/\/quehacerpolitico.mx\/wp-content\/uploads\/2023\/02\/49004AF5-96E3-4A5E-8334-F690C72366E4.jpeg\" \/>\n\t<meta property=\"og:image:width\" content=\"1280\" \/>\n\t<meta property=\"og:image:height\" content=\"337\" \/>\n\t<meta property=\"og:image:type\" content=\"image\/jpeg\" \/>\n<meta name=\"author\" content=\"Redacci\u00f3n QP\" \/>\n<meta name=\"twitter:card\" content=\"summary_large_image\" \/>\n<meta name=\"twitter:label1\" content=\"Escrito por\" \/>\n\t<meta name=\"twitter:data1\" content=\"Redacci\u00f3n QP\" \/>\n\t<meta name=\"twitter:label2\" content=\"Tiempo de lectura\" \/>\n\t<meta name=\"twitter:data2\" content=\"5 minutos\" \/>\n<script type=\"application\/ld+json\" class=\"yoast-schema-graph\">{\"@context\":\"https:\\\/\\\/schema.org\",\"@graph\":[{\"@type\":\"Article\",\"@id\":\"https:\\\/\\\/quehacerpolitico.mx\\\/?p=98534#article\",\"isPartOf\":{\"@id\":\"https:\\\/\\\/quehacerpolitico.mx\\\/?p=98534\"},\"author\":{\"name\":\"Redacci\u00f3n QP\",\"@id\":\"https:\\\/\\\/quehacerpolitico.mx\\\/#\\\/schema\\\/person\\\/496d8ad2d1d3f8036101dca7ee39e585\"},\"headline\":\"Enfoque\\\/\\\/\\\/Litza Deniss Dur\u00e1n Espinosa\\\/\\\/\\\/La figura del aval inmobiliario tiene beneficios y desventajas\",\"datePublished\":\"2023-02-06T17:07:30+00:00\",\"dateModified\":\"2023-02-06T17:07:34+00:00\",\"mainEntityOfPage\":{\"@id\":\"https:\\\/\\\/quehacerpolitico.mx\\\/?p=98534\"},\"wordCount\":1034,\"commentCount\":0,\"image\":{\"@id\":\"https:\\\/\\\/quehacerpolitico.mx\\\/?p=98534#primaryimage\"},\"thumbnailUrl\":\"https:\\\/\\\/quehacerpolitico.mx\\\/wp-content\\\/uploads\\\/2023\\\/02\\\/49004AF5-96E3-4A5E-8334-F690C72366E4.jpeg\",\"articleSection\":[\"Econom\u00eda\"],\"inLanguage\":\"es\",\"potentialAction\":[{\"@type\":\"CommentAction\",\"name\":\"Comment\",\"target\":[\"https:\\\/\\\/quehacerpolitico.mx\\\/?p=98534#respond\"]}]},{\"@type\":\"WebPage\",\"@id\":\"https:\\\/\\\/quehacerpolitico.mx\\\/?p=98534\",\"url\":\"https:\\\/\\\/quehacerpolitico.mx\\\/?p=98534\",\"name\":\"Enfoque\\\/\\\/\\\/Litza Deniss Dur\u00e1n Espinosa\\\/\\\/\\\/La figura del aval inmobiliario tiene beneficios y desventajas -\",\"isPartOf\":{\"@id\":\"https:\\\/\\\/quehacerpolitico.mx\\\/#website\"},\"primaryImageOfPage\":{\"@id\":\"https:\\\/\\\/quehacerpolitico.mx\\\/?p=98534#primaryimage\"},\"image\":{\"@id\":\"https:\\\/\\\/quehacerpolitico.mx\\\/?p=98534#primaryimage\"},\"thumbnailUrl\":\"https:\\\/\\\/quehacerpolitico.mx\\\/wp-content\\\/uploads\\\/2023\\\/02\\\/49004AF5-96E3-4A5E-8334-F690C72366E4.jpeg\",\"datePublished\":\"2023-02-06T17:07:30+00:00\",\"dateModified\":\"2023-02-06T17:07:34+00:00\",\"author\":{\"@id\":\"https:\\\/\\\/quehacerpolitico.mx\\\/#\\\/schema\\\/person\\\/496d8ad2d1d3f8036101dca7ee39e585\"},\"breadcrumb\":{\"@id\":\"https:\\\/\\\/quehacerpolitico.mx\\\/?p=98534#breadcrumb\"},\"inLanguage\":\"es\",\"potentialAction\":[{\"@type\":\"ReadAction\",\"target\":[\"https:\\\/\\\/quehacerpolitico.mx\\\/?p=98534\"]}]},{\"@type\":\"ImageObject\",\"inLanguage\":\"es\",\"@id\":\"https:\\\/\\\/quehacerpolitico.mx\\\/?p=98534#primaryimage\",\"url\":\"https:\\\/\\\/quehacerpolitico.mx\\\/wp-content\\\/uploads\\\/2023\\\/02\\\/49004AF5-96E3-4A5E-8334-F690C72366E4.jpeg\",\"contentUrl\":\"https:\\\/\\\/quehacerpolitico.mx\\\/wp-content\\\/uploads\\\/2023\\\/02\\\/49004AF5-96E3-4A5E-8334-F690C72366E4.jpeg\",\"width\":1280,\"height\":337},{\"@type\":\"BreadcrumbList\",\"@id\":\"https:\\\/\\\/quehacerpolitico.mx\\\/?p=98534#breadcrumb\",\"itemListElement\":[{\"@type\":\"ListItem\",\"position\":1,\"name\":\"Inicio\",\"item\":\"https:\\\/\\\/quehacerpolitico.mx\\\/\"},{\"@type\":\"ListItem\",\"position\":2,\"name\":\"Enfoque\\\/\\\/\\\/Litza Deniss Dur\u00e1n Espinosa\\\/\\\/\\\/La figura del aval inmobiliario tiene beneficios y desventajas\"}]},{\"@type\":\"WebSite\",\"@id\":\"https:\\\/\\\/quehacerpolitico.mx\\\/#website\",\"url\":\"https:\\\/\\\/quehacerpolitico.mx\\\/\",\"name\":\"\",\"description\":\"\",\"potentialAction\":[{\"@type\":\"SearchAction\",\"target\":{\"@type\":\"EntryPoint\",\"urlTemplate\":\"https:\\\/\\\/quehacerpolitico.mx\\\/?s={search_term_string}\"},\"query-input\":{\"@type\":\"PropertyValueSpecification\",\"valueRequired\":true,\"valueName\":\"search_term_string\"}}],\"inLanguage\":\"es\"},{\"@type\":\"Person\",\"@id\":\"https:\\\/\\\/quehacerpolitico.mx\\\/#\\\/schema\\\/person\\\/496d8ad2d1d3f8036101dca7ee39e585\",\"name\":\"Redacci\u00f3n QP\",\"image\":{\"@type\":\"ImageObject\",\"inLanguage\":\"es\",\"@id\":\"https:\\\/\\\/secure.gravatar.com\\\/avatar\\\/c7164ed6fdec453195284ad24a5ae5b6e1eed2b848477fa2a4787ba9adf39a41?s=96&d=mm&r=g\",\"url\":\"https:\\\/\\\/secure.gravatar.com\\\/avatar\\\/c7164ed6fdec453195284ad24a5ae5b6e1eed2b848477fa2a4787ba9adf39a41?s=96&d=mm&r=g\",\"contentUrl\":\"https:\\\/\\\/secure.gravatar.com\\\/avatar\\\/c7164ed6fdec453195284ad24a5ae5b6e1eed2b848477fa2a4787ba9adf39a41?s=96&d=mm&r=g\",\"caption\":\"Redacci\u00f3n QP\"},\"url\":\"https:\\\/\\\/quehacerpolitico.mx\\\/?author=2\"}]}<\/script>\n<!-- \/ Yoast SEO plugin. -->","yoast_head_json":{"title":"Enfoque\/\/\/Litza Deniss Dur\u00e1n Espinosa\/\/\/La figura del aval inmobiliario tiene beneficios y desventajas -","robots":{"index":"index","follow":"follow","max-snippet":"max-snippet:-1","max-image-preview":"max-image-preview:large","max-video-preview":"max-video-preview:-1"},"canonical":"https:\/\/quehacerpolitico.mx\/?p=98534","og_locale":"es_MX","og_type":"article","og_title":"Enfoque\/\/\/Litza Deniss Dur\u00e1n Espinosa\/\/\/La figura del aval inmobiliario tiene beneficios y desventajas -","og_description":"Por Litza Deniss Dur\u00e1n Espinosa Analista El mercado del alquiler se modifica d\u00eda a d\u00eda...","og_url":"https:\/\/quehacerpolitico.mx\/?p=98534","article_published_time":"2023-02-06T17:07:30+00:00","article_modified_time":"2023-02-06T17:07:34+00:00","og_image":[{"width":1280,"height":337,"url":"https:\/\/quehacerpolitico.mx\/wp-content\/uploads\/2023\/02\/49004AF5-96E3-4A5E-8334-F690C72366E4.jpeg","type":"image\/jpeg"}],"author":"Redacci\u00f3n QP","twitter_card":"summary_large_image","twitter_misc":{"Escrito por":"Redacci\u00f3n QP","Tiempo de lectura":"5 minutos"},"schema":{"@context":"https:\/\/schema.org","@graph":[{"@type":"Article","@id":"https:\/\/quehacerpolitico.mx\/?p=98534#article","isPartOf":{"@id":"https:\/\/quehacerpolitico.mx\/?p=98534"},"author":{"name":"Redacci\u00f3n QP","@id":"https:\/\/quehacerpolitico.mx\/#\/schema\/person\/496d8ad2d1d3f8036101dca7ee39e585"},"headline":"Enfoque\/\/\/Litza Deniss Dur\u00e1n Espinosa\/\/\/La figura del aval inmobiliario tiene beneficios y desventajas","datePublished":"2023-02-06T17:07:30+00:00","dateModified":"2023-02-06T17:07:34+00:00","mainEntityOfPage":{"@id":"https:\/\/quehacerpolitico.mx\/?p=98534"},"wordCount":1034,"commentCount":0,"image":{"@id":"https:\/\/quehacerpolitico.mx\/?p=98534#primaryimage"},"thumbnailUrl":"https:\/\/quehacerpolitico.mx\/wp-content\/uploads\/2023\/02\/49004AF5-96E3-4A5E-8334-F690C72366E4.jpeg","articleSection":["Econom\u00eda"],"inLanguage":"es","potentialAction":[{"@type":"CommentAction","name":"Comment","target":["https:\/\/quehacerpolitico.mx\/?p=98534#respond"]}]},{"@type":"WebPage","@id":"https:\/\/quehacerpolitico.mx\/?p=98534","url":"https:\/\/quehacerpolitico.mx\/?p=98534","name":"Enfoque\/\/\/Litza Deniss Dur\u00e1n Espinosa\/\/\/La figura del aval inmobiliario tiene beneficios y desventajas -","isPartOf":{"@id":"https:\/\/quehacerpolitico.mx\/#website"},"primaryImageOfPage":{"@id":"https:\/\/quehacerpolitico.mx\/?p=98534#primaryimage"},"image":{"@id":"https:\/\/quehacerpolitico.mx\/?p=98534#primaryimage"},"thumbnailUrl":"https:\/\/quehacerpolitico.mx\/wp-content\/uploads\/2023\/02\/49004AF5-96E3-4A5E-8334-F690C72366E4.jpeg","datePublished":"2023-02-06T17:07:30+00:00","dateModified":"2023-02-06T17:07:34+00:00","author":{"@id":"https:\/\/quehacerpolitico.mx\/#\/schema\/person\/496d8ad2d1d3f8036101dca7ee39e585"},"breadcrumb":{"@id":"https:\/\/quehacerpolitico.mx\/?p=98534#breadcrumb"},"inLanguage":"es","potentialAction":[{"@type":"ReadAction","target":["https:\/\/quehacerpolitico.mx\/?p=98534"]}]},{"@type":"ImageObject","inLanguage":"es","@id":"https:\/\/quehacerpolitico.mx\/?p=98534#primaryimage","url":"https:\/\/quehacerpolitico.mx\/wp-content\/uploads\/2023\/02\/49004AF5-96E3-4A5E-8334-F690C72366E4.jpeg","contentUrl":"https:\/\/quehacerpolitico.mx\/wp-content\/uploads\/2023\/02\/49004AF5-96E3-4A5E-8334-F690C72366E4.jpeg","width":1280,"height":337},{"@type":"BreadcrumbList","@id":"https:\/\/quehacerpolitico.mx\/?p=98534#breadcrumb","itemListElement":[{"@type":"ListItem","position":1,"name":"Inicio","item":"https:\/\/quehacerpolitico.mx\/"},{"@type":"ListItem","position":2,"name":"Enfoque\/\/\/Litza Deniss Dur\u00e1n Espinosa\/\/\/La figura del aval inmobiliario tiene beneficios y desventajas"}]},{"@type":"WebSite","@id":"https:\/\/quehacerpolitico.mx\/#website","url":"https:\/\/quehacerpolitico.mx\/","name":"","description":"","potentialAction":[{"@type":"SearchAction","target":{"@type":"EntryPoint","urlTemplate":"https:\/\/quehacerpolitico.mx\/?s={search_term_string}"},"query-input":{"@type":"PropertyValueSpecification","valueRequired":true,"valueName":"search_term_string"}}],"inLanguage":"es"},{"@type":"Person","@id":"https:\/\/quehacerpolitico.mx\/#\/schema\/person\/496d8ad2d1d3f8036101dca7ee39e585","name":"Redacci\u00f3n QP","image":{"@type":"ImageObject","inLanguage":"es","@id":"https:\/\/secure.gravatar.com\/avatar\/c7164ed6fdec453195284ad24a5ae5b6e1eed2b848477fa2a4787ba9adf39a41?s=96&d=mm&r=g","url":"https:\/\/secure.gravatar.com\/avatar\/c7164ed6fdec453195284ad24a5ae5b6e1eed2b848477fa2a4787ba9adf39a41?s=96&d=mm&r=g","contentUrl":"https:\/\/secure.gravatar.com\/avatar\/c7164ed6fdec453195284ad24a5ae5b6e1eed2b848477fa2a4787ba9adf39a41?s=96&d=mm&r=g","caption":"Redacci\u00f3n QP"},"url":"https:\/\/quehacerpolitico.mx\/?author=2"}]}},"featured_image_urls":{"full":["https:\/\/quehacerpolitico.mx\/wp-content\/uploads\/2023\/02\/49004AF5-96E3-4A5E-8334-F690C72366E4.jpeg",1280,337,false],"thumbnail":["https:\/\/quehacerpolitico.mx\/wp-content\/uploads\/2023\/02\/49004AF5-96E3-4A5E-8334-F690C72366E4-150x150.jpeg",150,150,true],"medium":["https:\/\/quehacerpolitico.mx\/wp-content\/uploads\/2023\/02\/49004AF5-96E3-4A5E-8334-F690C72366E4-300x79.jpeg",300,79,true],"medium_large":["https:\/\/quehacerpolitico.mx\/wp-content\/uploads\/2023\/02\/49004AF5-96E3-4A5E-8334-F690C72366E4-768x202.jpeg",640,168,true],"large":["https:\/\/quehacerpolitico.mx\/wp-content\/uploads\/2023\/02\/49004AF5-96E3-4A5E-8334-F690C72366E4-1024x270.jpeg",640,169,true],"1536x1536":["https:\/\/quehacerpolitico.mx\/wp-content\/uploads\/2023\/02\/49004AF5-96E3-4A5E-8334-F690C72366E4.jpeg",1280,337,false],"2048x2048":["https:\/\/quehacerpolitico.mx\/wp-content\/uploads\/2023\/02\/49004AF5-96E3-4A5E-8334-F690C72366E4.jpeg",1280,337,false],"covernews-featured":["https:\/\/quehacerpolitico.mx\/wp-content\/uploads\/2023\/02\/49004AF5-96E3-4A5E-8334-F690C72366E4.jpeg",1024,270,false],"covernews-medium":["https:\/\/quehacerpolitico.mx\/wp-content\/uploads\/2023\/02\/49004AF5-96E3-4A5E-8334-F690C72366E4.jpeg",540,142,false]},"author_info":{"display_name":"Redacci\u00f3n QP","author_link":"https:\/\/quehacerpolitico.mx\/?author=2"},"category_info":"<a href=\"https:\/\/quehacerpolitico.mx\/?cat=56\" rel=\"category\">Econom\u00eda<\/a>","tag_info":"Econom\u00eda","comment_count":"0","_links":{"self":[{"href":"https:\/\/quehacerpolitico.mx\/index.php?rest_route=\/wp\/v2\/posts\/98534","targetHints":{"allow":["GET"]}}],"collection":[{"href":"https:\/\/quehacerpolitico.mx\/index.php?rest_route=\/wp\/v2\/posts"}],"about":[{"href":"https:\/\/quehacerpolitico.mx\/index.php?rest_route=\/wp\/v2\/types\/post"}],"author":[{"embeddable":true,"href":"https:\/\/quehacerpolitico.mx\/index.php?rest_route=\/wp\/v2\/users\/2"}],"replies":[{"embeddable":true,"href":"https:\/\/quehacerpolitico.mx\/index.php?rest_route=%2Fwp%2Fv2%2Fcomments&post=98534"}],"version-history":[{"count":1,"href":"https:\/\/quehacerpolitico.mx\/index.php?rest_route=\/wp\/v2\/posts\/98534\/revisions"}],"predecessor-version":[{"id":98540,"href":"https:\/\/quehacerpolitico.mx\/index.php?rest_route=\/wp\/v2\/posts\/98534\/revisions\/98540"}],"wp:featuredmedia":[{"embeddable":true,"href":"https:\/\/quehacerpolitico.mx\/index.php?rest_route=\/wp\/v2\/media\/98535"}],"wp:attachment":[{"href":"https:\/\/quehacerpolitico.mx\/index.php?rest_route=%2Fwp%2Fv2%2Fmedia&parent=98534"}],"wp:term":[{"taxonomy":"category","embeddable":true,"href":"https:\/\/quehacerpolitico.mx\/index.php?rest_route=%2Fwp%2Fv2%2Fcategories&post=98534"},{"taxonomy":"post_tag","embeddable":true,"href":"https:\/\/quehacerpolitico.mx\/index.php?rest_route=%2Fwp%2Fv2%2Ftags&post=98534"}],"curies":[{"name":"wp","href":"https:\/\/api.w.org\/{rel}","templated":true}]}}