{"id":98531,"date":"2023-02-06T14:55:36","date_gmt":"2023-02-06T14:55:36","guid":{"rendered":"https:\/\/quehacerpolitico.mx\/?p=98531"},"modified":"2023-02-06T14:55:39","modified_gmt":"2023-02-06T14:55:39","slug":"vision-humanista-margarita-perez-delgado-abrazos-no-balazos","status":"publish","type":"post","link":"https:\/\/quehacerpolitico.mx\/?p=98531","title":{"rendered":"Visi\u00f3n Humanista\/\/\/Margarita Perez Delgado\/\/\/\u00a1ABRAZOS NO BALAZOS!"},"content":{"rendered":"\n<p>Por Lic Margarita Perez Delgado<\/p>\n\n\n\n<p>Analista<\/p>\n\n\n\n<p>\u201cLa injusticia, en cualquier parte, es una amenaza a la justicia en todas partes.\u201d<\/p>\n\n\n\n<p>Por qu\u00e9 los asesinatos a l\u00edderes sociales, comerciantes, periodistas y defensores de derechos humanos pasan desapercibidos en los medios de comunicaci\u00f3n, en las investigaciones acad\u00e9micas, en las tardes de caf\u00e9, en las conferencias pol\u00edticas y en los intereses generales de la sociedad mexicana? \u00bfSer\u00e1 porque los asesinados regularmente provienen de un estrato social bajo y es poco importante que maten a los pobres? \u00bfPor qu\u00e9 AMLO no ha hablado a profundidad sobre el tema y s\u00f3lo pide \u201cinvestigar\u201d y \u201ccastigar\u201d a los responsables, sin mostrar una preocupaci\u00f3n real, a pesar de que se dice sensible ante las injusticias?<br>En Am\u00e9rica Latina, Colombia, Brasil y M\u00e9xico ostentan los primeros lugares en asesinatos a activistas, defensores de la tierra y periodistas. Tan s\u00f3lo desde el primer o de diciembre, cuando Andr\u00e9s Manuel L\u00f3pez Obrador tom\u00f3 protesta como presidente, han sido asesinados m\u00e1s de 63 periodistas y m\u00e1s de un centenar de activistas en M\u00e9xico, urge detener la masacre.<br>\u201cLa injusticia, en cualquier parte, Pero esto puede ser la gota que derrame el vaso de confianza que en su momento los pueblos ind\u00edgenas le ten\u00edan al gobierno, representante de la autollamada \u201ccuarta transformaci\u00f3n\u201d, pues parece ser que L\u00f3pez Obrador ha olvidado tan pronto la petici\u00f3n que le hicieron al entregarle el bast\u00f3n de mando el primer d\u00eda de su gobierno. Le dijeron: &#8220;Aqu\u00ed est\u00e1 el bast\u00f3n de mando, el s\u00edmbolo con el que usted conducir\u00e1 a nuestro pueblo. Queremos recordarle que deseamos ser tomados en cuenta en sus planes de estos seis a\u00f1os&#8221;. Con estas palabras se exige al gobierno considerar la opini\u00f3n de los pueblos que son afectados por los grandes proyectos y escuchar sus necesidades. Que no se le olvide, se\u00f1or presidente, que los pueblos ind\u00edgenas confiaron en usted.<br>Esto no es un tema menor, pues donde<br>se matan l\u00edder es sociales y defensor es de derechos humanos, se vulnera la democracia y la vida p\u00fablica. &#8220;Las personas que defienden los DDHH son las puntas de lanza de reclamos m\u00e1s profundos a nivel de la regi\u00f3n frente a crisis democr\u00e1ticas&#8221;, dijo Viviana Krsticevic, Directora Ejecutiva del Centro por la Justicia y el Derecho Internacional.<br>El asesinato de l\u00edderes sociales afecta profundamente a M\u00e9xico, pues es tambi\u00e9n la muerte de familias y comunidades, lacera profundamente la lucha social e infunde miedo en algunos sectores de la sociedad. Son cr\u00edmenes de lesa humanidad, con tintes pol\u00edticos y econ\u00f3micos, que deben ser visibilizados y contrarr estados. \u00bfAcaso el objetivo de matar a quienes luchan contra el autoritarismo y la imposici\u00f3n de megaproyectos, es acallar a una sociedad que se dice vivir en una democracia, m\u00e1s falsa cada d\u00eda, e impedir que la organizaci\u00f3n social siga creciendo? \u00bfAcaso eso se va logrando, o al contrario, est\u00e1n despertando al M\u00e9xico que parece dormido desde la Revoluci\u00f3n Mexicana?<br>\u00bfQu\u00e9 debe hacer el gobierno mexicano ante estos asesinatos? O mejor dicho, \u00bfqu\u00e9 va a hacer Andr\u00e9s Manuel L\u00f3pez Obrador ante la violencia extendida a quienes luchan por el bien de sus comunidades y no s\u00f3lo por intereses econ\u00f3micos nacionales y trasnacionales? Est\u00e1 bien claro que las consultas, como se han dado hasta ahora, se\u00f1or Obrador, no son la soluci\u00f3n. Contestar un \u201cs\u00ed\u201d o un \u201cno\u201d, esconde la urgencia imperiosa de acallar las necesidades de la gente de a pie. Las consultas no paran la bala. Vaya, se\u00f1or Obrador, como lo hizo en su campa\u00f1a, a preguntarle a la gente qu\u00e9 necesita y qu\u00e9 le hace sentir que su presidente no los escuche y que el Estado siga haciendo o\u00eddos sordos ante sus exigencias. Usted ha insistido \u201cno le vamos a fallar al pueblo de M\u00e9xico\u201d o \u201cAbrazos, no balazos\u201d, haga v\u00e1lida su palabra, pues. M\u00e9xico se lo demanda.<br>Ya lo dijo el activista haitiano por la democracia, Jean Dominique, \u201cNo se puede matar la verdad. No se puede matar la justicia. No se puede matar aquello por lo que luchamos\u201d. No se puede matar la organizaci\u00f3n social, est\u00e1 creciendo a causa de la opresi\u00f3n y las injusticias, necesitamos se desarrollen pol\u00edticas p\u00fablicas pensadas en ayudar a la poblaci\u00f3n a trav\u00e9s de una Visi\u00f3n Humanista.Es cuanto.<br>\u00a1Hasta que la dignidad se haga costumbre!<\/p>\n","protected":false},"excerpt":{"rendered":"<p>Por Lic Margarita Perez Delgado Analista \u201cLa injusticia, en cualquier parte, es una amenaza a&#8230;<\/p>\n","protected":false},"author":2,"featured_media":98532,"comment_status":"open","ping_status":"open","sticky":false,"template":"","format":"standard","meta":{"_monsterinsights_skip_tracking":false,"_monsterinsights_sitenote_active":false,"_monsterinsights_sitenote_note":"","_monsterinsights_sitenote_category":0,"footnotes":""},"categories":[2],"tags":[],"class_list":["post-98531","post","type-post","status-publish","format-standard","has-post-thumbnail","hentry","category-noticias"],"yoast_head":"<!-- This site is optimized with the Yoast SEO plugin v27.3 - https:\/\/yoast.com\/product\/yoast-seo-wordpress\/ -->\n<title>Visi\u00f3n Humanista\/\/\/Margarita Perez Delgado\/\/\/\u00a1ABRAZOS NO BALAZOS! -<\/title>\n<meta name=\"robots\" content=\"index, follow, max-snippet:-1, max-image-preview:large, max-video-preview:-1\" \/>\n<link rel=\"canonical\" href=\"https:\/\/quehacerpolitico.mx\/?p=98531\" \/>\n<meta property=\"og:locale\" content=\"es_MX\" \/>\n<meta property=\"og:type\" content=\"article\" \/>\n<meta property=\"og:title\" content=\"Visi\u00f3n Humanista\/\/\/Margarita Perez Delgado\/\/\/\u00a1ABRAZOS NO BALAZOS! -\" \/>\n<meta property=\"og:description\" content=\"Por Lic Margarita Perez Delgado Analista \u201cLa injusticia, en cualquier parte, es una amenaza a...\" \/>\n<meta property=\"og:url\" content=\"https:\/\/quehacerpolitico.mx\/?p=98531\" \/>\n<meta property=\"article:published_time\" content=\"2023-02-06T14:55:36+00:00\" \/>\n<meta property=\"article:modified_time\" content=\"2023-02-06T14:55:39+00:00\" \/>\n<meta property=\"og:image\" content=\"https:\/\/quehacerpolitico.mx\/wp-content\/uploads\/2023\/02\/DF6EED15-5F5D-4CD1-AE54-895E68CE938B.jpeg\" \/>\n\t<meta property=\"og:image:width\" content=\"963\" \/>\n\t<meta property=\"og:image:height\" content=\"493\" \/>\n\t<meta property=\"og:image:type\" content=\"image\/jpeg\" \/>\n<meta name=\"author\" content=\"Redacci\u00f3n QP\" \/>\n<meta name=\"twitter:card\" content=\"summary_large_image\" \/>\n<meta name=\"twitter:label1\" content=\"Escrito por\" \/>\n\t<meta name=\"twitter:data1\" content=\"Redacci\u00f3n QP\" \/>\n\t<meta name=\"twitter:label2\" content=\"Tiempo de lectura\" \/>\n\t<meta name=\"twitter:data2\" content=\"4 minutos\" \/>\n<script type=\"application\/ld+json\" class=\"yoast-schema-graph\">{\"@context\":\"https:\\\/\\\/schema.org\",\"@graph\":[{\"@type\":\"Article\",\"@id\":\"https:\\\/\\\/quehacerpolitico.mx\\\/?p=98531#article\",\"isPartOf\":{\"@id\":\"https:\\\/\\\/quehacerpolitico.mx\\\/?p=98531\"},\"author\":{\"name\":\"Redacci\u00f3n QP\",\"@id\":\"https:\\\/\\\/quehacerpolitico.mx\\\/#\\\/schema\\\/person\\\/496d8ad2d1d3f8036101dca7ee39e585\"},\"headline\":\"Visi\u00f3n Humanista\\\/\\\/\\\/Margarita Perez Delgado\\\/\\\/\\\/\u00a1ABRAZOS NO BALAZOS!\",\"datePublished\":\"2023-02-06T14:55:36+00:00\",\"dateModified\":\"2023-02-06T14:55:39+00:00\",\"mainEntityOfPage\":{\"@id\":\"https:\\\/\\\/quehacerpolitico.mx\\\/?p=98531\"},\"wordCount\":776,\"commentCount\":0,\"image\":{\"@id\":\"https:\\\/\\\/quehacerpolitico.mx\\\/?p=98531#primaryimage\"},\"thumbnailUrl\":\"https:\\\/\\\/quehacerpolitico.mx\\\/wp-content\\\/uploads\\\/2023\\\/02\\\/DF6EED15-5F5D-4CD1-AE54-895E68CE938B.jpeg\",\"articleSection\":[\"Noticias\"],\"inLanguage\":\"es\",\"potentialAction\":[{\"@type\":\"CommentAction\",\"name\":\"Comment\",\"target\":[\"https:\\\/\\\/quehacerpolitico.mx\\\/?p=98531#respond\"]}]},{\"@type\":\"WebPage\",\"@id\":\"https:\\\/\\\/quehacerpolitico.mx\\\/?p=98531\",\"url\":\"https:\\\/\\\/quehacerpolitico.mx\\\/?p=98531\",\"name\":\"Visi\u00f3n Humanista\\\/\\\/\\\/Margarita Perez Delgado\\\/\\\/\\\/\u00a1ABRAZOS NO BALAZOS! -\",\"isPartOf\":{\"@id\":\"https:\\\/\\\/quehacerpolitico.mx\\\/#website\"},\"primaryImageOfPage\":{\"@id\":\"https:\\\/\\\/quehacerpolitico.mx\\\/?p=98531#primaryimage\"},\"image\":{\"@id\":\"https:\\\/\\\/quehacerpolitico.mx\\\/?p=98531#primaryimage\"},\"thumbnailUrl\":\"https:\\\/\\\/quehacerpolitico.mx\\\/wp-content\\\/uploads\\\/2023\\\/02\\\/DF6EED15-5F5D-4CD1-AE54-895E68CE938B.jpeg\",\"datePublished\":\"2023-02-06T14:55:36+00:00\",\"dateModified\":\"2023-02-06T14:55:39+00:00\",\"author\":{\"@id\":\"https:\\\/\\\/quehacerpolitico.mx\\\/#\\\/schema\\\/person\\\/496d8ad2d1d3f8036101dca7ee39e585\"},\"breadcrumb\":{\"@id\":\"https:\\\/\\\/quehacerpolitico.mx\\\/?p=98531#breadcrumb\"},\"inLanguage\":\"es\",\"potentialAction\":[{\"@type\":\"ReadAction\",\"target\":[\"https:\\\/\\\/quehacerpolitico.mx\\\/?p=98531\"]}]},{\"@type\":\"ImageObject\",\"inLanguage\":\"es\",\"@id\":\"https:\\\/\\\/quehacerpolitico.mx\\\/?p=98531#primaryimage\",\"url\":\"https:\\\/\\\/quehacerpolitico.mx\\\/wp-content\\\/uploads\\\/2023\\\/02\\\/DF6EED15-5F5D-4CD1-AE54-895E68CE938B.jpeg\",\"contentUrl\":\"https:\\\/\\\/quehacerpolitico.mx\\\/wp-content\\\/uploads\\\/2023\\\/02\\\/DF6EED15-5F5D-4CD1-AE54-895E68CE938B.jpeg\",\"width\":963,\"height\":493},{\"@type\":\"BreadcrumbList\",\"@id\":\"https:\\\/\\\/quehacerpolitico.mx\\\/?p=98531#breadcrumb\",\"itemListElement\":[{\"@type\":\"ListItem\",\"position\":1,\"name\":\"Inicio\",\"item\":\"https:\\\/\\\/quehacerpolitico.mx\\\/\"},{\"@type\":\"ListItem\",\"position\":2,\"name\":\"Visi\u00f3n Humanista\\\/\\\/\\\/Margarita Perez Delgado\\\/\\\/\\\/\u00a1ABRAZOS NO BALAZOS!\"}]},{\"@type\":\"WebSite\",\"@id\":\"https:\\\/\\\/quehacerpolitico.mx\\\/#website\",\"url\":\"https:\\\/\\\/quehacerpolitico.mx\\\/\",\"name\":\"\",\"description\":\"\",\"potentialAction\":[{\"@type\":\"SearchAction\",\"target\":{\"@type\":\"EntryPoint\",\"urlTemplate\":\"https:\\\/\\\/quehacerpolitico.mx\\\/?s={search_term_string}\"},\"query-input\":{\"@type\":\"PropertyValueSpecification\",\"valueRequired\":true,\"valueName\":\"search_term_string\"}}],\"inLanguage\":\"es\"},{\"@type\":\"Person\",\"@id\":\"https:\\\/\\\/quehacerpolitico.mx\\\/#\\\/schema\\\/person\\\/496d8ad2d1d3f8036101dca7ee39e585\",\"name\":\"Redacci\u00f3n QP\",\"image\":{\"@type\":\"ImageObject\",\"inLanguage\":\"es\",\"@id\":\"https:\\\/\\\/secure.gravatar.com\\\/avatar\\\/c7164ed6fdec453195284ad24a5ae5b6e1eed2b848477fa2a4787ba9adf39a41?s=96&d=mm&r=g\",\"url\":\"https:\\\/\\\/secure.gravatar.com\\\/avatar\\\/c7164ed6fdec453195284ad24a5ae5b6e1eed2b848477fa2a4787ba9adf39a41?s=96&d=mm&r=g\",\"contentUrl\":\"https:\\\/\\\/secure.gravatar.com\\\/avatar\\\/c7164ed6fdec453195284ad24a5ae5b6e1eed2b848477fa2a4787ba9adf39a41?s=96&d=mm&r=g\",\"caption\":\"Redacci\u00f3n QP\"},\"url\":\"https:\\\/\\\/quehacerpolitico.mx\\\/?author=2\"}]}<\/script>\n<!-- \/ Yoast SEO plugin. -->","yoast_head_json":{"title":"Visi\u00f3n Humanista\/\/\/Margarita Perez Delgado\/\/\/\u00a1ABRAZOS NO BALAZOS! -","robots":{"index":"index","follow":"follow","max-snippet":"max-snippet:-1","max-image-preview":"max-image-preview:large","max-video-preview":"max-video-preview:-1"},"canonical":"https:\/\/quehacerpolitico.mx\/?p=98531","og_locale":"es_MX","og_type":"article","og_title":"Visi\u00f3n Humanista\/\/\/Margarita Perez Delgado\/\/\/\u00a1ABRAZOS NO BALAZOS! -","og_description":"Por Lic Margarita Perez Delgado Analista \u201cLa injusticia, en cualquier parte, es una amenaza a...","og_url":"https:\/\/quehacerpolitico.mx\/?p=98531","article_published_time":"2023-02-06T14:55:36+00:00","article_modified_time":"2023-02-06T14:55:39+00:00","og_image":[{"width":963,"height":493,"url":"https:\/\/quehacerpolitico.mx\/wp-content\/uploads\/2023\/02\/DF6EED15-5F5D-4CD1-AE54-895E68CE938B.jpeg","type":"image\/jpeg"}],"author":"Redacci\u00f3n QP","twitter_card":"summary_large_image","twitter_misc":{"Escrito por":"Redacci\u00f3n QP","Tiempo de lectura":"4 minutos"},"schema":{"@context":"https:\/\/schema.org","@graph":[{"@type":"Article","@id":"https:\/\/quehacerpolitico.mx\/?p=98531#article","isPartOf":{"@id":"https:\/\/quehacerpolitico.mx\/?p=98531"},"author":{"name":"Redacci\u00f3n QP","@id":"https:\/\/quehacerpolitico.mx\/#\/schema\/person\/496d8ad2d1d3f8036101dca7ee39e585"},"headline":"Visi\u00f3n Humanista\/\/\/Margarita Perez Delgado\/\/\/\u00a1ABRAZOS NO BALAZOS!","datePublished":"2023-02-06T14:55:36+00:00","dateModified":"2023-02-06T14:55:39+00:00","mainEntityOfPage":{"@id":"https:\/\/quehacerpolitico.mx\/?p=98531"},"wordCount":776,"commentCount":0,"image":{"@id":"https:\/\/quehacerpolitico.mx\/?p=98531#primaryimage"},"thumbnailUrl":"https:\/\/quehacerpolitico.mx\/wp-content\/uploads\/2023\/02\/DF6EED15-5F5D-4CD1-AE54-895E68CE938B.jpeg","articleSection":["Noticias"],"inLanguage":"es","potentialAction":[{"@type":"CommentAction","name":"Comment","target":["https:\/\/quehacerpolitico.mx\/?p=98531#respond"]}]},{"@type":"WebPage","@id":"https:\/\/quehacerpolitico.mx\/?p=98531","url":"https:\/\/quehacerpolitico.mx\/?p=98531","name":"Visi\u00f3n Humanista\/\/\/Margarita Perez Delgado\/\/\/\u00a1ABRAZOS NO BALAZOS! -","isPartOf":{"@id":"https:\/\/quehacerpolitico.mx\/#website"},"primaryImageOfPage":{"@id":"https:\/\/quehacerpolitico.mx\/?p=98531#primaryimage"},"image":{"@id":"https:\/\/quehacerpolitico.mx\/?p=98531#primaryimage"},"thumbnailUrl":"https:\/\/quehacerpolitico.mx\/wp-content\/uploads\/2023\/02\/DF6EED15-5F5D-4CD1-AE54-895E68CE938B.jpeg","datePublished":"2023-02-06T14:55:36+00:00","dateModified":"2023-02-06T14:55:39+00:00","author":{"@id":"https:\/\/quehacerpolitico.mx\/#\/schema\/person\/496d8ad2d1d3f8036101dca7ee39e585"},"breadcrumb":{"@id":"https:\/\/quehacerpolitico.mx\/?p=98531#breadcrumb"},"inLanguage":"es","potentialAction":[{"@type":"ReadAction","target":["https:\/\/quehacerpolitico.mx\/?p=98531"]}]},{"@type":"ImageObject","inLanguage":"es","@id":"https:\/\/quehacerpolitico.mx\/?p=98531#primaryimage","url":"https:\/\/quehacerpolitico.mx\/wp-content\/uploads\/2023\/02\/DF6EED15-5F5D-4CD1-AE54-895E68CE938B.jpeg","contentUrl":"https:\/\/quehacerpolitico.mx\/wp-content\/uploads\/2023\/02\/DF6EED15-5F5D-4CD1-AE54-895E68CE938B.jpeg","width":963,"height":493},{"@type":"BreadcrumbList","@id":"https:\/\/quehacerpolitico.mx\/?p=98531#breadcrumb","itemListElement":[{"@type":"ListItem","position":1,"name":"Inicio","item":"https:\/\/quehacerpolitico.mx\/"},{"@type":"ListItem","position":2,"name":"Visi\u00f3n Humanista\/\/\/Margarita Perez Delgado\/\/\/\u00a1ABRAZOS NO BALAZOS!"}]},{"@type":"WebSite","@id":"https:\/\/quehacerpolitico.mx\/#website","url":"https:\/\/quehacerpolitico.mx\/","name":"","description":"","potentialAction":[{"@type":"SearchAction","target":{"@type":"EntryPoint","urlTemplate":"https:\/\/quehacerpolitico.mx\/?s={search_term_string}"},"query-input":{"@type":"PropertyValueSpecification","valueRequired":true,"valueName":"search_term_string"}}],"inLanguage":"es"},{"@type":"Person","@id":"https:\/\/quehacerpolitico.mx\/#\/schema\/person\/496d8ad2d1d3f8036101dca7ee39e585","name":"Redacci\u00f3n QP","image":{"@type":"ImageObject","inLanguage":"es","@id":"https:\/\/secure.gravatar.com\/avatar\/c7164ed6fdec453195284ad24a5ae5b6e1eed2b848477fa2a4787ba9adf39a41?s=96&d=mm&r=g","url":"https:\/\/secure.gravatar.com\/avatar\/c7164ed6fdec453195284ad24a5ae5b6e1eed2b848477fa2a4787ba9adf39a41?s=96&d=mm&r=g","contentUrl":"https:\/\/secure.gravatar.com\/avatar\/c7164ed6fdec453195284ad24a5ae5b6e1eed2b848477fa2a4787ba9adf39a41?s=96&d=mm&r=g","caption":"Redacci\u00f3n QP"},"url":"https:\/\/quehacerpolitico.mx\/?author=2"}]}},"featured_image_urls":{"full":["https:\/\/quehacerpolitico.mx\/wp-content\/uploads\/2023\/02\/DF6EED15-5F5D-4CD1-AE54-895E68CE938B.jpeg",963,493,false],"thumbnail":["https:\/\/quehacerpolitico.mx\/wp-content\/uploads\/2023\/02\/DF6EED15-5F5D-4CD1-AE54-895E68CE938B-150x150.jpeg",150,150,true],"medium":["https:\/\/quehacerpolitico.mx\/wp-content\/uploads\/2023\/02\/DF6EED15-5F5D-4CD1-AE54-895E68CE938B-300x154.jpeg",300,154,true],"medium_large":["https:\/\/quehacerpolitico.mx\/wp-content\/uploads\/2023\/02\/DF6EED15-5F5D-4CD1-AE54-895E68CE938B-768x393.jpeg",640,328,true],"large":["https:\/\/quehacerpolitico.mx\/wp-content\/uploads\/2023\/02\/DF6EED15-5F5D-4CD1-AE54-895E68CE938B.jpeg",640,328,false],"1536x1536":["https:\/\/quehacerpolitico.mx\/wp-content\/uploads\/2023\/02\/DF6EED15-5F5D-4CD1-AE54-895E68CE938B.jpeg",963,493,false],"2048x2048":["https:\/\/quehacerpolitico.mx\/wp-content\/uploads\/2023\/02\/DF6EED15-5F5D-4CD1-AE54-895E68CE938B.jpeg",963,493,false],"covernews-featured":["https:\/\/quehacerpolitico.mx\/wp-content\/uploads\/2023\/02\/DF6EED15-5F5D-4CD1-AE54-895E68CE938B.jpeg",963,493,false],"covernews-medium":["https:\/\/quehacerpolitico.mx\/wp-content\/uploads\/2023\/02\/DF6EED15-5F5D-4CD1-AE54-895E68CE938B.jpeg",540,276,false]},"author_info":{"display_name":"Redacci\u00f3n QP","author_link":"https:\/\/quehacerpolitico.mx\/?author=2"},"category_info":"<a href=\"https:\/\/quehacerpolitico.mx\/?cat=2\" rel=\"category\">Noticias<\/a>","tag_info":"Noticias","comment_count":"0","_links":{"self":[{"href":"https:\/\/quehacerpolitico.mx\/index.php?rest_route=\/wp\/v2\/posts\/98531","targetHints":{"allow":["GET"]}}],"collection":[{"href":"https:\/\/quehacerpolitico.mx\/index.php?rest_route=\/wp\/v2\/posts"}],"about":[{"href":"https:\/\/quehacerpolitico.mx\/index.php?rest_route=\/wp\/v2\/types\/post"}],"author":[{"embeddable":true,"href":"https:\/\/quehacerpolitico.mx\/index.php?rest_route=\/wp\/v2\/users\/2"}],"replies":[{"embeddable":true,"href":"https:\/\/quehacerpolitico.mx\/index.php?rest_route=%2Fwp%2Fv2%2Fcomments&post=98531"}],"version-history":[{"count":1,"href":"https:\/\/quehacerpolitico.mx\/index.php?rest_route=\/wp\/v2\/posts\/98531\/revisions"}],"predecessor-version":[{"id":98533,"href":"https:\/\/quehacerpolitico.mx\/index.php?rest_route=\/wp\/v2\/posts\/98531\/revisions\/98533"}],"wp:featuredmedia":[{"embeddable":true,"href":"https:\/\/quehacerpolitico.mx\/index.php?rest_route=\/wp\/v2\/media\/98532"}],"wp:attachment":[{"href":"https:\/\/quehacerpolitico.mx\/index.php?rest_route=%2Fwp%2Fv2%2Fmedia&parent=98531"}],"wp:term":[{"taxonomy":"category","embeddable":true,"href":"https:\/\/quehacerpolitico.mx\/index.php?rest_route=%2Fwp%2Fv2%2Fcategories&post=98531"},{"taxonomy":"post_tag","embeddable":true,"href":"https:\/\/quehacerpolitico.mx\/index.php?rest_route=%2Fwp%2Fv2%2Ftags&post=98531"}],"curies":[{"name":"wp","href":"https:\/\/api.w.org\/{rel}","templated":true}]}}