{"id":98517,"date":"2023-02-03T20:31:02","date_gmt":"2023-02-03T20:31:02","guid":{"rendered":"https:\/\/quehacerpolitico.mx\/?p=98517"},"modified":"2023-02-03T20:31:05","modified_gmt":"2023-02-03T20:31:05","slug":"el-arte-primitivo-y-picasso-la-fusion-que-pocos-conocen-se-exhibe-en-paris","status":"publish","type":"post","link":"https:\/\/quehacerpolitico.mx\/?p=98517","title":{"rendered":"El arte primitivo y Picasso, la fusi\u00f3n que pocos conocen, se exhibe en Par\u00eds"},"content":{"rendered":"\n<p>Por Redacci\u00f3n QP<\/p>\n\n\n\n<p>Descubre la fascinaci\u00f3n que ten\u00eda Picasso hacia las obras prehist\u00f3ricas<\/p>\n\n\n\n<p>En\u00a0<strong>el 50 aniversario de la muerte de Pablo Picasso<\/strong> el Museo del Hombre de Par\u00eds se ha fijado en una de las caras menos contadas del artista para su nueva exposici\u00f3n,<strong>\u00a0&#8220;Picasso y la Prehistoria&#8221;<\/strong>, la influencia de los hallazgos arqueol\u00f3gicos del siglo XX y del arte primitivo en la obra de este genio vanguardista.<\/p>\n\n\n\n<p><strong>Una cuarentena de obras de Picasso se expondr\u00e1n, a partir del pr\u00f3ximo 8 de febrero, junto a diferentes objetos prehist\u00f3ricos, originales o copias de taller que pertenecieron a Picasso<\/strong>, conformando un di\u00e1logo entre ambos elementos y mostrando &#8220;un tema que no era desconocido, pero que nunca hab\u00eda sido el centro de una exposici\u00f3n&#8221;, explica\u00a0la comisaria<strong>\u00a0C\u00e9cile Godefroy.<\/strong><\/p>\n\n\n\n<p><strong>&#8220;Picasso, como numerosos contempor\u00e1neos, est\u00e1 absolutamente fascinado por la prehistoria&#8221;<\/strong>, cuenta Godefroy,\u00a0<strong>&#8220;les da un nuevo conocimiento del arte, que hasta el siglo XIX estaba circunscrito a la hegemon\u00eda cl\u00e1sica&#8221;.<\/strong><\/p>\n\n\n\n<figure class=\"wp-block-image\"><img decoding=\"async\" src=\"https:\/\/www.informador.mx\/export\/sites\/elinformador\/img\/2023\/02\/02\/picasso_and_prehistor_x10639566x.jpg_320639035.jpg\" alt=\"\" title=\"\"\/><figcaption class=\"wp-element-caption\">Bruno David, presidente del museo nacional franc\u00e9s de historia natural. EFE\/ARCHIVO&nbsp;<\/figcaption><\/figure>\n\n\n\n<p>La exposici\u00f3n, que cuenta con el patronato del presidente franc\u00e9s, Emmanuel Macron, presenta desde cinco aproximaciones distintas la influencia del arte primitivo en el trabajo de Picasso, situando sus objetos de fascinaci\u00f3n (como esculturas primitivas de cuerpos humanos o pinturas de cuevas) junto a las obras del artista.<\/p>\n\n\n\n<p><strong>La Venus de Lespugue inspir\u00f3 el modelaje del cuerpo humano en pinturas como &#8220;Femme lan\u00e7ant une pierre&#8221; (Mujer lanzando una piedra, 1931) y en su &#8220;Venus del gas&#8221; (1945) elabor\u00f3 una representaci\u00f3n moderna de las deidades primitivas.<\/strong>\u00a0El malague\u00f1o sigui\u00f3 adem\u00e1s con atenci\u00f3n los descubrimientos arqueol\u00f3gicos de la \u00e9poca y coleccion\u00f3 peque\u00f1os objetos, como guijarros, que le sirvieron de referencia visual o como elementos de trabajo con los que cre\u00f3 peque\u00f1as fichas.<\/p>\n\n\n\n<p>En ellas,&nbsp;<strong>grababa im\u00e1genes simples de rostros siguiendo el trabajo de los artistas prehist\u00f3ricos.&nbsp;<\/strong>Imit\u00f3 asimismo las huellas de manos en las piedras y la representaci\u00f3n de animales de las cuevas de Altamira, un descubrimiento que le otorga al artista&nbsp;<strong>&#8220;un orgullo nacionalista&#8221;<\/strong>, resalta Godefroy.<\/p>\n\n\n\n<p><strong>&#8220;Picasso y la prehistoria&#8221; se enmarca dentro de la &#8220;Celebraci\u00f3n Picasso 1973-2023&#8221;, proyecto iniciado por el Museo Picasso-Par\u00eds en colaboraci\u00f3n con los gobiernos de Espa\u00f1a y Francia que propondr\u00e1 medio centenar de exposiciones a lo largo del 2023 en Europa y Am\u00e9rica del Norte para recordar el trabajo del artista<\/strong>.<\/p>\n\n\n\n<p>Con Informaci\u00f3n de EFE<\/p>\n","protected":false},"excerpt":{"rendered":"<p>Por Redacci\u00f3n QP Descubre la fascinaci\u00f3n que ten\u00eda Picasso hacia las obras prehist\u00f3ricas En\u00a0el 50&#8230;<\/p>\n","protected":false},"author":2,"featured_media":98518,"comment_status":"open","ping_status":"open","sticky":false,"template":"","format":"standard","meta":{"_monsterinsights_skip_tracking":false,"_monsterinsights_sitenote_active":false,"_monsterinsights_sitenote_note":"","_monsterinsights_sitenote_category":0,"footnotes":""},"categories":[58],"tags":[],"class_list":["post-98517","post","type-post","status-publish","format-standard","has-post-thumbnail","hentry","category-cultura"],"yoast_head":"<!-- This site is optimized with the Yoast SEO plugin v27.3 - https:\/\/yoast.com\/product\/yoast-seo-wordpress\/ -->\n<title>El arte primitivo y Picasso, la fusi\u00f3n que pocos conocen, se exhibe en Par\u00eds -<\/title>\n<meta name=\"robots\" content=\"index, follow, max-snippet:-1, max-image-preview:large, max-video-preview:-1\" \/>\n<link rel=\"canonical\" href=\"https:\/\/quehacerpolitico.mx\/?p=98517\" \/>\n<meta property=\"og:locale\" content=\"es_MX\" \/>\n<meta property=\"og:type\" content=\"article\" \/>\n<meta property=\"og:title\" content=\"El arte primitivo y Picasso, la fusi\u00f3n que pocos conocen, se exhibe en Par\u00eds -\" \/>\n<meta property=\"og:description\" content=\"Por Redacci\u00f3n QP Descubre la fascinaci\u00f3n que ten\u00eda Picasso hacia las obras prehist\u00f3ricas En\u00a0el 50...\" \/>\n<meta property=\"og:url\" content=\"https:\/\/quehacerpolitico.mx\/?p=98517\" \/>\n<meta property=\"article:published_time\" content=\"2023-02-03T20:31:02+00:00\" \/>\n<meta property=\"article:modified_time\" content=\"2023-02-03T20:31:05+00:00\" \/>\n<meta property=\"og:image\" content=\"https:\/\/quehacerpolitico.mx\/wp-content\/uploads\/2023\/02\/A2D30291-FF1D-44DD-9A7F-AC73FC5993C0.webp\" \/>\n\t<meta property=\"og:image:width\" content=\"700\" \/>\n\t<meta property=\"og:image:height\" content=\"466\" \/>\n\t<meta property=\"og:image:type\" content=\"image\/webp\" \/>\n<meta name=\"author\" content=\"Redacci\u00f3n QP\" \/>\n<meta name=\"twitter:card\" content=\"summary_large_image\" \/>\n<meta name=\"twitter:label1\" content=\"Escrito por\" \/>\n\t<meta name=\"twitter:data1\" content=\"Redacci\u00f3n QP\" \/>\n\t<meta name=\"twitter:label2\" content=\"Tiempo de lectura\" \/>\n\t<meta name=\"twitter:data2\" content=\"2 minutos\" \/>\n<script type=\"application\/ld+json\" class=\"yoast-schema-graph\">{\"@context\":\"https:\\\/\\\/schema.org\",\"@graph\":[{\"@type\":\"Article\",\"@id\":\"https:\\\/\\\/quehacerpolitico.mx\\\/?p=98517#article\",\"isPartOf\":{\"@id\":\"https:\\\/\\\/quehacerpolitico.mx\\\/?p=98517\"},\"author\":{\"name\":\"Redacci\u00f3n QP\",\"@id\":\"https:\\\/\\\/quehacerpolitico.mx\\\/#\\\/schema\\\/person\\\/496d8ad2d1d3f8036101dca7ee39e585\"},\"headline\":\"El arte primitivo y Picasso, la fusi\u00f3n que pocos conocen, se exhibe en Par\u00eds\",\"datePublished\":\"2023-02-03T20:31:02+00:00\",\"dateModified\":\"2023-02-03T20:31:05+00:00\",\"mainEntityOfPage\":{\"@id\":\"https:\\\/\\\/quehacerpolitico.mx\\\/?p=98517\"},\"wordCount\":441,\"commentCount\":0,\"image\":{\"@id\":\"https:\\\/\\\/quehacerpolitico.mx\\\/?p=98517#primaryimage\"},\"thumbnailUrl\":\"https:\\\/\\\/quehacerpolitico.mx\\\/wp-content\\\/uploads\\\/2023\\\/02\\\/A2D30291-FF1D-44DD-9A7F-AC73FC5993C0.webp\",\"articleSection\":[\"Cultura y Entretenimiento\"],\"inLanguage\":\"es\",\"potentialAction\":[{\"@type\":\"CommentAction\",\"name\":\"Comment\",\"target\":[\"https:\\\/\\\/quehacerpolitico.mx\\\/?p=98517#respond\"]}]},{\"@type\":\"WebPage\",\"@id\":\"https:\\\/\\\/quehacerpolitico.mx\\\/?p=98517\",\"url\":\"https:\\\/\\\/quehacerpolitico.mx\\\/?p=98517\",\"name\":\"El arte primitivo y Picasso, la fusi\u00f3n que pocos conocen, se exhibe en Par\u00eds -\",\"isPartOf\":{\"@id\":\"https:\\\/\\\/quehacerpolitico.mx\\\/#website\"},\"primaryImageOfPage\":{\"@id\":\"https:\\\/\\\/quehacerpolitico.mx\\\/?p=98517#primaryimage\"},\"image\":{\"@id\":\"https:\\\/\\\/quehacerpolitico.mx\\\/?p=98517#primaryimage\"},\"thumbnailUrl\":\"https:\\\/\\\/quehacerpolitico.mx\\\/wp-content\\\/uploads\\\/2023\\\/02\\\/A2D30291-FF1D-44DD-9A7F-AC73FC5993C0.webp\",\"datePublished\":\"2023-02-03T20:31:02+00:00\",\"dateModified\":\"2023-02-03T20:31:05+00:00\",\"author\":{\"@id\":\"https:\\\/\\\/quehacerpolitico.mx\\\/#\\\/schema\\\/person\\\/496d8ad2d1d3f8036101dca7ee39e585\"},\"breadcrumb\":{\"@id\":\"https:\\\/\\\/quehacerpolitico.mx\\\/?p=98517#breadcrumb\"},\"inLanguage\":\"es\",\"potentialAction\":[{\"@type\":\"ReadAction\",\"target\":[\"https:\\\/\\\/quehacerpolitico.mx\\\/?p=98517\"]}]},{\"@type\":\"ImageObject\",\"inLanguage\":\"es\",\"@id\":\"https:\\\/\\\/quehacerpolitico.mx\\\/?p=98517#primaryimage\",\"url\":\"https:\\\/\\\/quehacerpolitico.mx\\\/wp-content\\\/uploads\\\/2023\\\/02\\\/A2D30291-FF1D-44DD-9A7F-AC73FC5993C0.webp\",\"contentUrl\":\"https:\\\/\\\/quehacerpolitico.mx\\\/wp-content\\\/uploads\\\/2023\\\/02\\\/A2D30291-FF1D-44DD-9A7F-AC73FC5993C0.webp\",\"width\":700,\"height\":466},{\"@type\":\"BreadcrumbList\",\"@id\":\"https:\\\/\\\/quehacerpolitico.mx\\\/?p=98517#breadcrumb\",\"itemListElement\":[{\"@type\":\"ListItem\",\"position\":1,\"name\":\"Inicio\",\"item\":\"https:\\\/\\\/quehacerpolitico.mx\\\/\"},{\"@type\":\"ListItem\",\"position\":2,\"name\":\"El arte primitivo y Picasso, la fusi\u00f3n que pocos conocen, se exhibe en Par\u00eds\"}]},{\"@type\":\"WebSite\",\"@id\":\"https:\\\/\\\/quehacerpolitico.mx\\\/#website\",\"url\":\"https:\\\/\\\/quehacerpolitico.mx\\\/\",\"name\":\"\",\"description\":\"\",\"potentialAction\":[{\"@type\":\"SearchAction\",\"target\":{\"@type\":\"EntryPoint\",\"urlTemplate\":\"https:\\\/\\\/quehacerpolitico.mx\\\/?s={search_term_string}\"},\"query-input\":{\"@type\":\"PropertyValueSpecification\",\"valueRequired\":true,\"valueName\":\"search_term_string\"}}],\"inLanguage\":\"es\"},{\"@type\":\"Person\",\"@id\":\"https:\\\/\\\/quehacerpolitico.mx\\\/#\\\/schema\\\/person\\\/496d8ad2d1d3f8036101dca7ee39e585\",\"name\":\"Redacci\u00f3n QP\",\"image\":{\"@type\":\"ImageObject\",\"inLanguage\":\"es\",\"@id\":\"https:\\\/\\\/secure.gravatar.com\\\/avatar\\\/c7164ed6fdec453195284ad24a5ae5b6e1eed2b848477fa2a4787ba9adf39a41?s=96&d=mm&r=g\",\"url\":\"https:\\\/\\\/secure.gravatar.com\\\/avatar\\\/c7164ed6fdec453195284ad24a5ae5b6e1eed2b848477fa2a4787ba9adf39a41?s=96&d=mm&r=g\",\"contentUrl\":\"https:\\\/\\\/secure.gravatar.com\\\/avatar\\\/c7164ed6fdec453195284ad24a5ae5b6e1eed2b848477fa2a4787ba9adf39a41?s=96&d=mm&r=g\",\"caption\":\"Redacci\u00f3n QP\"},\"url\":\"https:\\\/\\\/quehacerpolitico.mx\\\/?author=2\"}]}<\/script>\n<!-- \/ Yoast SEO plugin. -->","yoast_head_json":{"title":"El arte primitivo y Picasso, la fusi\u00f3n que pocos conocen, se exhibe en Par\u00eds -","robots":{"index":"index","follow":"follow","max-snippet":"max-snippet:-1","max-image-preview":"max-image-preview:large","max-video-preview":"max-video-preview:-1"},"canonical":"https:\/\/quehacerpolitico.mx\/?p=98517","og_locale":"es_MX","og_type":"article","og_title":"El arte primitivo y Picasso, la fusi\u00f3n que pocos conocen, se exhibe en Par\u00eds -","og_description":"Por Redacci\u00f3n QP Descubre la fascinaci\u00f3n que ten\u00eda Picasso hacia las obras prehist\u00f3ricas En\u00a0el 50...","og_url":"https:\/\/quehacerpolitico.mx\/?p=98517","article_published_time":"2023-02-03T20:31:02+00:00","article_modified_time":"2023-02-03T20:31:05+00:00","og_image":[{"width":700,"height":466,"url":"https:\/\/quehacerpolitico.mx\/wp-content\/uploads\/2023\/02\/A2D30291-FF1D-44DD-9A7F-AC73FC5993C0.webp","type":"image\/webp"}],"author":"Redacci\u00f3n QP","twitter_card":"summary_large_image","twitter_misc":{"Escrito por":"Redacci\u00f3n QP","Tiempo de lectura":"2 minutos"},"schema":{"@context":"https:\/\/schema.org","@graph":[{"@type":"Article","@id":"https:\/\/quehacerpolitico.mx\/?p=98517#article","isPartOf":{"@id":"https:\/\/quehacerpolitico.mx\/?p=98517"},"author":{"name":"Redacci\u00f3n QP","@id":"https:\/\/quehacerpolitico.mx\/#\/schema\/person\/496d8ad2d1d3f8036101dca7ee39e585"},"headline":"El arte primitivo y Picasso, la fusi\u00f3n que pocos conocen, se exhibe en Par\u00eds","datePublished":"2023-02-03T20:31:02+00:00","dateModified":"2023-02-03T20:31:05+00:00","mainEntityOfPage":{"@id":"https:\/\/quehacerpolitico.mx\/?p=98517"},"wordCount":441,"commentCount":0,"image":{"@id":"https:\/\/quehacerpolitico.mx\/?p=98517#primaryimage"},"thumbnailUrl":"https:\/\/quehacerpolitico.mx\/wp-content\/uploads\/2023\/02\/A2D30291-FF1D-44DD-9A7F-AC73FC5993C0.webp","articleSection":["Cultura y Entretenimiento"],"inLanguage":"es","potentialAction":[{"@type":"CommentAction","name":"Comment","target":["https:\/\/quehacerpolitico.mx\/?p=98517#respond"]}]},{"@type":"WebPage","@id":"https:\/\/quehacerpolitico.mx\/?p=98517","url":"https:\/\/quehacerpolitico.mx\/?p=98517","name":"El arte primitivo y Picasso, la fusi\u00f3n que pocos conocen, se exhibe en Par\u00eds -","isPartOf":{"@id":"https:\/\/quehacerpolitico.mx\/#website"},"primaryImageOfPage":{"@id":"https:\/\/quehacerpolitico.mx\/?p=98517#primaryimage"},"image":{"@id":"https:\/\/quehacerpolitico.mx\/?p=98517#primaryimage"},"thumbnailUrl":"https:\/\/quehacerpolitico.mx\/wp-content\/uploads\/2023\/02\/A2D30291-FF1D-44DD-9A7F-AC73FC5993C0.webp","datePublished":"2023-02-03T20:31:02+00:00","dateModified":"2023-02-03T20:31:05+00:00","author":{"@id":"https:\/\/quehacerpolitico.mx\/#\/schema\/person\/496d8ad2d1d3f8036101dca7ee39e585"},"breadcrumb":{"@id":"https:\/\/quehacerpolitico.mx\/?p=98517#breadcrumb"},"inLanguage":"es","potentialAction":[{"@type":"ReadAction","target":["https:\/\/quehacerpolitico.mx\/?p=98517"]}]},{"@type":"ImageObject","inLanguage":"es","@id":"https:\/\/quehacerpolitico.mx\/?p=98517#primaryimage","url":"https:\/\/quehacerpolitico.mx\/wp-content\/uploads\/2023\/02\/A2D30291-FF1D-44DD-9A7F-AC73FC5993C0.webp","contentUrl":"https:\/\/quehacerpolitico.mx\/wp-content\/uploads\/2023\/02\/A2D30291-FF1D-44DD-9A7F-AC73FC5993C0.webp","width":700,"height":466},{"@type":"BreadcrumbList","@id":"https:\/\/quehacerpolitico.mx\/?p=98517#breadcrumb","itemListElement":[{"@type":"ListItem","position":1,"name":"Inicio","item":"https:\/\/quehacerpolitico.mx\/"},{"@type":"ListItem","position":2,"name":"El arte primitivo y Picasso, la fusi\u00f3n que pocos conocen, se exhibe en Par\u00eds"}]},{"@type":"WebSite","@id":"https:\/\/quehacerpolitico.mx\/#website","url":"https:\/\/quehacerpolitico.mx\/","name":"","description":"","potentialAction":[{"@type":"SearchAction","target":{"@type":"EntryPoint","urlTemplate":"https:\/\/quehacerpolitico.mx\/?s={search_term_string}"},"query-input":{"@type":"PropertyValueSpecification","valueRequired":true,"valueName":"search_term_string"}}],"inLanguage":"es"},{"@type":"Person","@id":"https:\/\/quehacerpolitico.mx\/#\/schema\/person\/496d8ad2d1d3f8036101dca7ee39e585","name":"Redacci\u00f3n QP","image":{"@type":"ImageObject","inLanguage":"es","@id":"https:\/\/secure.gravatar.com\/avatar\/c7164ed6fdec453195284ad24a5ae5b6e1eed2b848477fa2a4787ba9adf39a41?s=96&d=mm&r=g","url":"https:\/\/secure.gravatar.com\/avatar\/c7164ed6fdec453195284ad24a5ae5b6e1eed2b848477fa2a4787ba9adf39a41?s=96&d=mm&r=g","contentUrl":"https:\/\/secure.gravatar.com\/avatar\/c7164ed6fdec453195284ad24a5ae5b6e1eed2b848477fa2a4787ba9adf39a41?s=96&d=mm&r=g","caption":"Redacci\u00f3n QP"},"url":"https:\/\/quehacerpolitico.mx\/?author=2"}]}},"featured_image_urls":{"full":["https:\/\/quehacerpolitico.mx\/wp-content\/uploads\/2023\/02\/A2D30291-FF1D-44DD-9A7F-AC73FC5993C0.webp",700,466,false],"thumbnail":["https:\/\/quehacerpolitico.mx\/wp-content\/uploads\/2023\/02\/A2D30291-FF1D-44DD-9A7F-AC73FC5993C0-150x150.webp",150,150,true],"medium":["https:\/\/quehacerpolitico.mx\/wp-content\/uploads\/2023\/02\/A2D30291-FF1D-44DD-9A7F-AC73FC5993C0-300x200.webp",300,200,true],"medium_large":["https:\/\/quehacerpolitico.mx\/wp-content\/uploads\/2023\/02\/A2D30291-FF1D-44DD-9A7F-AC73FC5993C0.webp",640,426,false],"large":["https:\/\/quehacerpolitico.mx\/wp-content\/uploads\/2023\/02\/A2D30291-FF1D-44DD-9A7F-AC73FC5993C0.webp",640,426,false],"1536x1536":["https:\/\/quehacerpolitico.mx\/wp-content\/uploads\/2023\/02\/A2D30291-FF1D-44DD-9A7F-AC73FC5993C0.webp",700,466,false],"2048x2048":["https:\/\/quehacerpolitico.mx\/wp-content\/uploads\/2023\/02\/A2D30291-FF1D-44DD-9A7F-AC73FC5993C0.webp",700,466,false],"covernews-featured":["https:\/\/quehacerpolitico.mx\/wp-content\/uploads\/2023\/02\/A2D30291-FF1D-44DD-9A7F-AC73FC5993C0.webp",700,466,false],"covernews-medium":["https:\/\/quehacerpolitico.mx\/wp-content\/uploads\/2023\/02\/A2D30291-FF1D-44DD-9A7F-AC73FC5993C0.webp",511,340,false]},"author_info":{"display_name":"Redacci\u00f3n QP","author_link":"https:\/\/quehacerpolitico.mx\/?author=2"},"category_info":"<a href=\"https:\/\/quehacerpolitico.mx\/?cat=58\" rel=\"category\">Cultura y Entretenimiento<\/a>","tag_info":"Cultura y Entretenimiento","comment_count":"0","_links":{"self":[{"href":"https:\/\/quehacerpolitico.mx\/index.php?rest_route=\/wp\/v2\/posts\/98517","targetHints":{"allow":["GET"]}}],"collection":[{"href":"https:\/\/quehacerpolitico.mx\/index.php?rest_route=\/wp\/v2\/posts"}],"about":[{"href":"https:\/\/quehacerpolitico.mx\/index.php?rest_route=\/wp\/v2\/types\/post"}],"author":[{"embeddable":true,"href":"https:\/\/quehacerpolitico.mx\/index.php?rest_route=\/wp\/v2\/users\/2"}],"replies":[{"embeddable":true,"href":"https:\/\/quehacerpolitico.mx\/index.php?rest_route=%2Fwp%2Fv2%2Fcomments&post=98517"}],"version-history":[{"count":1,"href":"https:\/\/quehacerpolitico.mx\/index.php?rest_route=\/wp\/v2\/posts\/98517\/revisions"}],"predecessor-version":[{"id":98519,"href":"https:\/\/quehacerpolitico.mx\/index.php?rest_route=\/wp\/v2\/posts\/98517\/revisions\/98519"}],"wp:featuredmedia":[{"embeddable":true,"href":"https:\/\/quehacerpolitico.mx\/index.php?rest_route=\/wp\/v2\/media\/98518"}],"wp:attachment":[{"href":"https:\/\/quehacerpolitico.mx\/index.php?rest_route=%2Fwp%2Fv2%2Fmedia&parent=98517"}],"wp:term":[{"taxonomy":"category","embeddable":true,"href":"https:\/\/quehacerpolitico.mx\/index.php?rest_route=%2Fwp%2Fv2%2Fcategories&post=98517"},{"taxonomy":"post_tag","embeddable":true,"href":"https:\/\/quehacerpolitico.mx\/index.php?rest_route=%2Fwp%2Fv2%2Ftags&post=98517"}],"curies":[{"name":"wp","href":"https:\/\/api.w.org\/{rel}","templated":true}]}}