{"id":98513,"date":"2023-02-03T19:59:29","date_gmt":"2023-02-03T19:59:29","guid":{"rendered":"https:\/\/quehacerpolitico.mx\/?p=98513"},"modified":"2023-02-03T19:59:32","modified_gmt":"2023-02-03T19:59:32","slug":"las-modificaciones-a-los-libros-de-la-sep-con-lopez-obrador","status":"publish","type":"post","link":"https:\/\/quehacerpolitico.mx\/?p=98513","title":{"rendered":"Las modificaciones a los libros de la SEP con L\u00f3pez Obrador"},"content":{"rendered":"\n<p>Por Redacci\u00f3n QP<\/p>\n\n\n\n<p>La secretaria de Educaci\u00f3n P\u00fablica se\u00f1al\u00f3 que para garantizar la memoria de lo sucedido en el Colegio R\u00e9bsamen, se incorporar\u00e1 a los libros de texto gratuitos<\/p>\n\n\n\n<p>Este jueves, al participar en la presentaci\u00f3n del Memorial Colegio R\u00e9bsamen-19S, la secretaria de Educaci\u00f3n P\u00fablica, Leticia Ram\u00edrez Amaya,\u00a0<strong>ofreci\u00f3 una disculpa p\u00fablica a los padres de los menores que fallecieron en ese plantel y afirm\u00f3 que\u00a0para garantizar la memoria y la no repetici\u00f3n de los hechos, se incorporar\u00e1 en los contenidos de los Libros de Texto Gratuitos, lo ocurrido en el Colegio R\u00e9bsamen.<\/strong><\/p>\n\n\n\n<p>&#8220;En nombre de esta Secretar\u00eda ofrezco una profunda, sincera y sentida disculpa por la transgresi\u00f3n a los derechos humanos de las ni\u00f1as, los ni\u00f1os y los adultos que perdieron la vida en el Colegio R\u00e9bsamen&#8221;, se\u00f1al\u00f3.<\/p>\n\n\n\n<figure class=\"wp-block-embed is-type-rich is-provider-twitter wp-block-embed-twitter\"><div class=\"wp-block-embed__wrapper\">\n<blockquote class=\"twitter-tweet\" data-width=\"550\" data-dnt=\"true\"><p lang=\"es\" dir=\"ltr\">La tragedia del Colegio Enrique R\u00e9bsamen quedar\u00e1 en los libros de texto gratuitos, fue el compromiso de la secretaria de Educaci\u00f3n P\u00fablica Federal, Leticia Ram\u00edrez, en la disculpa p\u00fablica a familias de las v\u00edctimas. Esto para garantizar el hecho de no repetici\u00f3n<br>\ud83d\udcfd <a href=\"https:\/\/twitter.com\/jordana_glez?ref_src=twsrc%5Etfw\">@jordana_glez<\/a> <a href=\"https:\/\/t.co\/GKxliqtwKx\">pic.twitter.com\/GKxliqtwKx<\/a><\/p>&mdash; Ruido en la Red (@RuidoEnLaRed) <a href=\"https:\/\/twitter.com\/RuidoEnLaRed\/status\/1621342830860943360?ref_src=twsrc%5Etfw\">February 3, 2023<\/a><\/blockquote><script async src=\"https:\/\/platform.twitter.com\/widgets.js\" charset=\"utf-8\"><\/script>\n<\/div><\/figure>\n\n\n\n<p>Sin embargo,\u00a0<strong>esta no es la primera modificaci\u00f3n que los libros de texto gratuito, distribuidos por la SEP en las escuelas de nivel b\u00e1sico,\u00a0tienen durante el actual sexenio de\u00a0Andres Manuel Lopez Obrador quien incluso ya aparece en los ejemplares desde 2019.<\/strong><\/p>\n\n\n\n<p>L\u00f3pez Obrador aparece en un cap\u00edtulo XX del libro &#8220;M\u00e9xico. Grandeza y diversidad&#8221;.<strong>&nbsp;El cap\u00edtulo se llama &#8220;Una nueva esperanza&#8221; y habla de c\u00f3mo el Mandatario lleg\u00f3 a la presidencia en el 2018, adem\u00e1s de la 4T.<\/strong><\/p>\n\n\n\n<p>En el libro de texto se habla lo mismo de mamuts,\u00a0<strong>los primeros grupos humanos en el territorio nacional y los mexicas que del movimiento estudiantil de 1968.<\/strong><\/p>\n\n\n\n<p>En la p\u00e1gina 410 del libro &#8220;M\u00e9xico. Grandeza y diversidad&#8221;, se habla del conflicto de 1994 que protagoniz\u00f3 el EZLN.<\/p>\n\n\n\n<p>Pero es la p\u00e1gina 437\u00a0<strong>en donde Armando Batra escribe una cr\u00f3nica a la que califica como &#8220;epifan\u00eda&#8221; de la noche del 1 de julio de 2018, cuando gan\u00f3 L\u00f3pez Obrador las elecciones presidenciales<\/strong><\/p>\n\n\n\n<p>Con informaci\u00f3n de SUN<\/p>\n","protected":false},"excerpt":{"rendered":"<p>Por Redacci\u00f3n QP La secretaria de Educaci\u00f3n P\u00fablica se\u00f1al\u00f3 que para garantizar la memoria de&#8230;<\/p>\n","protected":false},"author":2,"featured_media":98515,"comment_status":"open","ping_status":"open","sticky":false,"template":"","format":"standard","meta":{"_monsterinsights_skip_tracking":false,"_monsterinsights_sitenote_active":false,"_monsterinsights_sitenote_note":"","_monsterinsights_sitenote_category":0,"footnotes":""},"categories":[2],"tags":[],"class_list":["post-98513","post","type-post","status-publish","format-standard","has-post-thumbnail","hentry","category-noticias"],"yoast_head":"<!-- This site is optimized with the Yoast SEO plugin v27.3 - https:\/\/yoast.com\/product\/yoast-seo-wordpress\/ -->\n<title>Las modificaciones a los libros de la SEP con L\u00f3pez Obrador -<\/title>\n<meta name=\"robots\" content=\"index, follow, max-snippet:-1, max-image-preview:large, max-video-preview:-1\" \/>\n<link rel=\"canonical\" href=\"https:\/\/quehacerpolitico.mx\/?p=98513\" \/>\n<meta property=\"og:locale\" content=\"es_MX\" \/>\n<meta property=\"og:type\" content=\"article\" \/>\n<meta property=\"og:title\" content=\"Las modificaciones a los libros de la SEP con L\u00f3pez Obrador -\" \/>\n<meta property=\"og:description\" content=\"Por Redacci\u00f3n QP La secretaria de Educaci\u00f3n P\u00fablica se\u00f1al\u00f3 que para garantizar la memoria de...\" \/>\n<meta property=\"og:url\" content=\"https:\/\/quehacerpolitico.mx\/?p=98513\" \/>\n<meta property=\"article:published_time\" content=\"2023-02-03T19:59:29+00:00\" \/>\n<meta property=\"article:modified_time\" content=\"2023-02-03T19:59:32+00:00\" \/>\n<meta property=\"og:image\" content=\"https:\/\/quehacerpolitico.mx\/wp-content\/uploads\/2023\/02\/E15D0F2A-E2A3-4424-8D87-2FD6FCC81D8B.jpeg\" \/>\n\t<meta property=\"og:image:width\" content=\"739\" \/>\n\t<meta property=\"og:image:height\" content=\"415\" \/>\n\t<meta property=\"og:image:type\" content=\"image\/jpeg\" \/>\n<meta name=\"author\" content=\"Redacci\u00f3n QP\" \/>\n<meta name=\"twitter:card\" content=\"summary_large_image\" \/>\n<meta name=\"twitter:label1\" content=\"Escrito por\" \/>\n\t<meta name=\"twitter:data1\" content=\"Redacci\u00f3n QP\" \/>\n\t<meta name=\"twitter:label2\" content=\"Tiempo de lectura\" \/>\n\t<meta name=\"twitter:data2\" content=\"2 minutos\" \/>\n<script type=\"application\/ld+json\" class=\"yoast-schema-graph\">{\"@context\":\"https:\\\/\\\/schema.org\",\"@graph\":[{\"@type\":\"Article\",\"@id\":\"https:\\\/\\\/quehacerpolitico.mx\\\/?p=98513#article\",\"isPartOf\":{\"@id\":\"https:\\\/\\\/quehacerpolitico.mx\\\/?p=98513\"},\"author\":{\"name\":\"Redacci\u00f3n QP\",\"@id\":\"https:\\\/\\\/quehacerpolitico.mx\\\/#\\\/schema\\\/person\\\/496d8ad2d1d3f8036101dca7ee39e585\"},\"headline\":\"Las modificaciones a los libros de la SEP con L\u00f3pez Obrador\",\"datePublished\":\"2023-02-03T19:59:29+00:00\",\"dateModified\":\"2023-02-03T19:59:32+00:00\",\"mainEntityOfPage\":{\"@id\":\"https:\\\/\\\/quehacerpolitico.mx\\\/?p=98513\"},\"wordCount\":349,\"commentCount\":0,\"image\":{\"@id\":\"https:\\\/\\\/quehacerpolitico.mx\\\/?p=98513#primaryimage\"},\"thumbnailUrl\":\"https:\\\/\\\/quehacerpolitico.mx\\\/wp-content\\\/uploads\\\/2023\\\/02\\\/E15D0F2A-E2A3-4424-8D87-2FD6FCC81D8B.jpeg\",\"articleSection\":[\"Noticias\"],\"inLanguage\":\"es\",\"potentialAction\":[{\"@type\":\"CommentAction\",\"name\":\"Comment\",\"target\":[\"https:\\\/\\\/quehacerpolitico.mx\\\/?p=98513#respond\"]}]},{\"@type\":\"WebPage\",\"@id\":\"https:\\\/\\\/quehacerpolitico.mx\\\/?p=98513\",\"url\":\"https:\\\/\\\/quehacerpolitico.mx\\\/?p=98513\",\"name\":\"Las modificaciones a los libros de la SEP con L\u00f3pez Obrador -\",\"isPartOf\":{\"@id\":\"https:\\\/\\\/quehacerpolitico.mx\\\/#website\"},\"primaryImageOfPage\":{\"@id\":\"https:\\\/\\\/quehacerpolitico.mx\\\/?p=98513#primaryimage\"},\"image\":{\"@id\":\"https:\\\/\\\/quehacerpolitico.mx\\\/?p=98513#primaryimage\"},\"thumbnailUrl\":\"https:\\\/\\\/quehacerpolitico.mx\\\/wp-content\\\/uploads\\\/2023\\\/02\\\/E15D0F2A-E2A3-4424-8D87-2FD6FCC81D8B.jpeg\",\"datePublished\":\"2023-02-03T19:59:29+00:00\",\"dateModified\":\"2023-02-03T19:59:32+00:00\",\"author\":{\"@id\":\"https:\\\/\\\/quehacerpolitico.mx\\\/#\\\/schema\\\/person\\\/496d8ad2d1d3f8036101dca7ee39e585\"},\"breadcrumb\":{\"@id\":\"https:\\\/\\\/quehacerpolitico.mx\\\/?p=98513#breadcrumb\"},\"inLanguage\":\"es\",\"potentialAction\":[{\"@type\":\"ReadAction\",\"target\":[\"https:\\\/\\\/quehacerpolitico.mx\\\/?p=98513\"]}]},{\"@type\":\"ImageObject\",\"inLanguage\":\"es\",\"@id\":\"https:\\\/\\\/quehacerpolitico.mx\\\/?p=98513#primaryimage\",\"url\":\"https:\\\/\\\/quehacerpolitico.mx\\\/wp-content\\\/uploads\\\/2023\\\/02\\\/E15D0F2A-E2A3-4424-8D87-2FD6FCC81D8B.jpeg\",\"contentUrl\":\"https:\\\/\\\/quehacerpolitico.mx\\\/wp-content\\\/uploads\\\/2023\\\/02\\\/E15D0F2A-E2A3-4424-8D87-2FD6FCC81D8B.jpeg\",\"width\":739,\"height\":415},{\"@type\":\"BreadcrumbList\",\"@id\":\"https:\\\/\\\/quehacerpolitico.mx\\\/?p=98513#breadcrumb\",\"itemListElement\":[{\"@type\":\"ListItem\",\"position\":1,\"name\":\"Inicio\",\"item\":\"https:\\\/\\\/quehacerpolitico.mx\\\/\"},{\"@type\":\"ListItem\",\"position\":2,\"name\":\"Las modificaciones a los libros de la SEP con L\u00f3pez Obrador\"}]},{\"@type\":\"WebSite\",\"@id\":\"https:\\\/\\\/quehacerpolitico.mx\\\/#website\",\"url\":\"https:\\\/\\\/quehacerpolitico.mx\\\/\",\"name\":\"\",\"description\":\"\",\"potentialAction\":[{\"@type\":\"SearchAction\",\"target\":{\"@type\":\"EntryPoint\",\"urlTemplate\":\"https:\\\/\\\/quehacerpolitico.mx\\\/?s={search_term_string}\"},\"query-input\":{\"@type\":\"PropertyValueSpecification\",\"valueRequired\":true,\"valueName\":\"search_term_string\"}}],\"inLanguage\":\"es\"},{\"@type\":\"Person\",\"@id\":\"https:\\\/\\\/quehacerpolitico.mx\\\/#\\\/schema\\\/person\\\/496d8ad2d1d3f8036101dca7ee39e585\",\"name\":\"Redacci\u00f3n QP\",\"image\":{\"@type\":\"ImageObject\",\"inLanguage\":\"es\",\"@id\":\"https:\\\/\\\/secure.gravatar.com\\\/avatar\\\/c7164ed6fdec453195284ad24a5ae5b6e1eed2b848477fa2a4787ba9adf39a41?s=96&d=mm&r=g\",\"url\":\"https:\\\/\\\/secure.gravatar.com\\\/avatar\\\/c7164ed6fdec453195284ad24a5ae5b6e1eed2b848477fa2a4787ba9adf39a41?s=96&d=mm&r=g\",\"contentUrl\":\"https:\\\/\\\/secure.gravatar.com\\\/avatar\\\/c7164ed6fdec453195284ad24a5ae5b6e1eed2b848477fa2a4787ba9adf39a41?s=96&d=mm&r=g\",\"caption\":\"Redacci\u00f3n QP\"},\"url\":\"https:\\\/\\\/quehacerpolitico.mx\\\/?author=2\"}]}<\/script>\n<!-- \/ Yoast SEO plugin. -->","yoast_head_json":{"title":"Las modificaciones a los libros de la SEP con L\u00f3pez Obrador -","robots":{"index":"index","follow":"follow","max-snippet":"max-snippet:-1","max-image-preview":"max-image-preview:large","max-video-preview":"max-video-preview:-1"},"canonical":"https:\/\/quehacerpolitico.mx\/?p=98513","og_locale":"es_MX","og_type":"article","og_title":"Las modificaciones a los libros de la SEP con L\u00f3pez Obrador -","og_description":"Por Redacci\u00f3n QP La secretaria de Educaci\u00f3n P\u00fablica se\u00f1al\u00f3 que para garantizar la memoria de...","og_url":"https:\/\/quehacerpolitico.mx\/?p=98513","article_published_time":"2023-02-03T19:59:29+00:00","article_modified_time":"2023-02-03T19:59:32+00:00","og_image":[{"width":739,"height":415,"url":"https:\/\/quehacerpolitico.mx\/wp-content\/uploads\/2023\/02\/E15D0F2A-E2A3-4424-8D87-2FD6FCC81D8B.jpeg","type":"image\/jpeg"}],"author":"Redacci\u00f3n QP","twitter_card":"summary_large_image","twitter_misc":{"Escrito por":"Redacci\u00f3n QP","Tiempo de lectura":"2 minutos"},"schema":{"@context":"https:\/\/schema.org","@graph":[{"@type":"Article","@id":"https:\/\/quehacerpolitico.mx\/?p=98513#article","isPartOf":{"@id":"https:\/\/quehacerpolitico.mx\/?p=98513"},"author":{"name":"Redacci\u00f3n QP","@id":"https:\/\/quehacerpolitico.mx\/#\/schema\/person\/496d8ad2d1d3f8036101dca7ee39e585"},"headline":"Las modificaciones a los libros de la SEP con L\u00f3pez Obrador","datePublished":"2023-02-03T19:59:29+00:00","dateModified":"2023-02-03T19:59:32+00:00","mainEntityOfPage":{"@id":"https:\/\/quehacerpolitico.mx\/?p=98513"},"wordCount":349,"commentCount":0,"image":{"@id":"https:\/\/quehacerpolitico.mx\/?p=98513#primaryimage"},"thumbnailUrl":"https:\/\/quehacerpolitico.mx\/wp-content\/uploads\/2023\/02\/E15D0F2A-E2A3-4424-8D87-2FD6FCC81D8B.jpeg","articleSection":["Noticias"],"inLanguage":"es","potentialAction":[{"@type":"CommentAction","name":"Comment","target":["https:\/\/quehacerpolitico.mx\/?p=98513#respond"]}]},{"@type":"WebPage","@id":"https:\/\/quehacerpolitico.mx\/?p=98513","url":"https:\/\/quehacerpolitico.mx\/?p=98513","name":"Las modificaciones a los libros de la SEP con L\u00f3pez Obrador -","isPartOf":{"@id":"https:\/\/quehacerpolitico.mx\/#website"},"primaryImageOfPage":{"@id":"https:\/\/quehacerpolitico.mx\/?p=98513#primaryimage"},"image":{"@id":"https:\/\/quehacerpolitico.mx\/?p=98513#primaryimage"},"thumbnailUrl":"https:\/\/quehacerpolitico.mx\/wp-content\/uploads\/2023\/02\/E15D0F2A-E2A3-4424-8D87-2FD6FCC81D8B.jpeg","datePublished":"2023-02-03T19:59:29+00:00","dateModified":"2023-02-03T19:59:32+00:00","author":{"@id":"https:\/\/quehacerpolitico.mx\/#\/schema\/person\/496d8ad2d1d3f8036101dca7ee39e585"},"breadcrumb":{"@id":"https:\/\/quehacerpolitico.mx\/?p=98513#breadcrumb"},"inLanguage":"es","potentialAction":[{"@type":"ReadAction","target":["https:\/\/quehacerpolitico.mx\/?p=98513"]}]},{"@type":"ImageObject","inLanguage":"es","@id":"https:\/\/quehacerpolitico.mx\/?p=98513#primaryimage","url":"https:\/\/quehacerpolitico.mx\/wp-content\/uploads\/2023\/02\/E15D0F2A-E2A3-4424-8D87-2FD6FCC81D8B.jpeg","contentUrl":"https:\/\/quehacerpolitico.mx\/wp-content\/uploads\/2023\/02\/E15D0F2A-E2A3-4424-8D87-2FD6FCC81D8B.jpeg","width":739,"height":415},{"@type":"BreadcrumbList","@id":"https:\/\/quehacerpolitico.mx\/?p=98513#breadcrumb","itemListElement":[{"@type":"ListItem","position":1,"name":"Inicio","item":"https:\/\/quehacerpolitico.mx\/"},{"@type":"ListItem","position":2,"name":"Las modificaciones a los libros de la SEP con L\u00f3pez Obrador"}]},{"@type":"WebSite","@id":"https:\/\/quehacerpolitico.mx\/#website","url":"https:\/\/quehacerpolitico.mx\/","name":"","description":"","potentialAction":[{"@type":"SearchAction","target":{"@type":"EntryPoint","urlTemplate":"https:\/\/quehacerpolitico.mx\/?s={search_term_string}"},"query-input":{"@type":"PropertyValueSpecification","valueRequired":true,"valueName":"search_term_string"}}],"inLanguage":"es"},{"@type":"Person","@id":"https:\/\/quehacerpolitico.mx\/#\/schema\/person\/496d8ad2d1d3f8036101dca7ee39e585","name":"Redacci\u00f3n QP","image":{"@type":"ImageObject","inLanguage":"es","@id":"https:\/\/secure.gravatar.com\/avatar\/c7164ed6fdec453195284ad24a5ae5b6e1eed2b848477fa2a4787ba9adf39a41?s=96&d=mm&r=g","url":"https:\/\/secure.gravatar.com\/avatar\/c7164ed6fdec453195284ad24a5ae5b6e1eed2b848477fa2a4787ba9adf39a41?s=96&d=mm&r=g","contentUrl":"https:\/\/secure.gravatar.com\/avatar\/c7164ed6fdec453195284ad24a5ae5b6e1eed2b848477fa2a4787ba9adf39a41?s=96&d=mm&r=g","caption":"Redacci\u00f3n QP"},"url":"https:\/\/quehacerpolitico.mx\/?author=2"}]}},"featured_image_urls":{"full":["https:\/\/quehacerpolitico.mx\/wp-content\/uploads\/2023\/02\/E15D0F2A-E2A3-4424-8D87-2FD6FCC81D8B.jpeg",739,415,false],"thumbnail":["https:\/\/quehacerpolitico.mx\/wp-content\/uploads\/2023\/02\/E15D0F2A-E2A3-4424-8D87-2FD6FCC81D8B-150x150.jpeg",150,150,true],"medium":["https:\/\/quehacerpolitico.mx\/wp-content\/uploads\/2023\/02\/E15D0F2A-E2A3-4424-8D87-2FD6FCC81D8B-300x168.jpeg",300,168,true],"medium_large":["https:\/\/quehacerpolitico.mx\/wp-content\/uploads\/2023\/02\/E15D0F2A-E2A3-4424-8D87-2FD6FCC81D8B.jpeg",640,359,false],"large":["https:\/\/quehacerpolitico.mx\/wp-content\/uploads\/2023\/02\/E15D0F2A-E2A3-4424-8D87-2FD6FCC81D8B.jpeg",640,359,false],"1536x1536":["https:\/\/quehacerpolitico.mx\/wp-content\/uploads\/2023\/02\/E15D0F2A-E2A3-4424-8D87-2FD6FCC81D8B.jpeg",739,415,false],"2048x2048":["https:\/\/quehacerpolitico.mx\/wp-content\/uploads\/2023\/02\/E15D0F2A-E2A3-4424-8D87-2FD6FCC81D8B.jpeg",739,415,false],"covernews-featured":["https:\/\/quehacerpolitico.mx\/wp-content\/uploads\/2023\/02\/E15D0F2A-E2A3-4424-8D87-2FD6FCC81D8B.jpeg",739,415,false],"covernews-medium":["https:\/\/quehacerpolitico.mx\/wp-content\/uploads\/2023\/02\/E15D0F2A-E2A3-4424-8D87-2FD6FCC81D8B.jpeg",540,303,false]},"author_info":{"display_name":"Redacci\u00f3n QP","author_link":"https:\/\/quehacerpolitico.mx\/?author=2"},"category_info":"<a href=\"https:\/\/quehacerpolitico.mx\/?cat=2\" rel=\"category\">Noticias<\/a>","tag_info":"Noticias","comment_count":"0","_links":{"self":[{"href":"https:\/\/quehacerpolitico.mx\/index.php?rest_route=\/wp\/v2\/posts\/98513","targetHints":{"allow":["GET"]}}],"collection":[{"href":"https:\/\/quehacerpolitico.mx\/index.php?rest_route=\/wp\/v2\/posts"}],"about":[{"href":"https:\/\/quehacerpolitico.mx\/index.php?rest_route=\/wp\/v2\/types\/post"}],"author":[{"embeddable":true,"href":"https:\/\/quehacerpolitico.mx\/index.php?rest_route=\/wp\/v2\/users\/2"}],"replies":[{"embeddable":true,"href":"https:\/\/quehacerpolitico.mx\/index.php?rest_route=%2Fwp%2Fv2%2Fcomments&post=98513"}],"version-history":[{"count":1,"href":"https:\/\/quehacerpolitico.mx\/index.php?rest_route=\/wp\/v2\/posts\/98513\/revisions"}],"predecessor-version":[{"id":98516,"href":"https:\/\/quehacerpolitico.mx\/index.php?rest_route=\/wp\/v2\/posts\/98513\/revisions\/98516"}],"wp:featuredmedia":[{"embeddable":true,"href":"https:\/\/quehacerpolitico.mx\/index.php?rest_route=\/wp\/v2\/media\/98515"}],"wp:attachment":[{"href":"https:\/\/quehacerpolitico.mx\/index.php?rest_route=%2Fwp%2Fv2%2Fmedia&parent=98513"}],"wp:term":[{"taxonomy":"category","embeddable":true,"href":"https:\/\/quehacerpolitico.mx\/index.php?rest_route=%2Fwp%2Fv2%2Fcategories&post=98513"},{"taxonomy":"post_tag","embeddable":true,"href":"https:\/\/quehacerpolitico.mx\/index.php?rest_route=%2Fwp%2Fv2%2Ftags&post=98513"}],"curies":[{"name":"wp","href":"https:\/\/api.w.org\/{rel}","templated":true}]}}