{"id":98510,"date":"2023-02-03T19:26:46","date_gmt":"2023-02-03T19:26:46","guid":{"rendered":"https:\/\/quehacerpolitico.mx\/?p=98510"},"modified":"2023-02-03T19:26:50","modified_gmt":"2023-02-03T19:26:50","slug":"lopez-obrador-reconoce-diferencias-con-ricardo-monreal","status":"publish","type":"post","link":"https:\/\/quehacerpolitico.mx\/?p=98510","title":{"rendered":"L\u00f3pez Obrador reconoce diferencias con Ricardo Monreal"},"content":{"rendered":"\n<p>Por Redacci\u00f3n QP<\/p>\n\n\n\n<p>El Presidente argumenta que debatir y tener diferencias es parte de la democracia<\/p>\n\n\n\n<p>El Presidente\u00a0Andres Manuel Lopez Obrador reconoci\u00f3 este viernes que\u00a0<strong>tiene diferencias con Ricardo Monreal, coordinador de los senadores de Morena y aspirante a la candidatura presidencial de 2024 por el partido guinda.<\/strong><\/p>\n\n\n\n<p>En conferencia de prensa matutina, el jefe del Ejecutivo federal<strong>&nbsp;se\u00f1al\u00f3 que una de esas diferencias, es sobre la justicia y el derecho, la cuales, se\u00f1al\u00f3, s\u00ed diferencias de fondo y no politiquer\u00eda.<\/strong><\/p>\n\n\n\n<p>&#8220;No s\u00e9 si fue cierto, o lo le\u00eda mal, pero\u00a0Ricardo Monreal con el que no tengo yo diferencias o s\u00ed tengo algunas diferencias, pero\u00a0<strong>es algo normal en la democracia, no podr\u00edamos pensar todos de la misma manera, ser\u00eda muy aburrida la vida&#8221;,\u00a0<\/strong>explic\u00f3.<\/p>\n\n\n\n<figure class=\"wp-block-embed is-type-video is-provider-youtube wp-block-embed-youtube wp-embed-aspect-16-9 wp-has-aspect-ratio\"><div class=\"wp-block-embed__wrapper\">\n<iframe loading=\"lazy\" title=\"AMLO reconoce que tiene diferencias con Ricardo Monreal\" width=\"640\" height=\"360\" src=\"https:\/\/www.youtube.com\/embed\/DfvGagRUYns?feature=oembed\" frameborder=\"0\" allow=\"accelerometer; autoplay; clipboard-write; encrypted-media; gyroscope; picture-in-picture; web-share\" referrerpolicy=\"strict-origin-when-cross-origin\" allowfullscreen><\/iframe>\n<\/div><\/figure>\n\n\n\n<p>El Presidente L\u00f3pez Obrador se\u00f1al\u00f3 que de acuerdo con la informaci\u00f3n que le proporcionaron &#8220;parece que dijo de que \u00e9l estaba,<strong>&nbsp;lo quiero expresar correctamente, a favor del derecho m\u00e1s que de la justicia, a ver si lo pueden buscar, yo sostengo lo opuesto y lo sent\u00ed como una r\u00e9plica, como una respuesta y es bueno el tema, muy bueno&#8221;.<\/strong><\/p>\n\n\n\n<p>En Palacio Nacional, el Mandatario federal asever\u00f3 que las diferencias que se puede generar al optar por la justicia y el derecho.<\/p>\n\n\n\n<p>&#8220;\u00bfPor qu\u00e9 se opta?, \u00bfPor qu\u00e9 se inclina? Porque a veces la vida p\u00fablica, la pol\u00edtica es optar entre inconvenientes\u2026 Adem\u00e1s,&nbsp;<strong>es un asunto que tiene que ver con la profesi\u00f3n de cada quien, quien es abogado creo yo que puedo pensar m\u00e1s en el derecho, el que tiene otra formaci\u00f3n m\u00e1s vinculada a las ciencias sociales pues puede ser que se incline m\u00e1s por la justicia&#8221;,<\/strong>&nbsp;argument\u00f3.<\/p>\n\n\n\n<p>&#8220;\u00bfQuiso marcar distancia de usted, Presidente?, se le cuestion\u00f3<\/p>\n\n\n\n<p>&#8220;No, no, no, no, ya estamos grandes y ya<strong>&nbsp;cada uno sabe lo que busca y representa y a m\u00ed me gusta que haya debate que estos temas de fondo&#8221;,<\/strong>respondi\u00f3.<\/p>\n\n\n\n<p>El Presidente&nbsp;<strong>L\u00f3pez Obrador arremeti\u00f3 contra decisiones que toman los jueces en donde dejan en libertad a presuntos delincuentes.<\/strong><\/p>\n\n\n\n<p>&#8220;Porque para m\u00ed s\u00ed el poder Judicial, no es el caso de Ricardo, sigue actuando a partir de que un delincuente fue detenido, pero el Ministerio P\u00fablico en la averiguaci\u00f3n y en la consignaci\u00f3n estableci\u00f3 que fue a las 10 de la ma\u00f1ana y el abogado defensor del presunto delincuente demuestra que fue a las 11 y por eso lo deja&nbsp;<strong>en libertad el juez, pues eso es un tecnicismo, que yo creo que nos siquiera tiene que ver con el derecho, pero se excusan en eso, \u00bfy la justicia?&#8221;,&nbsp;<\/strong>apunt\u00f3.<\/p>\n\n\n\n<p>El Presidente L\u00f3pez Obrador se\u00f1al\u00f3 que &#8220;una diferencia que tenemos (con Monreal),<strong>\u00a0no es politiquera, es de fondo, esta es de fondo porque no solo es Ricardo el que piensa as\u00ed, son much\u00edsimos, y los abogados casi todos y yo no coincido con eso&#8221;.<\/strong><\/p>\n\n\n\n<p>Con Informaci\u00f3n de SUN <\/p>\n","protected":false},"excerpt":{"rendered":"<p>Por Redacci\u00f3n QP El Presidente argumenta que debatir y tener diferencias es parte de la&#8230;<\/p>\n","protected":false},"author":2,"featured_media":98511,"comment_status":"open","ping_status":"open","sticky":false,"template":"","format":"standard","meta":{"_monsterinsights_skip_tracking":false,"_monsterinsights_sitenote_active":false,"_monsterinsights_sitenote_note":"","_monsterinsights_sitenote_category":0,"footnotes":""},"categories":[2],"tags":[],"class_list":["post-98510","post","type-post","status-publish","format-standard","has-post-thumbnail","hentry","category-noticias"],"yoast_head":"<!-- This site is optimized with the Yoast SEO plugin v27.3 - https:\/\/yoast.com\/product\/yoast-seo-wordpress\/ -->\n<title>L\u00f3pez Obrador reconoce diferencias con Ricardo Monreal -<\/title>\n<meta name=\"robots\" content=\"index, follow, max-snippet:-1, max-image-preview:large, max-video-preview:-1\" \/>\n<link rel=\"canonical\" href=\"https:\/\/quehacerpolitico.mx\/?p=98510\" \/>\n<meta property=\"og:locale\" content=\"es_MX\" \/>\n<meta property=\"og:type\" content=\"article\" \/>\n<meta property=\"og:title\" content=\"L\u00f3pez Obrador reconoce diferencias con Ricardo Monreal -\" \/>\n<meta property=\"og:description\" content=\"Por Redacci\u00f3n QP El Presidente argumenta que debatir y tener diferencias es parte de la...\" \/>\n<meta property=\"og:url\" content=\"https:\/\/quehacerpolitico.mx\/?p=98510\" \/>\n<meta property=\"article:published_time\" content=\"2023-02-03T19:26:46+00:00\" \/>\n<meta property=\"article:modified_time\" content=\"2023-02-03T19:26:50+00:00\" \/>\n<meta property=\"og:image\" content=\"https:\/\/quehacerpolitico.mx\/wp-content\/uploads\/2023\/02\/520FB0CD-7128-444F-AD05-EAB069CED2BD.jpeg\" \/>\n\t<meta property=\"og:image:width\" content=\"703\" \/>\n\t<meta property=\"og:image:height\" content=\"375\" \/>\n\t<meta property=\"og:image:type\" content=\"image\/jpeg\" \/>\n<meta name=\"author\" content=\"Redacci\u00f3n QP\" \/>\n<meta name=\"twitter:card\" content=\"summary_large_image\" \/>\n<meta name=\"twitter:label1\" content=\"Escrito por\" \/>\n\t<meta name=\"twitter:data1\" content=\"Redacci\u00f3n QP\" \/>\n\t<meta name=\"twitter:label2\" content=\"Tiempo de lectura\" \/>\n\t<meta name=\"twitter:data2\" content=\"3 minutos\" \/>\n<script type=\"application\/ld+json\" class=\"yoast-schema-graph\">{\"@context\":\"https:\\\/\\\/schema.org\",\"@graph\":[{\"@type\":\"Article\",\"@id\":\"https:\\\/\\\/quehacerpolitico.mx\\\/?p=98510#article\",\"isPartOf\":{\"@id\":\"https:\\\/\\\/quehacerpolitico.mx\\\/?p=98510\"},\"author\":{\"name\":\"Redacci\u00f3n QP\",\"@id\":\"https:\\\/\\\/quehacerpolitico.mx\\\/#\\\/schema\\\/person\\\/496d8ad2d1d3f8036101dca7ee39e585\"},\"headline\":\"L\u00f3pez Obrador reconoce diferencias con Ricardo Monreal\",\"datePublished\":\"2023-02-03T19:26:46+00:00\",\"dateModified\":\"2023-02-03T19:26:50+00:00\",\"mainEntityOfPage\":{\"@id\":\"https:\\\/\\\/quehacerpolitico.mx\\\/?p=98510\"},\"wordCount\":521,\"commentCount\":0,\"image\":{\"@id\":\"https:\\\/\\\/quehacerpolitico.mx\\\/?p=98510#primaryimage\"},\"thumbnailUrl\":\"https:\\\/\\\/quehacerpolitico.mx\\\/wp-content\\\/uploads\\\/2023\\\/02\\\/520FB0CD-7128-444F-AD05-EAB069CED2BD.jpeg\",\"articleSection\":[\"Noticias\"],\"inLanguage\":\"es\",\"potentialAction\":[{\"@type\":\"CommentAction\",\"name\":\"Comment\",\"target\":[\"https:\\\/\\\/quehacerpolitico.mx\\\/?p=98510#respond\"]}]},{\"@type\":\"WebPage\",\"@id\":\"https:\\\/\\\/quehacerpolitico.mx\\\/?p=98510\",\"url\":\"https:\\\/\\\/quehacerpolitico.mx\\\/?p=98510\",\"name\":\"L\u00f3pez Obrador reconoce diferencias con Ricardo Monreal -\",\"isPartOf\":{\"@id\":\"https:\\\/\\\/quehacerpolitico.mx\\\/#website\"},\"primaryImageOfPage\":{\"@id\":\"https:\\\/\\\/quehacerpolitico.mx\\\/?p=98510#primaryimage\"},\"image\":{\"@id\":\"https:\\\/\\\/quehacerpolitico.mx\\\/?p=98510#primaryimage\"},\"thumbnailUrl\":\"https:\\\/\\\/quehacerpolitico.mx\\\/wp-content\\\/uploads\\\/2023\\\/02\\\/520FB0CD-7128-444F-AD05-EAB069CED2BD.jpeg\",\"datePublished\":\"2023-02-03T19:26:46+00:00\",\"dateModified\":\"2023-02-03T19:26:50+00:00\",\"author\":{\"@id\":\"https:\\\/\\\/quehacerpolitico.mx\\\/#\\\/schema\\\/person\\\/496d8ad2d1d3f8036101dca7ee39e585\"},\"breadcrumb\":{\"@id\":\"https:\\\/\\\/quehacerpolitico.mx\\\/?p=98510#breadcrumb\"},\"inLanguage\":\"es\",\"potentialAction\":[{\"@type\":\"ReadAction\",\"target\":[\"https:\\\/\\\/quehacerpolitico.mx\\\/?p=98510\"]}]},{\"@type\":\"ImageObject\",\"inLanguage\":\"es\",\"@id\":\"https:\\\/\\\/quehacerpolitico.mx\\\/?p=98510#primaryimage\",\"url\":\"https:\\\/\\\/quehacerpolitico.mx\\\/wp-content\\\/uploads\\\/2023\\\/02\\\/520FB0CD-7128-444F-AD05-EAB069CED2BD.jpeg\",\"contentUrl\":\"https:\\\/\\\/quehacerpolitico.mx\\\/wp-content\\\/uploads\\\/2023\\\/02\\\/520FB0CD-7128-444F-AD05-EAB069CED2BD.jpeg\",\"width\":703,\"height\":375},{\"@type\":\"BreadcrumbList\",\"@id\":\"https:\\\/\\\/quehacerpolitico.mx\\\/?p=98510#breadcrumb\",\"itemListElement\":[{\"@type\":\"ListItem\",\"position\":1,\"name\":\"Inicio\",\"item\":\"https:\\\/\\\/quehacerpolitico.mx\\\/\"},{\"@type\":\"ListItem\",\"position\":2,\"name\":\"L\u00f3pez Obrador reconoce diferencias con Ricardo Monreal\"}]},{\"@type\":\"WebSite\",\"@id\":\"https:\\\/\\\/quehacerpolitico.mx\\\/#website\",\"url\":\"https:\\\/\\\/quehacerpolitico.mx\\\/\",\"name\":\"\",\"description\":\"\",\"potentialAction\":[{\"@type\":\"SearchAction\",\"target\":{\"@type\":\"EntryPoint\",\"urlTemplate\":\"https:\\\/\\\/quehacerpolitico.mx\\\/?s={search_term_string}\"},\"query-input\":{\"@type\":\"PropertyValueSpecification\",\"valueRequired\":true,\"valueName\":\"search_term_string\"}}],\"inLanguage\":\"es\"},{\"@type\":\"Person\",\"@id\":\"https:\\\/\\\/quehacerpolitico.mx\\\/#\\\/schema\\\/person\\\/496d8ad2d1d3f8036101dca7ee39e585\",\"name\":\"Redacci\u00f3n QP\",\"image\":{\"@type\":\"ImageObject\",\"inLanguage\":\"es\",\"@id\":\"https:\\\/\\\/secure.gravatar.com\\\/avatar\\\/c7164ed6fdec453195284ad24a5ae5b6e1eed2b848477fa2a4787ba9adf39a41?s=96&d=mm&r=g\",\"url\":\"https:\\\/\\\/secure.gravatar.com\\\/avatar\\\/c7164ed6fdec453195284ad24a5ae5b6e1eed2b848477fa2a4787ba9adf39a41?s=96&d=mm&r=g\",\"contentUrl\":\"https:\\\/\\\/secure.gravatar.com\\\/avatar\\\/c7164ed6fdec453195284ad24a5ae5b6e1eed2b848477fa2a4787ba9adf39a41?s=96&d=mm&r=g\",\"caption\":\"Redacci\u00f3n QP\"},\"url\":\"https:\\\/\\\/quehacerpolitico.mx\\\/?author=2\"}]}<\/script>\n<!-- \/ Yoast SEO plugin. -->","yoast_head_json":{"title":"L\u00f3pez Obrador reconoce diferencias con Ricardo Monreal -","robots":{"index":"index","follow":"follow","max-snippet":"max-snippet:-1","max-image-preview":"max-image-preview:large","max-video-preview":"max-video-preview:-1"},"canonical":"https:\/\/quehacerpolitico.mx\/?p=98510","og_locale":"es_MX","og_type":"article","og_title":"L\u00f3pez Obrador reconoce diferencias con Ricardo Monreal -","og_description":"Por Redacci\u00f3n QP El Presidente argumenta que debatir y tener diferencias es parte de la...","og_url":"https:\/\/quehacerpolitico.mx\/?p=98510","article_published_time":"2023-02-03T19:26:46+00:00","article_modified_time":"2023-02-03T19:26:50+00:00","og_image":[{"width":703,"height":375,"url":"https:\/\/quehacerpolitico.mx\/wp-content\/uploads\/2023\/02\/520FB0CD-7128-444F-AD05-EAB069CED2BD.jpeg","type":"image\/jpeg"}],"author":"Redacci\u00f3n QP","twitter_card":"summary_large_image","twitter_misc":{"Escrito por":"Redacci\u00f3n QP","Tiempo de lectura":"3 minutos"},"schema":{"@context":"https:\/\/schema.org","@graph":[{"@type":"Article","@id":"https:\/\/quehacerpolitico.mx\/?p=98510#article","isPartOf":{"@id":"https:\/\/quehacerpolitico.mx\/?p=98510"},"author":{"name":"Redacci\u00f3n QP","@id":"https:\/\/quehacerpolitico.mx\/#\/schema\/person\/496d8ad2d1d3f8036101dca7ee39e585"},"headline":"L\u00f3pez Obrador reconoce diferencias con Ricardo Monreal","datePublished":"2023-02-03T19:26:46+00:00","dateModified":"2023-02-03T19:26:50+00:00","mainEntityOfPage":{"@id":"https:\/\/quehacerpolitico.mx\/?p=98510"},"wordCount":521,"commentCount":0,"image":{"@id":"https:\/\/quehacerpolitico.mx\/?p=98510#primaryimage"},"thumbnailUrl":"https:\/\/quehacerpolitico.mx\/wp-content\/uploads\/2023\/02\/520FB0CD-7128-444F-AD05-EAB069CED2BD.jpeg","articleSection":["Noticias"],"inLanguage":"es","potentialAction":[{"@type":"CommentAction","name":"Comment","target":["https:\/\/quehacerpolitico.mx\/?p=98510#respond"]}]},{"@type":"WebPage","@id":"https:\/\/quehacerpolitico.mx\/?p=98510","url":"https:\/\/quehacerpolitico.mx\/?p=98510","name":"L\u00f3pez Obrador reconoce diferencias con Ricardo Monreal -","isPartOf":{"@id":"https:\/\/quehacerpolitico.mx\/#website"},"primaryImageOfPage":{"@id":"https:\/\/quehacerpolitico.mx\/?p=98510#primaryimage"},"image":{"@id":"https:\/\/quehacerpolitico.mx\/?p=98510#primaryimage"},"thumbnailUrl":"https:\/\/quehacerpolitico.mx\/wp-content\/uploads\/2023\/02\/520FB0CD-7128-444F-AD05-EAB069CED2BD.jpeg","datePublished":"2023-02-03T19:26:46+00:00","dateModified":"2023-02-03T19:26:50+00:00","author":{"@id":"https:\/\/quehacerpolitico.mx\/#\/schema\/person\/496d8ad2d1d3f8036101dca7ee39e585"},"breadcrumb":{"@id":"https:\/\/quehacerpolitico.mx\/?p=98510#breadcrumb"},"inLanguage":"es","potentialAction":[{"@type":"ReadAction","target":["https:\/\/quehacerpolitico.mx\/?p=98510"]}]},{"@type":"ImageObject","inLanguage":"es","@id":"https:\/\/quehacerpolitico.mx\/?p=98510#primaryimage","url":"https:\/\/quehacerpolitico.mx\/wp-content\/uploads\/2023\/02\/520FB0CD-7128-444F-AD05-EAB069CED2BD.jpeg","contentUrl":"https:\/\/quehacerpolitico.mx\/wp-content\/uploads\/2023\/02\/520FB0CD-7128-444F-AD05-EAB069CED2BD.jpeg","width":703,"height":375},{"@type":"BreadcrumbList","@id":"https:\/\/quehacerpolitico.mx\/?p=98510#breadcrumb","itemListElement":[{"@type":"ListItem","position":1,"name":"Inicio","item":"https:\/\/quehacerpolitico.mx\/"},{"@type":"ListItem","position":2,"name":"L\u00f3pez Obrador reconoce diferencias con Ricardo Monreal"}]},{"@type":"WebSite","@id":"https:\/\/quehacerpolitico.mx\/#website","url":"https:\/\/quehacerpolitico.mx\/","name":"","description":"","potentialAction":[{"@type":"SearchAction","target":{"@type":"EntryPoint","urlTemplate":"https:\/\/quehacerpolitico.mx\/?s={search_term_string}"},"query-input":{"@type":"PropertyValueSpecification","valueRequired":true,"valueName":"search_term_string"}}],"inLanguage":"es"},{"@type":"Person","@id":"https:\/\/quehacerpolitico.mx\/#\/schema\/person\/496d8ad2d1d3f8036101dca7ee39e585","name":"Redacci\u00f3n QP","image":{"@type":"ImageObject","inLanguage":"es","@id":"https:\/\/secure.gravatar.com\/avatar\/c7164ed6fdec453195284ad24a5ae5b6e1eed2b848477fa2a4787ba9adf39a41?s=96&d=mm&r=g","url":"https:\/\/secure.gravatar.com\/avatar\/c7164ed6fdec453195284ad24a5ae5b6e1eed2b848477fa2a4787ba9adf39a41?s=96&d=mm&r=g","contentUrl":"https:\/\/secure.gravatar.com\/avatar\/c7164ed6fdec453195284ad24a5ae5b6e1eed2b848477fa2a4787ba9adf39a41?s=96&d=mm&r=g","caption":"Redacci\u00f3n QP"},"url":"https:\/\/quehacerpolitico.mx\/?author=2"}]}},"featured_image_urls":{"full":["https:\/\/quehacerpolitico.mx\/wp-content\/uploads\/2023\/02\/520FB0CD-7128-444F-AD05-EAB069CED2BD.jpeg",703,375,false],"thumbnail":["https:\/\/quehacerpolitico.mx\/wp-content\/uploads\/2023\/02\/520FB0CD-7128-444F-AD05-EAB069CED2BD-150x150.jpeg",150,150,true],"medium":["https:\/\/quehacerpolitico.mx\/wp-content\/uploads\/2023\/02\/520FB0CD-7128-444F-AD05-EAB069CED2BD-300x160.jpeg",300,160,true],"medium_large":["https:\/\/quehacerpolitico.mx\/wp-content\/uploads\/2023\/02\/520FB0CD-7128-444F-AD05-EAB069CED2BD.jpeg",640,341,false],"large":["https:\/\/quehacerpolitico.mx\/wp-content\/uploads\/2023\/02\/520FB0CD-7128-444F-AD05-EAB069CED2BD.jpeg",640,341,false],"1536x1536":["https:\/\/quehacerpolitico.mx\/wp-content\/uploads\/2023\/02\/520FB0CD-7128-444F-AD05-EAB069CED2BD.jpeg",703,375,false],"2048x2048":["https:\/\/quehacerpolitico.mx\/wp-content\/uploads\/2023\/02\/520FB0CD-7128-444F-AD05-EAB069CED2BD.jpeg",703,375,false],"covernews-featured":["https:\/\/quehacerpolitico.mx\/wp-content\/uploads\/2023\/02\/520FB0CD-7128-444F-AD05-EAB069CED2BD.jpeg",703,375,false],"covernews-medium":["https:\/\/quehacerpolitico.mx\/wp-content\/uploads\/2023\/02\/520FB0CD-7128-444F-AD05-EAB069CED2BD.jpeg",540,288,false]},"author_info":{"display_name":"Redacci\u00f3n QP","author_link":"https:\/\/quehacerpolitico.mx\/?author=2"},"category_info":"<a href=\"https:\/\/quehacerpolitico.mx\/?cat=2\" rel=\"category\">Noticias<\/a>","tag_info":"Noticias","comment_count":"0","_links":{"self":[{"href":"https:\/\/quehacerpolitico.mx\/index.php?rest_route=\/wp\/v2\/posts\/98510","targetHints":{"allow":["GET"]}}],"collection":[{"href":"https:\/\/quehacerpolitico.mx\/index.php?rest_route=\/wp\/v2\/posts"}],"about":[{"href":"https:\/\/quehacerpolitico.mx\/index.php?rest_route=\/wp\/v2\/types\/post"}],"author":[{"embeddable":true,"href":"https:\/\/quehacerpolitico.mx\/index.php?rest_route=\/wp\/v2\/users\/2"}],"replies":[{"embeddable":true,"href":"https:\/\/quehacerpolitico.mx\/index.php?rest_route=%2Fwp%2Fv2%2Fcomments&post=98510"}],"version-history":[{"count":1,"href":"https:\/\/quehacerpolitico.mx\/index.php?rest_route=\/wp\/v2\/posts\/98510\/revisions"}],"predecessor-version":[{"id":98512,"href":"https:\/\/quehacerpolitico.mx\/index.php?rest_route=\/wp\/v2\/posts\/98510\/revisions\/98512"}],"wp:featuredmedia":[{"embeddable":true,"href":"https:\/\/quehacerpolitico.mx\/index.php?rest_route=\/wp\/v2\/media\/98511"}],"wp:attachment":[{"href":"https:\/\/quehacerpolitico.mx\/index.php?rest_route=%2Fwp%2Fv2%2Fmedia&parent=98510"}],"wp:term":[{"taxonomy":"category","embeddable":true,"href":"https:\/\/quehacerpolitico.mx\/index.php?rest_route=%2Fwp%2Fv2%2Fcategories&post=98510"},{"taxonomy":"post_tag","embeddable":true,"href":"https:\/\/quehacerpolitico.mx\/index.php?rest_route=%2Fwp%2Fv2%2Ftags&post=98510"}],"curies":[{"name":"wp","href":"https:\/\/api.w.org\/{rel}","templated":true}]}}