{"id":98507,"date":"2023-02-03T18:17:04","date_gmt":"2023-02-03T18:17:04","guid":{"rendered":"https:\/\/quehacerpolitico.mx\/?p=98507"},"modified":"2023-02-03T18:17:07","modified_gmt":"2023-02-03T18:17:07","slug":"lopez-obrador-defiende-al-aifa-y-su-capacidad-para-albergar-operaciones-de-carga","status":"publish","type":"post","link":"https:\/\/quehacerpolitico.mx\/?p=98507","title":{"rendered":"L\u00f3pez Obrador defiende al AIFA y su capacidad para albergar operaciones de carga"},"content":{"rendered":"\n<p>Por Redacci\u00f3n QP<\/p>\n\n\n\n<p>La Asociaci\u00f3n Internacional de Transporte A\u00e9reo denunci\u00f3 carencias en infraestructura en el nuevo aeropuerto, algo que el Presidente neg\u00f3<\/p>\n\n\n\n<p>El Presidente Andr\u00e9s Manuel L\u00f3pez Obrador\u00a0<strong>defendi\u00f3 este viernes el Aeropuerto Internacional Felipe \u00c1ngeles (AIFA) frente a las cr\u00edticas de la Asociaci\u00f3n Internacional de Transporte A\u00e9reo (IATA)<\/strong>, que denunci\u00f3 carencias en infraestructura.<\/p>\n\n\n\n<p>&#8220;No les tengo nada de confianza (a la IATA). Adem\u00e1s, \u00bfqu\u00e9 es lo que estamos buscando? Que haya m\u00e1s amplitud en el actual aeropuerto (de Ciudad de M\u00e9xico), que est\u00e1 saturado, y tenemos esa instalaci\u00f3n (el AIFA) buena, moderna&#8221;, dijo el Mandatario en su rueda de prensa &#8220;ma\u00f1anera&#8221; de este viernes.<\/p>\n\n\n\n<figure class=\"wp-block-embed is-type-video is-provider-youtube wp-block-embed-youtube wp-embed-aspect-16-9 wp-has-aspect-ratio\"><div class=\"wp-block-embed__wrapper\">\n<iframe loading=\"lazy\" title=\"Afirman que en AIFA la capacidad de carga est\u00e1 40% &#039;sobrada&#039;\" width=\"640\" height=\"360\" src=\"https:\/\/www.youtube.com\/embed\/lB07YePVgRs?feature=oembed\" frameborder=\"0\" allow=\"accelerometer; autoplay; clipboard-write; encrypted-media; gyroscope; picture-in-picture; web-share\" referrerpolicy=\"strict-origin-when-cross-origin\" allowfullscreen><\/iframe>\n<\/div><\/figure>\n\n\n\n<p>La IATA alert\u00f3 de las deficiencias en la infraestructura y el equipamiento del nuevo aeropuerto, donde advirti\u00f3 de que faltan almacenes de carga, un sistema aduanero operativo, agentes aduanales suficientes para despachar la carga importada o registro de agentes de carga.<\/p>\n\n\n\n<p>&#8220;Ni las aerol\u00edneas ni la cadena de suministro de carga asociada pueden simplemente empacar y mudarse a un aeropuerto alternativo&#8221;, se\u00f1al\u00f3 Peter Cerd\u00e1, vicepresidente regional de IATA para las Am\u00e9ricas.<\/p>\n\n\n\n<p>&#8220;Existen m\u00e1s almacenes e instalaciones que las que hay en el actual aeropuerto (el\u00a0AICM). Nuevas, de primera&#8221;, contrapuso L\u00f3pez Obrador.<\/p>\n\n\n\n<p>Para rebatir los argumentos de la asociaci\u00f3n,&nbsp;<strong>el Presidente telefone\u00f3 en directo al general Isidoro Pastor, director del AIFA, para consultarle sobre las instalaciones.<\/strong><\/p>\n\n\n\n<p>Pastor asegur\u00f3 que el aeropuerto<strong>\u00a0puede recibir hasta a 10 aeronaves a la vez y que cuenta con 15 espacios de almacenamiento, de los que cuatro est\u00e1n operativos\u00a0<\/strong>y esperan disponer del resto &#8220;en uno o dos meses&#8221;.<\/p>\n\n\n\n<p>El general indic\u00f3 que el AIFA puede soportar cerca de 490 mil toneladas de carga, unas 100 mil toneladas menos que el AICM.<\/p>\n\n\n\n<p><strong>&#8220;Pero estamos sobrados en un 40 % de capacidad&#8221;<\/strong>, subray\u00f3.<\/p>\n\n\n\n<p>Adem\u00e1s, L\u00f3pez Obrador asegur\u00f3 que &#8220;es muy probable&#8221; que se llegue a un acuerdo con Mexicana de Aviaci\u00f3n para crear una nueva l\u00ednea a\u00e9rea con el objetivo de aumentar la competitividad y as\u00ed disminuir los precios.<\/p>\n\n\n\n<p>&#8220;Se avanz\u00f3 mucho, se est\u00e1n viendo algunas cosas legales, pero ya hay un acuerdo. Aqu\u00ed lo vamos a anunciar cuando ya lo tengamos definido, a m\u00e1s tardar en un mes&#8221;, subray\u00f3.<\/p>\n\n\n\n<p>Con Informaci\u00f3n de EFE<\/p>\n","protected":false},"excerpt":{"rendered":"<p>Por Redacci\u00f3n QP La Asociaci\u00f3n Internacional de Transporte A\u00e9reo denunci\u00f3 carencias en infraestructura en el&#8230;<\/p>\n","protected":false},"author":2,"featured_media":98508,"comment_status":"open","ping_status":"open","sticky":false,"template":"","format":"standard","meta":{"_monsterinsights_skip_tracking":false,"_monsterinsights_sitenote_active":false,"_monsterinsights_sitenote_note":"","_monsterinsights_sitenote_category":0,"footnotes":""},"categories":[2],"tags":[],"class_list":["post-98507","post","type-post","status-publish","format-standard","has-post-thumbnail","hentry","category-noticias"],"yoast_head":"<!-- This site is optimized with the Yoast SEO plugin v27.3 - https:\/\/yoast.com\/product\/yoast-seo-wordpress\/ -->\n<title>L\u00f3pez Obrador defiende al AIFA y su capacidad para albergar operaciones de carga -<\/title>\n<meta name=\"robots\" content=\"index, follow, max-snippet:-1, max-image-preview:large, max-video-preview:-1\" \/>\n<link rel=\"canonical\" href=\"https:\/\/quehacerpolitico.mx\/?p=98507\" \/>\n<meta property=\"og:locale\" content=\"es_MX\" \/>\n<meta property=\"og:type\" content=\"article\" \/>\n<meta property=\"og:title\" content=\"L\u00f3pez Obrador defiende al AIFA y su capacidad para albergar operaciones de carga -\" \/>\n<meta property=\"og:description\" content=\"Por Redacci\u00f3n QP La Asociaci\u00f3n Internacional de Transporte A\u00e9reo denunci\u00f3 carencias en infraestructura en el...\" \/>\n<meta property=\"og:url\" content=\"https:\/\/quehacerpolitico.mx\/?p=98507\" \/>\n<meta property=\"article:published_time\" content=\"2023-02-03T18:17:04+00:00\" \/>\n<meta property=\"article:modified_time\" content=\"2023-02-03T18:17:07+00:00\" \/>\n<meta property=\"og:image\" content=\"https:\/\/quehacerpolitico.mx\/wp-content\/uploads\/2023\/02\/7DB9686E-655B-4555-8FB7-821948E7F1BB.jpeg\" \/>\n\t<meta property=\"og:image:width\" content=\"1284\" \/>\n\t<meta property=\"og:image:height\" content=\"689\" \/>\n\t<meta property=\"og:image:type\" content=\"image\/jpeg\" \/>\n<meta name=\"author\" content=\"Redacci\u00f3n QP\" \/>\n<meta name=\"twitter:card\" content=\"summary_large_image\" \/>\n<meta name=\"twitter:label1\" content=\"Escrito por\" \/>\n\t<meta name=\"twitter:data1\" content=\"Redacci\u00f3n QP\" \/>\n\t<meta name=\"twitter:label2\" content=\"Tiempo de lectura\" \/>\n\t<meta name=\"twitter:data2\" content=\"2 minutos\" \/>\n<script type=\"application\/ld+json\" class=\"yoast-schema-graph\">{\"@context\":\"https:\\\/\\\/schema.org\",\"@graph\":[{\"@type\":\"Article\",\"@id\":\"https:\\\/\\\/quehacerpolitico.mx\\\/?p=98507#article\",\"isPartOf\":{\"@id\":\"https:\\\/\\\/quehacerpolitico.mx\\\/?p=98507\"},\"author\":{\"name\":\"Redacci\u00f3n QP\",\"@id\":\"https:\\\/\\\/quehacerpolitico.mx\\\/#\\\/schema\\\/person\\\/496d8ad2d1d3f8036101dca7ee39e585\"},\"headline\":\"L\u00f3pez Obrador defiende al AIFA y su capacidad para albergar operaciones de carga\",\"datePublished\":\"2023-02-03T18:17:04+00:00\",\"dateModified\":\"2023-02-03T18:17:07+00:00\",\"mainEntityOfPage\":{\"@id\":\"https:\\\/\\\/quehacerpolitico.mx\\\/?p=98507\"},\"wordCount\":405,\"commentCount\":0,\"image\":{\"@id\":\"https:\\\/\\\/quehacerpolitico.mx\\\/?p=98507#primaryimage\"},\"thumbnailUrl\":\"https:\\\/\\\/quehacerpolitico.mx\\\/wp-content\\\/uploads\\\/2023\\\/02\\\/7DB9686E-655B-4555-8FB7-821948E7F1BB.jpeg\",\"articleSection\":[\"Noticias\"],\"inLanguage\":\"es\",\"potentialAction\":[{\"@type\":\"CommentAction\",\"name\":\"Comment\",\"target\":[\"https:\\\/\\\/quehacerpolitico.mx\\\/?p=98507#respond\"]}]},{\"@type\":\"WebPage\",\"@id\":\"https:\\\/\\\/quehacerpolitico.mx\\\/?p=98507\",\"url\":\"https:\\\/\\\/quehacerpolitico.mx\\\/?p=98507\",\"name\":\"L\u00f3pez Obrador defiende al AIFA y su capacidad para albergar operaciones de carga -\",\"isPartOf\":{\"@id\":\"https:\\\/\\\/quehacerpolitico.mx\\\/#website\"},\"primaryImageOfPage\":{\"@id\":\"https:\\\/\\\/quehacerpolitico.mx\\\/?p=98507#primaryimage\"},\"image\":{\"@id\":\"https:\\\/\\\/quehacerpolitico.mx\\\/?p=98507#primaryimage\"},\"thumbnailUrl\":\"https:\\\/\\\/quehacerpolitico.mx\\\/wp-content\\\/uploads\\\/2023\\\/02\\\/7DB9686E-655B-4555-8FB7-821948E7F1BB.jpeg\",\"datePublished\":\"2023-02-03T18:17:04+00:00\",\"dateModified\":\"2023-02-03T18:17:07+00:00\",\"author\":{\"@id\":\"https:\\\/\\\/quehacerpolitico.mx\\\/#\\\/schema\\\/person\\\/496d8ad2d1d3f8036101dca7ee39e585\"},\"breadcrumb\":{\"@id\":\"https:\\\/\\\/quehacerpolitico.mx\\\/?p=98507#breadcrumb\"},\"inLanguage\":\"es\",\"potentialAction\":[{\"@type\":\"ReadAction\",\"target\":[\"https:\\\/\\\/quehacerpolitico.mx\\\/?p=98507\"]}]},{\"@type\":\"ImageObject\",\"inLanguage\":\"es\",\"@id\":\"https:\\\/\\\/quehacerpolitico.mx\\\/?p=98507#primaryimage\",\"url\":\"https:\\\/\\\/quehacerpolitico.mx\\\/wp-content\\\/uploads\\\/2023\\\/02\\\/7DB9686E-655B-4555-8FB7-821948E7F1BB.jpeg\",\"contentUrl\":\"https:\\\/\\\/quehacerpolitico.mx\\\/wp-content\\\/uploads\\\/2023\\\/02\\\/7DB9686E-655B-4555-8FB7-821948E7F1BB.jpeg\",\"width\":1284,\"height\":689},{\"@type\":\"BreadcrumbList\",\"@id\":\"https:\\\/\\\/quehacerpolitico.mx\\\/?p=98507#breadcrumb\",\"itemListElement\":[{\"@type\":\"ListItem\",\"position\":1,\"name\":\"Inicio\",\"item\":\"https:\\\/\\\/quehacerpolitico.mx\\\/\"},{\"@type\":\"ListItem\",\"position\":2,\"name\":\"L\u00f3pez Obrador defiende al AIFA y su capacidad para albergar operaciones de carga\"}]},{\"@type\":\"WebSite\",\"@id\":\"https:\\\/\\\/quehacerpolitico.mx\\\/#website\",\"url\":\"https:\\\/\\\/quehacerpolitico.mx\\\/\",\"name\":\"\",\"description\":\"\",\"potentialAction\":[{\"@type\":\"SearchAction\",\"target\":{\"@type\":\"EntryPoint\",\"urlTemplate\":\"https:\\\/\\\/quehacerpolitico.mx\\\/?s={search_term_string}\"},\"query-input\":{\"@type\":\"PropertyValueSpecification\",\"valueRequired\":true,\"valueName\":\"search_term_string\"}}],\"inLanguage\":\"es\"},{\"@type\":\"Person\",\"@id\":\"https:\\\/\\\/quehacerpolitico.mx\\\/#\\\/schema\\\/person\\\/496d8ad2d1d3f8036101dca7ee39e585\",\"name\":\"Redacci\u00f3n QP\",\"image\":{\"@type\":\"ImageObject\",\"inLanguage\":\"es\",\"@id\":\"https:\\\/\\\/secure.gravatar.com\\\/avatar\\\/c7164ed6fdec453195284ad24a5ae5b6e1eed2b848477fa2a4787ba9adf39a41?s=96&d=mm&r=g\",\"url\":\"https:\\\/\\\/secure.gravatar.com\\\/avatar\\\/c7164ed6fdec453195284ad24a5ae5b6e1eed2b848477fa2a4787ba9adf39a41?s=96&d=mm&r=g\",\"contentUrl\":\"https:\\\/\\\/secure.gravatar.com\\\/avatar\\\/c7164ed6fdec453195284ad24a5ae5b6e1eed2b848477fa2a4787ba9adf39a41?s=96&d=mm&r=g\",\"caption\":\"Redacci\u00f3n QP\"},\"url\":\"https:\\\/\\\/quehacerpolitico.mx\\\/?author=2\"}]}<\/script>\n<!-- \/ Yoast SEO plugin. -->","yoast_head_json":{"title":"L\u00f3pez Obrador defiende al AIFA y su capacidad para albergar operaciones de carga -","robots":{"index":"index","follow":"follow","max-snippet":"max-snippet:-1","max-image-preview":"max-image-preview:large","max-video-preview":"max-video-preview:-1"},"canonical":"https:\/\/quehacerpolitico.mx\/?p=98507","og_locale":"es_MX","og_type":"article","og_title":"L\u00f3pez Obrador defiende al AIFA y su capacidad para albergar operaciones de carga -","og_description":"Por Redacci\u00f3n QP La Asociaci\u00f3n Internacional de Transporte A\u00e9reo denunci\u00f3 carencias en infraestructura en el...","og_url":"https:\/\/quehacerpolitico.mx\/?p=98507","article_published_time":"2023-02-03T18:17:04+00:00","article_modified_time":"2023-02-03T18:17:07+00:00","og_image":[{"width":1284,"height":689,"url":"https:\/\/quehacerpolitico.mx\/wp-content\/uploads\/2023\/02\/7DB9686E-655B-4555-8FB7-821948E7F1BB.jpeg","type":"image\/jpeg"}],"author":"Redacci\u00f3n QP","twitter_card":"summary_large_image","twitter_misc":{"Escrito por":"Redacci\u00f3n QP","Tiempo de lectura":"2 minutos"},"schema":{"@context":"https:\/\/schema.org","@graph":[{"@type":"Article","@id":"https:\/\/quehacerpolitico.mx\/?p=98507#article","isPartOf":{"@id":"https:\/\/quehacerpolitico.mx\/?p=98507"},"author":{"name":"Redacci\u00f3n QP","@id":"https:\/\/quehacerpolitico.mx\/#\/schema\/person\/496d8ad2d1d3f8036101dca7ee39e585"},"headline":"L\u00f3pez Obrador defiende al AIFA y su capacidad para albergar operaciones de carga","datePublished":"2023-02-03T18:17:04+00:00","dateModified":"2023-02-03T18:17:07+00:00","mainEntityOfPage":{"@id":"https:\/\/quehacerpolitico.mx\/?p=98507"},"wordCount":405,"commentCount":0,"image":{"@id":"https:\/\/quehacerpolitico.mx\/?p=98507#primaryimage"},"thumbnailUrl":"https:\/\/quehacerpolitico.mx\/wp-content\/uploads\/2023\/02\/7DB9686E-655B-4555-8FB7-821948E7F1BB.jpeg","articleSection":["Noticias"],"inLanguage":"es","potentialAction":[{"@type":"CommentAction","name":"Comment","target":["https:\/\/quehacerpolitico.mx\/?p=98507#respond"]}]},{"@type":"WebPage","@id":"https:\/\/quehacerpolitico.mx\/?p=98507","url":"https:\/\/quehacerpolitico.mx\/?p=98507","name":"L\u00f3pez Obrador defiende al AIFA y su capacidad para albergar operaciones de carga -","isPartOf":{"@id":"https:\/\/quehacerpolitico.mx\/#website"},"primaryImageOfPage":{"@id":"https:\/\/quehacerpolitico.mx\/?p=98507#primaryimage"},"image":{"@id":"https:\/\/quehacerpolitico.mx\/?p=98507#primaryimage"},"thumbnailUrl":"https:\/\/quehacerpolitico.mx\/wp-content\/uploads\/2023\/02\/7DB9686E-655B-4555-8FB7-821948E7F1BB.jpeg","datePublished":"2023-02-03T18:17:04+00:00","dateModified":"2023-02-03T18:17:07+00:00","author":{"@id":"https:\/\/quehacerpolitico.mx\/#\/schema\/person\/496d8ad2d1d3f8036101dca7ee39e585"},"breadcrumb":{"@id":"https:\/\/quehacerpolitico.mx\/?p=98507#breadcrumb"},"inLanguage":"es","potentialAction":[{"@type":"ReadAction","target":["https:\/\/quehacerpolitico.mx\/?p=98507"]}]},{"@type":"ImageObject","inLanguage":"es","@id":"https:\/\/quehacerpolitico.mx\/?p=98507#primaryimage","url":"https:\/\/quehacerpolitico.mx\/wp-content\/uploads\/2023\/02\/7DB9686E-655B-4555-8FB7-821948E7F1BB.jpeg","contentUrl":"https:\/\/quehacerpolitico.mx\/wp-content\/uploads\/2023\/02\/7DB9686E-655B-4555-8FB7-821948E7F1BB.jpeg","width":1284,"height":689},{"@type":"BreadcrumbList","@id":"https:\/\/quehacerpolitico.mx\/?p=98507#breadcrumb","itemListElement":[{"@type":"ListItem","position":1,"name":"Inicio","item":"https:\/\/quehacerpolitico.mx\/"},{"@type":"ListItem","position":2,"name":"L\u00f3pez Obrador defiende al AIFA y su capacidad para albergar operaciones de carga"}]},{"@type":"WebSite","@id":"https:\/\/quehacerpolitico.mx\/#website","url":"https:\/\/quehacerpolitico.mx\/","name":"","description":"","potentialAction":[{"@type":"SearchAction","target":{"@type":"EntryPoint","urlTemplate":"https:\/\/quehacerpolitico.mx\/?s={search_term_string}"},"query-input":{"@type":"PropertyValueSpecification","valueRequired":true,"valueName":"search_term_string"}}],"inLanguage":"es"},{"@type":"Person","@id":"https:\/\/quehacerpolitico.mx\/#\/schema\/person\/496d8ad2d1d3f8036101dca7ee39e585","name":"Redacci\u00f3n QP","image":{"@type":"ImageObject","inLanguage":"es","@id":"https:\/\/secure.gravatar.com\/avatar\/c7164ed6fdec453195284ad24a5ae5b6e1eed2b848477fa2a4787ba9adf39a41?s=96&d=mm&r=g","url":"https:\/\/secure.gravatar.com\/avatar\/c7164ed6fdec453195284ad24a5ae5b6e1eed2b848477fa2a4787ba9adf39a41?s=96&d=mm&r=g","contentUrl":"https:\/\/secure.gravatar.com\/avatar\/c7164ed6fdec453195284ad24a5ae5b6e1eed2b848477fa2a4787ba9adf39a41?s=96&d=mm&r=g","caption":"Redacci\u00f3n QP"},"url":"https:\/\/quehacerpolitico.mx\/?author=2"}]}},"featured_image_urls":{"full":["https:\/\/quehacerpolitico.mx\/wp-content\/uploads\/2023\/02\/7DB9686E-655B-4555-8FB7-821948E7F1BB.jpeg",1284,689,false],"thumbnail":["https:\/\/quehacerpolitico.mx\/wp-content\/uploads\/2023\/02\/7DB9686E-655B-4555-8FB7-821948E7F1BB-150x150.jpeg",150,150,true],"medium":["https:\/\/quehacerpolitico.mx\/wp-content\/uploads\/2023\/02\/7DB9686E-655B-4555-8FB7-821948E7F1BB-300x161.jpeg",300,161,true],"medium_large":["https:\/\/quehacerpolitico.mx\/wp-content\/uploads\/2023\/02\/7DB9686E-655B-4555-8FB7-821948E7F1BB-768x412.jpeg",640,343,true],"large":["https:\/\/quehacerpolitico.mx\/wp-content\/uploads\/2023\/02\/7DB9686E-655B-4555-8FB7-821948E7F1BB-1024x549.jpeg",640,343,true],"1536x1536":["https:\/\/quehacerpolitico.mx\/wp-content\/uploads\/2023\/02\/7DB9686E-655B-4555-8FB7-821948E7F1BB.jpeg",1284,689,false],"2048x2048":["https:\/\/quehacerpolitico.mx\/wp-content\/uploads\/2023\/02\/7DB9686E-655B-4555-8FB7-821948E7F1BB.jpeg",1284,689,false],"covernews-featured":["https:\/\/quehacerpolitico.mx\/wp-content\/uploads\/2023\/02\/7DB9686E-655B-4555-8FB7-821948E7F1BB.jpeg",1024,549,false],"covernews-medium":["https:\/\/quehacerpolitico.mx\/wp-content\/uploads\/2023\/02\/7DB9686E-655B-4555-8FB7-821948E7F1BB.jpeg",540,290,false]},"author_info":{"display_name":"Redacci\u00f3n QP","author_link":"https:\/\/quehacerpolitico.mx\/?author=2"},"category_info":"<a href=\"https:\/\/quehacerpolitico.mx\/?cat=2\" rel=\"category\">Noticias<\/a>","tag_info":"Noticias","comment_count":"0","_links":{"self":[{"href":"https:\/\/quehacerpolitico.mx\/index.php?rest_route=\/wp\/v2\/posts\/98507","targetHints":{"allow":["GET"]}}],"collection":[{"href":"https:\/\/quehacerpolitico.mx\/index.php?rest_route=\/wp\/v2\/posts"}],"about":[{"href":"https:\/\/quehacerpolitico.mx\/index.php?rest_route=\/wp\/v2\/types\/post"}],"author":[{"embeddable":true,"href":"https:\/\/quehacerpolitico.mx\/index.php?rest_route=\/wp\/v2\/users\/2"}],"replies":[{"embeddable":true,"href":"https:\/\/quehacerpolitico.mx\/index.php?rest_route=%2Fwp%2Fv2%2Fcomments&post=98507"}],"version-history":[{"count":1,"href":"https:\/\/quehacerpolitico.mx\/index.php?rest_route=\/wp\/v2\/posts\/98507\/revisions"}],"predecessor-version":[{"id":98509,"href":"https:\/\/quehacerpolitico.mx\/index.php?rest_route=\/wp\/v2\/posts\/98507\/revisions\/98509"}],"wp:featuredmedia":[{"embeddable":true,"href":"https:\/\/quehacerpolitico.mx\/index.php?rest_route=\/wp\/v2\/media\/98508"}],"wp:attachment":[{"href":"https:\/\/quehacerpolitico.mx\/index.php?rest_route=%2Fwp%2Fv2%2Fmedia&parent=98507"}],"wp:term":[{"taxonomy":"category","embeddable":true,"href":"https:\/\/quehacerpolitico.mx\/index.php?rest_route=%2Fwp%2Fv2%2Fcategories&post=98507"},{"taxonomy":"post_tag","embeddable":true,"href":"https:\/\/quehacerpolitico.mx\/index.php?rest_route=%2Fwp%2Fv2%2Ftags&post=98507"}],"curies":[{"name":"wp","href":"https:\/\/api.w.org\/{rel}","templated":true}]}}