{"id":98501,"date":"2023-02-03T17:43:42","date_gmt":"2023-02-03T17:43:42","guid":{"rendered":"https:\/\/quehacerpolitico.mx\/?p=98501"},"modified":"2023-02-03T17:43:45","modified_gmt":"2023-02-03T17:43:45","slug":"analizan-convertir-en-areas-naturales-protegidas-todos-los-terrenos-de-la-fonatur","status":"publish","type":"post","link":"https:\/\/quehacerpolitico.mx\/?p=98501","title":{"rendered":"Analizan convertir en \u00c1reas Naturales Protegidas todos los terrenos de la Fonatur"},"content":{"rendered":"\n<p>Por Redacci\u00f3n QP<\/p>\n\n\n\n<p>En conferencia de prensa ma\u00f1anera, L\u00f3pez Obrador se\u00f1al\u00f3 que se tiene que proteger lo que es patrimonio de los mexicanos<\/p>\n\n\n\n<p>El Presidente\u00a0Andres Manuel Lopez Obrador revel\u00f3 que est\u00e1 analizando declarar convertir en \u00c1reas Naturales Protegidas todos los terrenos que sean propiedad de Fonatur en todo el pa\u00eds, porque, manifest\u00f3,\u00a0<strong>&#8220;si regresan los de antes&#8221;, se las pueden robar&#8221; y &#8220;van a regresar por sus fueros&#8221;.<\/strong><\/p>\n\n\n\n<p>En conferencia de prensa ma\u00f1anera, el Mandatario federal se\u00f1al\u00f3 que se tiene que proteger lo que es patrimonio de los mexicanos, y record\u00f3 que en sexenios pasado se vendieron cerca de mil hect\u00e1reas de manglar cerca del Aeropuerto Internacional de Canc\u00fan a solo siete pesos el metro cuadrado.<\/p>\n\n\n\n<figure class=\"wp-block-embed is-type-video is-provider-youtube wp-block-embed-youtube wp-embed-aspect-16-9 wp-has-aspect-ratio\"><div class=\"wp-block-embed__wrapper\">\n<iframe loading=\"lazy\" title=\"Analiza AMLO declarar \u00c1reas Naturales Protegidas los terrenos de Fonatur\" width=\"640\" height=\"360\" src=\"https:\/\/www.youtube.com\/embed\/XcWtlazfktQ?feature=oembed\" frameborder=\"0\" allow=\"accelerometer; autoplay; clipboard-write; encrypted-media; gyroscope; picture-in-picture; web-share\" referrerpolicy=\"strict-origin-when-cross-origin\" allowfullscreen><\/iframe>\n<\/div><\/figure>\n\n\n\n<p>&#8220;Por eso vamos a llevar a cabo una decisi\u00f3n profunda en el caso de\u00a0Fonatur, porque todav\u00eda hay terrenos, pero\u00a0<strong>debe de haber como 10 mil hect\u00e1reas en Baja California Sur, en la Bah\u00edas de Huatulco, en Quintana Roo, en Playa Esp\u00edritu<\/strong>, entonces si las dejamos as\u00ed y si regresan los de antes -toco madera &#8211; se las pueden robar&#8221;, dijo.<\/p>\n\n\n\n<p>&#8220;Entonces, \u00bfqu\u00e9 estoy pensando? Porque adem\u00e1s no hay playas p\u00fablicas, la gente no puede ir a las playas porque todo lo privatizaron, entonces&nbsp;<strong>estoy pensando en que se conviertan todos estos terrenos en \u00c1reas Naturales Protegidas para prevenir<\/strong>, ya no nos va a tocar a nosotros, pero \u00bfy qu\u00e9 tal la mala suerte, y que regresen? porque adem\u00e1s van a tener m\u00e1s hambre de dinero, van a regresar por sus fueros. Entonces hay que proteger el patrimonio, porque&nbsp;<strong>fue un milagro que no acabaron con todo<\/strong>&#8220;, dijo.<\/p>\n\n\n\n<p>En\u00a0Palacio Nacional, el Presidente L\u00f3pez Obrador acus\u00f3 que en sexenios pasados se comenzaron a vender minas, los ferrocarriles, el agua, bancos, pero como era tanto, afortunadamente no alcanzaron a &#8220;rematarlo todo&#8221;<\/p>\n\n\n\n<p>&#8220;Era bastante lo que ten\u00eda la naci\u00f3n, lo que recuper\u00f3 la naci\u00f3n con el proceso revolucionario: las aguas, las minas, el petr\u00f3leo, la industria el\u00e9ctrica, los ferrocarriles, empresas, much\u00edsimo, los bancos y todo que eso de la naci\u00f3n lo comenzaron a vender, pero como era tanto, no alcanzaron a rematarlo todo, afortunadamente&#8221;, agreg\u00f3.<\/p>\n\n\n\n<p>Con informaci\u00f3n de SUN <\/p>\n","protected":false},"excerpt":{"rendered":"<p>Por Redacci\u00f3n QP En conferencia de prensa ma\u00f1anera, L\u00f3pez Obrador se\u00f1al\u00f3 que se tiene que&#8230;<\/p>\n","protected":false},"author":2,"featured_media":98502,"comment_status":"open","ping_status":"open","sticky":false,"template":"","format":"standard","meta":{"_monsterinsights_skip_tracking":false,"_monsterinsights_sitenote_active":false,"_monsterinsights_sitenote_note":"","_monsterinsights_sitenote_category":0,"footnotes":""},"categories":[2],"tags":[],"class_list":["post-98501","post","type-post","status-publish","format-standard","has-post-thumbnail","hentry","category-noticias"],"yoast_head":"<!-- This site is optimized with the Yoast SEO plugin v27.3 - https:\/\/yoast.com\/product\/yoast-seo-wordpress\/ -->\n<title>Analizan convertir en \u00c1reas Naturales Protegidas todos los terrenos de la Fonatur -<\/title>\n<meta name=\"robots\" content=\"index, follow, max-snippet:-1, max-image-preview:large, max-video-preview:-1\" \/>\n<link rel=\"canonical\" href=\"https:\/\/quehacerpolitico.mx\/?p=98501\" \/>\n<meta property=\"og:locale\" content=\"es_MX\" \/>\n<meta property=\"og:type\" content=\"article\" \/>\n<meta property=\"og:title\" content=\"Analizan convertir en \u00c1reas Naturales Protegidas todos los terrenos de la Fonatur -\" \/>\n<meta property=\"og:description\" content=\"Por Redacci\u00f3n QP En conferencia de prensa ma\u00f1anera, L\u00f3pez Obrador se\u00f1al\u00f3 que se tiene que...\" \/>\n<meta property=\"og:url\" content=\"https:\/\/quehacerpolitico.mx\/?p=98501\" \/>\n<meta property=\"article:published_time\" content=\"2023-02-03T17:43:42+00:00\" \/>\n<meta property=\"article:modified_time\" content=\"2023-02-03T17:43:45+00:00\" \/>\n<meta property=\"og:image\" content=\"https:\/\/quehacerpolitico.mx\/wp-content\/uploads\/2023\/02\/6C689CE9-6FA5-466F-955A-DEC3EB03FA8D.jpeg\" \/>\n\t<meta property=\"og:image:width\" content=\"942\" \/>\n\t<meta property=\"og:image:height\" content=\"680\" \/>\n\t<meta property=\"og:image:type\" content=\"image\/jpeg\" \/>\n<meta name=\"author\" content=\"Redacci\u00f3n QP\" \/>\n<meta name=\"twitter:card\" content=\"summary_large_image\" \/>\n<meta name=\"twitter:label1\" content=\"Escrito por\" \/>\n\t<meta name=\"twitter:data1\" content=\"Redacci\u00f3n QP\" \/>\n\t<meta name=\"twitter:label2\" content=\"Tiempo de lectura\" \/>\n\t<meta name=\"twitter:data2\" content=\"2 minutos\" \/>\n<script type=\"application\/ld+json\" class=\"yoast-schema-graph\">{\"@context\":\"https:\\\/\\\/schema.org\",\"@graph\":[{\"@type\":\"Article\",\"@id\":\"https:\\\/\\\/quehacerpolitico.mx\\\/?p=98501#article\",\"isPartOf\":{\"@id\":\"https:\\\/\\\/quehacerpolitico.mx\\\/?p=98501\"},\"author\":{\"name\":\"Redacci\u00f3n QP\",\"@id\":\"https:\\\/\\\/quehacerpolitico.mx\\\/#\\\/schema\\\/person\\\/496d8ad2d1d3f8036101dca7ee39e585\"},\"headline\":\"Analizan convertir en \u00c1reas Naturales Protegidas todos los terrenos de la Fonatur\",\"datePublished\":\"2023-02-03T17:43:42+00:00\",\"dateModified\":\"2023-02-03T17:43:45+00:00\",\"mainEntityOfPage\":{\"@id\":\"https:\\\/\\\/quehacerpolitico.mx\\\/?p=98501\"},\"wordCount\":398,\"commentCount\":0,\"image\":{\"@id\":\"https:\\\/\\\/quehacerpolitico.mx\\\/?p=98501#primaryimage\"},\"thumbnailUrl\":\"https:\\\/\\\/quehacerpolitico.mx\\\/wp-content\\\/uploads\\\/2023\\\/02\\\/6C689CE9-6FA5-466F-955A-DEC3EB03FA8D.jpeg\",\"articleSection\":[\"Noticias\"],\"inLanguage\":\"es\",\"potentialAction\":[{\"@type\":\"CommentAction\",\"name\":\"Comment\",\"target\":[\"https:\\\/\\\/quehacerpolitico.mx\\\/?p=98501#respond\"]}]},{\"@type\":\"WebPage\",\"@id\":\"https:\\\/\\\/quehacerpolitico.mx\\\/?p=98501\",\"url\":\"https:\\\/\\\/quehacerpolitico.mx\\\/?p=98501\",\"name\":\"Analizan convertir en \u00c1reas Naturales Protegidas todos los terrenos de la Fonatur -\",\"isPartOf\":{\"@id\":\"https:\\\/\\\/quehacerpolitico.mx\\\/#website\"},\"primaryImageOfPage\":{\"@id\":\"https:\\\/\\\/quehacerpolitico.mx\\\/?p=98501#primaryimage\"},\"image\":{\"@id\":\"https:\\\/\\\/quehacerpolitico.mx\\\/?p=98501#primaryimage\"},\"thumbnailUrl\":\"https:\\\/\\\/quehacerpolitico.mx\\\/wp-content\\\/uploads\\\/2023\\\/02\\\/6C689CE9-6FA5-466F-955A-DEC3EB03FA8D.jpeg\",\"datePublished\":\"2023-02-03T17:43:42+00:00\",\"dateModified\":\"2023-02-03T17:43:45+00:00\",\"author\":{\"@id\":\"https:\\\/\\\/quehacerpolitico.mx\\\/#\\\/schema\\\/person\\\/496d8ad2d1d3f8036101dca7ee39e585\"},\"breadcrumb\":{\"@id\":\"https:\\\/\\\/quehacerpolitico.mx\\\/?p=98501#breadcrumb\"},\"inLanguage\":\"es\",\"potentialAction\":[{\"@type\":\"ReadAction\",\"target\":[\"https:\\\/\\\/quehacerpolitico.mx\\\/?p=98501\"]}]},{\"@type\":\"ImageObject\",\"inLanguage\":\"es\",\"@id\":\"https:\\\/\\\/quehacerpolitico.mx\\\/?p=98501#primaryimage\",\"url\":\"https:\\\/\\\/quehacerpolitico.mx\\\/wp-content\\\/uploads\\\/2023\\\/02\\\/6C689CE9-6FA5-466F-955A-DEC3EB03FA8D.jpeg\",\"contentUrl\":\"https:\\\/\\\/quehacerpolitico.mx\\\/wp-content\\\/uploads\\\/2023\\\/02\\\/6C689CE9-6FA5-466F-955A-DEC3EB03FA8D.jpeg\",\"width\":942,\"height\":680},{\"@type\":\"BreadcrumbList\",\"@id\":\"https:\\\/\\\/quehacerpolitico.mx\\\/?p=98501#breadcrumb\",\"itemListElement\":[{\"@type\":\"ListItem\",\"position\":1,\"name\":\"Inicio\",\"item\":\"https:\\\/\\\/quehacerpolitico.mx\\\/\"},{\"@type\":\"ListItem\",\"position\":2,\"name\":\"Analizan convertir en \u00c1reas Naturales Protegidas todos los terrenos de la Fonatur\"}]},{\"@type\":\"WebSite\",\"@id\":\"https:\\\/\\\/quehacerpolitico.mx\\\/#website\",\"url\":\"https:\\\/\\\/quehacerpolitico.mx\\\/\",\"name\":\"\",\"description\":\"\",\"potentialAction\":[{\"@type\":\"SearchAction\",\"target\":{\"@type\":\"EntryPoint\",\"urlTemplate\":\"https:\\\/\\\/quehacerpolitico.mx\\\/?s={search_term_string}\"},\"query-input\":{\"@type\":\"PropertyValueSpecification\",\"valueRequired\":true,\"valueName\":\"search_term_string\"}}],\"inLanguage\":\"es\"},{\"@type\":\"Person\",\"@id\":\"https:\\\/\\\/quehacerpolitico.mx\\\/#\\\/schema\\\/person\\\/496d8ad2d1d3f8036101dca7ee39e585\",\"name\":\"Redacci\u00f3n QP\",\"image\":{\"@type\":\"ImageObject\",\"inLanguage\":\"es\",\"@id\":\"https:\\\/\\\/secure.gravatar.com\\\/avatar\\\/c7164ed6fdec453195284ad24a5ae5b6e1eed2b848477fa2a4787ba9adf39a41?s=96&d=mm&r=g\",\"url\":\"https:\\\/\\\/secure.gravatar.com\\\/avatar\\\/c7164ed6fdec453195284ad24a5ae5b6e1eed2b848477fa2a4787ba9adf39a41?s=96&d=mm&r=g\",\"contentUrl\":\"https:\\\/\\\/secure.gravatar.com\\\/avatar\\\/c7164ed6fdec453195284ad24a5ae5b6e1eed2b848477fa2a4787ba9adf39a41?s=96&d=mm&r=g\",\"caption\":\"Redacci\u00f3n QP\"},\"url\":\"https:\\\/\\\/quehacerpolitico.mx\\\/?author=2\"}]}<\/script>\n<!-- \/ Yoast SEO plugin. -->","yoast_head_json":{"title":"Analizan convertir en \u00c1reas Naturales Protegidas todos los terrenos de la Fonatur -","robots":{"index":"index","follow":"follow","max-snippet":"max-snippet:-1","max-image-preview":"max-image-preview:large","max-video-preview":"max-video-preview:-1"},"canonical":"https:\/\/quehacerpolitico.mx\/?p=98501","og_locale":"es_MX","og_type":"article","og_title":"Analizan convertir en \u00c1reas Naturales Protegidas todos los terrenos de la Fonatur -","og_description":"Por Redacci\u00f3n QP En conferencia de prensa ma\u00f1anera, L\u00f3pez Obrador se\u00f1al\u00f3 que se tiene que...","og_url":"https:\/\/quehacerpolitico.mx\/?p=98501","article_published_time":"2023-02-03T17:43:42+00:00","article_modified_time":"2023-02-03T17:43:45+00:00","og_image":[{"width":942,"height":680,"url":"https:\/\/quehacerpolitico.mx\/wp-content\/uploads\/2023\/02\/6C689CE9-6FA5-466F-955A-DEC3EB03FA8D.jpeg","type":"image\/jpeg"}],"author":"Redacci\u00f3n QP","twitter_card":"summary_large_image","twitter_misc":{"Escrito por":"Redacci\u00f3n QP","Tiempo de lectura":"2 minutos"},"schema":{"@context":"https:\/\/schema.org","@graph":[{"@type":"Article","@id":"https:\/\/quehacerpolitico.mx\/?p=98501#article","isPartOf":{"@id":"https:\/\/quehacerpolitico.mx\/?p=98501"},"author":{"name":"Redacci\u00f3n QP","@id":"https:\/\/quehacerpolitico.mx\/#\/schema\/person\/496d8ad2d1d3f8036101dca7ee39e585"},"headline":"Analizan convertir en \u00c1reas Naturales Protegidas todos los terrenos de la Fonatur","datePublished":"2023-02-03T17:43:42+00:00","dateModified":"2023-02-03T17:43:45+00:00","mainEntityOfPage":{"@id":"https:\/\/quehacerpolitico.mx\/?p=98501"},"wordCount":398,"commentCount":0,"image":{"@id":"https:\/\/quehacerpolitico.mx\/?p=98501#primaryimage"},"thumbnailUrl":"https:\/\/quehacerpolitico.mx\/wp-content\/uploads\/2023\/02\/6C689CE9-6FA5-466F-955A-DEC3EB03FA8D.jpeg","articleSection":["Noticias"],"inLanguage":"es","potentialAction":[{"@type":"CommentAction","name":"Comment","target":["https:\/\/quehacerpolitico.mx\/?p=98501#respond"]}]},{"@type":"WebPage","@id":"https:\/\/quehacerpolitico.mx\/?p=98501","url":"https:\/\/quehacerpolitico.mx\/?p=98501","name":"Analizan convertir en \u00c1reas Naturales Protegidas todos los terrenos de la Fonatur -","isPartOf":{"@id":"https:\/\/quehacerpolitico.mx\/#website"},"primaryImageOfPage":{"@id":"https:\/\/quehacerpolitico.mx\/?p=98501#primaryimage"},"image":{"@id":"https:\/\/quehacerpolitico.mx\/?p=98501#primaryimage"},"thumbnailUrl":"https:\/\/quehacerpolitico.mx\/wp-content\/uploads\/2023\/02\/6C689CE9-6FA5-466F-955A-DEC3EB03FA8D.jpeg","datePublished":"2023-02-03T17:43:42+00:00","dateModified":"2023-02-03T17:43:45+00:00","author":{"@id":"https:\/\/quehacerpolitico.mx\/#\/schema\/person\/496d8ad2d1d3f8036101dca7ee39e585"},"breadcrumb":{"@id":"https:\/\/quehacerpolitico.mx\/?p=98501#breadcrumb"},"inLanguage":"es","potentialAction":[{"@type":"ReadAction","target":["https:\/\/quehacerpolitico.mx\/?p=98501"]}]},{"@type":"ImageObject","inLanguage":"es","@id":"https:\/\/quehacerpolitico.mx\/?p=98501#primaryimage","url":"https:\/\/quehacerpolitico.mx\/wp-content\/uploads\/2023\/02\/6C689CE9-6FA5-466F-955A-DEC3EB03FA8D.jpeg","contentUrl":"https:\/\/quehacerpolitico.mx\/wp-content\/uploads\/2023\/02\/6C689CE9-6FA5-466F-955A-DEC3EB03FA8D.jpeg","width":942,"height":680},{"@type":"BreadcrumbList","@id":"https:\/\/quehacerpolitico.mx\/?p=98501#breadcrumb","itemListElement":[{"@type":"ListItem","position":1,"name":"Inicio","item":"https:\/\/quehacerpolitico.mx\/"},{"@type":"ListItem","position":2,"name":"Analizan convertir en \u00c1reas Naturales Protegidas todos los terrenos de la Fonatur"}]},{"@type":"WebSite","@id":"https:\/\/quehacerpolitico.mx\/#website","url":"https:\/\/quehacerpolitico.mx\/","name":"","description":"","potentialAction":[{"@type":"SearchAction","target":{"@type":"EntryPoint","urlTemplate":"https:\/\/quehacerpolitico.mx\/?s={search_term_string}"},"query-input":{"@type":"PropertyValueSpecification","valueRequired":true,"valueName":"search_term_string"}}],"inLanguage":"es"},{"@type":"Person","@id":"https:\/\/quehacerpolitico.mx\/#\/schema\/person\/496d8ad2d1d3f8036101dca7ee39e585","name":"Redacci\u00f3n QP","image":{"@type":"ImageObject","inLanguage":"es","@id":"https:\/\/secure.gravatar.com\/avatar\/c7164ed6fdec453195284ad24a5ae5b6e1eed2b848477fa2a4787ba9adf39a41?s=96&d=mm&r=g","url":"https:\/\/secure.gravatar.com\/avatar\/c7164ed6fdec453195284ad24a5ae5b6e1eed2b848477fa2a4787ba9adf39a41?s=96&d=mm&r=g","contentUrl":"https:\/\/secure.gravatar.com\/avatar\/c7164ed6fdec453195284ad24a5ae5b6e1eed2b848477fa2a4787ba9adf39a41?s=96&d=mm&r=g","caption":"Redacci\u00f3n QP"},"url":"https:\/\/quehacerpolitico.mx\/?author=2"}]}},"featured_image_urls":{"full":["https:\/\/quehacerpolitico.mx\/wp-content\/uploads\/2023\/02\/6C689CE9-6FA5-466F-955A-DEC3EB03FA8D.jpeg",942,680,false],"thumbnail":["https:\/\/quehacerpolitico.mx\/wp-content\/uploads\/2023\/02\/6C689CE9-6FA5-466F-955A-DEC3EB03FA8D-150x150.jpeg",150,150,true],"medium":["https:\/\/quehacerpolitico.mx\/wp-content\/uploads\/2023\/02\/6C689CE9-6FA5-466F-955A-DEC3EB03FA8D-300x217.jpeg",300,217,true],"medium_large":["https:\/\/quehacerpolitico.mx\/wp-content\/uploads\/2023\/02\/6C689CE9-6FA5-466F-955A-DEC3EB03FA8D-768x554.jpeg",640,462,true],"large":["https:\/\/quehacerpolitico.mx\/wp-content\/uploads\/2023\/02\/6C689CE9-6FA5-466F-955A-DEC3EB03FA8D.jpeg",640,462,false],"1536x1536":["https:\/\/quehacerpolitico.mx\/wp-content\/uploads\/2023\/02\/6C689CE9-6FA5-466F-955A-DEC3EB03FA8D.jpeg",942,680,false],"2048x2048":["https:\/\/quehacerpolitico.mx\/wp-content\/uploads\/2023\/02\/6C689CE9-6FA5-466F-955A-DEC3EB03FA8D.jpeg",942,680,false],"covernews-featured":["https:\/\/quehacerpolitico.mx\/wp-content\/uploads\/2023\/02\/6C689CE9-6FA5-466F-955A-DEC3EB03FA8D.jpeg",942,680,false],"covernews-medium":["https:\/\/quehacerpolitico.mx\/wp-content\/uploads\/2023\/02\/6C689CE9-6FA5-466F-955A-DEC3EB03FA8D.jpeg",471,340,false]},"author_info":{"display_name":"Redacci\u00f3n QP","author_link":"https:\/\/quehacerpolitico.mx\/?author=2"},"category_info":"<a href=\"https:\/\/quehacerpolitico.mx\/?cat=2\" rel=\"category\">Noticias<\/a>","tag_info":"Noticias","comment_count":"0","_links":{"self":[{"href":"https:\/\/quehacerpolitico.mx\/index.php?rest_route=\/wp\/v2\/posts\/98501","targetHints":{"allow":["GET"]}}],"collection":[{"href":"https:\/\/quehacerpolitico.mx\/index.php?rest_route=\/wp\/v2\/posts"}],"about":[{"href":"https:\/\/quehacerpolitico.mx\/index.php?rest_route=\/wp\/v2\/types\/post"}],"author":[{"embeddable":true,"href":"https:\/\/quehacerpolitico.mx\/index.php?rest_route=\/wp\/v2\/users\/2"}],"replies":[{"embeddable":true,"href":"https:\/\/quehacerpolitico.mx\/index.php?rest_route=%2Fwp%2Fv2%2Fcomments&post=98501"}],"version-history":[{"count":1,"href":"https:\/\/quehacerpolitico.mx\/index.php?rest_route=\/wp\/v2\/posts\/98501\/revisions"}],"predecessor-version":[{"id":98503,"href":"https:\/\/quehacerpolitico.mx\/index.php?rest_route=\/wp\/v2\/posts\/98501\/revisions\/98503"}],"wp:featuredmedia":[{"embeddable":true,"href":"https:\/\/quehacerpolitico.mx\/index.php?rest_route=\/wp\/v2\/media\/98502"}],"wp:attachment":[{"href":"https:\/\/quehacerpolitico.mx\/index.php?rest_route=%2Fwp%2Fv2%2Fmedia&parent=98501"}],"wp:term":[{"taxonomy":"category","embeddable":true,"href":"https:\/\/quehacerpolitico.mx\/index.php?rest_route=%2Fwp%2Fv2%2Fcategories&post=98501"},{"taxonomy":"post_tag","embeddable":true,"href":"https:\/\/quehacerpolitico.mx\/index.php?rest_route=%2Fwp%2Fv2%2Ftags&post=98501"}],"curies":[{"name":"wp","href":"https:\/\/api.w.org\/{rel}","templated":true}]}}