{"id":98492,"date":"2023-02-02T15:54:24","date_gmt":"2023-02-02T15:54:24","guid":{"rendered":"https:\/\/quehacerpolitico.mx\/?p=98492"},"modified":"2023-02-02T15:54:27","modified_gmt":"2023-02-02T15:54:27","slug":"este-senor-creel-se-envolvio-en-la-bandera-y-se-convirtio-en-patriota-es-pura-politiqueria-amlo","status":"publish","type":"post","link":"https:\/\/quehacerpolitico.mx\/?p=98492","title":{"rendered":"&#8220;Este se\u00f1or Creel se envolvi\u00f3 en la bandera y se convirti\u00f3 en patriota. Es pura politiquer\u00eda&#8221;: AMLO"},"content":{"rendered":"\n<p>Por Redacci\u00f3n QP<\/p>\n\n\n\n<p>L\u00f3pez Obrador defendi\u00f3 que los militares ten\u00edan que ir armados por protocolo a San L\u00e1zaro y orden\u00f3 a la Sedena dar un informe al respecto<\/p>\n\n\n\n<p>El presidente\u00a0<strong>Andr\u00e9s Manuel\u00a0L\u00f3pez Obrador<\/strong>\u00a0consider\u00f3 que fue un acto de \u201c<strong>politiquer\u00eda<\/strong>\u201d la confrontaci\u00f3n entre\u00a0<strong>Santiago Creel Miranda<\/strong>, presidente de la\u00a0<strong>C\u00e1mara de Diputados<\/strong>, con legisladores de\u00a0<strong>Morena<\/strong>\u00a0por la presencia de\u00a0<strong>militares armados<\/strong> en San L\u00e1zaro el mi\u00e9rcoles<\/p>\n\n\n\n<p>En la conferencia matutina de Palacio Nacional, L\u00f3pez Obrador defendi\u00f3 que los militares ten\u00edan que ir armados por protocolo al recinto legislativo, y de pas\u00f3 arremeti\u00f3 contra Creel Miranda por envolverse \u201cen la bandera\u201d<\/p>\n\n\n\n<figure class=\"wp-block-embed is-type-rich is-provider-twitter wp-block-embed-twitter\"><div class=\"wp-block-embed__wrapper\">\n<blockquote class=\"twitter-tweet\" data-width=\"550\" data-dnt=\"true\"><p lang=\"es\" dir=\"ltr\">Obviamente AMLO iba a estar en contra de que no les permitieran el paso al congreso a los escoltas armados. Obviamente.<br><br>&quot;Este se\u00f1or Creel se envolvi\u00f3 en la bandera y se convirti\u00f3 en patriota. Es pura politiquer\u00eda&quot; <a href=\"https:\/\/t.co\/lFcXXUJUY2\">pic.twitter.com\/lFcXXUJUY2<\/a><\/p>&mdash; Ruido en la Red (@RuidoEnLaRed) <a href=\"https:\/\/twitter.com\/RuidoEnLaRed\/status\/1621161614983438344?ref_src=twsrc%5Etfw\">February 2, 2023<\/a><\/blockquote><script async src=\"https:\/\/platform.twitter.com\/widgets.js\" charset=\"utf-8\"><\/script>\n<\/div><\/figure>\n\n\n\n<p>(Es) politiquer\u00eda, la verdad no tienen argumentos, como dec\u00eda Ju\u00e1rez, el triunfo de la reacci\u00f3n es moralmente imposible\u201d, dijo.<\/p>\n\n\n\n<p>\u201cEs que tienen que ir armados (los militares), est\u00e1 en el reglamento y este se\u00f1or Creel ahora s\u00ed que se envolvi\u00f3 en la bandera y se convirti\u00f3 en patriota, pura politiquer\u00eda, no es serio eso\u201d, puntualiz\u00f3.<\/p>\n\n\n\n<p>El mandatario mexicano apuunt\u00f3 que este jueves la Secretar\u00eda de la Defensa Nacional (Sedena) dar\u00e1 un informe sobre lo ocurrido en San L\u00e1zaro \u201cpara que se den cuenta que es parte de un protocolo\u201d.<\/p>\n\n\n\n<p>El\u00a0<strong>Segundo Periodo Ordinario de Sesiones<\/strong>\u00a0del\u00a0<strong>Congreso\u00a0<\/strong>inici\u00f3 con un\u00a0<strong>enfrentamiento<\/strong>\u00a0entre\u00a0<strong>Morena<\/strong>\u00a0y el presidente de la Mesa Directiva de la C\u00e1mara de Diputados,\u00a0<strong>Santiago Creel<\/strong>, por la presencia de elementos armados\u00a0<strong>Ej\u00e9rcito<\/strong>\u00a0en el recinto de San L\u00e1zaro.<\/p>\n\n\n\n<figure class=\"wp-block-embed is-type-rich is-provider-twitter wp-block-embed-twitter\"><div class=\"wp-block-embed__wrapper\">\n<blockquote class=\"twitter-tweet\" data-width=\"550\" data-dnt=\"true\"><p lang=\"es\" dir=\"ltr\">Los elementos del Ej\u00e9rcito Mexicano, portando armas largas, hicieron los Honores en el vest\u00edbulo. <br><br>M\u00e1s detalles, en <a href=\"https:\/\/t.co\/BjdELZkpfR\">https:\/\/t.co\/BjdELZkpfR<\/a> <a href=\"https:\/\/t.co\/QJMMdpT8PO\">pic.twitter.com\/QJMMdpT8PO<\/a><\/p>&mdash; Joaqu\u00edn L\u00f3pez-D\u00f3riga (@lopezdoriga) <a href=\"https:\/\/twitter.com\/lopezdoriga\/status\/1620869298376871943?ref_src=twsrc%5Etfw\">February 1, 2023<\/a><\/blockquote><script async src=\"https:\/\/platform.twitter.com\/widgets.js\" charset=\"utf-8\"><\/script>\n<\/div><\/figure>\n\n\n\n<p>Lo anterior, motiv\u00f3 la decisi\u00f3n de Creel Miranda de rendir&nbsp;<strong>honores a la bandera<\/strong>&nbsp;afuera del recinto legislativo, y no dentro, como se ten\u00eda contemplado.<\/p>\n\n\n\n<p>\u201cHicimos los honores a la bandera afuera porque los integrantes de la escolta est\u00e1n armados y no pueden entrar armados a este pleno, por eso convenimos que as\u00ed fuera\u201d, explic\u00f3 Creel.<\/p>\n\n\n\n<p>El jefe del Ejecutivo federal tambi\u00e9n se lanz\u00f3 contra el diputado&nbsp;<strong>Gabriel Quadri<\/strong>, quien asegur\u00f3 que la presencia de militares en la C\u00e1mara de Diputados \u201cfue el ensayo del golpe militar que L\u00f3pez pretende consumar\u201d.<\/p>\n\n\n\n<p>\u201c\u00c9ste (Quadri) ya se pas\u00f3, porque un homenaje a la bandera ya es un intento o un ensayo de golpe de Estado\u201d, puntualiz\u00f3 L\u00f3pez Obrador.<\/p>\n","protected":false},"excerpt":{"rendered":"<p>Por Redacci\u00f3n QP L\u00f3pez Obrador defendi\u00f3 que los militares ten\u00edan que ir armados por protocolo&#8230;<\/p>\n","protected":false},"author":2,"featured_media":98493,"comment_status":"open","ping_status":"open","sticky":false,"template":"","format":"standard","meta":{"_monsterinsights_skip_tracking":false,"_monsterinsights_sitenote_active":false,"_monsterinsights_sitenote_note":"","_monsterinsights_sitenote_category":0,"footnotes":""},"categories":[2],"tags":[],"class_list":["post-98492","post","type-post","status-publish","format-standard","has-post-thumbnail","hentry","category-noticias"],"yoast_head":"<!-- This site is optimized with the Yoast SEO plugin v27.3 - https:\/\/yoast.com\/product\/yoast-seo-wordpress\/ -->\n<title>&quot;Este se\u00f1or Creel se envolvi\u00f3 en la bandera y se convirti\u00f3 en patriota. Es pura politiquer\u00eda&quot;: AMLO -<\/title>\n<meta name=\"robots\" content=\"index, follow, max-snippet:-1, max-image-preview:large, max-video-preview:-1\" \/>\n<link rel=\"canonical\" href=\"https:\/\/quehacerpolitico.mx\/?p=98492\" \/>\n<meta property=\"og:locale\" content=\"es_MX\" \/>\n<meta property=\"og:type\" content=\"article\" \/>\n<meta property=\"og:title\" content=\"&quot;Este se\u00f1or Creel se envolvi\u00f3 en la bandera y se convirti\u00f3 en patriota. Es pura politiquer\u00eda&quot;: AMLO -\" \/>\n<meta property=\"og:description\" content=\"Por Redacci\u00f3n QP L\u00f3pez Obrador defendi\u00f3 que los militares ten\u00edan que ir armados por protocolo...\" \/>\n<meta property=\"og:url\" content=\"https:\/\/quehacerpolitico.mx\/?p=98492\" \/>\n<meta property=\"article:published_time\" content=\"2023-02-02T15:54:24+00:00\" \/>\n<meta property=\"article:modified_time\" content=\"2023-02-02T15:54:27+00:00\" \/>\n<meta property=\"og:image\" content=\"https:\/\/quehacerpolitico.mx\/wp-content\/uploads\/2023\/02\/004337BF-D0AB-4C75-92AE-09E95436CAD7.jpeg\" \/>\n\t<meta property=\"og:image:width\" content=\"1284\" \/>\n\t<meta property=\"og:image:height\" content=\"705\" \/>\n\t<meta property=\"og:image:type\" content=\"image\/jpeg\" \/>\n<meta name=\"author\" content=\"Redacci\u00f3n QP\" \/>\n<meta name=\"twitter:card\" content=\"summary_large_image\" \/>\n<meta name=\"twitter:label1\" content=\"Escrito por\" \/>\n\t<meta name=\"twitter:data1\" content=\"Redacci\u00f3n QP\" \/>\n\t<meta name=\"twitter:label2\" content=\"Tiempo de lectura\" \/>\n\t<meta name=\"twitter:data2\" content=\"2 minutos\" \/>\n<script type=\"application\/ld+json\" class=\"yoast-schema-graph\">{\"@context\":\"https:\\\/\\\/schema.org\",\"@graph\":[{\"@type\":\"Article\",\"@id\":\"https:\\\/\\\/quehacerpolitico.mx\\\/?p=98492#article\",\"isPartOf\":{\"@id\":\"https:\\\/\\\/quehacerpolitico.mx\\\/?p=98492\"},\"author\":{\"name\":\"Redacci\u00f3n QP\",\"@id\":\"https:\\\/\\\/quehacerpolitico.mx\\\/#\\\/schema\\\/person\\\/496d8ad2d1d3f8036101dca7ee39e585\"},\"headline\":\"&#8220;Este se\u00f1or Creel se envolvi\u00f3 en la bandera y se convirti\u00f3 en patriota. Es pura politiquer\u00eda&#8221;: AMLO\",\"datePublished\":\"2023-02-02T15:54:24+00:00\",\"dateModified\":\"2023-02-02T15:54:27+00:00\",\"mainEntityOfPage\":{\"@id\":\"https:\\\/\\\/quehacerpolitico.mx\\\/?p=98492\"},\"wordCount\":422,\"commentCount\":0,\"image\":{\"@id\":\"https:\\\/\\\/quehacerpolitico.mx\\\/?p=98492#primaryimage\"},\"thumbnailUrl\":\"https:\\\/\\\/quehacerpolitico.mx\\\/wp-content\\\/uploads\\\/2023\\\/02\\\/004337BF-D0AB-4C75-92AE-09E95436CAD7.jpeg\",\"articleSection\":[\"Noticias\"],\"inLanguage\":\"es\",\"potentialAction\":[{\"@type\":\"CommentAction\",\"name\":\"Comment\",\"target\":[\"https:\\\/\\\/quehacerpolitico.mx\\\/?p=98492#respond\"]}]},{\"@type\":\"WebPage\",\"@id\":\"https:\\\/\\\/quehacerpolitico.mx\\\/?p=98492\",\"url\":\"https:\\\/\\\/quehacerpolitico.mx\\\/?p=98492\",\"name\":\"\\\"Este se\u00f1or Creel se envolvi\u00f3 en la bandera y se convirti\u00f3 en patriota. Es pura politiquer\u00eda\\\": AMLO -\",\"isPartOf\":{\"@id\":\"https:\\\/\\\/quehacerpolitico.mx\\\/#website\"},\"primaryImageOfPage\":{\"@id\":\"https:\\\/\\\/quehacerpolitico.mx\\\/?p=98492#primaryimage\"},\"image\":{\"@id\":\"https:\\\/\\\/quehacerpolitico.mx\\\/?p=98492#primaryimage\"},\"thumbnailUrl\":\"https:\\\/\\\/quehacerpolitico.mx\\\/wp-content\\\/uploads\\\/2023\\\/02\\\/004337BF-D0AB-4C75-92AE-09E95436CAD7.jpeg\",\"datePublished\":\"2023-02-02T15:54:24+00:00\",\"dateModified\":\"2023-02-02T15:54:27+00:00\",\"author\":{\"@id\":\"https:\\\/\\\/quehacerpolitico.mx\\\/#\\\/schema\\\/person\\\/496d8ad2d1d3f8036101dca7ee39e585\"},\"breadcrumb\":{\"@id\":\"https:\\\/\\\/quehacerpolitico.mx\\\/?p=98492#breadcrumb\"},\"inLanguage\":\"es\",\"potentialAction\":[{\"@type\":\"ReadAction\",\"target\":[\"https:\\\/\\\/quehacerpolitico.mx\\\/?p=98492\"]}]},{\"@type\":\"ImageObject\",\"inLanguage\":\"es\",\"@id\":\"https:\\\/\\\/quehacerpolitico.mx\\\/?p=98492#primaryimage\",\"url\":\"https:\\\/\\\/quehacerpolitico.mx\\\/wp-content\\\/uploads\\\/2023\\\/02\\\/004337BF-D0AB-4C75-92AE-09E95436CAD7.jpeg\",\"contentUrl\":\"https:\\\/\\\/quehacerpolitico.mx\\\/wp-content\\\/uploads\\\/2023\\\/02\\\/004337BF-D0AB-4C75-92AE-09E95436CAD7.jpeg\",\"width\":1284,\"height\":705},{\"@type\":\"BreadcrumbList\",\"@id\":\"https:\\\/\\\/quehacerpolitico.mx\\\/?p=98492#breadcrumb\",\"itemListElement\":[{\"@type\":\"ListItem\",\"position\":1,\"name\":\"Inicio\",\"item\":\"https:\\\/\\\/quehacerpolitico.mx\\\/\"},{\"@type\":\"ListItem\",\"position\":2,\"name\":\"&#8220;Este se\u00f1or Creel se envolvi\u00f3 en la bandera y se convirti\u00f3 en patriota. Es pura politiquer\u00eda&#8221;: AMLO\"}]},{\"@type\":\"WebSite\",\"@id\":\"https:\\\/\\\/quehacerpolitico.mx\\\/#website\",\"url\":\"https:\\\/\\\/quehacerpolitico.mx\\\/\",\"name\":\"\",\"description\":\"\",\"potentialAction\":[{\"@type\":\"SearchAction\",\"target\":{\"@type\":\"EntryPoint\",\"urlTemplate\":\"https:\\\/\\\/quehacerpolitico.mx\\\/?s={search_term_string}\"},\"query-input\":{\"@type\":\"PropertyValueSpecification\",\"valueRequired\":true,\"valueName\":\"search_term_string\"}}],\"inLanguage\":\"es\"},{\"@type\":\"Person\",\"@id\":\"https:\\\/\\\/quehacerpolitico.mx\\\/#\\\/schema\\\/person\\\/496d8ad2d1d3f8036101dca7ee39e585\",\"name\":\"Redacci\u00f3n QP\",\"image\":{\"@type\":\"ImageObject\",\"inLanguage\":\"es\",\"@id\":\"https:\\\/\\\/secure.gravatar.com\\\/avatar\\\/c7164ed6fdec453195284ad24a5ae5b6e1eed2b848477fa2a4787ba9adf39a41?s=96&d=mm&r=g\",\"url\":\"https:\\\/\\\/secure.gravatar.com\\\/avatar\\\/c7164ed6fdec453195284ad24a5ae5b6e1eed2b848477fa2a4787ba9adf39a41?s=96&d=mm&r=g\",\"contentUrl\":\"https:\\\/\\\/secure.gravatar.com\\\/avatar\\\/c7164ed6fdec453195284ad24a5ae5b6e1eed2b848477fa2a4787ba9adf39a41?s=96&d=mm&r=g\",\"caption\":\"Redacci\u00f3n QP\"},\"url\":\"https:\\\/\\\/quehacerpolitico.mx\\\/?author=2\"}]}<\/script>\n<!-- \/ Yoast SEO plugin. -->","yoast_head_json":{"title":"\"Este se\u00f1or Creel se envolvi\u00f3 en la bandera y se convirti\u00f3 en patriota. Es pura politiquer\u00eda\": AMLO -","robots":{"index":"index","follow":"follow","max-snippet":"max-snippet:-1","max-image-preview":"max-image-preview:large","max-video-preview":"max-video-preview:-1"},"canonical":"https:\/\/quehacerpolitico.mx\/?p=98492","og_locale":"es_MX","og_type":"article","og_title":"\"Este se\u00f1or Creel se envolvi\u00f3 en la bandera y se convirti\u00f3 en patriota. Es pura politiquer\u00eda\": AMLO -","og_description":"Por Redacci\u00f3n QP L\u00f3pez Obrador defendi\u00f3 que los militares ten\u00edan que ir armados por protocolo...","og_url":"https:\/\/quehacerpolitico.mx\/?p=98492","article_published_time":"2023-02-02T15:54:24+00:00","article_modified_time":"2023-02-02T15:54:27+00:00","og_image":[{"width":1284,"height":705,"url":"https:\/\/quehacerpolitico.mx\/wp-content\/uploads\/2023\/02\/004337BF-D0AB-4C75-92AE-09E95436CAD7.jpeg","type":"image\/jpeg"}],"author":"Redacci\u00f3n QP","twitter_card":"summary_large_image","twitter_misc":{"Escrito por":"Redacci\u00f3n QP","Tiempo de lectura":"2 minutos"},"schema":{"@context":"https:\/\/schema.org","@graph":[{"@type":"Article","@id":"https:\/\/quehacerpolitico.mx\/?p=98492#article","isPartOf":{"@id":"https:\/\/quehacerpolitico.mx\/?p=98492"},"author":{"name":"Redacci\u00f3n QP","@id":"https:\/\/quehacerpolitico.mx\/#\/schema\/person\/496d8ad2d1d3f8036101dca7ee39e585"},"headline":"&#8220;Este se\u00f1or Creel se envolvi\u00f3 en la bandera y se convirti\u00f3 en patriota. Es pura politiquer\u00eda&#8221;: AMLO","datePublished":"2023-02-02T15:54:24+00:00","dateModified":"2023-02-02T15:54:27+00:00","mainEntityOfPage":{"@id":"https:\/\/quehacerpolitico.mx\/?p=98492"},"wordCount":422,"commentCount":0,"image":{"@id":"https:\/\/quehacerpolitico.mx\/?p=98492#primaryimage"},"thumbnailUrl":"https:\/\/quehacerpolitico.mx\/wp-content\/uploads\/2023\/02\/004337BF-D0AB-4C75-92AE-09E95436CAD7.jpeg","articleSection":["Noticias"],"inLanguage":"es","potentialAction":[{"@type":"CommentAction","name":"Comment","target":["https:\/\/quehacerpolitico.mx\/?p=98492#respond"]}]},{"@type":"WebPage","@id":"https:\/\/quehacerpolitico.mx\/?p=98492","url":"https:\/\/quehacerpolitico.mx\/?p=98492","name":"\"Este se\u00f1or Creel se envolvi\u00f3 en la bandera y se convirti\u00f3 en patriota. Es pura politiquer\u00eda\": AMLO -","isPartOf":{"@id":"https:\/\/quehacerpolitico.mx\/#website"},"primaryImageOfPage":{"@id":"https:\/\/quehacerpolitico.mx\/?p=98492#primaryimage"},"image":{"@id":"https:\/\/quehacerpolitico.mx\/?p=98492#primaryimage"},"thumbnailUrl":"https:\/\/quehacerpolitico.mx\/wp-content\/uploads\/2023\/02\/004337BF-D0AB-4C75-92AE-09E95436CAD7.jpeg","datePublished":"2023-02-02T15:54:24+00:00","dateModified":"2023-02-02T15:54:27+00:00","author":{"@id":"https:\/\/quehacerpolitico.mx\/#\/schema\/person\/496d8ad2d1d3f8036101dca7ee39e585"},"breadcrumb":{"@id":"https:\/\/quehacerpolitico.mx\/?p=98492#breadcrumb"},"inLanguage":"es","potentialAction":[{"@type":"ReadAction","target":["https:\/\/quehacerpolitico.mx\/?p=98492"]}]},{"@type":"ImageObject","inLanguage":"es","@id":"https:\/\/quehacerpolitico.mx\/?p=98492#primaryimage","url":"https:\/\/quehacerpolitico.mx\/wp-content\/uploads\/2023\/02\/004337BF-D0AB-4C75-92AE-09E95436CAD7.jpeg","contentUrl":"https:\/\/quehacerpolitico.mx\/wp-content\/uploads\/2023\/02\/004337BF-D0AB-4C75-92AE-09E95436CAD7.jpeg","width":1284,"height":705},{"@type":"BreadcrumbList","@id":"https:\/\/quehacerpolitico.mx\/?p=98492#breadcrumb","itemListElement":[{"@type":"ListItem","position":1,"name":"Inicio","item":"https:\/\/quehacerpolitico.mx\/"},{"@type":"ListItem","position":2,"name":"&#8220;Este se\u00f1or Creel se envolvi\u00f3 en la bandera y se convirti\u00f3 en patriota. Es pura politiquer\u00eda&#8221;: AMLO"}]},{"@type":"WebSite","@id":"https:\/\/quehacerpolitico.mx\/#website","url":"https:\/\/quehacerpolitico.mx\/","name":"","description":"","potentialAction":[{"@type":"SearchAction","target":{"@type":"EntryPoint","urlTemplate":"https:\/\/quehacerpolitico.mx\/?s={search_term_string}"},"query-input":{"@type":"PropertyValueSpecification","valueRequired":true,"valueName":"search_term_string"}}],"inLanguage":"es"},{"@type":"Person","@id":"https:\/\/quehacerpolitico.mx\/#\/schema\/person\/496d8ad2d1d3f8036101dca7ee39e585","name":"Redacci\u00f3n QP","image":{"@type":"ImageObject","inLanguage":"es","@id":"https:\/\/secure.gravatar.com\/avatar\/c7164ed6fdec453195284ad24a5ae5b6e1eed2b848477fa2a4787ba9adf39a41?s=96&d=mm&r=g","url":"https:\/\/secure.gravatar.com\/avatar\/c7164ed6fdec453195284ad24a5ae5b6e1eed2b848477fa2a4787ba9adf39a41?s=96&d=mm&r=g","contentUrl":"https:\/\/secure.gravatar.com\/avatar\/c7164ed6fdec453195284ad24a5ae5b6e1eed2b848477fa2a4787ba9adf39a41?s=96&d=mm&r=g","caption":"Redacci\u00f3n QP"},"url":"https:\/\/quehacerpolitico.mx\/?author=2"}]}},"featured_image_urls":{"full":["https:\/\/quehacerpolitico.mx\/wp-content\/uploads\/2023\/02\/004337BF-D0AB-4C75-92AE-09E95436CAD7.jpeg",1284,705,false],"thumbnail":["https:\/\/quehacerpolitico.mx\/wp-content\/uploads\/2023\/02\/004337BF-D0AB-4C75-92AE-09E95436CAD7-150x150.jpeg",150,150,true],"medium":["https:\/\/quehacerpolitico.mx\/wp-content\/uploads\/2023\/02\/004337BF-D0AB-4C75-92AE-09E95436CAD7-300x165.jpeg",300,165,true],"medium_large":["https:\/\/quehacerpolitico.mx\/wp-content\/uploads\/2023\/02\/004337BF-D0AB-4C75-92AE-09E95436CAD7-768x422.jpeg",640,352,true],"large":["https:\/\/quehacerpolitico.mx\/wp-content\/uploads\/2023\/02\/004337BF-D0AB-4C75-92AE-09E95436CAD7-1024x562.jpeg",640,351,true],"1536x1536":["https:\/\/quehacerpolitico.mx\/wp-content\/uploads\/2023\/02\/004337BF-D0AB-4C75-92AE-09E95436CAD7.jpeg",1284,705,false],"2048x2048":["https:\/\/quehacerpolitico.mx\/wp-content\/uploads\/2023\/02\/004337BF-D0AB-4C75-92AE-09E95436CAD7.jpeg",1284,705,false],"covernews-featured":["https:\/\/quehacerpolitico.mx\/wp-content\/uploads\/2023\/02\/004337BF-D0AB-4C75-92AE-09E95436CAD7.jpeg",1024,562,false],"covernews-medium":["https:\/\/quehacerpolitico.mx\/wp-content\/uploads\/2023\/02\/004337BF-D0AB-4C75-92AE-09E95436CAD7.jpeg",540,296,false]},"author_info":{"display_name":"Redacci\u00f3n QP","author_link":"https:\/\/quehacerpolitico.mx\/?author=2"},"category_info":"<a href=\"https:\/\/quehacerpolitico.mx\/?cat=2\" rel=\"category\">Noticias<\/a>","tag_info":"Noticias","comment_count":"0","_links":{"self":[{"href":"https:\/\/quehacerpolitico.mx\/index.php?rest_route=\/wp\/v2\/posts\/98492","targetHints":{"allow":["GET"]}}],"collection":[{"href":"https:\/\/quehacerpolitico.mx\/index.php?rest_route=\/wp\/v2\/posts"}],"about":[{"href":"https:\/\/quehacerpolitico.mx\/index.php?rest_route=\/wp\/v2\/types\/post"}],"author":[{"embeddable":true,"href":"https:\/\/quehacerpolitico.mx\/index.php?rest_route=\/wp\/v2\/users\/2"}],"replies":[{"embeddable":true,"href":"https:\/\/quehacerpolitico.mx\/index.php?rest_route=%2Fwp%2Fv2%2Fcomments&post=98492"}],"version-history":[{"count":1,"href":"https:\/\/quehacerpolitico.mx\/index.php?rest_route=\/wp\/v2\/posts\/98492\/revisions"}],"predecessor-version":[{"id":98494,"href":"https:\/\/quehacerpolitico.mx\/index.php?rest_route=\/wp\/v2\/posts\/98492\/revisions\/98494"}],"wp:featuredmedia":[{"embeddable":true,"href":"https:\/\/quehacerpolitico.mx\/index.php?rest_route=\/wp\/v2\/media\/98493"}],"wp:attachment":[{"href":"https:\/\/quehacerpolitico.mx\/index.php?rest_route=%2Fwp%2Fv2%2Fmedia&parent=98492"}],"wp:term":[{"taxonomy":"category","embeddable":true,"href":"https:\/\/quehacerpolitico.mx\/index.php?rest_route=%2Fwp%2Fv2%2Fcategories&post=98492"},{"taxonomy":"post_tag","embeddable":true,"href":"https:\/\/quehacerpolitico.mx\/index.php?rest_route=%2Fwp%2Fv2%2Ftags&post=98492"}],"curies":[{"name":"wp","href":"https:\/\/api.w.org\/{rel}","templated":true}]}}