{"id":98489,"date":"2023-02-02T15:34:22","date_gmt":"2023-02-02T15:34:22","guid":{"rendered":"https:\/\/quehacerpolitico.mx\/?p=98489"},"modified":"2023-02-02T15:34:25","modified_gmt":"2023-02-02T15:34:25","slug":"lopez-obrador-defiende-a-exfuncionario-chavista-que-colabora-en-la-sep-hay-expertos","status":"publish","type":"post","link":"https:\/\/quehacerpolitico.mx\/?p=98489","title":{"rendered":"L\u00f3pez Obrador defiende a exfuncionario chavista que colabora en la SEP, &#8220;hay expertos&#8221;"},"content":{"rendered":"\n<p>Por Redacci\u00f3n QP<\/p>\n\n\n\n<p>El Presidente calific\u00f3 como &#8220;politiquer\u00eda del conservadurismo&#8221; las cr\u00edticas del PAN sobre la incorporaci\u00f3n de Sady Arturo Loaiza para elaborar los libros de texto gratuitos<\/p>\n\n\n\n<p>El Presidente Andr\u00e9s Manuel L\u00f3pez Obrador defendi\u00f3 este jueves\u00a0<strong>contratar a un exfuncionario chavista para que participe en el dise\u00f1o de los libros de texto gratuitos que la Secretar\u00eda de Educaci\u00f3n P\u00fablica (SEP)<\/strong>\u00a0distribuye en las escuelas.<\/p>\n\n\n\n<p>&#8220;Es politiquer\u00eda del conservadurismo. Es igual que cuando dicen &#8216;ya nos vamos a volver Venezuela, ya nos vamos a volver Cuba&#8217; &#8220;<\/p>\n\n\n\n<figure class=\"wp-block-embed is-type-rich is-provider-twitter wp-block-embed-twitter\"><div class=\"wp-block-embed__wrapper\">\n<blockquote class=\"twitter-tweet\" data-width=\"550\" data-dnt=\"true\"><p lang=\"es\" dir=\"ltr\">\u201c\u00a1Es de pena ajena!\u201d, consider\u00f3 el presidente <a href=\"https:\/\/twitter.com\/lopezobrador_?ref_src=twsrc%5Etfw\">@lopezobrador_<\/a> se\u00f1alamientos a Sady Loaiza. \u201cAhora un profesional de <a href=\"https:\/\/twitter.com\/hashtag\/Venezuela?src=hash&amp;ref_src=twsrc%5Etfw\">#Venezuela<\/a> que est\u00e9 trabajando en la <a href=\"https:\/\/twitter.com\/SEP_mx?ref_src=twsrc%5Etfw\">@SEP_mx<\/a>, \u00a1no pues ya me imagin\u00f3 <a href=\"https:\/\/twitter.com\/Reforma?ref_src=twsrc%5Etfw\">@Reforma<\/a>!&#8230;\u00a1Estamos adoctrinando!\u201d <a href=\"https:\/\/twitter.com\/Notimex?ref_src=twsrc%5Etfw\">@Notimex<\/a> <a href=\"https:\/\/twitter.com\/Notimex_TV?ref_src=twsrc%5Etfw\">@Notimex_TV<\/a> <a href=\"https:\/\/twitter.com\/hashtag\/Ma%C3%B1anera?src=hash&amp;ref_src=twsrc%5Etfw\">#Ma\u00f1anera<\/a> <a href=\"https:\/\/twitter.com\/hashtag\/AMLO?src=hash&amp;ref_src=twsrc%5Etfw\">#AMLO<\/a> <a href=\"https:\/\/t.co\/6FnBfa4Gfh\">pic.twitter.com\/6FnBfa4Gfh<\/a><\/p>&mdash; Manuel Galeazzi (@ManuelGaleazz1R) <a href=\"https:\/\/twitter.com\/ManuelGaleazz1R\/status\/1621149037675319297?ref_src=twsrc%5Etfw\">February 2, 2023<\/a><\/blockquote><script async src=\"https:\/\/platform.twitter.com\/widgets.js\" charset=\"utf-8\"><\/script>\n<\/div><\/figure>\n\n\n\n<p>El mandatario&nbsp;<strong>desestim\u00f3 como &#8220;politiquer\u00eda del conservadurismo&#8221; las cr\u00edticas del Partido Acci\u00f3n Nacional (PAN)&nbsp;<\/strong>por incorporar como subdirector de Materiales Educativos de la SEP a Sady Arturo Loaiza, quien trabaj\u00f3 en el Gobierno del venezolano Nicol\u00e1s Maduro.<\/p>\n\n\n\n<p>&#8220;Es politiquer\u00eda del conservadurismo. Es igual que cuando dicen &#8216;ya nos vamos a volver Venezuela, ya nos vamos a volver Cuba&#8217; &#8220;, expres\u00f3 el Mandatario en su rueda de prensa diaria.<\/p>\n\n\n\n<p>&#8220;Ya nos estamos &#8216;venezolando&#8217; &#8220;, ironiz\u00f3 L\u00f3pez Obrador.<\/p>\n\n\n\n<p>La pol\u00e9mica arreci\u00f3 despu\u00e9s de que este mi\u00e9rcoles el PAN consider\u00f3 &#8220;inaceptable&#8221; que el Gobierno haya contratado a Loaiza para\u00a0<strong>participar en el an\u00e1lisis y redise\u00f1o pedag\u00f3gico de materiales de contenidos de telesecundaria, as\u00ed como en la elaboraci\u00f3n de libros de texto de educaci\u00f3n b\u00e1sica.<\/strong><\/p>\n\n\n\n<blockquote class=\"wp-block-quote is-layout-flow wp-block-quote-is-layout-flow\">\n<p>&#8220;Es de pena ajena. Ahora un profesional o dos que estuvieron en Venezuela y que est\u00e9n trabajando en la SEP, es un esc\u00e1ndalo&#8221;<\/p>\n<\/blockquote>\n\n\n\n<p>&#8220;Los contenidos de los libros de la SEP no pueden ni deben estar en manos de un ide\u00f3logo y populista que colabora con Nicol\u00e1s Maduro&#8221;, declar\u00f3 el PAN en un pronunciamiento.<\/p>\n\n\n\n<p>Pero L\u00f3pez Obrador<strong>&nbsp;cuestion\u00f3 que la oposici\u00f3n &#8220;estigmatice a un pueblo&#8221;.<\/strong><\/p>\n\n\n\n<p>&#8220;Es de pena ajena. Ahora un profesional o dos que estuvieron en Venezuela y que est\u00e9n trabajando en la SEP, es un esc\u00e1ndalo&#8221;, mencion\u00f3 el mandatario.<\/p>\n\n\n\n<p>Loaiza, seg\u00fan expuso el PAN, fue director de la Biblioteca Nacional de Venezuela entre 2014 y 2018, as\u00ed como tambi\u00e9n director general de Proyectos Especiales del Ministerio del Poder Popular para las Comunas y los Movimientos Sociales.<\/p>\n\n\n\n<p>El Presidente<strong>&nbsp;defendi\u00f3 la experiencia del funcionario y la incorporaci\u00f3n de lecturas de pensadores como Lenin y Marx.<\/strong><\/p>\n\n\n\n<p>&#8220;Entonces estamos adoctrinando&#8221;, se burl\u00f3.<\/p>\n\n\n\n<p>Antes, L\u00f3pez Obrador ha afrontado cr\u00edticas de la oposici\u00f3n por su postura frente al Gobierno de Maduro en Venezuela y el de Miguel D\u00edaz-Canel en Cuba.<\/p>\n\n\n\n<p>Con Informaci\u00f3n de EFE<\/p>\n","protected":false},"excerpt":{"rendered":"<p>Por Redacci\u00f3n QP El Presidente calific\u00f3 como &#8220;politiquer\u00eda del conservadurismo&#8221; las cr\u00edticas del PAN sobre&#8230;<\/p>\n","protected":false},"author":2,"featured_media":98490,"comment_status":"open","ping_status":"open","sticky":false,"template":"","format":"standard","meta":{"_monsterinsights_skip_tracking":false,"_monsterinsights_sitenote_active":false,"_monsterinsights_sitenote_note":"","_monsterinsights_sitenote_category":0,"footnotes":""},"categories":[2],"tags":[],"class_list":["post-98489","post","type-post","status-publish","format-standard","has-post-thumbnail","hentry","category-noticias"],"yoast_head":"<!-- This site is optimized with the Yoast SEO plugin v27.3 - https:\/\/yoast.com\/product\/yoast-seo-wordpress\/ -->\n<title>L\u00f3pez Obrador defiende a exfuncionario chavista que colabora en la SEP, &quot;hay expertos&quot; -<\/title>\n<meta name=\"robots\" content=\"index, follow, max-snippet:-1, max-image-preview:large, max-video-preview:-1\" \/>\n<link rel=\"canonical\" href=\"https:\/\/quehacerpolitico.mx\/?p=98489\" \/>\n<meta property=\"og:locale\" content=\"es_MX\" \/>\n<meta property=\"og:type\" content=\"article\" \/>\n<meta property=\"og:title\" content=\"L\u00f3pez Obrador defiende a exfuncionario chavista que colabora en la SEP, &quot;hay expertos&quot; -\" \/>\n<meta property=\"og:description\" content=\"Por Redacci\u00f3n QP El Presidente calific\u00f3 como &#8220;politiquer\u00eda del conservadurismo&#8221; las cr\u00edticas del PAN sobre...\" \/>\n<meta property=\"og:url\" content=\"https:\/\/quehacerpolitico.mx\/?p=98489\" \/>\n<meta property=\"article:published_time\" content=\"2023-02-02T15:34:22+00:00\" \/>\n<meta property=\"article:modified_time\" content=\"2023-02-02T15:34:25+00:00\" \/>\n<meta property=\"og:image\" content=\"https:\/\/quehacerpolitico.mx\/wp-content\/uploads\/2023\/02\/5BE35740-63AB-46C1-AAAB-38F7C234128C.jpeg\" \/>\n\t<meta property=\"og:image:width\" content=\"1284\" \/>\n\t<meta property=\"og:image:height\" content=\"698\" \/>\n\t<meta property=\"og:image:type\" content=\"image\/jpeg\" \/>\n<meta name=\"author\" content=\"Redacci\u00f3n QP\" \/>\n<meta name=\"twitter:card\" content=\"summary_large_image\" \/>\n<meta name=\"twitter:label1\" content=\"Escrito por\" \/>\n\t<meta name=\"twitter:data1\" content=\"Redacci\u00f3n QP\" \/>\n\t<meta name=\"twitter:label2\" content=\"Tiempo de lectura\" \/>\n\t<meta name=\"twitter:data2\" content=\"2 minutos\" \/>\n<script type=\"application\/ld+json\" class=\"yoast-schema-graph\">{\"@context\":\"https:\\\/\\\/schema.org\",\"@graph\":[{\"@type\":\"Article\",\"@id\":\"https:\\\/\\\/quehacerpolitico.mx\\\/?p=98489#article\",\"isPartOf\":{\"@id\":\"https:\\\/\\\/quehacerpolitico.mx\\\/?p=98489\"},\"author\":{\"name\":\"Redacci\u00f3n QP\",\"@id\":\"https:\\\/\\\/quehacerpolitico.mx\\\/#\\\/schema\\\/person\\\/496d8ad2d1d3f8036101dca7ee39e585\"},\"headline\":\"L\u00f3pez Obrador defiende a exfuncionario chavista que colabora en la SEP, &#8220;hay expertos&#8221;\",\"datePublished\":\"2023-02-02T15:34:22+00:00\",\"dateModified\":\"2023-02-02T15:34:25+00:00\",\"mainEntityOfPage\":{\"@id\":\"https:\\\/\\\/quehacerpolitico.mx\\\/?p=98489\"},\"wordCount\":456,\"commentCount\":0,\"image\":{\"@id\":\"https:\\\/\\\/quehacerpolitico.mx\\\/?p=98489#primaryimage\"},\"thumbnailUrl\":\"https:\\\/\\\/quehacerpolitico.mx\\\/wp-content\\\/uploads\\\/2023\\\/02\\\/5BE35740-63AB-46C1-AAAB-38F7C234128C.jpeg\",\"articleSection\":[\"Noticias\"],\"inLanguage\":\"es\",\"potentialAction\":[{\"@type\":\"CommentAction\",\"name\":\"Comment\",\"target\":[\"https:\\\/\\\/quehacerpolitico.mx\\\/?p=98489#respond\"]}]},{\"@type\":\"WebPage\",\"@id\":\"https:\\\/\\\/quehacerpolitico.mx\\\/?p=98489\",\"url\":\"https:\\\/\\\/quehacerpolitico.mx\\\/?p=98489\",\"name\":\"L\u00f3pez Obrador defiende a exfuncionario chavista que colabora en la SEP, \\\"hay expertos\\\" -\",\"isPartOf\":{\"@id\":\"https:\\\/\\\/quehacerpolitico.mx\\\/#website\"},\"primaryImageOfPage\":{\"@id\":\"https:\\\/\\\/quehacerpolitico.mx\\\/?p=98489#primaryimage\"},\"image\":{\"@id\":\"https:\\\/\\\/quehacerpolitico.mx\\\/?p=98489#primaryimage\"},\"thumbnailUrl\":\"https:\\\/\\\/quehacerpolitico.mx\\\/wp-content\\\/uploads\\\/2023\\\/02\\\/5BE35740-63AB-46C1-AAAB-38F7C234128C.jpeg\",\"datePublished\":\"2023-02-02T15:34:22+00:00\",\"dateModified\":\"2023-02-02T15:34:25+00:00\",\"author\":{\"@id\":\"https:\\\/\\\/quehacerpolitico.mx\\\/#\\\/schema\\\/person\\\/496d8ad2d1d3f8036101dca7ee39e585\"},\"breadcrumb\":{\"@id\":\"https:\\\/\\\/quehacerpolitico.mx\\\/?p=98489#breadcrumb\"},\"inLanguage\":\"es\",\"potentialAction\":[{\"@type\":\"ReadAction\",\"target\":[\"https:\\\/\\\/quehacerpolitico.mx\\\/?p=98489\"]}]},{\"@type\":\"ImageObject\",\"inLanguage\":\"es\",\"@id\":\"https:\\\/\\\/quehacerpolitico.mx\\\/?p=98489#primaryimage\",\"url\":\"https:\\\/\\\/quehacerpolitico.mx\\\/wp-content\\\/uploads\\\/2023\\\/02\\\/5BE35740-63AB-46C1-AAAB-38F7C234128C.jpeg\",\"contentUrl\":\"https:\\\/\\\/quehacerpolitico.mx\\\/wp-content\\\/uploads\\\/2023\\\/02\\\/5BE35740-63AB-46C1-AAAB-38F7C234128C.jpeg\",\"width\":1284,\"height\":698},{\"@type\":\"BreadcrumbList\",\"@id\":\"https:\\\/\\\/quehacerpolitico.mx\\\/?p=98489#breadcrumb\",\"itemListElement\":[{\"@type\":\"ListItem\",\"position\":1,\"name\":\"Inicio\",\"item\":\"https:\\\/\\\/quehacerpolitico.mx\\\/\"},{\"@type\":\"ListItem\",\"position\":2,\"name\":\"L\u00f3pez Obrador defiende a exfuncionario chavista que colabora en la SEP, &#8220;hay expertos&#8221;\"}]},{\"@type\":\"WebSite\",\"@id\":\"https:\\\/\\\/quehacerpolitico.mx\\\/#website\",\"url\":\"https:\\\/\\\/quehacerpolitico.mx\\\/\",\"name\":\"\",\"description\":\"\",\"potentialAction\":[{\"@type\":\"SearchAction\",\"target\":{\"@type\":\"EntryPoint\",\"urlTemplate\":\"https:\\\/\\\/quehacerpolitico.mx\\\/?s={search_term_string}\"},\"query-input\":{\"@type\":\"PropertyValueSpecification\",\"valueRequired\":true,\"valueName\":\"search_term_string\"}}],\"inLanguage\":\"es\"},{\"@type\":\"Person\",\"@id\":\"https:\\\/\\\/quehacerpolitico.mx\\\/#\\\/schema\\\/person\\\/496d8ad2d1d3f8036101dca7ee39e585\",\"name\":\"Redacci\u00f3n QP\",\"image\":{\"@type\":\"ImageObject\",\"inLanguage\":\"es\",\"@id\":\"https:\\\/\\\/secure.gravatar.com\\\/avatar\\\/c7164ed6fdec453195284ad24a5ae5b6e1eed2b848477fa2a4787ba9adf39a41?s=96&d=mm&r=g\",\"url\":\"https:\\\/\\\/secure.gravatar.com\\\/avatar\\\/c7164ed6fdec453195284ad24a5ae5b6e1eed2b848477fa2a4787ba9adf39a41?s=96&d=mm&r=g\",\"contentUrl\":\"https:\\\/\\\/secure.gravatar.com\\\/avatar\\\/c7164ed6fdec453195284ad24a5ae5b6e1eed2b848477fa2a4787ba9adf39a41?s=96&d=mm&r=g\",\"caption\":\"Redacci\u00f3n QP\"},\"url\":\"https:\\\/\\\/quehacerpolitico.mx\\\/?author=2\"}]}<\/script>\n<!-- \/ Yoast SEO plugin. -->","yoast_head_json":{"title":"L\u00f3pez Obrador defiende a exfuncionario chavista que colabora en la SEP, \"hay expertos\" -","robots":{"index":"index","follow":"follow","max-snippet":"max-snippet:-1","max-image-preview":"max-image-preview:large","max-video-preview":"max-video-preview:-1"},"canonical":"https:\/\/quehacerpolitico.mx\/?p=98489","og_locale":"es_MX","og_type":"article","og_title":"L\u00f3pez Obrador defiende a exfuncionario chavista que colabora en la SEP, \"hay expertos\" -","og_description":"Por Redacci\u00f3n QP El Presidente calific\u00f3 como &#8220;politiquer\u00eda del conservadurismo&#8221; las cr\u00edticas del PAN sobre...","og_url":"https:\/\/quehacerpolitico.mx\/?p=98489","article_published_time":"2023-02-02T15:34:22+00:00","article_modified_time":"2023-02-02T15:34:25+00:00","og_image":[{"width":1284,"height":698,"url":"https:\/\/quehacerpolitico.mx\/wp-content\/uploads\/2023\/02\/5BE35740-63AB-46C1-AAAB-38F7C234128C.jpeg","type":"image\/jpeg"}],"author":"Redacci\u00f3n QP","twitter_card":"summary_large_image","twitter_misc":{"Escrito por":"Redacci\u00f3n QP","Tiempo de lectura":"2 minutos"},"schema":{"@context":"https:\/\/schema.org","@graph":[{"@type":"Article","@id":"https:\/\/quehacerpolitico.mx\/?p=98489#article","isPartOf":{"@id":"https:\/\/quehacerpolitico.mx\/?p=98489"},"author":{"name":"Redacci\u00f3n QP","@id":"https:\/\/quehacerpolitico.mx\/#\/schema\/person\/496d8ad2d1d3f8036101dca7ee39e585"},"headline":"L\u00f3pez Obrador defiende a exfuncionario chavista que colabora en la SEP, &#8220;hay expertos&#8221;","datePublished":"2023-02-02T15:34:22+00:00","dateModified":"2023-02-02T15:34:25+00:00","mainEntityOfPage":{"@id":"https:\/\/quehacerpolitico.mx\/?p=98489"},"wordCount":456,"commentCount":0,"image":{"@id":"https:\/\/quehacerpolitico.mx\/?p=98489#primaryimage"},"thumbnailUrl":"https:\/\/quehacerpolitico.mx\/wp-content\/uploads\/2023\/02\/5BE35740-63AB-46C1-AAAB-38F7C234128C.jpeg","articleSection":["Noticias"],"inLanguage":"es","potentialAction":[{"@type":"CommentAction","name":"Comment","target":["https:\/\/quehacerpolitico.mx\/?p=98489#respond"]}]},{"@type":"WebPage","@id":"https:\/\/quehacerpolitico.mx\/?p=98489","url":"https:\/\/quehacerpolitico.mx\/?p=98489","name":"L\u00f3pez Obrador defiende a exfuncionario chavista que colabora en la SEP, \"hay expertos\" -","isPartOf":{"@id":"https:\/\/quehacerpolitico.mx\/#website"},"primaryImageOfPage":{"@id":"https:\/\/quehacerpolitico.mx\/?p=98489#primaryimage"},"image":{"@id":"https:\/\/quehacerpolitico.mx\/?p=98489#primaryimage"},"thumbnailUrl":"https:\/\/quehacerpolitico.mx\/wp-content\/uploads\/2023\/02\/5BE35740-63AB-46C1-AAAB-38F7C234128C.jpeg","datePublished":"2023-02-02T15:34:22+00:00","dateModified":"2023-02-02T15:34:25+00:00","author":{"@id":"https:\/\/quehacerpolitico.mx\/#\/schema\/person\/496d8ad2d1d3f8036101dca7ee39e585"},"breadcrumb":{"@id":"https:\/\/quehacerpolitico.mx\/?p=98489#breadcrumb"},"inLanguage":"es","potentialAction":[{"@type":"ReadAction","target":["https:\/\/quehacerpolitico.mx\/?p=98489"]}]},{"@type":"ImageObject","inLanguage":"es","@id":"https:\/\/quehacerpolitico.mx\/?p=98489#primaryimage","url":"https:\/\/quehacerpolitico.mx\/wp-content\/uploads\/2023\/02\/5BE35740-63AB-46C1-AAAB-38F7C234128C.jpeg","contentUrl":"https:\/\/quehacerpolitico.mx\/wp-content\/uploads\/2023\/02\/5BE35740-63AB-46C1-AAAB-38F7C234128C.jpeg","width":1284,"height":698},{"@type":"BreadcrumbList","@id":"https:\/\/quehacerpolitico.mx\/?p=98489#breadcrumb","itemListElement":[{"@type":"ListItem","position":1,"name":"Inicio","item":"https:\/\/quehacerpolitico.mx\/"},{"@type":"ListItem","position":2,"name":"L\u00f3pez Obrador defiende a exfuncionario chavista que colabora en la SEP, &#8220;hay expertos&#8221;"}]},{"@type":"WebSite","@id":"https:\/\/quehacerpolitico.mx\/#website","url":"https:\/\/quehacerpolitico.mx\/","name":"","description":"","potentialAction":[{"@type":"SearchAction","target":{"@type":"EntryPoint","urlTemplate":"https:\/\/quehacerpolitico.mx\/?s={search_term_string}"},"query-input":{"@type":"PropertyValueSpecification","valueRequired":true,"valueName":"search_term_string"}}],"inLanguage":"es"},{"@type":"Person","@id":"https:\/\/quehacerpolitico.mx\/#\/schema\/person\/496d8ad2d1d3f8036101dca7ee39e585","name":"Redacci\u00f3n QP","image":{"@type":"ImageObject","inLanguage":"es","@id":"https:\/\/secure.gravatar.com\/avatar\/c7164ed6fdec453195284ad24a5ae5b6e1eed2b848477fa2a4787ba9adf39a41?s=96&d=mm&r=g","url":"https:\/\/secure.gravatar.com\/avatar\/c7164ed6fdec453195284ad24a5ae5b6e1eed2b848477fa2a4787ba9adf39a41?s=96&d=mm&r=g","contentUrl":"https:\/\/secure.gravatar.com\/avatar\/c7164ed6fdec453195284ad24a5ae5b6e1eed2b848477fa2a4787ba9adf39a41?s=96&d=mm&r=g","caption":"Redacci\u00f3n QP"},"url":"https:\/\/quehacerpolitico.mx\/?author=2"}]}},"featured_image_urls":{"full":["https:\/\/quehacerpolitico.mx\/wp-content\/uploads\/2023\/02\/5BE35740-63AB-46C1-AAAB-38F7C234128C.jpeg",1284,698,false],"thumbnail":["https:\/\/quehacerpolitico.mx\/wp-content\/uploads\/2023\/02\/5BE35740-63AB-46C1-AAAB-38F7C234128C-150x150.jpeg",150,150,true],"medium":["https:\/\/quehacerpolitico.mx\/wp-content\/uploads\/2023\/02\/5BE35740-63AB-46C1-AAAB-38F7C234128C-300x163.jpeg",300,163,true],"medium_large":["https:\/\/quehacerpolitico.mx\/wp-content\/uploads\/2023\/02\/5BE35740-63AB-46C1-AAAB-38F7C234128C-768x417.jpeg",640,348,true],"large":["https:\/\/quehacerpolitico.mx\/wp-content\/uploads\/2023\/02\/5BE35740-63AB-46C1-AAAB-38F7C234128C-1024x557.jpeg",640,348,true],"1536x1536":["https:\/\/quehacerpolitico.mx\/wp-content\/uploads\/2023\/02\/5BE35740-63AB-46C1-AAAB-38F7C234128C.jpeg",1284,698,false],"2048x2048":["https:\/\/quehacerpolitico.mx\/wp-content\/uploads\/2023\/02\/5BE35740-63AB-46C1-AAAB-38F7C234128C.jpeg",1284,698,false],"covernews-featured":["https:\/\/quehacerpolitico.mx\/wp-content\/uploads\/2023\/02\/5BE35740-63AB-46C1-AAAB-38F7C234128C.jpeg",1024,557,false],"covernews-medium":["https:\/\/quehacerpolitico.mx\/wp-content\/uploads\/2023\/02\/5BE35740-63AB-46C1-AAAB-38F7C234128C.jpeg",540,294,false]},"author_info":{"display_name":"Redacci\u00f3n QP","author_link":"https:\/\/quehacerpolitico.mx\/?author=2"},"category_info":"<a href=\"https:\/\/quehacerpolitico.mx\/?cat=2\" rel=\"category\">Noticias<\/a>","tag_info":"Noticias","comment_count":"0","_links":{"self":[{"href":"https:\/\/quehacerpolitico.mx\/index.php?rest_route=\/wp\/v2\/posts\/98489","targetHints":{"allow":["GET"]}}],"collection":[{"href":"https:\/\/quehacerpolitico.mx\/index.php?rest_route=\/wp\/v2\/posts"}],"about":[{"href":"https:\/\/quehacerpolitico.mx\/index.php?rest_route=\/wp\/v2\/types\/post"}],"author":[{"embeddable":true,"href":"https:\/\/quehacerpolitico.mx\/index.php?rest_route=\/wp\/v2\/users\/2"}],"replies":[{"embeddable":true,"href":"https:\/\/quehacerpolitico.mx\/index.php?rest_route=%2Fwp%2Fv2%2Fcomments&post=98489"}],"version-history":[{"count":1,"href":"https:\/\/quehacerpolitico.mx\/index.php?rest_route=\/wp\/v2\/posts\/98489\/revisions"}],"predecessor-version":[{"id":98491,"href":"https:\/\/quehacerpolitico.mx\/index.php?rest_route=\/wp\/v2\/posts\/98489\/revisions\/98491"}],"wp:featuredmedia":[{"embeddable":true,"href":"https:\/\/quehacerpolitico.mx\/index.php?rest_route=\/wp\/v2\/media\/98490"}],"wp:attachment":[{"href":"https:\/\/quehacerpolitico.mx\/index.php?rest_route=%2Fwp%2Fv2%2Fmedia&parent=98489"}],"wp:term":[{"taxonomy":"category","embeddable":true,"href":"https:\/\/quehacerpolitico.mx\/index.php?rest_route=%2Fwp%2Fv2%2Fcategories&post=98489"},{"taxonomy":"post_tag","embeddable":true,"href":"https:\/\/quehacerpolitico.mx\/index.php?rest_route=%2Fwp%2Fv2%2Ftags&post=98489"}],"curies":[{"name":"wp","href":"https:\/\/api.w.org\/{rel}","templated":true}]}}