{"id":98458,"date":"2023-01-31T16:08:32","date_gmt":"2023-01-31T16:08:32","guid":{"rendered":"https:\/\/quehacerpolitico.mx\/?p=98458"},"modified":"2023-01-31T16:08:34","modified_gmt":"2023-01-31T16:08:34","slug":"lopez-obrador-considera-adversario-a-cardenas-tras-unirse-a-proyecto-opositor","status":"publish","type":"post","link":"https:\/\/quehacerpolitico.mx\/?p=98458","title":{"rendered":"L\u00f3pez Obrador considera &#8220;adversario&#8221; a C\u00e1rdenas tras unirse a proyecto opositor"},"content":{"rendered":"\n<p>Por Redacci\u00f3n QP<\/p>\n\n\n\n<p>En su conferencia &#8220;ma\u00f1anera&#8221;, el Presidente asegur\u00f3 que ante el momento que vive el pa\u00eds &#8220;es estar con el pueblo o con la oligarqu\u00eda. No hay m\u00e1s&#8221;<\/p>\n\n\n\n<p>El Presidente Andr\u00e9s Manuel L\u00f3pez Obrador manifest\u00f3 que\u00a0<strong>el ingeniero Cuauht\u00e9moc C\u00e1rdenas pas\u00f3 a ser parte de sus adversarios al asumir los planteamientos de la plataforma &#8220;Colectivo por M\u00e9xico<\/strong>&#8220;, que ayer fue presentada, pues asegur\u00f3 que ante el momento que vive el pa\u00eds &#8220;es estar con el pueblo o con la oligarqu\u00eda. No hay m\u00e1s&#8221;.<\/p>\n\n\n\n<p>En conferencia de prensa y a pregunta expresa, L\u00f3pez Obrador afirm\u00f3 que los integrantes del colectivo tienen todo su derecho de manifestarse y asegur\u00f3 que est\u00e1n en contra de su gobierno, de la 4T y\u00a0<strong>la calific\u00f3 como &#8220;una especie de ala moderada del bloque conservador&#8221;.<\/strong><\/p>\n\n\n\n<p>Afirm\u00f3 que es much\u00edsimo mejor saber qui\u00e9nes son los adversarios que enfrentar a simuladores.<\/p>\n\n\n\n<figure class=\"wp-block-embed is-type-rich is-provider-twitter wp-block-embed-twitter\"><div class=\"wp-block-embed__wrapper\">\n<blockquote class=\"twitter-tweet\" data-width=\"550\" data-dnt=\"true\"><p lang=\"es\" dir=\"ltr\">Dice el peje que Cuahut\u00e9moc C\u00e1rdenas es su adversario pol\u00edtico. \ud83d\ude02<br><br>Los \u00fanicos 2 candidatos presidenciales que ha tenido \u201cla izquierda&quot; en 35 a\u00f1os, est\u00e1n peleados.<br><br>Bueno&#8230;C\u00e1rdenas es muy respetado. amlo nom\u00e1s es un viejo senil, p\u0113nd\u0119j\u00f8, miado y rid\u00edculo.<a href=\"https:\/\/t.co\/eJskyCW03x\">pic.twitter.com\/eJskyCW03x<\/a><\/p>&mdash; \ud83c\udf83\uea00\ud81a\udd10El Zombie II\ud81a\udd10\ud835\udd4f\ud83c\udf83 (@DimeFred2) <a href=\"https:\/\/twitter.com\/DimeFred2\/status\/1620436407574761472?ref_src=twsrc%5Etfw\">January 31, 2023<\/a><\/blockquote><script async src=\"https:\/\/platform.twitter.com\/widgets.js\" charset=\"utf-8\"><\/script>\n<\/div><\/figure>\n\n\n\n<p>&#8220;Est\u00e1n en su derecho de manifestarse, de agruparse y est\u00e1n en contra de nosotros, de la transformaci\u00f3n del pa\u00eds, de lo que estamos haciendo, llevando a cabo con millones de mexicanos, pero est\u00e1n en todo su derecho de expresarse, de manifestarse. Nosotros estamos obligados a garantizar el derecho a disentir y la gente, los ciudadanos pues son los que al final deciden, siempre es as\u00ed en la democracia&#8221;, declar\u00f3.<\/p>\n\n\n\n<p>&#8220;Es normal, es que tiene que ejercer su derecho de manifestar y no est\u00e1n de acuerdo con nuestro proyecto de transfiguraci\u00f3n est\u00e1n m\u00e1s cerca del bloque conservador, es una especie de ala modera del bloque conservador, pero as\u00ed ha sido siempre cuando se lucha por un cambio verdadero, cuando no se opta por la simulaci\u00f3n, por el gatopardismo&#8221;.<\/p>\n\n\n\n<p>&#8220;Es much\u00edsimo mejor saber qui\u00e9nes son realmente los adversarios que enfrentar a simuladores&#8221;, dijo.<\/p>\n\n\n\n<p>&#8220;\u00bfConsidera a C\u00e1rdenas como parte de sus adversarios?&#8221;, se le pregunt\u00f3.<\/p>\n\n\n\n<p><strong>&#8220;En pol\u00edtica s\u00ed, si \u00e9l asume esta postura de este tipo, lo estimo mucho, lo respeto, lo considero precursor de este movimiento, pero estamos viviendo un momento de definiciones<\/strong>, no hay para d\u00f3nde hacerse. Es estar con el pueblo o con la oligarqu\u00eda, no hay m\u00e1s. No hay justo medio&#8221;, respondi\u00f3.<\/p>\n\n\n\n<p>Ayer lunes, miembros de la sociedad civil, legisladores, acad\u00e9micos y excandidatos presidenciales presentaron la plataforma &#8220;Colectivo por M\u00e9xico&#8221;, con el objetivo de promover un di\u00e1logo nacional ciudadano y para defender la democracia.<\/p>\n\n\n\n<h2 class=\"wp-block-heading\">&#8220;Colectivo por M\u00e9xico no tendr\u00e1 impacto en los ciudadanos&#8221;<\/h2>\n\n\n\n<p>El Presidente Andr\u00e9s Manuel L\u00f3pez Obrador consider\u00f3 que el surgimiento de la plataforma pol\u00edtica &#8220;Colectivo por M\u00e9xico&#8221; no tendr\u00e1 impacto en los ciudadanos porque ya no existe analfabetismo pol\u00edtico y se ha avanzado en la &#8220;revoluci\u00f3n&#8221; de las conciencias.<\/p>\n\n\n\n<p>&#8220;La gente est\u00e1 muy consciente, M\u00e9xico debe estar en los primeros lugares en el mundo en politizaci\u00f3n, ya no existe el analfabetismo pol\u00edtico, si me dicen en qu\u00e9 se ha avanzado, es mucho, pero en lo que m\u00e1s se ha avanzado es en la revoluci\u00f3n de las conciencias&#8221;.<\/p>\n\n\n\n<figure class=\"wp-block-embed is-type-rich is-provider-twitter wp-block-embed-twitter\"><div class=\"wp-block-embed__wrapper\">\n<blockquote class=\"twitter-tweet\" data-width=\"550\" data-dnt=\"true\"><p lang=\"es\" dir=\"ltr\"><a href=\"https:\/\/twitter.com\/hashtag\/EnLaMa%C3%B1anera?src=hash&amp;ref_src=twsrc%5Etfw\">#EnLaMa\u00f1anera<\/a> | &#39;Ya no hay analfabetismo pol\u00edtico en <a href=\"https:\/\/twitter.com\/hashtag\/M%C3%A9xico?src=hash&amp;ref_src=twsrc%5Etfw\">#M\u00e9xico<\/a>, pr\u00e1cticamente no existe&#39;, menciona el presidente <a href=\"https:\/\/twitter.com\/lopezobrador_?ref_src=twsrc%5Etfw\">@lopezobrador_<\/a> acerca de la formaci\u00f3n del &#39;Colectivo por M\u00e9xico&#39;; afirma que el pueblo decidir\u00e1 &#39;el camino que busca el cambio&#39;. <a href=\"https:\/\/t.co\/oNg7CnoNp1\">pic.twitter.com\/oNg7CnoNp1<\/a><\/p>&mdash; El Financiero TV (@ElFinancieroTv) <a href=\"https:\/\/twitter.com\/ElFinancieroTv\/status\/1620442789434560513?ref_src=twsrc%5Etfw\">January 31, 2023<\/a><\/blockquote><script async src=\"https:\/\/platform.twitter.com\/widgets.js\" charset=\"utf-8\"><\/script>\n<\/div><\/figure>\n\n\n\n<p>En conferencia de prensa, el Presidente L\u00f3pez Obrador dijo que eso es lo que no entienden sus adversarios porque la pol\u00edtica es asunto de los pol\u00edticos.<\/p>\n\n\n\n<p>&#8220;Adem\u00e1s como no saben hace pol\u00edtica con la gente, para ellos el pueblo no cuenta y le tiene desprecio al pueblo, se les dificulta mucho, por eso tienen que ser los foros de Televisa con sus an\u00e1lisis y los d\u00f3lares que pesan \u00b4una tonelada\u00b4, creen que con eso van a enga\u00f1ar&#8221;, declar\u00f3.<\/p>\n\n\n\n<p>Con Informaci\u00f3n de SUN <\/p>\n","protected":false},"excerpt":{"rendered":"<p>Por Redacci\u00f3n QP En su conferencia &#8220;ma\u00f1anera&#8221;, el Presidente asegur\u00f3 que ante el momento que&#8230;<\/p>\n","protected":false},"author":2,"featured_media":98459,"comment_status":"open","ping_status":"open","sticky":false,"template":"","format":"standard","meta":{"_monsterinsights_skip_tracking":false,"_monsterinsights_sitenote_active":false,"_monsterinsights_sitenote_note":"","_monsterinsights_sitenote_category":0,"footnotes":""},"categories":[2],"tags":[],"class_list":["post-98458","post","type-post","status-publish","format-standard","has-post-thumbnail","hentry","category-noticias"],"yoast_head":"<!-- This site is optimized with the Yoast SEO plugin v27.3 - https:\/\/yoast.com\/product\/yoast-seo-wordpress\/ -->\n<title>L\u00f3pez Obrador considera &quot;adversario&quot; a C\u00e1rdenas tras unirse a proyecto opositor -<\/title>\n<meta name=\"robots\" content=\"index, follow, max-snippet:-1, max-image-preview:large, max-video-preview:-1\" \/>\n<link rel=\"canonical\" href=\"https:\/\/quehacerpolitico.mx\/?p=98458\" \/>\n<meta property=\"og:locale\" content=\"es_MX\" \/>\n<meta property=\"og:type\" content=\"article\" \/>\n<meta property=\"og:title\" content=\"L\u00f3pez Obrador considera &quot;adversario&quot; a C\u00e1rdenas tras unirse a proyecto opositor -\" \/>\n<meta property=\"og:description\" content=\"Por Redacci\u00f3n QP En su conferencia &#8220;ma\u00f1anera&#8221;, el Presidente asegur\u00f3 que ante el momento que...\" \/>\n<meta property=\"og:url\" content=\"https:\/\/quehacerpolitico.mx\/?p=98458\" \/>\n<meta property=\"article:published_time\" content=\"2023-01-31T16:08:32+00:00\" \/>\n<meta property=\"article:modified_time\" content=\"2023-01-31T16:08:34+00:00\" \/>\n<meta property=\"og:image\" content=\"https:\/\/quehacerpolitico.mx\/wp-content\/uploads\/2023\/01\/8C76657B-3BCA-422C-82E9-1E97F8689378.jpeg\" \/>\n\t<meta property=\"og:image:width\" content=\"945\" \/>\n\t<meta property=\"og:image:height\" content=\"694\" \/>\n\t<meta property=\"og:image:type\" content=\"image\/jpeg\" \/>\n<meta name=\"author\" content=\"Redacci\u00f3n QP\" \/>\n<meta name=\"twitter:card\" content=\"summary_large_image\" \/>\n<meta name=\"twitter:label1\" content=\"Escrito por\" \/>\n\t<meta name=\"twitter:data1\" content=\"Redacci\u00f3n QP\" \/>\n\t<meta name=\"twitter:label2\" content=\"Tiempo de lectura\" \/>\n\t<meta name=\"twitter:data2\" content=\"3 minutos\" \/>\n<script type=\"application\/ld+json\" class=\"yoast-schema-graph\">{\"@context\":\"https:\\\/\\\/schema.org\",\"@graph\":[{\"@type\":\"Article\",\"@id\":\"https:\\\/\\\/quehacerpolitico.mx\\\/?p=98458#article\",\"isPartOf\":{\"@id\":\"https:\\\/\\\/quehacerpolitico.mx\\\/?p=98458\"},\"author\":{\"name\":\"Redacci\u00f3n QP\",\"@id\":\"https:\\\/\\\/quehacerpolitico.mx\\\/#\\\/schema\\\/person\\\/496d8ad2d1d3f8036101dca7ee39e585\"},\"headline\":\"L\u00f3pez Obrador considera &#8220;adversario&#8221; a C\u00e1rdenas tras unirse a proyecto opositor\",\"datePublished\":\"2023-01-31T16:08:32+00:00\",\"dateModified\":\"2023-01-31T16:08:34+00:00\",\"mainEntityOfPage\":{\"@id\":\"https:\\\/\\\/quehacerpolitico.mx\\\/?p=98458\"},\"wordCount\":650,\"commentCount\":0,\"image\":{\"@id\":\"https:\\\/\\\/quehacerpolitico.mx\\\/?p=98458#primaryimage\"},\"thumbnailUrl\":\"https:\\\/\\\/quehacerpolitico.mx\\\/wp-content\\\/uploads\\\/2023\\\/01\\\/8C76657B-3BCA-422C-82E9-1E97F8689378.jpeg\",\"articleSection\":[\"Noticias\"],\"inLanguage\":\"es\",\"potentialAction\":[{\"@type\":\"CommentAction\",\"name\":\"Comment\",\"target\":[\"https:\\\/\\\/quehacerpolitico.mx\\\/?p=98458#respond\"]}]},{\"@type\":\"WebPage\",\"@id\":\"https:\\\/\\\/quehacerpolitico.mx\\\/?p=98458\",\"url\":\"https:\\\/\\\/quehacerpolitico.mx\\\/?p=98458\",\"name\":\"L\u00f3pez Obrador considera \\\"adversario\\\" a C\u00e1rdenas tras unirse a proyecto opositor -\",\"isPartOf\":{\"@id\":\"https:\\\/\\\/quehacerpolitico.mx\\\/#website\"},\"primaryImageOfPage\":{\"@id\":\"https:\\\/\\\/quehacerpolitico.mx\\\/?p=98458#primaryimage\"},\"image\":{\"@id\":\"https:\\\/\\\/quehacerpolitico.mx\\\/?p=98458#primaryimage\"},\"thumbnailUrl\":\"https:\\\/\\\/quehacerpolitico.mx\\\/wp-content\\\/uploads\\\/2023\\\/01\\\/8C76657B-3BCA-422C-82E9-1E97F8689378.jpeg\",\"datePublished\":\"2023-01-31T16:08:32+00:00\",\"dateModified\":\"2023-01-31T16:08:34+00:00\",\"author\":{\"@id\":\"https:\\\/\\\/quehacerpolitico.mx\\\/#\\\/schema\\\/person\\\/496d8ad2d1d3f8036101dca7ee39e585\"},\"breadcrumb\":{\"@id\":\"https:\\\/\\\/quehacerpolitico.mx\\\/?p=98458#breadcrumb\"},\"inLanguage\":\"es\",\"potentialAction\":[{\"@type\":\"ReadAction\",\"target\":[\"https:\\\/\\\/quehacerpolitico.mx\\\/?p=98458\"]}]},{\"@type\":\"ImageObject\",\"inLanguage\":\"es\",\"@id\":\"https:\\\/\\\/quehacerpolitico.mx\\\/?p=98458#primaryimage\",\"url\":\"https:\\\/\\\/quehacerpolitico.mx\\\/wp-content\\\/uploads\\\/2023\\\/01\\\/8C76657B-3BCA-422C-82E9-1E97F8689378.jpeg\",\"contentUrl\":\"https:\\\/\\\/quehacerpolitico.mx\\\/wp-content\\\/uploads\\\/2023\\\/01\\\/8C76657B-3BCA-422C-82E9-1E97F8689378.jpeg\",\"width\":945,\"height\":694},{\"@type\":\"BreadcrumbList\",\"@id\":\"https:\\\/\\\/quehacerpolitico.mx\\\/?p=98458#breadcrumb\",\"itemListElement\":[{\"@type\":\"ListItem\",\"position\":1,\"name\":\"Inicio\",\"item\":\"https:\\\/\\\/quehacerpolitico.mx\\\/\"},{\"@type\":\"ListItem\",\"position\":2,\"name\":\"L\u00f3pez Obrador considera &#8220;adversario&#8221; a C\u00e1rdenas tras unirse a proyecto opositor\"}]},{\"@type\":\"WebSite\",\"@id\":\"https:\\\/\\\/quehacerpolitico.mx\\\/#website\",\"url\":\"https:\\\/\\\/quehacerpolitico.mx\\\/\",\"name\":\"\",\"description\":\"\",\"potentialAction\":[{\"@type\":\"SearchAction\",\"target\":{\"@type\":\"EntryPoint\",\"urlTemplate\":\"https:\\\/\\\/quehacerpolitico.mx\\\/?s={search_term_string}\"},\"query-input\":{\"@type\":\"PropertyValueSpecification\",\"valueRequired\":true,\"valueName\":\"search_term_string\"}}],\"inLanguage\":\"es\"},{\"@type\":\"Person\",\"@id\":\"https:\\\/\\\/quehacerpolitico.mx\\\/#\\\/schema\\\/person\\\/496d8ad2d1d3f8036101dca7ee39e585\",\"name\":\"Redacci\u00f3n QP\",\"image\":{\"@type\":\"ImageObject\",\"inLanguage\":\"es\",\"@id\":\"https:\\\/\\\/secure.gravatar.com\\\/avatar\\\/c7164ed6fdec453195284ad24a5ae5b6e1eed2b848477fa2a4787ba9adf39a41?s=96&d=mm&r=g\",\"url\":\"https:\\\/\\\/secure.gravatar.com\\\/avatar\\\/c7164ed6fdec453195284ad24a5ae5b6e1eed2b848477fa2a4787ba9adf39a41?s=96&d=mm&r=g\",\"contentUrl\":\"https:\\\/\\\/secure.gravatar.com\\\/avatar\\\/c7164ed6fdec453195284ad24a5ae5b6e1eed2b848477fa2a4787ba9adf39a41?s=96&d=mm&r=g\",\"caption\":\"Redacci\u00f3n QP\"},\"url\":\"https:\\\/\\\/quehacerpolitico.mx\\\/?author=2\"}]}<\/script>\n<!-- \/ Yoast SEO plugin. -->","yoast_head_json":{"title":"L\u00f3pez Obrador considera \"adversario\" a C\u00e1rdenas tras unirse a proyecto opositor -","robots":{"index":"index","follow":"follow","max-snippet":"max-snippet:-1","max-image-preview":"max-image-preview:large","max-video-preview":"max-video-preview:-1"},"canonical":"https:\/\/quehacerpolitico.mx\/?p=98458","og_locale":"es_MX","og_type":"article","og_title":"L\u00f3pez Obrador considera \"adversario\" a C\u00e1rdenas tras unirse a proyecto opositor -","og_description":"Por Redacci\u00f3n QP En su conferencia &#8220;ma\u00f1anera&#8221;, el Presidente asegur\u00f3 que ante el momento que...","og_url":"https:\/\/quehacerpolitico.mx\/?p=98458","article_published_time":"2023-01-31T16:08:32+00:00","article_modified_time":"2023-01-31T16:08:34+00:00","og_image":[{"width":945,"height":694,"url":"https:\/\/quehacerpolitico.mx\/wp-content\/uploads\/2023\/01\/8C76657B-3BCA-422C-82E9-1E97F8689378.jpeg","type":"image\/jpeg"}],"author":"Redacci\u00f3n QP","twitter_card":"summary_large_image","twitter_misc":{"Escrito por":"Redacci\u00f3n QP","Tiempo de lectura":"3 minutos"},"schema":{"@context":"https:\/\/schema.org","@graph":[{"@type":"Article","@id":"https:\/\/quehacerpolitico.mx\/?p=98458#article","isPartOf":{"@id":"https:\/\/quehacerpolitico.mx\/?p=98458"},"author":{"name":"Redacci\u00f3n QP","@id":"https:\/\/quehacerpolitico.mx\/#\/schema\/person\/496d8ad2d1d3f8036101dca7ee39e585"},"headline":"L\u00f3pez Obrador considera &#8220;adversario&#8221; a C\u00e1rdenas tras unirse a proyecto opositor","datePublished":"2023-01-31T16:08:32+00:00","dateModified":"2023-01-31T16:08:34+00:00","mainEntityOfPage":{"@id":"https:\/\/quehacerpolitico.mx\/?p=98458"},"wordCount":650,"commentCount":0,"image":{"@id":"https:\/\/quehacerpolitico.mx\/?p=98458#primaryimage"},"thumbnailUrl":"https:\/\/quehacerpolitico.mx\/wp-content\/uploads\/2023\/01\/8C76657B-3BCA-422C-82E9-1E97F8689378.jpeg","articleSection":["Noticias"],"inLanguage":"es","potentialAction":[{"@type":"CommentAction","name":"Comment","target":["https:\/\/quehacerpolitico.mx\/?p=98458#respond"]}]},{"@type":"WebPage","@id":"https:\/\/quehacerpolitico.mx\/?p=98458","url":"https:\/\/quehacerpolitico.mx\/?p=98458","name":"L\u00f3pez Obrador considera \"adversario\" a C\u00e1rdenas tras unirse a proyecto opositor -","isPartOf":{"@id":"https:\/\/quehacerpolitico.mx\/#website"},"primaryImageOfPage":{"@id":"https:\/\/quehacerpolitico.mx\/?p=98458#primaryimage"},"image":{"@id":"https:\/\/quehacerpolitico.mx\/?p=98458#primaryimage"},"thumbnailUrl":"https:\/\/quehacerpolitico.mx\/wp-content\/uploads\/2023\/01\/8C76657B-3BCA-422C-82E9-1E97F8689378.jpeg","datePublished":"2023-01-31T16:08:32+00:00","dateModified":"2023-01-31T16:08:34+00:00","author":{"@id":"https:\/\/quehacerpolitico.mx\/#\/schema\/person\/496d8ad2d1d3f8036101dca7ee39e585"},"breadcrumb":{"@id":"https:\/\/quehacerpolitico.mx\/?p=98458#breadcrumb"},"inLanguage":"es","potentialAction":[{"@type":"ReadAction","target":["https:\/\/quehacerpolitico.mx\/?p=98458"]}]},{"@type":"ImageObject","inLanguage":"es","@id":"https:\/\/quehacerpolitico.mx\/?p=98458#primaryimage","url":"https:\/\/quehacerpolitico.mx\/wp-content\/uploads\/2023\/01\/8C76657B-3BCA-422C-82E9-1E97F8689378.jpeg","contentUrl":"https:\/\/quehacerpolitico.mx\/wp-content\/uploads\/2023\/01\/8C76657B-3BCA-422C-82E9-1E97F8689378.jpeg","width":945,"height":694},{"@type":"BreadcrumbList","@id":"https:\/\/quehacerpolitico.mx\/?p=98458#breadcrumb","itemListElement":[{"@type":"ListItem","position":1,"name":"Inicio","item":"https:\/\/quehacerpolitico.mx\/"},{"@type":"ListItem","position":2,"name":"L\u00f3pez Obrador considera &#8220;adversario&#8221; a C\u00e1rdenas tras unirse a proyecto opositor"}]},{"@type":"WebSite","@id":"https:\/\/quehacerpolitico.mx\/#website","url":"https:\/\/quehacerpolitico.mx\/","name":"","description":"","potentialAction":[{"@type":"SearchAction","target":{"@type":"EntryPoint","urlTemplate":"https:\/\/quehacerpolitico.mx\/?s={search_term_string}"},"query-input":{"@type":"PropertyValueSpecification","valueRequired":true,"valueName":"search_term_string"}}],"inLanguage":"es"},{"@type":"Person","@id":"https:\/\/quehacerpolitico.mx\/#\/schema\/person\/496d8ad2d1d3f8036101dca7ee39e585","name":"Redacci\u00f3n QP","image":{"@type":"ImageObject","inLanguage":"es","@id":"https:\/\/secure.gravatar.com\/avatar\/c7164ed6fdec453195284ad24a5ae5b6e1eed2b848477fa2a4787ba9adf39a41?s=96&d=mm&r=g","url":"https:\/\/secure.gravatar.com\/avatar\/c7164ed6fdec453195284ad24a5ae5b6e1eed2b848477fa2a4787ba9adf39a41?s=96&d=mm&r=g","contentUrl":"https:\/\/secure.gravatar.com\/avatar\/c7164ed6fdec453195284ad24a5ae5b6e1eed2b848477fa2a4787ba9adf39a41?s=96&d=mm&r=g","caption":"Redacci\u00f3n QP"},"url":"https:\/\/quehacerpolitico.mx\/?author=2"}]}},"featured_image_urls":{"full":["https:\/\/quehacerpolitico.mx\/wp-content\/uploads\/2023\/01\/8C76657B-3BCA-422C-82E9-1E97F8689378.jpeg",945,694,false],"thumbnail":["https:\/\/quehacerpolitico.mx\/wp-content\/uploads\/2023\/01\/8C76657B-3BCA-422C-82E9-1E97F8689378-150x150.jpeg",150,150,true],"medium":["https:\/\/quehacerpolitico.mx\/wp-content\/uploads\/2023\/01\/8C76657B-3BCA-422C-82E9-1E97F8689378-300x220.jpeg",300,220,true],"medium_large":["https:\/\/quehacerpolitico.mx\/wp-content\/uploads\/2023\/01\/8C76657B-3BCA-422C-82E9-1E97F8689378-768x564.jpeg",640,470,true],"large":["https:\/\/quehacerpolitico.mx\/wp-content\/uploads\/2023\/01\/8C76657B-3BCA-422C-82E9-1E97F8689378.jpeg",640,470,false],"1536x1536":["https:\/\/quehacerpolitico.mx\/wp-content\/uploads\/2023\/01\/8C76657B-3BCA-422C-82E9-1E97F8689378.jpeg",945,694,false],"2048x2048":["https:\/\/quehacerpolitico.mx\/wp-content\/uploads\/2023\/01\/8C76657B-3BCA-422C-82E9-1E97F8689378.jpeg",945,694,false],"covernews-featured":["https:\/\/quehacerpolitico.mx\/wp-content\/uploads\/2023\/01\/8C76657B-3BCA-422C-82E9-1E97F8689378.jpeg",945,694,false],"covernews-medium":["https:\/\/quehacerpolitico.mx\/wp-content\/uploads\/2023\/01\/8C76657B-3BCA-422C-82E9-1E97F8689378.jpeg",463,340,false]},"author_info":{"display_name":"Redacci\u00f3n QP","author_link":"https:\/\/quehacerpolitico.mx\/?author=2"},"category_info":"<a href=\"https:\/\/quehacerpolitico.mx\/?cat=2\" rel=\"category\">Noticias<\/a>","tag_info":"Noticias","comment_count":"0","_links":{"self":[{"href":"https:\/\/quehacerpolitico.mx\/index.php?rest_route=\/wp\/v2\/posts\/98458","targetHints":{"allow":["GET"]}}],"collection":[{"href":"https:\/\/quehacerpolitico.mx\/index.php?rest_route=\/wp\/v2\/posts"}],"about":[{"href":"https:\/\/quehacerpolitico.mx\/index.php?rest_route=\/wp\/v2\/types\/post"}],"author":[{"embeddable":true,"href":"https:\/\/quehacerpolitico.mx\/index.php?rest_route=\/wp\/v2\/users\/2"}],"replies":[{"embeddable":true,"href":"https:\/\/quehacerpolitico.mx\/index.php?rest_route=%2Fwp%2Fv2%2Fcomments&post=98458"}],"version-history":[{"count":1,"href":"https:\/\/quehacerpolitico.mx\/index.php?rest_route=\/wp\/v2\/posts\/98458\/revisions"}],"predecessor-version":[{"id":98460,"href":"https:\/\/quehacerpolitico.mx\/index.php?rest_route=\/wp\/v2\/posts\/98458\/revisions\/98460"}],"wp:featuredmedia":[{"embeddable":true,"href":"https:\/\/quehacerpolitico.mx\/index.php?rest_route=\/wp\/v2\/media\/98459"}],"wp:attachment":[{"href":"https:\/\/quehacerpolitico.mx\/index.php?rest_route=%2Fwp%2Fv2%2Fmedia&parent=98458"}],"wp:term":[{"taxonomy":"category","embeddable":true,"href":"https:\/\/quehacerpolitico.mx\/index.php?rest_route=%2Fwp%2Fv2%2Fcategories&post=98458"},{"taxonomy":"post_tag","embeddable":true,"href":"https:\/\/quehacerpolitico.mx\/index.php?rest_route=%2Fwp%2Fv2%2Ftags&post=98458"}],"curies":[{"name":"wp","href":"https:\/\/api.w.org\/{rel}","templated":true}]}}