{"id":98455,"date":"2023-01-31T15:55:54","date_gmt":"2023-01-31T15:55:54","guid":{"rendered":"https:\/\/quehacerpolitico.mx\/?p=98455"},"modified":"2023-01-31T15:55:58","modified_gmt":"2023-01-31T15:55:58","slug":"anuncian-presupuesto-para-compra-de-equipo-medico-para-el-imss-bienestar","status":"publish","type":"post","link":"https:\/\/quehacerpolitico.mx\/?p=98455","title":{"rendered":"Anuncian presupuesto para compra de equipo m\u00e9dico para el IMSS-Bienestar"},"content":{"rendered":"\n<p>Por Redacci\u00f3n QP<\/p>\n\n\n\n<p>En la ma\u00f1anera de hoy, el director general del IMSS, Zo\u00e9 Robledo, dijo que el a\u00f1o pasado se ejercieron dos mil 549 MDP para el programa en 14 estados<\/p>\n\n\n\n<p>El director general del\u00a0IMSS, Zo\u00e9 Robledo Aburto, inform\u00f3 que para 2023 se tiene un presupuesto de\u00a0<strong>cuatro mil 562 millones de pesos<\/strong>\u00a0para la compra de equipo m\u00e9dico para el programa IMSS-Bienestar.<\/p>\n\n\n\n<p>En la conferencia ma\u00f1anera de hoy del Presidente\u00a0Andres Manuel Lopez Obrador, en Palacio Nacional, Robledo dijo que el a\u00f1o pasado se ejercieron dos mil 549 millones de pesos para el programa en 14 entidades.<\/p>\n\n\n\n<figure class=\"wp-block-embed is-type-rich is-provider-twitter wp-block-embed-twitter\"><div class=\"wp-block-embed__wrapper\">\n<blockquote class=\"twitter-tweet\" data-width=\"550\" data-dnt=\"true\"><p lang=\"es\" dir=\"ltr\"><a href=\"https:\/\/twitter.com\/hashtag\/ConferenciaPresidente?src=hash&amp;ref_src=twsrc%5Etfw\">#ConferenciaPresidente<\/a> | Martes 31 de enero de 2023 <a href=\"https:\/\/t.co\/q5YQ5SdKAD\">https:\/\/t.co\/q5YQ5SdKAD<\/a><\/p>&mdash; Gobierno de M\u00e9xico (@GobiernoMX) <a href=\"https:\/\/twitter.com\/GobiernoMX\/status\/1620405489938071552?ref_src=twsrc%5Etfw\">January 31, 2023<\/a><\/blockquote><script async src=\"https:\/\/platform.twitter.com\/widgets.js\" charset=\"utf-8\"><\/script>\n<\/div><\/figure>\n\n\n\n<p>Sobre la\u00a0<strong>contrataci\u00f3n de m\u00e9dicos generales y personal de enfermer\u00eda en el pa\u00eds<\/strong>\u00a0para trabajar en lugares remotos, de dif\u00edcil acceso y alta marginaci\u00f3n, el director del IMSS explic\u00f3 que se ofertaron mil 535 vacantes para m\u00e9dicos generales y dos mil 195 para personal de enfermer\u00eda, para seis estados -Nayarit, Colima, Sonora, Sinaloa, Veracruz, y Michoac\u00e1n- del pa\u00eds.<\/p>\n\n\n\n<p>&#8220;Tuvimos una buena recepci\u00f3n se cubrieron todas las plazas tienen postulante, estamos en la etapa de validaci\u00f3n de los documentos, para iniciar con las notificaciones y los procesos selectivos, ex\u00e1menes, y&nbsp;<strong>las notificaciones de quienes han sido acreditados, lo que ocurrir\u00e1 en febrero para empezar a contratar y empezar a trabajar con ellos a partir del 1 de marzo&#8221;.<\/strong><\/p>\n\n\n\n<p>Zoe Robledo inform\u00f3 que del\u00a0<strong>&#8220;Programa de M\u00e9dicos Especialistas Cubanos&#8221;<\/strong>\u00a0ya suman 620 especialistas, pues el 27 de enero llegaron 68 elementos m\u00e1s especialistas que dar\u00e1n servicio en Colima, Guerrero, Michoac\u00e1n, Morelos, Tlaxcala, Oaxaca, Veracruz, Campeche, Nayarit, Sonora y en Zacatecas.<\/p>\n\n\n\n<p>Robledo coment\u00f3 que en Hidalgo, Tamaulipas y Quintana Roo inici\u00f3 el levantamiento diagn\u00f3stico para conocer sus necesidades de personal, infraestructura, equipamiento, insumos y medicamentos para implementar el programa IMSS\u00a0Bienestar, en tanto que en los pr\u00f3ximos d\u00edas se comenzar\u00e1 en Chiapas, Baja California, y Tabasco.<\/p>\n\n\n\n<p>Con Informaci\u00f3n de SUN <\/p>\n","protected":false},"excerpt":{"rendered":"<p>Por Redacci\u00f3n QP En la ma\u00f1anera de hoy, el director general del IMSS, Zo\u00e9 Robledo,&#8230;<\/p>\n","protected":false},"author":2,"featured_media":98456,"comment_status":"open","ping_status":"open","sticky":false,"template":"","format":"standard","meta":{"_monsterinsights_skip_tracking":false,"_monsterinsights_sitenote_active":false,"_monsterinsights_sitenote_note":"","_monsterinsights_sitenote_category":0,"footnotes":""},"categories":[2],"tags":[],"class_list":["post-98455","post","type-post","status-publish","format-standard","has-post-thumbnail","hentry","category-noticias"],"yoast_head":"<!-- This site is optimized with the Yoast SEO plugin v27.3 - https:\/\/yoast.com\/product\/yoast-seo-wordpress\/ -->\n<title>Anuncian presupuesto para compra de equipo m\u00e9dico para el IMSS-Bienestar -<\/title>\n<meta name=\"robots\" content=\"index, follow, max-snippet:-1, max-image-preview:large, max-video-preview:-1\" \/>\n<link rel=\"canonical\" href=\"https:\/\/quehacerpolitico.mx\/?p=98455\" \/>\n<meta property=\"og:locale\" content=\"es_MX\" \/>\n<meta property=\"og:type\" content=\"article\" \/>\n<meta property=\"og:title\" content=\"Anuncian presupuesto para compra de equipo m\u00e9dico para el IMSS-Bienestar -\" \/>\n<meta property=\"og:description\" content=\"Por Redacci\u00f3n QP En la ma\u00f1anera de hoy, el director general del IMSS, Zo\u00e9 Robledo,...\" \/>\n<meta property=\"og:url\" content=\"https:\/\/quehacerpolitico.mx\/?p=98455\" \/>\n<meta property=\"article:published_time\" content=\"2023-01-31T15:55:54+00:00\" \/>\n<meta property=\"article:modified_time\" content=\"2023-01-31T15:55:58+00:00\" \/>\n<meta property=\"og:image\" content=\"https:\/\/quehacerpolitico.mx\/wp-content\/uploads\/2023\/01\/6F52156A-6B01-4318-934E-1AE443BB55A3.jpeg\" \/>\n\t<meta property=\"og:image:width\" content=\"1024\" \/>\n\t<meta property=\"og:image:height\" content=\"683\" \/>\n\t<meta property=\"og:image:type\" content=\"image\/jpeg\" \/>\n<meta name=\"author\" content=\"Redacci\u00f3n QP\" \/>\n<meta name=\"twitter:card\" content=\"summary_large_image\" \/>\n<meta name=\"twitter:label1\" content=\"Escrito por\" \/>\n\t<meta name=\"twitter:data1\" content=\"Redacci\u00f3n QP\" \/>\n\t<meta name=\"twitter:label2\" content=\"Tiempo de lectura\" \/>\n\t<meta name=\"twitter:data2\" content=\"2 minutos\" \/>\n<script type=\"application\/ld+json\" class=\"yoast-schema-graph\">{\"@context\":\"https:\\\/\\\/schema.org\",\"@graph\":[{\"@type\":\"Article\",\"@id\":\"https:\\\/\\\/quehacerpolitico.mx\\\/?p=98455#article\",\"isPartOf\":{\"@id\":\"https:\\\/\\\/quehacerpolitico.mx\\\/?p=98455\"},\"author\":{\"name\":\"Redacci\u00f3n QP\",\"@id\":\"https:\\\/\\\/quehacerpolitico.mx\\\/#\\\/schema\\\/person\\\/496d8ad2d1d3f8036101dca7ee39e585\"},\"headline\":\"Anuncian presupuesto para compra de equipo m\u00e9dico para el IMSS-Bienestar\",\"datePublished\":\"2023-01-31T15:55:54+00:00\",\"dateModified\":\"2023-01-31T15:55:58+00:00\",\"mainEntityOfPage\":{\"@id\":\"https:\\\/\\\/quehacerpolitico.mx\\\/?p=98455\"},\"wordCount\":344,\"commentCount\":0,\"image\":{\"@id\":\"https:\\\/\\\/quehacerpolitico.mx\\\/?p=98455#primaryimage\"},\"thumbnailUrl\":\"https:\\\/\\\/quehacerpolitico.mx\\\/wp-content\\\/uploads\\\/2023\\\/01\\\/6F52156A-6B01-4318-934E-1AE443BB55A3.jpeg\",\"articleSection\":[\"Noticias\"],\"inLanguage\":\"es\",\"potentialAction\":[{\"@type\":\"CommentAction\",\"name\":\"Comment\",\"target\":[\"https:\\\/\\\/quehacerpolitico.mx\\\/?p=98455#respond\"]}]},{\"@type\":\"WebPage\",\"@id\":\"https:\\\/\\\/quehacerpolitico.mx\\\/?p=98455\",\"url\":\"https:\\\/\\\/quehacerpolitico.mx\\\/?p=98455\",\"name\":\"Anuncian presupuesto para compra de equipo m\u00e9dico para el IMSS-Bienestar -\",\"isPartOf\":{\"@id\":\"https:\\\/\\\/quehacerpolitico.mx\\\/#website\"},\"primaryImageOfPage\":{\"@id\":\"https:\\\/\\\/quehacerpolitico.mx\\\/?p=98455#primaryimage\"},\"image\":{\"@id\":\"https:\\\/\\\/quehacerpolitico.mx\\\/?p=98455#primaryimage\"},\"thumbnailUrl\":\"https:\\\/\\\/quehacerpolitico.mx\\\/wp-content\\\/uploads\\\/2023\\\/01\\\/6F52156A-6B01-4318-934E-1AE443BB55A3.jpeg\",\"datePublished\":\"2023-01-31T15:55:54+00:00\",\"dateModified\":\"2023-01-31T15:55:58+00:00\",\"author\":{\"@id\":\"https:\\\/\\\/quehacerpolitico.mx\\\/#\\\/schema\\\/person\\\/496d8ad2d1d3f8036101dca7ee39e585\"},\"breadcrumb\":{\"@id\":\"https:\\\/\\\/quehacerpolitico.mx\\\/?p=98455#breadcrumb\"},\"inLanguage\":\"es\",\"potentialAction\":[{\"@type\":\"ReadAction\",\"target\":[\"https:\\\/\\\/quehacerpolitico.mx\\\/?p=98455\"]}]},{\"@type\":\"ImageObject\",\"inLanguage\":\"es\",\"@id\":\"https:\\\/\\\/quehacerpolitico.mx\\\/?p=98455#primaryimage\",\"url\":\"https:\\\/\\\/quehacerpolitico.mx\\\/wp-content\\\/uploads\\\/2023\\\/01\\\/6F52156A-6B01-4318-934E-1AE443BB55A3.jpeg\",\"contentUrl\":\"https:\\\/\\\/quehacerpolitico.mx\\\/wp-content\\\/uploads\\\/2023\\\/01\\\/6F52156A-6B01-4318-934E-1AE443BB55A3.jpeg\",\"width\":1024,\"height\":683},{\"@type\":\"BreadcrumbList\",\"@id\":\"https:\\\/\\\/quehacerpolitico.mx\\\/?p=98455#breadcrumb\",\"itemListElement\":[{\"@type\":\"ListItem\",\"position\":1,\"name\":\"Inicio\",\"item\":\"https:\\\/\\\/quehacerpolitico.mx\\\/\"},{\"@type\":\"ListItem\",\"position\":2,\"name\":\"Anuncian presupuesto para compra de equipo m\u00e9dico para el IMSS-Bienestar\"}]},{\"@type\":\"WebSite\",\"@id\":\"https:\\\/\\\/quehacerpolitico.mx\\\/#website\",\"url\":\"https:\\\/\\\/quehacerpolitico.mx\\\/\",\"name\":\"\",\"description\":\"\",\"potentialAction\":[{\"@type\":\"SearchAction\",\"target\":{\"@type\":\"EntryPoint\",\"urlTemplate\":\"https:\\\/\\\/quehacerpolitico.mx\\\/?s={search_term_string}\"},\"query-input\":{\"@type\":\"PropertyValueSpecification\",\"valueRequired\":true,\"valueName\":\"search_term_string\"}}],\"inLanguage\":\"es\"},{\"@type\":\"Person\",\"@id\":\"https:\\\/\\\/quehacerpolitico.mx\\\/#\\\/schema\\\/person\\\/496d8ad2d1d3f8036101dca7ee39e585\",\"name\":\"Redacci\u00f3n QP\",\"image\":{\"@type\":\"ImageObject\",\"inLanguage\":\"es\",\"@id\":\"https:\\\/\\\/secure.gravatar.com\\\/avatar\\\/c7164ed6fdec453195284ad24a5ae5b6e1eed2b848477fa2a4787ba9adf39a41?s=96&d=mm&r=g\",\"url\":\"https:\\\/\\\/secure.gravatar.com\\\/avatar\\\/c7164ed6fdec453195284ad24a5ae5b6e1eed2b848477fa2a4787ba9adf39a41?s=96&d=mm&r=g\",\"contentUrl\":\"https:\\\/\\\/secure.gravatar.com\\\/avatar\\\/c7164ed6fdec453195284ad24a5ae5b6e1eed2b848477fa2a4787ba9adf39a41?s=96&d=mm&r=g\",\"caption\":\"Redacci\u00f3n QP\"},\"url\":\"https:\\\/\\\/quehacerpolitico.mx\\\/?author=2\"}]}<\/script>\n<!-- \/ Yoast SEO plugin. -->","yoast_head_json":{"title":"Anuncian presupuesto para compra de equipo m\u00e9dico para el IMSS-Bienestar -","robots":{"index":"index","follow":"follow","max-snippet":"max-snippet:-1","max-image-preview":"max-image-preview:large","max-video-preview":"max-video-preview:-1"},"canonical":"https:\/\/quehacerpolitico.mx\/?p=98455","og_locale":"es_MX","og_type":"article","og_title":"Anuncian presupuesto para compra de equipo m\u00e9dico para el IMSS-Bienestar -","og_description":"Por Redacci\u00f3n QP En la ma\u00f1anera de hoy, el director general del IMSS, Zo\u00e9 Robledo,...","og_url":"https:\/\/quehacerpolitico.mx\/?p=98455","article_published_time":"2023-01-31T15:55:54+00:00","article_modified_time":"2023-01-31T15:55:58+00:00","og_image":[{"width":1024,"height":683,"url":"https:\/\/quehacerpolitico.mx\/wp-content\/uploads\/2023\/01\/6F52156A-6B01-4318-934E-1AE443BB55A3.jpeg","type":"image\/jpeg"}],"author":"Redacci\u00f3n QP","twitter_card":"summary_large_image","twitter_misc":{"Escrito por":"Redacci\u00f3n QP","Tiempo de lectura":"2 minutos"},"schema":{"@context":"https:\/\/schema.org","@graph":[{"@type":"Article","@id":"https:\/\/quehacerpolitico.mx\/?p=98455#article","isPartOf":{"@id":"https:\/\/quehacerpolitico.mx\/?p=98455"},"author":{"name":"Redacci\u00f3n QP","@id":"https:\/\/quehacerpolitico.mx\/#\/schema\/person\/496d8ad2d1d3f8036101dca7ee39e585"},"headline":"Anuncian presupuesto para compra de equipo m\u00e9dico para el IMSS-Bienestar","datePublished":"2023-01-31T15:55:54+00:00","dateModified":"2023-01-31T15:55:58+00:00","mainEntityOfPage":{"@id":"https:\/\/quehacerpolitico.mx\/?p=98455"},"wordCount":344,"commentCount":0,"image":{"@id":"https:\/\/quehacerpolitico.mx\/?p=98455#primaryimage"},"thumbnailUrl":"https:\/\/quehacerpolitico.mx\/wp-content\/uploads\/2023\/01\/6F52156A-6B01-4318-934E-1AE443BB55A3.jpeg","articleSection":["Noticias"],"inLanguage":"es","potentialAction":[{"@type":"CommentAction","name":"Comment","target":["https:\/\/quehacerpolitico.mx\/?p=98455#respond"]}]},{"@type":"WebPage","@id":"https:\/\/quehacerpolitico.mx\/?p=98455","url":"https:\/\/quehacerpolitico.mx\/?p=98455","name":"Anuncian presupuesto para compra de equipo m\u00e9dico para el IMSS-Bienestar -","isPartOf":{"@id":"https:\/\/quehacerpolitico.mx\/#website"},"primaryImageOfPage":{"@id":"https:\/\/quehacerpolitico.mx\/?p=98455#primaryimage"},"image":{"@id":"https:\/\/quehacerpolitico.mx\/?p=98455#primaryimage"},"thumbnailUrl":"https:\/\/quehacerpolitico.mx\/wp-content\/uploads\/2023\/01\/6F52156A-6B01-4318-934E-1AE443BB55A3.jpeg","datePublished":"2023-01-31T15:55:54+00:00","dateModified":"2023-01-31T15:55:58+00:00","author":{"@id":"https:\/\/quehacerpolitico.mx\/#\/schema\/person\/496d8ad2d1d3f8036101dca7ee39e585"},"breadcrumb":{"@id":"https:\/\/quehacerpolitico.mx\/?p=98455#breadcrumb"},"inLanguage":"es","potentialAction":[{"@type":"ReadAction","target":["https:\/\/quehacerpolitico.mx\/?p=98455"]}]},{"@type":"ImageObject","inLanguage":"es","@id":"https:\/\/quehacerpolitico.mx\/?p=98455#primaryimage","url":"https:\/\/quehacerpolitico.mx\/wp-content\/uploads\/2023\/01\/6F52156A-6B01-4318-934E-1AE443BB55A3.jpeg","contentUrl":"https:\/\/quehacerpolitico.mx\/wp-content\/uploads\/2023\/01\/6F52156A-6B01-4318-934E-1AE443BB55A3.jpeg","width":1024,"height":683},{"@type":"BreadcrumbList","@id":"https:\/\/quehacerpolitico.mx\/?p=98455#breadcrumb","itemListElement":[{"@type":"ListItem","position":1,"name":"Inicio","item":"https:\/\/quehacerpolitico.mx\/"},{"@type":"ListItem","position":2,"name":"Anuncian presupuesto para compra de equipo m\u00e9dico para el IMSS-Bienestar"}]},{"@type":"WebSite","@id":"https:\/\/quehacerpolitico.mx\/#website","url":"https:\/\/quehacerpolitico.mx\/","name":"","description":"","potentialAction":[{"@type":"SearchAction","target":{"@type":"EntryPoint","urlTemplate":"https:\/\/quehacerpolitico.mx\/?s={search_term_string}"},"query-input":{"@type":"PropertyValueSpecification","valueRequired":true,"valueName":"search_term_string"}}],"inLanguage":"es"},{"@type":"Person","@id":"https:\/\/quehacerpolitico.mx\/#\/schema\/person\/496d8ad2d1d3f8036101dca7ee39e585","name":"Redacci\u00f3n QP","image":{"@type":"ImageObject","inLanguage":"es","@id":"https:\/\/secure.gravatar.com\/avatar\/c7164ed6fdec453195284ad24a5ae5b6e1eed2b848477fa2a4787ba9adf39a41?s=96&d=mm&r=g","url":"https:\/\/secure.gravatar.com\/avatar\/c7164ed6fdec453195284ad24a5ae5b6e1eed2b848477fa2a4787ba9adf39a41?s=96&d=mm&r=g","contentUrl":"https:\/\/secure.gravatar.com\/avatar\/c7164ed6fdec453195284ad24a5ae5b6e1eed2b848477fa2a4787ba9adf39a41?s=96&d=mm&r=g","caption":"Redacci\u00f3n QP"},"url":"https:\/\/quehacerpolitico.mx\/?author=2"}]}},"featured_image_urls":{"full":["https:\/\/quehacerpolitico.mx\/wp-content\/uploads\/2023\/01\/6F52156A-6B01-4318-934E-1AE443BB55A3.jpeg",1024,683,false],"thumbnail":["https:\/\/quehacerpolitico.mx\/wp-content\/uploads\/2023\/01\/6F52156A-6B01-4318-934E-1AE443BB55A3-150x150.jpeg",150,150,true],"medium":["https:\/\/quehacerpolitico.mx\/wp-content\/uploads\/2023\/01\/6F52156A-6B01-4318-934E-1AE443BB55A3-300x200.jpeg",300,200,true],"medium_large":["https:\/\/quehacerpolitico.mx\/wp-content\/uploads\/2023\/01\/6F52156A-6B01-4318-934E-1AE443BB55A3-768x512.jpeg",640,427,true],"large":["https:\/\/quehacerpolitico.mx\/wp-content\/uploads\/2023\/01\/6F52156A-6B01-4318-934E-1AE443BB55A3.jpeg",640,427,false],"1536x1536":["https:\/\/quehacerpolitico.mx\/wp-content\/uploads\/2023\/01\/6F52156A-6B01-4318-934E-1AE443BB55A3.jpeg",1024,683,false],"2048x2048":["https:\/\/quehacerpolitico.mx\/wp-content\/uploads\/2023\/01\/6F52156A-6B01-4318-934E-1AE443BB55A3.jpeg",1024,683,false],"covernews-featured":["https:\/\/quehacerpolitico.mx\/wp-content\/uploads\/2023\/01\/6F52156A-6B01-4318-934E-1AE443BB55A3.jpeg",1024,683,false],"covernews-medium":["https:\/\/quehacerpolitico.mx\/wp-content\/uploads\/2023\/01\/6F52156A-6B01-4318-934E-1AE443BB55A3.jpeg",510,340,false]},"author_info":{"display_name":"Redacci\u00f3n QP","author_link":"https:\/\/quehacerpolitico.mx\/?author=2"},"category_info":"<a href=\"https:\/\/quehacerpolitico.mx\/?cat=2\" rel=\"category\">Noticias<\/a>","tag_info":"Noticias","comment_count":"0","_links":{"self":[{"href":"https:\/\/quehacerpolitico.mx\/index.php?rest_route=\/wp\/v2\/posts\/98455","targetHints":{"allow":["GET"]}}],"collection":[{"href":"https:\/\/quehacerpolitico.mx\/index.php?rest_route=\/wp\/v2\/posts"}],"about":[{"href":"https:\/\/quehacerpolitico.mx\/index.php?rest_route=\/wp\/v2\/types\/post"}],"author":[{"embeddable":true,"href":"https:\/\/quehacerpolitico.mx\/index.php?rest_route=\/wp\/v2\/users\/2"}],"replies":[{"embeddable":true,"href":"https:\/\/quehacerpolitico.mx\/index.php?rest_route=%2Fwp%2Fv2%2Fcomments&post=98455"}],"version-history":[{"count":1,"href":"https:\/\/quehacerpolitico.mx\/index.php?rest_route=\/wp\/v2\/posts\/98455\/revisions"}],"predecessor-version":[{"id":98457,"href":"https:\/\/quehacerpolitico.mx\/index.php?rest_route=\/wp\/v2\/posts\/98455\/revisions\/98457"}],"wp:featuredmedia":[{"embeddable":true,"href":"https:\/\/quehacerpolitico.mx\/index.php?rest_route=\/wp\/v2\/media\/98456"}],"wp:attachment":[{"href":"https:\/\/quehacerpolitico.mx\/index.php?rest_route=%2Fwp%2Fv2%2Fmedia&parent=98455"}],"wp:term":[{"taxonomy":"category","embeddable":true,"href":"https:\/\/quehacerpolitico.mx\/index.php?rest_route=%2Fwp%2Fv2%2Fcategories&post=98455"},{"taxonomy":"post_tag","embeddable":true,"href":"https:\/\/quehacerpolitico.mx\/index.php?rest_route=%2Fwp%2Fv2%2Ftags&post=98455"}],"curies":[{"name":"wp","href":"https:\/\/api.w.org\/{rel}","templated":true}]}}