{"id":98452,"date":"2023-01-31T15:36:36","date_gmt":"2023-01-31T15:36:36","guid":{"rendered":"https:\/\/quehacerpolitico.mx\/?p=98452"},"modified":"2023-01-31T15:36:40","modified_gmt":"2023-01-31T15:36:40","slug":"sexta-ola-de-covid-en-mexico-ha-comenzado-a-descender-lopez-gatell","status":"publish","type":"post","link":"https:\/\/quehacerpolitico.mx\/?p=98452","title":{"rendered":"Sexta ola de COVID en M\u00e9xico ha comenzado a descender: L\u00f3pez-Gatell"},"content":{"rendered":"\n<p>Por Redacci\u00f3n QP<\/p>\n\n\n\n<p>L\u00f3pez-Gatell se\u00f1al\u00f3 que la predicci\u00f3n es que esta tendencia a la baja siga durante varias semanas para que eventualmente el ciclo de contagios termine<\/p>\n\n\n\n<p>Hugo L\u00f3pez-Gatell, subsecretario de Prevenci\u00f3n y Promoci\u00f3n de Salud, inform\u00f3 este martes que<strong>\u00a0ha comenzado el descenso de la sexta ola de COVID-19 en todo el pa\u00eds.<\/strong><\/p>\n\n\n\n<p>En el martes del Pulso de la Salud, el subsecretario detall\u00f3 que la predicci\u00f3n es que esta tendencia siga por varias semanas y &#8220;eventualmente terminar\u00e1 este ciclo de transmisi\u00f3n epid\u00e9mica&#8221;.<\/p>\n\n\n\n<figure class=\"wp-block-embed is-type-rich is-provider-twitter wp-block-embed-twitter\"><div class=\"wp-block-embed__wrapper\">\n<blockquote class=\"twitter-tweet\" data-width=\"550\" data-dnt=\"true\"><p lang=\"es\" dir=\"ltr\">&quot;Ya ha empezado el descenso de la Sexta Ola de COVID-19&quot;, dijo el subsecretario de Salud, Hugo L\u00f3pez-Gatell.<br><br>Asegur\u00f3 que, en las 32 entidades del pa\u00eds se redujo la incidencia de casos diarios registrados.<br><br>M\u00e1s, en: <a href=\"https:\/\/t.co\/OlJPr0PlUE\">https:\/\/t.co\/OlJPr0PlUE<\/a> <a href=\"https:\/\/t.co\/bppoAeHM01\">pic.twitter.com\/bppoAeHM01<\/a><\/p>&mdash; Joaqu\u00edn L\u00f3pez-D\u00f3riga (@lopezdoriga) <a href=\"https:\/\/twitter.com\/lopezdoriga\/status\/1620413457291169792?ref_src=twsrc%5Etfw\">January 31, 2023<\/a><\/blockquote><script async src=\"https:\/\/platform.twitter.com\/widgets.js\" charset=\"utf-8\"><\/script>\n<\/div><\/figure>\n\n\n\n<p>&#8220;Comentar con entusiasmo que ya ha empezado el descenso de la\u00a0sexta ola de COVID.Hace 15 d\u00edas, a partir de la primera semana de enero, comenz\u00f3 el descenso. En este momento ya en las 32 entidades federativas se reduce el n\u00famero diario de casos de COVID registrados y por supuesto, tambi\u00e9n es muy importante destacar que a lo largo de esta sexta ola se mantuvieron en m\u00ednimas las ocupaciones hospitalarias de las camas destinadas a personas con enfermedades respiratorias, tanto con cuidado cr\u00edticos como cuidado generales&#8221;.<\/p>\n\n\n\n<p><strong>&#8220;Llegamos un punto m\u00e1ximo 8 y 4% respectivamente, y ahora estamos en 6 y 2% con una tendencia a la baja&#8221;.<\/strong><\/p>\n\n\n\n<p>En Palacio Nacional y frente al Presidente L\u00f3pez Obrador, el subsecretario L\u00f3pez-Gatell se\u00f1al\u00f3 que la predicci\u00f3n es que<strong>\u00a0esta tendencia a la baja siga durante varias semanas<\/strong>, &#8220;y eventualmente terminar\u00e1 este ciclo de transmisi\u00f3n epid\u00e9mica&#8221;.<\/p>\n\n\n\n<p>Aclar\u00f3 que mientras haya transmisi\u00f3n en cualquier parte del mundo, en nuestro pa\u00eds el virus puede regresar y no hay manera de predecir cu\u00e1ndo esto pueda ocurrir.<\/p>\n\n\n\n<p>Con Informaci\u00f3n de SUN <\/p>\n","protected":false},"excerpt":{"rendered":"<p>Por Redacci\u00f3n QP L\u00f3pez-Gatell se\u00f1al\u00f3 que la predicci\u00f3n es que esta tendencia a la baja&#8230;<\/p>\n","protected":false},"author":2,"featured_media":98453,"comment_status":"open","ping_status":"open","sticky":false,"template":"","format":"standard","meta":{"_monsterinsights_skip_tracking":false,"_monsterinsights_sitenote_active":false,"_monsterinsights_sitenote_note":"","_monsterinsights_sitenote_category":0,"footnotes":""},"categories":[2],"tags":[],"class_list":["post-98452","post","type-post","status-publish","format-standard","has-post-thumbnail","hentry","category-noticias"],"yoast_head":"<!-- This site is optimized with the Yoast SEO plugin v27.3 - https:\/\/yoast.com\/product\/yoast-seo-wordpress\/ -->\n<title>Sexta ola de COVID en M\u00e9xico ha comenzado a descender: L\u00f3pez-Gatell -<\/title>\n<meta name=\"robots\" content=\"index, follow, max-snippet:-1, max-image-preview:large, max-video-preview:-1\" \/>\n<link rel=\"canonical\" href=\"https:\/\/quehacerpolitico.mx\/?p=98452\" \/>\n<meta property=\"og:locale\" content=\"es_MX\" \/>\n<meta property=\"og:type\" content=\"article\" \/>\n<meta property=\"og:title\" content=\"Sexta ola de COVID en M\u00e9xico ha comenzado a descender: L\u00f3pez-Gatell -\" \/>\n<meta property=\"og:description\" content=\"Por Redacci\u00f3n QP L\u00f3pez-Gatell se\u00f1al\u00f3 que la predicci\u00f3n es que esta tendencia a la baja...\" \/>\n<meta property=\"og:url\" content=\"https:\/\/quehacerpolitico.mx\/?p=98452\" \/>\n<meta property=\"article:published_time\" content=\"2023-01-31T15:36:36+00:00\" \/>\n<meta property=\"article:modified_time\" content=\"2023-01-31T15:36:40+00:00\" \/>\n<meta property=\"og:image\" content=\"https:\/\/quehacerpolitico.mx\/wp-content\/uploads\/2023\/01\/226F704A-8765-4690-A3CC-9FBD4DC933FF.jpeg\" \/>\n\t<meta property=\"og:image:width\" content=\"1284\" \/>\n\t<meta property=\"og:image:height\" content=\"709\" \/>\n\t<meta property=\"og:image:type\" content=\"image\/jpeg\" \/>\n<meta name=\"author\" content=\"Redacci\u00f3n QP\" \/>\n<meta name=\"twitter:card\" content=\"summary_large_image\" \/>\n<meta name=\"twitter:label1\" content=\"Escrito por\" \/>\n\t<meta name=\"twitter:data1\" content=\"Redacci\u00f3n QP\" \/>\n\t<meta name=\"twitter:label2\" content=\"Tiempo de lectura\" \/>\n\t<meta name=\"twitter:data2\" content=\"1 minuto\" \/>\n<script type=\"application\/ld+json\" class=\"yoast-schema-graph\">{\"@context\":\"https:\\\/\\\/schema.org\",\"@graph\":[{\"@type\":\"Article\",\"@id\":\"https:\\\/\\\/quehacerpolitico.mx\\\/?p=98452#article\",\"isPartOf\":{\"@id\":\"https:\\\/\\\/quehacerpolitico.mx\\\/?p=98452\"},\"author\":{\"name\":\"Redacci\u00f3n QP\",\"@id\":\"https:\\\/\\\/quehacerpolitico.mx\\\/#\\\/schema\\\/person\\\/496d8ad2d1d3f8036101dca7ee39e585\"},\"headline\":\"Sexta ola de COVID en M\u00e9xico ha comenzado a descender: L\u00f3pez-Gatell\",\"datePublished\":\"2023-01-31T15:36:36+00:00\",\"dateModified\":\"2023-01-31T15:36:40+00:00\",\"mainEntityOfPage\":{\"@id\":\"https:\\\/\\\/quehacerpolitico.mx\\\/?p=98452\"},\"wordCount\":302,\"commentCount\":0,\"image\":{\"@id\":\"https:\\\/\\\/quehacerpolitico.mx\\\/?p=98452#primaryimage\"},\"thumbnailUrl\":\"https:\\\/\\\/quehacerpolitico.mx\\\/wp-content\\\/uploads\\\/2023\\\/01\\\/226F704A-8765-4690-A3CC-9FBD4DC933FF.jpeg\",\"articleSection\":[\"Noticias\"],\"inLanguage\":\"es\",\"potentialAction\":[{\"@type\":\"CommentAction\",\"name\":\"Comment\",\"target\":[\"https:\\\/\\\/quehacerpolitico.mx\\\/?p=98452#respond\"]}]},{\"@type\":\"WebPage\",\"@id\":\"https:\\\/\\\/quehacerpolitico.mx\\\/?p=98452\",\"url\":\"https:\\\/\\\/quehacerpolitico.mx\\\/?p=98452\",\"name\":\"Sexta ola de COVID en M\u00e9xico ha comenzado a descender: L\u00f3pez-Gatell -\",\"isPartOf\":{\"@id\":\"https:\\\/\\\/quehacerpolitico.mx\\\/#website\"},\"primaryImageOfPage\":{\"@id\":\"https:\\\/\\\/quehacerpolitico.mx\\\/?p=98452#primaryimage\"},\"image\":{\"@id\":\"https:\\\/\\\/quehacerpolitico.mx\\\/?p=98452#primaryimage\"},\"thumbnailUrl\":\"https:\\\/\\\/quehacerpolitico.mx\\\/wp-content\\\/uploads\\\/2023\\\/01\\\/226F704A-8765-4690-A3CC-9FBD4DC933FF.jpeg\",\"datePublished\":\"2023-01-31T15:36:36+00:00\",\"dateModified\":\"2023-01-31T15:36:40+00:00\",\"author\":{\"@id\":\"https:\\\/\\\/quehacerpolitico.mx\\\/#\\\/schema\\\/person\\\/496d8ad2d1d3f8036101dca7ee39e585\"},\"breadcrumb\":{\"@id\":\"https:\\\/\\\/quehacerpolitico.mx\\\/?p=98452#breadcrumb\"},\"inLanguage\":\"es\",\"potentialAction\":[{\"@type\":\"ReadAction\",\"target\":[\"https:\\\/\\\/quehacerpolitico.mx\\\/?p=98452\"]}]},{\"@type\":\"ImageObject\",\"inLanguage\":\"es\",\"@id\":\"https:\\\/\\\/quehacerpolitico.mx\\\/?p=98452#primaryimage\",\"url\":\"https:\\\/\\\/quehacerpolitico.mx\\\/wp-content\\\/uploads\\\/2023\\\/01\\\/226F704A-8765-4690-A3CC-9FBD4DC933FF.jpeg\",\"contentUrl\":\"https:\\\/\\\/quehacerpolitico.mx\\\/wp-content\\\/uploads\\\/2023\\\/01\\\/226F704A-8765-4690-A3CC-9FBD4DC933FF.jpeg\",\"width\":1284,\"height\":709},{\"@type\":\"BreadcrumbList\",\"@id\":\"https:\\\/\\\/quehacerpolitico.mx\\\/?p=98452#breadcrumb\",\"itemListElement\":[{\"@type\":\"ListItem\",\"position\":1,\"name\":\"Inicio\",\"item\":\"https:\\\/\\\/quehacerpolitico.mx\\\/\"},{\"@type\":\"ListItem\",\"position\":2,\"name\":\"Sexta ola de COVID en M\u00e9xico ha comenzado a descender: L\u00f3pez-Gatell\"}]},{\"@type\":\"WebSite\",\"@id\":\"https:\\\/\\\/quehacerpolitico.mx\\\/#website\",\"url\":\"https:\\\/\\\/quehacerpolitico.mx\\\/\",\"name\":\"\",\"description\":\"\",\"potentialAction\":[{\"@type\":\"SearchAction\",\"target\":{\"@type\":\"EntryPoint\",\"urlTemplate\":\"https:\\\/\\\/quehacerpolitico.mx\\\/?s={search_term_string}\"},\"query-input\":{\"@type\":\"PropertyValueSpecification\",\"valueRequired\":true,\"valueName\":\"search_term_string\"}}],\"inLanguage\":\"es\"},{\"@type\":\"Person\",\"@id\":\"https:\\\/\\\/quehacerpolitico.mx\\\/#\\\/schema\\\/person\\\/496d8ad2d1d3f8036101dca7ee39e585\",\"name\":\"Redacci\u00f3n QP\",\"image\":{\"@type\":\"ImageObject\",\"inLanguage\":\"es\",\"@id\":\"https:\\\/\\\/secure.gravatar.com\\\/avatar\\\/c7164ed6fdec453195284ad24a5ae5b6e1eed2b848477fa2a4787ba9adf39a41?s=96&d=mm&r=g\",\"url\":\"https:\\\/\\\/secure.gravatar.com\\\/avatar\\\/c7164ed6fdec453195284ad24a5ae5b6e1eed2b848477fa2a4787ba9adf39a41?s=96&d=mm&r=g\",\"contentUrl\":\"https:\\\/\\\/secure.gravatar.com\\\/avatar\\\/c7164ed6fdec453195284ad24a5ae5b6e1eed2b848477fa2a4787ba9adf39a41?s=96&d=mm&r=g\",\"caption\":\"Redacci\u00f3n QP\"},\"url\":\"https:\\\/\\\/quehacerpolitico.mx\\\/?author=2\"}]}<\/script>\n<!-- \/ Yoast SEO plugin. -->","yoast_head_json":{"title":"Sexta ola de COVID en M\u00e9xico ha comenzado a descender: L\u00f3pez-Gatell -","robots":{"index":"index","follow":"follow","max-snippet":"max-snippet:-1","max-image-preview":"max-image-preview:large","max-video-preview":"max-video-preview:-1"},"canonical":"https:\/\/quehacerpolitico.mx\/?p=98452","og_locale":"es_MX","og_type":"article","og_title":"Sexta ola de COVID en M\u00e9xico ha comenzado a descender: L\u00f3pez-Gatell -","og_description":"Por Redacci\u00f3n QP L\u00f3pez-Gatell se\u00f1al\u00f3 que la predicci\u00f3n es que esta tendencia a la baja...","og_url":"https:\/\/quehacerpolitico.mx\/?p=98452","article_published_time":"2023-01-31T15:36:36+00:00","article_modified_time":"2023-01-31T15:36:40+00:00","og_image":[{"width":1284,"height":709,"url":"https:\/\/quehacerpolitico.mx\/wp-content\/uploads\/2023\/01\/226F704A-8765-4690-A3CC-9FBD4DC933FF.jpeg","type":"image\/jpeg"}],"author":"Redacci\u00f3n QP","twitter_card":"summary_large_image","twitter_misc":{"Escrito por":"Redacci\u00f3n QP","Tiempo de lectura":"1 minuto"},"schema":{"@context":"https:\/\/schema.org","@graph":[{"@type":"Article","@id":"https:\/\/quehacerpolitico.mx\/?p=98452#article","isPartOf":{"@id":"https:\/\/quehacerpolitico.mx\/?p=98452"},"author":{"name":"Redacci\u00f3n QP","@id":"https:\/\/quehacerpolitico.mx\/#\/schema\/person\/496d8ad2d1d3f8036101dca7ee39e585"},"headline":"Sexta ola de COVID en M\u00e9xico ha comenzado a descender: L\u00f3pez-Gatell","datePublished":"2023-01-31T15:36:36+00:00","dateModified":"2023-01-31T15:36:40+00:00","mainEntityOfPage":{"@id":"https:\/\/quehacerpolitico.mx\/?p=98452"},"wordCount":302,"commentCount":0,"image":{"@id":"https:\/\/quehacerpolitico.mx\/?p=98452#primaryimage"},"thumbnailUrl":"https:\/\/quehacerpolitico.mx\/wp-content\/uploads\/2023\/01\/226F704A-8765-4690-A3CC-9FBD4DC933FF.jpeg","articleSection":["Noticias"],"inLanguage":"es","potentialAction":[{"@type":"CommentAction","name":"Comment","target":["https:\/\/quehacerpolitico.mx\/?p=98452#respond"]}]},{"@type":"WebPage","@id":"https:\/\/quehacerpolitico.mx\/?p=98452","url":"https:\/\/quehacerpolitico.mx\/?p=98452","name":"Sexta ola de COVID en M\u00e9xico ha comenzado a descender: L\u00f3pez-Gatell -","isPartOf":{"@id":"https:\/\/quehacerpolitico.mx\/#website"},"primaryImageOfPage":{"@id":"https:\/\/quehacerpolitico.mx\/?p=98452#primaryimage"},"image":{"@id":"https:\/\/quehacerpolitico.mx\/?p=98452#primaryimage"},"thumbnailUrl":"https:\/\/quehacerpolitico.mx\/wp-content\/uploads\/2023\/01\/226F704A-8765-4690-A3CC-9FBD4DC933FF.jpeg","datePublished":"2023-01-31T15:36:36+00:00","dateModified":"2023-01-31T15:36:40+00:00","author":{"@id":"https:\/\/quehacerpolitico.mx\/#\/schema\/person\/496d8ad2d1d3f8036101dca7ee39e585"},"breadcrumb":{"@id":"https:\/\/quehacerpolitico.mx\/?p=98452#breadcrumb"},"inLanguage":"es","potentialAction":[{"@type":"ReadAction","target":["https:\/\/quehacerpolitico.mx\/?p=98452"]}]},{"@type":"ImageObject","inLanguage":"es","@id":"https:\/\/quehacerpolitico.mx\/?p=98452#primaryimage","url":"https:\/\/quehacerpolitico.mx\/wp-content\/uploads\/2023\/01\/226F704A-8765-4690-A3CC-9FBD4DC933FF.jpeg","contentUrl":"https:\/\/quehacerpolitico.mx\/wp-content\/uploads\/2023\/01\/226F704A-8765-4690-A3CC-9FBD4DC933FF.jpeg","width":1284,"height":709},{"@type":"BreadcrumbList","@id":"https:\/\/quehacerpolitico.mx\/?p=98452#breadcrumb","itemListElement":[{"@type":"ListItem","position":1,"name":"Inicio","item":"https:\/\/quehacerpolitico.mx\/"},{"@type":"ListItem","position":2,"name":"Sexta ola de COVID en M\u00e9xico ha comenzado a descender: L\u00f3pez-Gatell"}]},{"@type":"WebSite","@id":"https:\/\/quehacerpolitico.mx\/#website","url":"https:\/\/quehacerpolitico.mx\/","name":"","description":"","potentialAction":[{"@type":"SearchAction","target":{"@type":"EntryPoint","urlTemplate":"https:\/\/quehacerpolitico.mx\/?s={search_term_string}"},"query-input":{"@type":"PropertyValueSpecification","valueRequired":true,"valueName":"search_term_string"}}],"inLanguage":"es"},{"@type":"Person","@id":"https:\/\/quehacerpolitico.mx\/#\/schema\/person\/496d8ad2d1d3f8036101dca7ee39e585","name":"Redacci\u00f3n QP","image":{"@type":"ImageObject","inLanguage":"es","@id":"https:\/\/secure.gravatar.com\/avatar\/c7164ed6fdec453195284ad24a5ae5b6e1eed2b848477fa2a4787ba9adf39a41?s=96&d=mm&r=g","url":"https:\/\/secure.gravatar.com\/avatar\/c7164ed6fdec453195284ad24a5ae5b6e1eed2b848477fa2a4787ba9adf39a41?s=96&d=mm&r=g","contentUrl":"https:\/\/secure.gravatar.com\/avatar\/c7164ed6fdec453195284ad24a5ae5b6e1eed2b848477fa2a4787ba9adf39a41?s=96&d=mm&r=g","caption":"Redacci\u00f3n QP"},"url":"https:\/\/quehacerpolitico.mx\/?author=2"}]}},"featured_image_urls":{"full":["https:\/\/quehacerpolitico.mx\/wp-content\/uploads\/2023\/01\/226F704A-8765-4690-A3CC-9FBD4DC933FF.jpeg",1284,709,false],"thumbnail":["https:\/\/quehacerpolitico.mx\/wp-content\/uploads\/2023\/01\/226F704A-8765-4690-A3CC-9FBD4DC933FF-150x150.jpeg",150,150,true],"medium":["https:\/\/quehacerpolitico.mx\/wp-content\/uploads\/2023\/01\/226F704A-8765-4690-A3CC-9FBD4DC933FF-300x166.jpeg",300,166,true],"medium_large":["https:\/\/quehacerpolitico.mx\/wp-content\/uploads\/2023\/01\/226F704A-8765-4690-A3CC-9FBD4DC933FF-768x424.jpeg",640,353,true],"large":["https:\/\/quehacerpolitico.mx\/wp-content\/uploads\/2023\/01\/226F704A-8765-4690-A3CC-9FBD4DC933FF-1024x565.jpeg",640,353,true],"1536x1536":["https:\/\/quehacerpolitico.mx\/wp-content\/uploads\/2023\/01\/226F704A-8765-4690-A3CC-9FBD4DC933FF.jpeg",1284,709,false],"2048x2048":["https:\/\/quehacerpolitico.mx\/wp-content\/uploads\/2023\/01\/226F704A-8765-4690-A3CC-9FBD4DC933FF.jpeg",1284,709,false],"covernews-featured":["https:\/\/quehacerpolitico.mx\/wp-content\/uploads\/2023\/01\/226F704A-8765-4690-A3CC-9FBD4DC933FF.jpeg",1024,565,false],"covernews-medium":["https:\/\/quehacerpolitico.mx\/wp-content\/uploads\/2023\/01\/226F704A-8765-4690-A3CC-9FBD4DC933FF.jpeg",540,298,false]},"author_info":{"display_name":"Redacci\u00f3n QP","author_link":"https:\/\/quehacerpolitico.mx\/?author=2"},"category_info":"<a href=\"https:\/\/quehacerpolitico.mx\/?cat=2\" rel=\"category\">Noticias<\/a>","tag_info":"Noticias","comment_count":"0","_links":{"self":[{"href":"https:\/\/quehacerpolitico.mx\/index.php?rest_route=\/wp\/v2\/posts\/98452","targetHints":{"allow":["GET"]}}],"collection":[{"href":"https:\/\/quehacerpolitico.mx\/index.php?rest_route=\/wp\/v2\/posts"}],"about":[{"href":"https:\/\/quehacerpolitico.mx\/index.php?rest_route=\/wp\/v2\/types\/post"}],"author":[{"embeddable":true,"href":"https:\/\/quehacerpolitico.mx\/index.php?rest_route=\/wp\/v2\/users\/2"}],"replies":[{"embeddable":true,"href":"https:\/\/quehacerpolitico.mx\/index.php?rest_route=%2Fwp%2Fv2%2Fcomments&post=98452"}],"version-history":[{"count":1,"href":"https:\/\/quehacerpolitico.mx\/index.php?rest_route=\/wp\/v2\/posts\/98452\/revisions"}],"predecessor-version":[{"id":98454,"href":"https:\/\/quehacerpolitico.mx\/index.php?rest_route=\/wp\/v2\/posts\/98452\/revisions\/98454"}],"wp:featuredmedia":[{"embeddable":true,"href":"https:\/\/quehacerpolitico.mx\/index.php?rest_route=\/wp\/v2\/media\/98453"}],"wp:attachment":[{"href":"https:\/\/quehacerpolitico.mx\/index.php?rest_route=%2Fwp%2Fv2%2Fmedia&parent=98452"}],"wp:term":[{"taxonomy":"category","embeddable":true,"href":"https:\/\/quehacerpolitico.mx\/index.php?rest_route=%2Fwp%2Fv2%2Fcategories&post=98452"},{"taxonomy":"post_tag","embeddable":true,"href":"https:\/\/quehacerpolitico.mx\/index.php?rest_route=%2Fwp%2Fv2%2Ftags&post=98452"}],"curies":[{"name":"wp","href":"https:\/\/api.w.org\/{rel}","templated":true}]}}