{"id":98440,"date":"2023-01-30T18:13:25","date_gmt":"2023-01-30T18:13:25","guid":{"rendered":"https:\/\/quehacerpolitico.mx\/?p=98440"},"modified":"2023-01-30T18:13:27","modified_gmt":"2023-01-30T18:13:27","slug":"lopez-obrador-abordara-la-venta-de-banamex-con-jane-fraser-ceo-de-citigroup","status":"publish","type":"post","link":"https:\/\/quehacerpolitico.mx\/?p=98440","title":{"rendered":"L\u00f3pez Obrador abordar\u00e1 la venta de Banamex con Jane Fraser, CEO de Citigroup"},"content":{"rendered":"\n<p>Por Redacci\u00f3n QP<\/p>\n\n\n\n<p>En el sector financiero hay expectativa por la visita de Jane Fraser<\/p>\n\n\n\n<p>El Presidente Andr\u00e9s Manuel L\u00f3pez Obrador revel\u00f3 este lunes que<strong>\u00a0abordar\u00e1 la venta del banco CitiBanamex en una visita al pa\u00eds de la presidenta y directora ejecutiva del estadounidense Citigroup, Jane Fraser.<\/strong><\/p>\n\n\n\n<p>&#8220;Pidieron una entrevista, va a estar la se\u00f1ora con nosotros, la voy a recibir junto con el secretario de Hacienda (Rogelio Ram\u00edrez de la O) y seguramente se va hablar del tema, del banco que se est\u00e1 vendiendo, de Banamex&#8221;, declar\u00f3 el Mandatario en su rueda de prensa &#8220;ma\u00f1anera&#8221; de este lunes.<\/p>\n\n\n\n<figure class=\"wp-block-embed is-type-rich is-provider-twitter wp-block-embed-twitter\"><div class=\"wp-block-embed__wrapper\">\n<blockquote class=\"twitter-tweet\" data-width=\"550\" data-dnt=\"true\"><p lang=\"es\" dir=\"ltr\">\u00bfCity Banamex ya tiene due\u00f1o?<br><br>Pues entre risas, AMLO dice que pronto se resolver\u00e1 y que espera que se lo queden mexicanos para no caiga en manos de extranjeros. <a href=\"https:\/\/t.co\/zy08hEANyC\">pic.twitter.com\/zy08hEANyC<\/a><\/p>&mdash; Ruido en la Red (@RuidoEnLaRed) <a href=\"https:\/\/twitter.com\/RuidoEnLaRed\/status\/1620092556338991109?ref_src=twsrc%5Etfw\">January 30, 2023<\/a><\/blockquote><script async src=\"https:\/\/platform.twitter.com\/widgets.js\" charset=\"utf-8\"><\/script>\n<\/div><\/figure>\n\n\n\n<p>En el sector financiero hay expectativa por la visita de la directora de Citigroup, que hace un a\u00f1o\u00a0anunci\u00f3 la venta del Banco Nacional de M\u00e9xico (Banamex), el tercero m\u00e1s grande del pa\u00eds con m\u00e1s de mil 200 sucursales de Banamex y 23 millones de clientes.<\/p>\n\n\n\n<p>Pero el proceso&nbsp;<strong>se ralentiz\u00f3 despu\u00e9s de que los principales contendientes abandonaran la compra,&nbsp;<\/strong>incluyendo al espa\u00f1ol banco Santander, el mexicano Banorte y el Grupo Inbursa del magnate Carlos Slim.<\/p>\n\n\n\n<p>Ahora, entre los principales compradores est\u00e1n el banco mexicano Mifel y el Grupo M\u00e9xico de Germ\u00e1n Larrea, el segundo mexicano m\u00e1s rico del mundo, solo detr\u00e1s de Slim.<\/p>\n\n\n\n<p>Cuestionado sobre si Fraser le anunciar\u00e1 la conclusi\u00f3n del proceso, L\u00f3pez Obrador respondi\u00f3: &#8220;Yo pienso que s\u00ed&#8221;.<\/p>\n\n\n\n<p>&#8220;Ojal\u00e1, lo deseamos, que esto ya se resuelva pronto, en beneficio del sistema bancario y nuestro pa\u00eds&#8221;, indic\u00f3.<\/p>\n\n\n\n<p>El Presidente reiter\u00f3 que sus recomendaciones para la venta son que&nbsp;<strong>el banco sea adquirido por mexicanos, que los compradores tengan solvencia econ\u00f3mica y que la colecci\u00f3n art\u00edstica que ha acumulado Banamex se quede en M\u00e9xico.<\/strong><\/p>\n\n\n\n<p>&#8220;Que sean mexicanos los que se queden con el banco, que compren las acciones mayoritarias del banco, que eso es lo que estamos planteando, tambi\u00e9n para que el patrimonio cultural de Banamex quede en el pa\u00eds, que no se vaya al extranjero&#8221;, remarc\u00f3.<\/p>\n\n\n\n<p>Con Informaci\u00f3n de EFE<\/p>\n","protected":false},"excerpt":{"rendered":"<p>Por Redacci\u00f3n QP En el sector financiero hay expectativa por la visita de Jane Fraser&#8230;<\/p>\n","protected":false},"author":2,"featured_media":98441,"comment_status":"open","ping_status":"open","sticky":false,"template":"","format":"standard","meta":{"_monsterinsights_skip_tracking":false,"_monsterinsights_sitenote_active":false,"_monsterinsights_sitenote_note":"","_monsterinsights_sitenote_category":0,"footnotes":""},"categories":[2],"tags":[],"class_list":["post-98440","post","type-post","status-publish","format-standard","has-post-thumbnail","hentry","category-noticias"],"yoast_head":"<!-- This site is optimized with the Yoast SEO plugin v27.3 - https:\/\/yoast.com\/product\/yoast-seo-wordpress\/ -->\n<title>L\u00f3pez Obrador abordar\u00e1 la venta de Banamex con Jane Fraser, CEO de Citigroup -<\/title>\n<meta name=\"robots\" content=\"index, follow, max-snippet:-1, max-image-preview:large, max-video-preview:-1\" \/>\n<link rel=\"canonical\" href=\"https:\/\/quehacerpolitico.mx\/?p=98440\" \/>\n<meta property=\"og:locale\" content=\"es_MX\" \/>\n<meta property=\"og:type\" content=\"article\" \/>\n<meta property=\"og:title\" content=\"L\u00f3pez Obrador abordar\u00e1 la venta de Banamex con Jane Fraser, CEO de Citigroup -\" \/>\n<meta property=\"og:description\" content=\"Por Redacci\u00f3n QP En el sector financiero hay expectativa por la visita de Jane Fraser...\" \/>\n<meta property=\"og:url\" content=\"https:\/\/quehacerpolitico.mx\/?p=98440\" \/>\n<meta property=\"article:published_time\" content=\"2023-01-30T18:13:25+00:00\" \/>\n<meta property=\"article:modified_time\" content=\"2023-01-30T18:13:27+00:00\" \/>\n<meta property=\"og:image\" content=\"https:\/\/quehacerpolitico.mx\/wp-content\/uploads\/2023\/01\/E911FE82-EC6D-4779-ABFE-8F41299B027A.jpeg\" \/>\n\t<meta property=\"og:image:width\" content=\"1284\" \/>\n\t<meta property=\"og:image:height\" content=\"694\" \/>\n\t<meta property=\"og:image:type\" content=\"image\/jpeg\" \/>\n<meta name=\"author\" content=\"Redacci\u00f3n QP\" \/>\n<meta name=\"twitter:card\" content=\"summary_large_image\" \/>\n<meta name=\"twitter:label1\" content=\"Escrito por\" \/>\n\t<meta name=\"twitter:data1\" content=\"Redacci\u00f3n QP\" \/>\n\t<meta name=\"twitter:label2\" content=\"Tiempo de lectura\" \/>\n\t<meta name=\"twitter:data2\" content=\"2 minutos\" \/>\n<script type=\"application\/ld+json\" class=\"yoast-schema-graph\">{\"@context\":\"https:\\\/\\\/schema.org\",\"@graph\":[{\"@type\":\"Article\",\"@id\":\"https:\\\/\\\/quehacerpolitico.mx\\\/?p=98440#article\",\"isPartOf\":{\"@id\":\"https:\\\/\\\/quehacerpolitico.mx\\\/?p=98440\"},\"author\":{\"name\":\"Redacci\u00f3n QP\",\"@id\":\"https:\\\/\\\/quehacerpolitico.mx\\\/#\\\/schema\\\/person\\\/496d8ad2d1d3f8036101dca7ee39e585\"},\"headline\":\"L\u00f3pez Obrador abordar\u00e1 la venta de Banamex con Jane Fraser, CEO de Citigroup\",\"datePublished\":\"2023-01-30T18:13:25+00:00\",\"dateModified\":\"2023-01-30T18:13:27+00:00\",\"mainEntityOfPage\":{\"@id\":\"https:\\\/\\\/quehacerpolitico.mx\\\/?p=98440\"},\"wordCount\":376,\"commentCount\":0,\"image\":{\"@id\":\"https:\\\/\\\/quehacerpolitico.mx\\\/?p=98440#primaryimage\"},\"thumbnailUrl\":\"https:\\\/\\\/quehacerpolitico.mx\\\/wp-content\\\/uploads\\\/2023\\\/01\\\/E911FE82-EC6D-4779-ABFE-8F41299B027A.jpeg\",\"articleSection\":[\"Noticias\"],\"inLanguage\":\"es\",\"potentialAction\":[{\"@type\":\"CommentAction\",\"name\":\"Comment\",\"target\":[\"https:\\\/\\\/quehacerpolitico.mx\\\/?p=98440#respond\"]}]},{\"@type\":\"WebPage\",\"@id\":\"https:\\\/\\\/quehacerpolitico.mx\\\/?p=98440\",\"url\":\"https:\\\/\\\/quehacerpolitico.mx\\\/?p=98440\",\"name\":\"L\u00f3pez Obrador abordar\u00e1 la venta de Banamex con Jane Fraser, CEO de Citigroup -\",\"isPartOf\":{\"@id\":\"https:\\\/\\\/quehacerpolitico.mx\\\/#website\"},\"primaryImageOfPage\":{\"@id\":\"https:\\\/\\\/quehacerpolitico.mx\\\/?p=98440#primaryimage\"},\"image\":{\"@id\":\"https:\\\/\\\/quehacerpolitico.mx\\\/?p=98440#primaryimage\"},\"thumbnailUrl\":\"https:\\\/\\\/quehacerpolitico.mx\\\/wp-content\\\/uploads\\\/2023\\\/01\\\/E911FE82-EC6D-4779-ABFE-8F41299B027A.jpeg\",\"datePublished\":\"2023-01-30T18:13:25+00:00\",\"dateModified\":\"2023-01-30T18:13:27+00:00\",\"author\":{\"@id\":\"https:\\\/\\\/quehacerpolitico.mx\\\/#\\\/schema\\\/person\\\/496d8ad2d1d3f8036101dca7ee39e585\"},\"breadcrumb\":{\"@id\":\"https:\\\/\\\/quehacerpolitico.mx\\\/?p=98440#breadcrumb\"},\"inLanguage\":\"es\",\"potentialAction\":[{\"@type\":\"ReadAction\",\"target\":[\"https:\\\/\\\/quehacerpolitico.mx\\\/?p=98440\"]}]},{\"@type\":\"ImageObject\",\"inLanguage\":\"es\",\"@id\":\"https:\\\/\\\/quehacerpolitico.mx\\\/?p=98440#primaryimage\",\"url\":\"https:\\\/\\\/quehacerpolitico.mx\\\/wp-content\\\/uploads\\\/2023\\\/01\\\/E911FE82-EC6D-4779-ABFE-8F41299B027A.jpeg\",\"contentUrl\":\"https:\\\/\\\/quehacerpolitico.mx\\\/wp-content\\\/uploads\\\/2023\\\/01\\\/E911FE82-EC6D-4779-ABFE-8F41299B027A.jpeg\",\"width\":1284,\"height\":694},{\"@type\":\"BreadcrumbList\",\"@id\":\"https:\\\/\\\/quehacerpolitico.mx\\\/?p=98440#breadcrumb\",\"itemListElement\":[{\"@type\":\"ListItem\",\"position\":1,\"name\":\"Inicio\",\"item\":\"https:\\\/\\\/quehacerpolitico.mx\\\/\"},{\"@type\":\"ListItem\",\"position\":2,\"name\":\"L\u00f3pez Obrador abordar\u00e1 la venta de Banamex con Jane Fraser, CEO de Citigroup\"}]},{\"@type\":\"WebSite\",\"@id\":\"https:\\\/\\\/quehacerpolitico.mx\\\/#website\",\"url\":\"https:\\\/\\\/quehacerpolitico.mx\\\/\",\"name\":\"\",\"description\":\"\",\"potentialAction\":[{\"@type\":\"SearchAction\",\"target\":{\"@type\":\"EntryPoint\",\"urlTemplate\":\"https:\\\/\\\/quehacerpolitico.mx\\\/?s={search_term_string}\"},\"query-input\":{\"@type\":\"PropertyValueSpecification\",\"valueRequired\":true,\"valueName\":\"search_term_string\"}}],\"inLanguage\":\"es\"},{\"@type\":\"Person\",\"@id\":\"https:\\\/\\\/quehacerpolitico.mx\\\/#\\\/schema\\\/person\\\/496d8ad2d1d3f8036101dca7ee39e585\",\"name\":\"Redacci\u00f3n QP\",\"image\":{\"@type\":\"ImageObject\",\"inLanguage\":\"es\",\"@id\":\"https:\\\/\\\/secure.gravatar.com\\\/avatar\\\/c7164ed6fdec453195284ad24a5ae5b6e1eed2b848477fa2a4787ba9adf39a41?s=96&d=mm&r=g\",\"url\":\"https:\\\/\\\/secure.gravatar.com\\\/avatar\\\/c7164ed6fdec453195284ad24a5ae5b6e1eed2b848477fa2a4787ba9adf39a41?s=96&d=mm&r=g\",\"contentUrl\":\"https:\\\/\\\/secure.gravatar.com\\\/avatar\\\/c7164ed6fdec453195284ad24a5ae5b6e1eed2b848477fa2a4787ba9adf39a41?s=96&d=mm&r=g\",\"caption\":\"Redacci\u00f3n QP\"},\"url\":\"https:\\\/\\\/quehacerpolitico.mx\\\/?author=2\"}]}<\/script>\n<!-- \/ Yoast SEO plugin. -->","yoast_head_json":{"title":"L\u00f3pez Obrador abordar\u00e1 la venta de Banamex con Jane Fraser, CEO de Citigroup -","robots":{"index":"index","follow":"follow","max-snippet":"max-snippet:-1","max-image-preview":"max-image-preview:large","max-video-preview":"max-video-preview:-1"},"canonical":"https:\/\/quehacerpolitico.mx\/?p=98440","og_locale":"es_MX","og_type":"article","og_title":"L\u00f3pez Obrador abordar\u00e1 la venta de Banamex con Jane Fraser, CEO de Citigroup -","og_description":"Por Redacci\u00f3n QP En el sector financiero hay expectativa por la visita de Jane Fraser...","og_url":"https:\/\/quehacerpolitico.mx\/?p=98440","article_published_time":"2023-01-30T18:13:25+00:00","article_modified_time":"2023-01-30T18:13:27+00:00","og_image":[{"width":1284,"height":694,"url":"https:\/\/quehacerpolitico.mx\/wp-content\/uploads\/2023\/01\/E911FE82-EC6D-4779-ABFE-8F41299B027A.jpeg","type":"image\/jpeg"}],"author":"Redacci\u00f3n QP","twitter_card":"summary_large_image","twitter_misc":{"Escrito por":"Redacci\u00f3n QP","Tiempo de lectura":"2 minutos"},"schema":{"@context":"https:\/\/schema.org","@graph":[{"@type":"Article","@id":"https:\/\/quehacerpolitico.mx\/?p=98440#article","isPartOf":{"@id":"https:\/\/quehacerpolitico.mx\/?p=98440"},"author":{"name":"Redacci\u00f3n QP","@id":"https:\/\/quehacerpolitico.mx\/#\/schema\/person\/496d8ad2d1d3f8036101dca7ee39e585"},"headline":"L\u00f3pez Obrador abordar\u00e1 la venta de Banamex con Jane Fraser, CEO de Citigroup","datePublished":"2023-01-30T18:13:25+00:00","dateModified":"2023-01-30T18:13:27+00:00","mainEntityOfPage":{"@id":"https:\/\/quehacerpolitico.mx\/?p=98440"},"wordCount":376,"commentCount":0,"image":{"@id":"https:\/\/quehacerpolitico.mx\/?p=98440#primaryimage"},"thumbnailUrl":"https:\/\/quehacerpolitico.mx\/wp-content\/uploads\/2023\/01\/E911FE82-EC6D-4779-ABFE-8F41299B027A.jpeg","articleSection":["Noticias"],"inLanguage":"es","potentialAction":[{"@type":"CommentAction","name":"Comment","target":["https:\/\/quehacerpolitico.mx\/?p=98440#respond"]}]},{"@type":"WebPage","@id":"https:\/\/quehacerpolitico.mx\/?p=98440","url":"https:\/\/quehacerpolitico.mx\/?p=98440","name":"L\u00f3pez Obrador abordar\u00e1 la venta de Banamex con Jane Fraser, CEO de Citigroup -","isPartOf":{"@id":"https:\/\/quehacerpolitico.mx\/#website"},"primaryImageOfPage":{"@id":"https:\/\/quehacerpolitico.mx\/?p=98440#primaryimage"},"image":{"@id":"https:\/\/quehacerpolitico.mx\/?p=98440#primaryimage"},"thumbnailUrl":"https:\/\/quehacerpolitico.mx\/wp-content\/uploads\/2023\/01\/E911FE82-EC6D-4779-ABFE-8F41299B027A.jpeg","datePublished":"2023-01-30T18:13:25+00:00","dateModified":"2023-01-30T18:13:27+00:00","author":{"@id":"https:\/\/quehacerpolitico.mx\/#\/schema\/person\/496d8ad2d1d3f8036101dca7ee39e585"},"breadcrumb":{"@id":"https:\/\/quehacerpolitico.mx\/?p=98440#breadcrumb"},"inLanguage":"es","potentialAction":[{"@type":"ReadAction","target":["https:\/\/quehacerpolitico.mx\/?p=98440"]}]},{"@type":"ImageObject","inLanguage":"es","@id":"https:\/\/quehacerpolitico.mx\/?p=98440#primaryimage","url":"https:\/\/quehacerpolitico.mx\/wp-content\/uploads\/2023\/01\/E911FE82-EC6D-4779-ABFE-8F41299B027A.jpeg","contentUrl":"https:\/\/quehacerpolitico.mx\/wp-content\/uploads\/2023\/01\/E911FE82-EC6D-4779-ABFE-8F41299B027A.jpeg","width":1284,"height":694},{"@type":"BreadcrumbList","@id":"https:\/\/quehacerpolitico.mx\/?p=98440#breadcrumb","itemListElement":[{"@type":"ListItem","position":1,"name":"Inicio","item":"https:\/\/quehacerpolitico.mx\/"},{"@type":"ListItem","position":2,"name":"L\u00f3pez Obrador abordar\u00e1 la venta de Banamex con Jane Fraser, CEO de Citigroup"}]},{"@type":"WebSite","@id":"https:\/\/quehacerpolitico.mx\/#website","url":"https:\/\/quehacerpolitico.mx\/","name":"","description":"","potentialAction":[{"@type":"SearchAction","target":{"@type":"EntryPoint","urlTemplate":"https:\/\/quehacerpolitico.mx\/?s={search_term_string}"},"query-input":{"@type":"PropertyValueSpecification","valueRequired":true,"valueName":"search_term_string"}}],"inLanguage":"es"},{"@type":"Person","@id":"https:\/\/quehacerpolitico.mx\/#\/schema\/person\/496d8ad2d1d3f8036101dca7ee39e585","name":"Redacci\u00f3n QP","image":{"@type":"ImageObject","inLanguage":"es","@id":"https:\/\/secure.gravatar.com\/avatar\/c7164ed6fdec453195284ad24a5ae5b6e1eed2b848477fa2a4787ba9adf39a41?s=96&d=mm&r=g","url":"https:\/\/secure.gravatar.com\/avatar\/c7164ed6fdec453195284ad24a5ae5b6e1eed2b848477fa2a4787ba9adf39a41?s=96&d=mm&r=g","contentUrl":"https:\/\/secure.gravatar.com\/avatar\/c7164ed6fdec453195284ad24a5ae5b6e1eed2b848477fa2a4787ba9adf39a41?s=96&d=mm&r=g","caption":"Redacci\u00f3n QP"},"url":"https:\/\/quehacerpolitico.mx\/?author=2"}]}},"featured_image_urls":{"full":["https:\/\/quehacerpolitico.mx\/wp-content\/uploads\/2023\/01\/E911FE82-EC6D-4779-ABFE-8F41299B027A.jpeg",1284,694,false],"thumbnail":["https:\/\/quehacerpolitico.mx\/wp-content\/uploads\/2023\/01\/E911FE82-EC6D-4779-ABFE-8F41299B027A-150x150.jpeg",150,150,true],"medium":["https:\/\/quehacerpolitico.mx\/wp-content\/uploads\/2023\/01\/E911FE82-EC6D-4779-ABFE-8F41299B027A-300x162.jpeg",300,162,true],"medium_large":["https:\/\/quehacerpolitico.mx\/wp-content\/uploads\/2023\/01\/E911FE82-EC6D-4779-ABFE-8F41299B027A-768x415.jpeg",640,346,true],"large":["https:\/\/quehacerpolitico.mx\/wp-content\/uploads\/2023\/01\/E911FE82-EC6D-4779-ABFE-8F41299B027A-1024x553.jpeg",640,346,true],"1536x1536":["https:\/\/quehacerpolitico.mx\/wp-content\/uploads\/2023\/01\/E911FE82-EC6D-4779-ABFE-8F41299B027A.jpeg",1284,694,false],"2048x2048":["https:\/\/quehacerpolitico.mx\/wp-content\/uploads\/2023\/01\/E911FE82-EC6D-4779-ABFE-8F41299B027A.jpeg",1284,694,false],"covernews-featured":["https:\/\/quehacerpolitico.mx\/wp-content\/uploads\/2023\/01\/E911FE82-EC6D-4779-ABFE-8F41299B027A.jpeg",1024,553,false],"covernews-medium":["https:\/\/quehacerpolitico.mx\/wp-content\/uploads\/2023\/01\/E911FE82-EC6D-4779-ABFE-8F41299B027A.jpeg",540,292,false]},"author_info":{"display_name":"Redacci\u00f3n QP","author_link":"https:\/\/quehacerpolitico.mx\/?author=2"},"category_info":"<a href=\"https:\/\/quehacerpolitico.mx\/?cat=2\" rel=\"category\">Noticias<\/a>","tag_info":"Noticias","comment_count":"0","_links":{"self":[{"href":"https:\/\/quehacerpolitico.mx\/index.php?rest_route=\/wp\/v2\/posts\/98440","targetHints":{"allow":["GET"]}}],"collection":[{"href":"https:\/\/quehacerpolitico.mx\/index.php?rest_route=\/wp\/v2\/posts"}],"about":[{"href":"https:\/\/quehacerpolitico.mx\/index.php?rest_route=\/wp\/v2\/types\/post"}],"author":[{"embeddable":true,"href":"https:\/\/quehacerpolitico.mx\/index.php?rest_route=\/wp\/v2\/users\/2"}],"replies":[{"embeddable":true,"href":"https:\/\/quehacerpolitico.mx\/index.php?rest_route=%2Fwp%2Fv2%2Fcomments&post=98440"}],"version-history":[{"count":1,"href":"https:\/\/quehacerpolitico.mx\/index.php?rest_route=\/wp\/v2\/posts\/98440\/revisions"}],"predecessor-version":[{"id":98442,"href":"https:\/\/quehacerpolitico.mx\/index.php?rest_route=\/wp\/v2\/posts\/98440\/revisions\/98442"}],"wp:featuredmedia":[{"embeddable":true,"href":"https:\/\/quehacerpolitico.mx\/index.php?rest_route=\/wp\/v2\/media\/98441"}],"wp:attachment":[{"href":"https:\/\/quehacerpolitico.mx\/index.php?rest_route=%2Fwp%2Fv2%2Fmedia&parent=98440"}],"wp:term":[{"taxonomy":"category","embeddable":true,"href":"https:\/\/quehacerpolitico.mx\/index.php?rest_route=%2Fwp%2Fv2%2Fcategories&post=98440"},{"taxonomy":"post_tag","embeddable":true,"href":"https:\/\/quehacerpolitico.mx\/index.php?rest_route=%2Fwp%2Fv2%2Ftags&post=98440"}],"curies":[{"name":"wp","href":"https:\/\/api.w.org\/{rel}","templated":true}]}}