{"id":98434,"date":"2023-01-30T17:32:37","date_gmt":"2023-01-30T17:32:37","guid":{"rendered":"https:\/\/quehacerpolitico.mx\/?p=98434"},"modified":"2023-01-30T17:32:41","modified_gmt":"2023-01-30T17:32:41","slug":"politica-exterior-de-lopez-obrador-es-esquizofrenica-ricardo-anaya","status":"publish","type":"post","link":"https:\/\/quehacerpolitico.mx\/?p=98434","title":{"rendered":"Pol\u00edtica exterior de L\u00f3pez Obrador &#8221;es esquizofr\u00e9nica&#8221;: Ricardo Anaya"},"content":{"rendered":"\n<p>Por Redacci\u00f3n QP<\/p>\n\n\n\n<p>El excandidato presidencial se\u00f1al\u00f3 y enlist\u00f3 las decisiones en pol\u00edtica exterior que ha tomado L\u00f3pez Obrador<\/p>\n\n\n\n<p>El excandidato presidencial,\u00a0Ricardo Anaya Cort\u00e9s, <strong>critic\u00f3 la pol\u00edtica exterior del Presidente\u00a0Andres Manuel Lopez Obrador, y calific\u00f3 a su administraci\u00f3n como &#8220;el sexenio de las mentiras&#8221;.<\/strong><\/p>\n\n\n\n<p>A trav\u00e9s de un nuevo video que comparti\u00f3 en sus redes sociales, dijo que el Primer Mandatario\u00a0<strong>ha dado su decidido apoyo a &#8220;dictadores&#8221; de pa\u00edses como Cuba, Nicaragua y Venezuela, al que se suman sus m\u00e1s recientes dichos sobre la ayuda a Ucrania, &#8220;que le valieron la felicitaci\u00f3n nada menos que de la embajada de Rusia, el pa\u00eds invasor que provoc\u00f3 la guerra&#8221;.<\/strong><\/p>\n\n\n\n<figure class=\"wp-block-embed is-type-video is-provider-youtube wp-block-embed-youtube wp-embed-aspect-16-9 wp-has-aspect-ratio\"><div class=\"wp-block-embed__wrapper\">\n<iframe loading=\"lazy\" title=\"La gota que derram\u00f3 el vaso\" width=\"640\" height=\"360\" src=\"https:\/\/www.youtube.com\/embed\/1IlmEDrqLWk?feature=oembed\" frameborder=\"0\" allow=\"accelerometer; autoplay; clipboard-write; encrypted-media; gyroscope; picture-in-picture; web-share\" referrerpolicy=\"strict-origin-when-cross-origin\" allowfullscreen><\/iframe>\n<\/div><\/figure>\n\n\n\n<p>En contraste, record\u00f3 que,\u00a0<strong>tras las \u00faltimas elecciones en Estados Unidos. &#8220;Cuando Biden le gan\u00f3 a su amigo Trump, L\u00f3pez Obrador no quiso reconocer el triunfo de Biden. Se tard\u00f3 un mes y medio&#8221;.<\/strong><\/p>\n\n\n\n<p>Tambi\u00e9n cit\u00f3 los casos de la Cumbre de las Am\u00e9ricas, convocada por Biden en junio de 2022 en Los \u00c1ngeles, California, y la reuni\u00f3n de la Comunidad de Estados Latinoamericanos y Caribe\u00f1os (CELAC), recientemente celebrada en Buenos Aires, Argentina.<\/p>\n\n\n\n<p>&#8220;L\u00f3pez Obrador cancel\u00f3 su visita a la Cumbre de las Am\u00e9ricas, para defender a los dictadores de Cuba, Nicaragua y Venezuela,\u00a0<strong>y apenas la semana pasada cancel\u00f3 su presencia en la CELAC, como un acto de protesta en defensa de Pedro Castillo de Per\u00fa&#8221;,\u00a0<\/strong>acus\u00f3.<\/p>\n\n\n\n<p><strong>&#8220;\u00bfPues no que \u00e9l no interven\u00eda en la pol\u00edtica de otros pa\u00edses?&#8221;,&nbsp;<\/strong>agreg\u00f3.<\/p>\n\n\n\n<p>Para Anaya Cort\u00e9s, &#8220;la gota que derram\u00f3 el vaso&#8221;,<strong>fue el reclamo que el Mandatario mexicano hizo a Alemania su apoyo a Ucrania.<\/strong><\/p>\n\n\n\n<p>&#8220;Es ponerse del lado de Putin en la injusta y atroz invasi\u00f3n a Ucrania. Estos hechos hablan claramente de la contradicci\u00f3n entre lo que el Presidente dice sobre la pol\u00edtica exterior de su gobierno y lo que realmente hace.<\/p>\n\n\n\n<p>Hablan tambi\u00e9n de un profundo desconocimiento del contexto internacional y de los verdaderos intereses de M\u00e9xico.<strong>&nbsp;La pol\u00edtica exterior de este gobierno, si es que merece ese nombre, no solo es incongruente, es esquizofr\u00e9nica.&nbsp;<\/strong>Ahora resulta que quien felicita a L\u00f3pez Obrador por su pol\u00edtica exterior es la embajada de Rusia, el pa\u00eds invasor, el pa\u00eds que injustamente desencaden\u00f3 la guerra&#8221;, asever\u00f3.<\/p>\n\n\n\n<p>Finalmente, el l\u00edder panista dijo que es hora de exigirle al Presidente que rectifique.<\/p>\n\n\n\n<p>&#8220;Que piense en los intereses de M\u00e9xico y que se porte a la altura del momento que vive el mundo. M\u00e9xico es un gran pa\u00eds. Tiene todo para destacar en el mundo.\u00a0<strong>Es tambi\u00e9n una democracia y debe inscribirse claramente en el \u00e1mbito de los pa\u00edses que respetan y promueven los valores democr\u00e1ticos, y practican una recta solidaridad, con libertad y con justicia&#8221;,\u00a0<\/strong>concluy\u00f3.<\/p>\n\n\n\n<p>Con informaci\u00f3n de SUN <\/p>\n","protected":false},"excerpt":{"rendered":"<p>Por Redacci\u00f3n QP El excandidato presidencial se\u00f1al\u00f3 y enlist\u00f3 las decisiones en pol\u00edtica exterior que&#8230;<\/p>\n","protected":false},"author":2,"featured_media":98435,"comment_status":"open","ping_status":"open","sticky":false,"template":"","format":"standard","meta":{"_monsterinsights_skip_tracking":false,"_monsterinsights_sitenote_active":false,"_monsterinsights_sitenote_note":"","_monsterinsights_sitenote_category":0,"footnotes":""},"categories":[2],"tags":[],"class_list":["post-98434","post","type-post","status-publish","format-standard","has-post-thumbnail","hentry","category-noticias"],"yoast_head":"<!-- This site is optimized with the Yoast SEO plugin v27.3 - https:\/\/yoast.com\/product\/yoast-seo-wordpress\/ -->\n<title>Pol\u00edtica exterior de L\u00f3pez Obrador &#039;&#039;es esquizofr\u00e9nica&#039;&#039;: Ricardo Anaya -<\/title>\n<meta name=\"robots\" content=\"index, follow, max-snippet:-1, max-image-preview:large, max-video-preview:-1\" \/>\n<link rel=\"canonical\" href=\"https:\/\/quehacerpolitico.mx\/?p=98434\" \/>\n<meta property=\"og:locale\" content=\"es_MX\" \/>\n<meta property=\"og:type\" content=\"article\" \/>\n<meta property=\"og:title\" content=\"Pol\u00edtica exterior de L\u00f3pez Obrador &#039;&#039;es esquizofr\u00e9nica&#039;&#039;: Ricardo Anaya -\" \/>\n<meta property=\"og:description\" content=\"Por Redacci\u00f3n QP El excandidato presidencial se\u00f1al\u00f3 y enlist\u00f3 las decisiones en pol\u00edtica exterior que...\" \/>\n<meta property=\"og:url\" content=\"https:\/\/quehacerpolitico.mx\/?p=98434\" \/>\n<meta property=\"article:published_time\" content=\"2023-01-30T17:32:37+00:00\" \/>\n<meta property=\"article:modified_time\" content=\"2023-01-30T17:32:41+00:00\" \/>\n<meta property=\"og:image\" content=\"https:\/\/quehacerpolitico.mx\/wp-content\/uploads\/2023\/01\/C2BF93F0-2183-40CE-93E6-40BCD5CC35D3.jpeg\" \/>\n\t<meta property=\"og:image:width\" content=\"1283\" \/>\n\t<meta property=\"og:image:height\" content=\"689\" \/>\n\t<meta property=\"og:image:type\" content=\"image\/jpeg\" \/>\n<meta name=\"author\" content=\"Redacci\u00f3n QP\" \/>\n<meta name=\"twitter:card\" content=\"summary_large_image\" \/>\n<meta name=\"twitter:label1\" content=\"Escrito por\" \/>\n\t<meta name=\"twitter:data1\" content=\"Redacci\u00f3n QP\" \/>\n\t<meta name=\"twitter:label2\" content=\"Tiempo de lectura\" \/>\n\t<meta name=\"twitter:data2\" content=\"2 minutos\" \/>\n<script type=\"application\/ld+json\" class=\"yoast-schema-graph\">{\"@context\":\"https:\\\/\\\/schema.org\",\"@graph\":[{\"@type\":\"Article\",\"@id\":\"https:\\\/\\\/quehacerpolitico.mx\\\/?p=98434#article\",\"isPartOf\":{\"@id\":\"https:\\\/\\\/quehacerpolitico.mx\\\/?p=98434\"},\"author\":{\"name\":\"Redacci\u00f3n QP\",\"@id\":\"https:\\\/\\\/quehacerpolitico.mx\\\/#\\\/schema\\\/person\\\/496d8ad2d1d3f8036101dca7ee39e585\"},\"headline\":\"Pol\u00edtica exterior de L\u00f3pez Obrador &#8221;es esquizofr\u00e9nica&#8221;: Ricardo Anaya\",\"datePublished\":\"2023-01-30T17:32:37+00:00\",\"dateModified\":\"2023-01-30T17:32:41+00:00\",\"mainEntityOfPage\":{\"@id\":\"https:\\\/\\\/quehacerpolitico.mx\\\/?p=98434\"},\"wordCount\":507,\"commentCount\":0,\"image\":{\"@id\":\"https:\\\/\\\/quehacerpolitico.mx\\\/?p=98434#primaryimage\"},\"thumbnailUrl\":\"https:\\\/\\\/quehacerpolitico.mx\\\/wp-content\\\/uploads\\\/2023\\\/01\\\/C2BF93F0-2183-40CE-93E6-40BCD5CC35D3.jpeg\",\"articleSection\":[\"Noticias\"],\"inLanguage\":\"es\",\"potentialAction\":[{\"@type\":\"CommentAction\",\"name\":\"Comment\",\"target\":[\"https:\\\/\\\/quehacerpolitico.mx\\\/?p=98434#respond\"]}]},{\"@type\":\"WebPage\",\"@id\":\"https:\\\/\\\/quehacerpolitico.mx\\\/?p=98434\",\"url\":\"https:\\\/\\\/quehacerpolitico.mx\\\/?p=98434\",\"name\":\"Pol\u00edtica exterior de L\u00f3pez Obrador ''es esquizofr\u00e9nica'': Ricardo Anaya -\",\"isPartOf\":{\"@id\":\"https:\\\/\\\/quehacerpolitico.mx\\\/#website\"},\"primaryImageOfPage\":{\"@id\":\"https:\\\/\\\/quehacerpolitico.mx\\\/?p=98434#primaryimage\"},\"image\":{\"@id\":\"https:\\\/\\\/quehacerpolitico.mx\\\/?p=98434#primaryimage\"},\"thumbnailUrl\":\"https:\\\/\\\/quehacerpolitico.mx\\\/wp-content\\\/uploads\\\/2023\\\/01\\\/C2BF93F0-2183-40CE-93E6-40BCD5CC35D3.jpeg\",\"datePublished\":\"2023-01-30T17:32:37+00:00\",\"dateModified\":\"2023-01-30T17:32:41+00:00\",\"author\":{\"@id\":\"https:\\\/\\\/quehacerpolitico.mx\\\/#\\\/schema\\\/person\\\/496d8ad2d1d3f8036101dca7ee39e585\"},\"breadcrumb\":{\"@id\":\"https:\\\/\\\/quehacerpolitico.mx\\\/?p=98434#breadcrumb\"},\"inLanguage\":\"es\",\"potentialAction\":[{\"@type\":\"ReadAction\",\"target\":[\"https:\\\/\\\/quehacerpolitico.mx\\\/?p=98434\"]}]},{\"@type\":\"ImageObject\",\"inLanguage\":\"es\",\"@id\":\"https:\\\/\\\/quehacerpolitico.mx\\\/?p=98434#primaryimage\",\"url\":\"https:\\\/\\\/quehacerpolitico.mx\\\/wp-content\\\/uploads\\\/2023\\\/01\\\/C2BF93F0-2183-40CE-93E6-40BCD5CC35D3.jpeg\",\"contentUrl\":\"https:\\\/\\\/quehacerpolitico.mx\\\/wp-content\\\/uploads\\\/2023\\\/01\\\/C2BF93F0-2183-40CE-93E6-40BCD5CC35D3.jpeg\",\"width\":1283,\"height\":689},{\"@type\":\"BreadcrumbList\",\"@id\":\"https:\\\/\\\/quehacerpolitico.mx\\\/?p=98434#breadcrumb\",\"itemListElement\":[{\"@type\":\"ListItem\",\"position\":1,\"name\":\"Inicio\",\"item\":\"https:\\\/\\\/quehacerpolitico.mx\\\/\"},{\"@type\":\"ListItem\",\"position\":2,\"name\":\"Pol\u00edtica exterior de L\u00f3pez Obrador &#8221;es esquizofr\u00e9nica&#8221;: Ricardo Anaya\"}]},{\"@type\":\"WebSite\",\"@id\":\"https:\\\/\\\/quehacerpolitico.mx\\\/#website\",\"url\":\"https:\\\/\\\/quehacerpolitico.mx\\\/\",\"name\":\"\",\"description\":\"\",\"potentialAction\":[{\"@type\":\"SearchAction\",\"target\":{\"@type\":\"EntryPoint\",\"urlTemplate\":\"https:\\\/\\\/quehacerpolitico.mx\\\/?s={search_term_string}\"},\"query-input\":{\"@type\":\"PropertyValueSpecification\",\"valueRequired\":true,\"valueName\":\"search_term_string\"}}],\"inLanguage\":\"es\"},{\"@type\":\"Person\",\"@id\":\"https:\\\/\\\/quehacerpolitico.mx\\\/#\\\/schema\\\/person\\\/496d8ad2d1d3f8036101dca7ee39e585\",\"name\":\"Redacci\u00f3n QP\",\"image\":{\"@type\":\"ImageObject\",\"inLanguage\":\"es\",\"@id\":\"https:\\\/\\\/secure.gravatar.com\\\/avatar\\\/c7164ed6fdec453195284ad24a5ae5b6e1eed2b848477fa2a4787ba9adf39a41?s=96&d=mm&r=g\",\"url\":\"https:\\\/\\\/secure.gravatar.com\\\/avatar\\\/c7164ed6fdec453195284ad24a5ae5b6e1eed2b848477fa2a4787ba9adf39a41?s=96&d=mm&r=g\",\"contentUrl\":\"https:\\\/\\\/secure.gravatar.com\\\/avatar\\\/c7164ed6fdec453195284ad24a5ae5b6e1eed2b848477fa2a4787ba9adf39a41?s=96&d=mm&r=g\",\"caption\":\"Redacci\u00f3n QP\"},\"url\":\"https:\\\/\\\/quehacerpolitico.mx\\\/?author=2\"}]}<\/script>\n<!-- \/ Yoast SEO plugin. -->","yoast_head_json":{"title":"Pol\u00edtica exterior de L\u00f3pez Obrador ''es esquizofr\u00e9nica'': Ricardo Anaya -","robots":{"index":"index","follow":"follow","max-snippet":"max-snippet:-1","max-image-preview":"max-image-preview:large","max-video-preview":"max-video-preview:-1"},"canonical":"https:\/\/quehacerpolitico.mx\/?p=98434","og_locale":"es_MX","og_type":"article","og_title":"Pol\u00edtica exterior de L\u00f3pez Obrador ''es esquizofr\u00e9nica'': Ricardo Anaya -","og_description":"Por Redacci\u00f3n QP El excandidato presidencial se\u00f1al\u00f3 y enlist\u00f3 las decisiones en pol\u00edtica exterior que...","og_url":"https:\/\/quehacerpolitico.mx\/?p=98434","article_published_time":"2023-01-30T17:32:37+00:00","article_modified_time":"2023-01-30T17:32:41+00:00","og_image":[{"width":1283,"height":689,"url":"https:\/\/quehacerpolitico.mx\/wp-content\/uploads\/2023\/01\/C2BF93F0-2183-40CE-93E6-40BCD5CC35D3.jpeg","type":"image\/jpeg"}],"author":"Redacci\u00f3n QP","twitter_card":"summary_large_image","twitter_misc":{"Escrito por":"Redacci\u00f3n QP","Tiempo de lectura":"2 minutos"},"schema":{"@context":"https:\/\/schema.org","@graph":[{"@type":"Article","@id":"https:\/\/quehacerpolitico.mx\/?p=98434#article","isPartOf":{"@id":"https:\/\/quehacerpolitico.mx\/?p=98434"},"author":{"name":"Redacci\u00f3n QP","@id":"https:\/\/quehacerpolitico.mx\/#\/schema\/person\/496d8ad2d1d3f8036101dca7ee39e585"},"headline":"Pol\u00edtica exterior de L\u00f3pez Obrador &#8221;es esquizofr\u00e9nica&#8221;: Ricardo Anaya","datePublished":"2023-01-30T17:32:37+00:00","dateModified":"2023-01-30T17:32:41+00:00","mainEntityOfPage":{"@id":"https:\/\/quehacerpolitico.mx\/?p=98434"},"wordCount":507,"commentCount":0,"image":{"@id":"https:\/\/quehacerpolitico.mx\/?p=98434#primaryimage"},"thumbnailUrl":"https:\/\/quehacerpolitico.mx\/wp-content\/uploads\/2023\/01\/C2BF93F0-2183-40CE-93E6-40BCD5CC35D3.jpeg","articleSection":["Noticias"],"inLanguage":"es","potentialAction":[{"@type":"CommentAction","name":"Comment","target":["https:\/\/quehacerpolitico.mx\/?p=98434#respond"]}]},{"@type":"WebPage","@id":"https:\/\/quehacerpolitico.mx\/?p=98434","url":"https:\/\/quehacerpolitico.mx\/?p=98434","name":"Pol\u00edtica exterior de L\u00f3pez Obrador ''es esquizofr\u00e9nica'': Ricardo Anaya -","isPartOf":{"@id":"https:\/\/quehacerpolitico.mx\/#website"},"primaryImageOfPage":{"@id":"https:\/\/quehacerpolitico.mx\/?p=98434#primaryimage"},"image":{"@id":"https:\/\/quehacerpolitico.mx\/?p=98434#primaryimage"},"thumbnailUrl":"https:\/\/quehacerpolitico.mx\/wp-content\/uploads\/2023\/01\/C2BF93F0-2183-40CE-93E6-40BCD5CC35D3.jpeg","datePublished":"2023-01-30T17:32:37+00:00","dateModified":"2023-01-30T17:32:41+00:00","author":{"@id":"https:\/\/quehacerpolitico.mx\/#\/schema\/person\/496d8ad2d1d3f8036101dca7ee39e585"},"breadcrumb":{"@id":"https:\/\/quehacerpolitico.mx\/?p=98434#breadcrumb"},"inLanguage":"es","potentialAction":[{"@type":"ReadAction","target":["https:\/\/quehacerpolitico.mx\/?p=98434"]}]},{"@type":"ImageObject","inLanguage":"es","@id":"https:\/\/quehacerpolitico.mx\/?p=98434#primaryimage","url":"https:\/\/quehacerpolitico.mx\/wp-content\/uploads\/2023\/01\/C2BF93F0-2183-40CE-93E6-40BCD5CC35D3.jpeg","contentUrl":"https:\/\/quehacerpolitico.mx\/wp-content\/uploads\/2023\/01\/C2BF93F0-2183-40CE-93E6-40BCD5CC35D3.jpeg","width":1283,"height":689},{"@type":"BreadcrumbList","@id":"https:\/\/quehacerpolitico.mx\/?p=98434#breadcrumb","itemListElement":[{"@type":"ListItem","position":1,"name":"Inicio","item":"https:\/\/quehacerpolitico.mx\/"},{"@type":"ListItem","position":2,"name":"Pol\u00edtica exterior de L\u00f3pez Obrador &#8221;es esquizofr\u00e9nica&#8221;: Ricardo Anaya"}]},{"@type":"WebSite","@id":"https:\/\/quehacerpolitico.mx\/#website","url":"https:\/\/quehacerpolitico.mx\/","name":"","description":"","potentialAction":[{"@type":"SearchAction","target":{"@type":"EntryPoint","urlTemplate":"https:\/\/quehacerpolitico.mx\/?s={search_term_string}"},"query-input":{"@type":"PropertyValueSpecification","valueRequired":true,"valueName":"search_term_string"}}],"inLanguage":"es"},{"@type":"Person","@id":"https:\/\/quehacerpolitico.mx\/#\/schema\/person\/496d8ad2d1d3f8036101dca7ee39e585","name":"Redacci\u00f3n QP","image":{"@type":"ImageObject","inLanguage":"es","@id":"https:\/\/secure.gravatar.com\/avatar\/c7164ed6fdec453195284ad24a5ae5b6e1eed2b848477fa2a4787ba9adf39a41?s=96&d=mm&r=g","url":"https:\/\/secure.gravatar.com\/avatar\/c7164ed6fdec453195284ad24a5ae5b6e1eed2b848477fa2a4787ba9adf39a41?s=96&d=mm&r=g","contentUrl":"https:\/\/secure.gravatar.com\/avatar\/c7164ed6fdec453195284ad24a5ae5b6e1eed2b848477fa2a4787ba9adf39a41?s=96&d=mm&r=g","caption":"Redacci\u00f3n QP"},"url":"https:\/\/quehacerpolitico.mx\/?author=2"}]}},"featured_image_urls":{"full":["https:\/\/quehacerpolitico.mx\/wp-content\/uploads\/2023\/01\/C2BF93F0-2183-40CE-93E6-40BCD5CC35D3.jpeg",1283,689,false],"thumbnail":["https:\/\/quehacerpolitico.mx\/wp-content\/uploads\/2023\/01\/C2BF93F0-2183-40CE-93E6-40BCD5CC35D3-150x150.jpeg",150,150,true],"medium":["https:\/\/quehacerpolitico.mx\/wp-content\/uploads\/2023\/01\/C2BF93F0-2183-40CE-93E6-40BCD5CC35D3-300x161.jpeg",300,161,true],"medium_large":["https:\/\/quehacerpolitico.mx\/wp-content\/uploads\/2023\/01\/C2BF93F0-2183-40CE-93E6-40BCD5CC35D3-768x412.jpeg",640,343,true],"large":["https:\/\/quehacerpolitico.mx\/wp-content\/uploads\/2023\/01\/C2BF93F0-2183-40CE-93E6-40BCD5CC35D3-1024x550.jpeg",640,344,true],"1536x1536":["https:\/\/quehacerpolitico.mx\/wp-content\/uploads\/2023\/01\/C2BF93F0-2183-40CE-93E6-40BCD5CC35D3.jpeg",1283,689,false],"2048x2048":["https:\/\/quehacerpolitico.mx\/wp-content\/uploads\/2023\/01\/C2BF93F0-2183-40CE-93E6-40BCD5CC35D3.jpeg",1283,689,false],"covernews-featured":["https:\/\/quehacerpolitico.mx\/wp-content\/uploads\/2023\/01\/C2BF93F0-2183-40CE-93E6-40BCD5CC35D3.jpeg",1024,550,false],"covernews-medium":["https:\/\/quehacerpolitico.mx\/wp-content\/uploads\/2023\/01\/C2BF93F0-2183-40CE-93E6-40BCD5CC35D3.jpeg",540,290,false]},"author_info":{"display_name":"Redacci\u00f3n QP","author_link":"https:\/\/quehacerpolitico.mx\/?author=2"},"category_info":"<a href=\"https:\/\/quehacerpolitico.mx\/?cat=2\" rel=\"category\">Noticias<\/a>","tag_info":"Noticias","comment_count":"0","_links":{"self":[{"href":"https:\/\/quehacerpolitico.mx\/index.php?rest_route=\/wp\/v2\/posts\/98434","targetHints":{"allow":["GET"]}}],"collection":[{"href":"https:\/\/quehacerpolitico.mx\/index.php?rest_route=\/wp\/v2\/posts"}],"about":[{"href":"https:\/\/quehacerpolitico.mx\/index.php?rest_route=\/wp\/v2\/types\/post"}],"author":[{"embeddable":true,"href":"https:\/\/quehacerpolitico.mx\/index.php?rest_route=\/wp\/v2\/users\/2"}],"replies":[{"embeddable":true,"href":"https:\/\/quehacerpolitico.mx\/index.php?rest_route=%2Fwp%2Fv2%2Fcomments&post=98434"}],"version-history":[{"count":1,"href":"https:\/\/quehacerpolitico.mx\/index.php?rest_route=\/wp\/v2\/posts\/98434\/revisions"}],"predecessor-version":[{"id":98436,"href":"https:\/\/quehacerpolitico.mx\/index.php?rest_route=\/wp\/v2\/posts\/98434\/revisions\/98436"}],"wp:featuredmedia":[{"embeddable":true,"href":"https:\/\/quehacerpolitico.mx\/index.php?rest_route=\/wp\/v2\/media\/98435"}],"wp:attachment":[{"href":"https:\/\/quehacerpolitico.mx\/index.php?rest_route=%2Fwp%2Fv2%2Fmedia&parent=98434"}],"wp:term":[{"taxonomy":"category","embeddable":true,"href":"https:\/\/quehacerpolitico.mx\/index.php?rest_route=%2Fwp%2Fv2%2Fcategories&post=98434"},{"taxonomy":"post_tag","embeddable":true,"href":"https:\/\/quehacerpolitico.mx\/index.php?rest_route=%2Fwp%2Fv2%2Ftags&post=98434"}],"curies":[{"name":"wp","href":"https:\/\/api.w.org\/{rel}","templated":true}]}}