{"id":98404,"date":"2023-01-27T18:35:49","date_gmt":"2023-01-27T18:35:49","guid":{"rendered":"https:\/\/quehacerpolitico.mx\/?p=98404"},"modified":"2023-01-27T18:35:53","modified_gmt":"2023-01-27T18:35:53","slug":"lopez-obrador-promete-que-pronto-bajara-la-inflacion-y-descarta-nuevas-medidas","status":"publish","type":"post","link":"https:\/\/quehacerpolitico.mx\/?p=98404","title":{"rendered":"L\u00f3pez Obrador promete que &#8220;pronto&#8221; bajar\u00e1 la inflaci\u00f3n y descarta nuevas medidas"},"content":{"rendered":"\n<p>Por Redacci\u00f3n QP<\/p>\n\n\n\n<p>Las declaraciones se producen tras la aceleraci\u00f3n de la inflaci\u00f3n en M\u00e9xico, que registr\u00f3 una tasa anual de 7.94 % en la primera quincena de enero<\/p>\n\n\n\n<p>Este viernes, el Presidente Andr\u00e9s Manuel L\u00f3pez Obrador,\u00a0<strong>prometi\u00f3 que &#8220;pronto&#8221; bajar\u00e1 la inflaci\u00f3n tras su repunte en el inicio del a\u00f1o y en diciembre pasado<\/strong>, cuando tuvo su mayor cierre anual en 22 a\u00f1os.<\/p>\n\n\n\n<p>&#8220;El aumento \u00faltimo que tuvimos, que tampoco fue mucho, se debe a que estamos concluyendo un a\u00f1o e iniciando otro, pero ya la tendencia va a ser la baja&#8221;<\/p>\n\n\n\n<p>&#8220;El aumento \u00faltimo que tuvimos, que tampoco fue mucho, se debe a que estamos concluyendo un a\u00f1o e iniciando otro, pero ya la tendencia va a ser la baja&#8221;, manifest\u00f3 en su rueda de prensa &#8220;ma\u00f1anera&#8221; diaria.<\/p>\n\n\n\n<figure class=\"wp-block-embed is-type-video is-provider-youtube wp-block-embed-youtube wp-embed-aspect-16-9 wp-has-aspect-ratio\"><div class=\"wp-block-embed__wrapper\">\n<iframe loading=\"lazy\" title=\"AMLO pronostica que en 2023 la inflaci\u00f3n en M\u00e9xico ir\u00e1 a la baja\" width=\"640\" height=\"360\" src=\"https:\/\/www.youtube.com\/embed\/1Toho3RzOpg?feature=oembed\" frameborder=\"0\" allow=\"accelerometer; autoplay; clipboard-write; encrypted-media; gyroscope; picture-in-picture; web-share\" referrerpolicy=\"strict-origin-when-cross-origin\" allowfullscreen><\/iframe>\n<\/div><\/figure>\n\n\n\n<p>Sus declaraciones<strong>\u00a0se producen tras la aceleraci\u00f3n de la inflaci\u00f3n en M\u00e9xico<\/strong>, que registr\u00f3 una tasa anual de 7.94 % en la primera quincena de enero, el mayor \u00edndice para un inicio de a\u00f1o desde 2001.<\/p>\n\n\n\n<p>Adem\u00e1s, este dato fue superior a la tasa de 7.82 % de diciembre pasado, el mayor nivel para un cierre de a\u00f1o en lo que va del siglo, y una cifra que rompi\u00f3 con el decremento de la inflaci\u00f3n general de meses anteriores.<\/p>\n\n\n\n<p>L\u00f3pez Obrador<strong>\u00a0reconoci\u00f3 que la inflaci\u00f3n de M\u00e9xico ya es superior a la de Estados Unidos (6.5 % en diciembre) y Brasil (5.79 %),\u00a0<\/strong>pero argument\u00f3 que esto es porque, tras el &#8220;periodo neoliberal&#8221;, M\u00e9xico no es &#8220;autosuficiente&#8221; y debe importar alimentos, por lo que es &#8220;un fen\u00f3meno externo&#8221;.<\/p>\n\n\n\n<p>&#8220;Son otros factores, tenemos menos inflaci\u00f3n en energ\u00e9ticos porque estamos interviniendo de manera directa, tenemos m\u00e1s posibilidad de control de precios de combustibles, que no han aumentado. Sin embargo, en lo que corresponde a alimentos es mayor nuestra inflaci\u00f3n&#8221;, justific\u00f3.<\/p>\n\n\n\n<p>L\u00f3pez Obrador afirm\u00f3 asimismo qu<strong>e &#8220;se alcanz\u00f3 la meta de estabilizar los precios de la canasta b\u00e1sica de 24 productos<\/strong>&#8221; y remarc\u00f3 que &#8220;va a bajar este a\u00f1o la inflaci\u00f3n&#8221;, aunque sin revelar una cifra exacta.<\/p>\n\n\n\n<p><strong>Al defender sus pol\u00edticas, rechaz\u00f3 tomar medidas adicionales.<\/strong>\u00a0&#8220;Con lo que tenemos va a ser suficiente, ese es nuestro pron\u00f3stico, eso es lo que estamos proyectando, yo creo que en los datos que d\u00e9 a conocer el Inegi sobre inflaci\u00f3n ya se va a ver la disminuci\u00f3n, en los pr\u00f3ximos datos&#8221;, concluy\u00f3.<\/p>\n\n\n\n<p>Con Informaci\u00f3n de EFE<\/p>\n","protected":false},"excerpt":{"rendered":"<p>Por Redacci\u00f3n QP Las declaraciones se producen tras la aceleraci\u00f3n de la inflaci\u00f3n en M\u00e9xico,&#8230;<\/p>\n","protected":false},"author":2,"featured_media":98405,"comment_status":"open","ping_status":"open","sticky":false,"template":"","format":"standard","meta":{"_monsterinsights_skip_tracking":false,"_monsterinsights_sitenote_active":false,"_monsterinsights_sitenote_note":"","_monsterinsights_sitenote_category":0,"footnotes":""},"categories":[2],"tags":[],"class_list":["post-98404","post","type-post","status-publish","format-standard","has-post-thumbnail","hentry","category-noticias"],"yoast_head":"<!-- This site is optimized with the Yoast SEO plugin v27.3 - https:\/\/yoast.com\/product\/yoast-seo-wordpress\/ -->\n<title>L\u00f3pez Obrador promete que &quot;pronto&quot; bajar\u00e1 la inflaci\u00f3n y descarta nuevas medidas -<\/title>\n<meta name=\"robots\" content=\"index, follow, max-snippet:-1, max-image-preview:large, max-video-preview:-1\" \/>\n<link rel=\"canonical\" href=\"https:\/\/quehacerpolitico.mx\/?p=98404\" \/>\n<meta property=\"og:locale\" content=\"es_MX\" \/>\n<meta property=\"og:type\" content=\"article\" \/>\n<meta property=\"og:title\" content=\"L\u00f3pez Obrador promete que &quot;pronto&quot; bajar\u00e1 la inflaci\u00f3n y descarta nuevas medidas -\" \/>\n<meta property=\"og:description\" content=\"Por Redacci\u00f3n QP Las declaraciones se producen tras la aceleraci\u00f3n de la inflaci\u00f3n en M\u00e9xico,...\" \/>\n<meta property=\"og:url\" content=\"https:\/\/quehacerpolitico.mx\/?p=98404\" \/>\n<meta property=\"article:published_time\" content=\"2023-01-27T18:35:49+00:00\" \/>\n<meta property=\"article:modified_time\" content=\"2023-01-27T18:35:53+00:00\" \/>\n<meta property=\"og:image\" content=\"https:\/\/quehacerpolitico.mx\/wp-content\/uploads\/2023\/01\/D0D8B49A-746F-4C91-9281-64BCA6A62828.jpeg\" \/>\n\t<meta property=\"og:image:width\" content=\"1284\" \/>\n\t<meta property=\"og:image:height\" content=\"699\" \/>\n\t<meta property=\"og:image:type\" content=\"image\/jpeg\" \/>\n<meta name=\"author\" content=\"Redacci\u00f3n QP\" \/>\n<meta name=\"twitter:card\" content=\"summary_large_image\" \/>\n<meta name=\"twitter:label1\" content=\"Escrito por\" \/>\n\t<meta name=\"twitter:data1\" content=\"Redacci\u00f3n QP\" \/>\n\t<meta name=\"twitter:label2\" content=\"Tiempo de lectura\" \/>\n\t<meta name=\"twitter:data2\" content=\"2 minutos\" \/>\n<script type=\"application\/ld+json\" class=\"yoast-schema-graph\">{\"@context\":\"https:\\\/\\\/schema.org\",\"@graph\":[{\"@type\":\"Article\",\"@id\":\"https:\\\/\\\/quehacerpolitico.mx\\\/?p=98404#article\",\"isPartOf\":{\"@id\":\"https:\\\/\\\/quehacerpolitico.mx\\\/?p=98404\"},\"author\":{\"name\":\"Redacci\u00f3n QP\",\"@id\":\"https:\\\/\\\/quehacerpolitico.mx\\\/#\\\/schema\\\/person\\\/496d8ad2d1d3f8036101dca7ee39e585\"},\"headline\":\"L\u00f3pez Obrador promete que &#8220;pronto&#8221; bajar\u00e1 la inflaci\u00f3n y descarta nuevas medidas\",\"datePublished\":\"2023-01-27T18:35:49+00:00\",\"dateModified\":\"2023-01-27T18:35:53+00:00\",\"mainEntityOfPage\":{\"@id\":\"https:\\\/\\\/quehacerpolitico.mx\\\/?p=98404\"},\"wordCount\":434,\"commentCount\":0,\"image\":{\"@id\":\"https:\\\/\\\/quehacerpolitico.mx\\\/?p=98404#primaryimage\"},\"thumbnailUrl\":\"https:\\\/\\\/quehacerpolitico.mx\\\/wp-content\\\/uploads\\\/2023\\\/01\\\/D0D8B49A-746F-4C91-9281-64BCA6A62828.jpeg\",\"articleSection\":[\"Noticias\"],\"inLanguage\":\"es\",\"potentialAction\":[{\"@type\":\"CommentAction\",\"name\":\"Comment\",\"target\":[\"https:\\\/\\\/quehacerpolitico.mx\\\/?p=98404#respond\"]}]},{\"@type\":\"WebPage\",\"@id\":\"https:\\\/\\\/quehacerpolitico.mx\\\/?p=98404\",\"url\":\"https:\\\/\\\/quehacerpolitico.mx\\\/?p=98404\",\"name\":\"L\u00f3pez Obrador promete que \\\"pronto\\\" bajar\u00e1 la inflaci\u00f3n y descarta nuevas medidas -\",\"isPartOf\":{\"@id\":\"https:\\\/\\\/quehacerpolitico.mx\\\/#website\"},\"primaryImageOfPage\":{\"@id\":\"https:\\\/\\\/quehacerpolitico.mx\\\/?p=98404#primaryimage\"},\"image\":{\"@id\":\"https:\\\/\\\/quehacerpolitico.mx\\\/?p=98404#primaryimage\"},\"thumbnailUrl\":\"https:\\\/\\\/quehacerpolitico.mx\\\/wp-content\\\/uploads\\\/2023\\\/01\\\/D0D8B49A-746F-4C91-9281-64BCA6A62828.jpeg\",\"datePublished\":\"2023-01-27T18:35:49+00:00\",\"dateModified\":\"2023-01-27T18:35:53+00:00\",\"author\":{\"@id\":\"https:\\\/\\\/quehacerpolitico.mx\\\/#\\\/schema\\\/person\\\/496d8ad2d1d3f8036101dca7ee39e585\"},\"breadcrumb\":{\"@id\":\"https:\\\/\\\/quehacerpolitico.mx\\\/?p=98404#breadcrumb\"},\"inLanguage\":\"es\",\"potentialAction\":[{\"@type\":\"ReadAction\",\"target\":[\"https:\\\/\\\/quehacerpolitico.mx\\\/?p=98404\"]}]},{\"@type\":\"ImageObject\",\"inLanguage\":\"es\",\"@id\":\"https:\\\/\\\/quehacerpolitico.mx\\\/?p=98404#primaryimage\",\"url\":\"https:\\\/\\\/quehacerpolitico.mx\\\/wp-content\\\/uploads\\\/2023\\\/01\\\/D0D8B49A-746F-4C91-9281-64BCA6A62828.jpeg\",\"contentUrl\":\"https:\\\/\\\/quehacerpolitico.mx\\\/wp-content\\\/uploads\\\/2023\\\/01\\\/D0D8B49A-746F-4C91-9281-64BCA6A62828.jpeg\",\"width\":1284,\"height\":699},{\"@type\":\"BreadcrumbList\",\"@id\":\"https:\\\/\\\/quehacerpolitico.mx\\\/?p=98404#breadcrumb\",\"itemListElement\":[{\"@type\":\"ListItem\",\"position\":1,\"name\":\"Inicio\",\"item\":\"https:\\\/\\\/quehacerpolitico.mx\\\/\"},{\"@type\":\"ListItem\",\"position\":2,\"name\":\"L\u00f3pez Obrador promete que &#8220;pronto&#8221; bajar\u00e1 la inflaci\u00f3n y descarta nuevas medidas\"}]},{\"@type\":\"WebSite\",\"@id\":\"https:\\\/\\\/quehacerpolitico.mx\\\/#website\",\"url\":\"https:\\\/\\\/quehacerpolitico.mx\\\/\",\"name\":\"\",\"description\":\"\",\"potentialAction\":[{\"@type\":\"SearchAction\",\"target\":{\"@type\":\"EntryPoint\",\"urlTemplate\":\"https:\\\/\\\/quehacerpolitico.mx\\\/?s={search_term_string}\"},\"query-input\":{\"@type\":\"PropertyValueSpecification\",\"valueRequired\":true,\"valueName\":\"search_term_string\"}}],\"inLanguage\":\"es\"},{\"@type\":\"Person\",\"@id\":\"https:\\\/\\\/quehacerpolitico.mx\\\/#\\\/schema\\\/person\\\/496d8ad2d1d3f8036101dca7ee39e585\",\"name\":\"Redacci\u00f3n QP\",\"image\":{\"@type\":\"ImageObject\",\"inLanguage\":\"es\",\"@id\":\"https:\\\/\\\/secure.gravatar.com\\\/avatar\\\/c7164ed6fdec453195284ad24a5ae5b6e1eed2b848477fa2a4787ba9adf39a41?s=96&d=mm&r=g\",\"url\":\"https:\\\/\\\/secure.gravatar.com\\\/avatar\\\/c7164ed6fdec453195284ad24a5ae5b6e1eed2b848477fa2a4787ba9adf39a41?s=96&d=mm&r=g\",\"contentUrl\":\"https:\\\/\\\/secure.gravatar.com\\\/avatar\\\/c7164ed6fdec453195284ad24a5ae5b6e1eed2b848477fa2a4787ba9adf39a41?s=96&d=mm&r=g\",\"caption\":\"Redacci\u00f3n QP\"},\"url\":\"https:\\\/\\\/quehacerpolitico.mx\\\/?author=2\"}]}<\/script>\n<!-- \/ Yoast SEO plugin. -->","yoast_head_json":{"title":"L\u00f3pez Obrador promete que \"pronto\" bajar\u00e1 la inflaci\u00f3n y descarta nuevas medidas -","robots":{"index":"index","follow":"follow","max-snippet":"max-snippet:-1","max-image-preview":"max-image-preview:large","max-video-preview":"max-video-preview:-1"},"canonical":"https:\/\/quehacerpolitico.mx\/?p=98404","og_locale":"es_MX","og_type":"article","og_title":"L\u00f3pez Obrador promete que \"pronto\" bajar\u00e1 la inflaci\u00f3n y descarta nuevas medidas -","og_description":"Por Redacci\u00f3n QP Las declaraciones se producen tras la aceleraci\u00f3n de la inflaci\u00f3n en M\u00e9xico,...","og_url":"https:\/\/quehacerpolitico.mx\/?p=98404","article_published_time":"2023-01-27T18:35:49+00:00","article_modified_time":"2023-01-27T18:35:53+00:00","og_image":[{"width":1284,"height":699,"url":"https:\/\/quehacerpolitico.mx\/wp-content\/uploads\/2023\/01\/D0D8B49A-746F-4C91-9281-64BCA6A62828.jpeg","type":"image\/jpeg"}],"author":"Redacci\u00f3n QP","twitter_card":"summary_large_image","twitter_misc":{"Escrito por":"Redacci\u00f3n QP","Tiempo de lectura":"2 minutos"},"schema":{"@context":"https:\/\/schema.org","@graph":[{"@type":"Article","@id":"https:\/\/quehacerpolitico.mx\/?p=98404#article","isPartOf":{"@id":"https:\/\/quehacerpolitico.mx\/?p=98404"},"author":{"name":"Redacci\u00f3n QP","@id":"https:\/\/quehacerpolitico.mx\/#\/schema\/person\/496d8ad2d1d3f8036101dca7ee39e585"},"headline":"L\u00f3pez Obrador promete que &#8220;pronto&#8221; bajar\u00e1 la inflaci\u00f3n y descarta nuevas medidas","datePublished":"2023-01-27T18:35:49+00:00","dateModified":"2023-01-27T18:35:53+00:00","mainEntityOfPage":{"@id":"https:\/\/quehacerpolitico.mx\/?p=98404"},"wordCount":434,"commentCount":0,"image":{"@id":"https:\/\/quehacerpolitico.mx\/?p=98404#primaryimage"},"thumbnailUrl":"https:\/\/quehacerpolitico.mx\/wp-content\/uploads\/2023\/01\/D0D8B49A-746F-4C91-9281-64BCA6A62828.jpeg","articleSection":["Noticias"],"inLanguage":"es","potentialAction":[{"@type":"CommentAction","name":"Comment","target":["https:\/\/quehacerpolitico.mx\/?p=98404#respond"]}]},{"@type":"WebPage","@id":"https:\/\/quehacerpolitico.mx\/?p=98404","url":"https:\/\/quehacerpolitico.mx\/?p=98404","name":"L\u00f3pez Obrador promete que \"pronto\" bajar\u00e1 la inflaci\u00f3n y descarta nuevas medidas -","isPartOf":{"@id":"https:\/\/quehacerpolitico.mx\/#website"},"primaryImageOfPage":{"@id":"https:\/\/quehacerpolitico.mx\/?p=98404#primaryimage"},"image":{"@id":"https:\/\/quehacerpolitico.mx\/?p=98404#primaryimage"},"thumbnailUrl":"https:\/\/quehacerpolitico.mx\/wp-content\/uploads\/2023\/01\/D0D8B49A-746F-4C91-9281-64BCA6A62828.jpeg","datePublished":"2023-01-27T18:35:49+00:00","dateModified":"2023-01-27T18:35:53+00:00","author":{"@id":"https:\/\/quehacerpolitico.mx\/#\/schema\/person\/496d8ad2d1d3f8036101dca7ee39e585"},"breadcrumb":{"@id":"https:\/\/quehacerpolitico.mx\/?p=98404#breadcrumb"},"inLanguage":"es","potentialAction":[{"@type":"ReadAction","target":["https:\/\/quehacerpolitico.mx\/?p=98404"]}]},{"@type":"ImageObject","inLanguage":"es","@id":"https:\/\/quehacerpolitico.mx\/?p=98404#primaryimage","url":"https:\/\/quehacerpolitico.mx\/wp-content\/uploads\/2023\/01\/D0D8B49A-746F-4C91-9281-64BCA6A62828.jpeg","contentUrl":"https:\/\/quehacerpolitico.mx\/wp-content\/uploads\/2023\/01\/D0D8B49A-746F-4C91-9281-64BCA6A62828.jpeg","width":1284,"height":699},{"@type":"BreadcrumbList","@id":"https:\/\/quehacerpolitico.mx\/?p=98404#breadcrumb","itemListElement":[{"@type":"ListItem","position":1,"name":"Inicio","item":"https:\/\/quehacerpolitico.mx\/"},{"@type":"ListItem","position":2,"name":"L\u00f3pez Obrador promete que &#8220;pronto&#8221; bajar\u00e1 la inflaci\u00f3n y descarta nuevas medidas"}]},{"@type":"WebSite","@id":"https:\/\/quehacerpolitico.mx\/#website","url":"https:\/\/quehacerpolitico.mx\/","name":"","description":"","potentialAction":[{"@type":"SearchAction","target":{"@type":"EntryPoint","urlTemplate":"https:\/\/quehacerpolitico.mx\/?s={search_term_string}"},"query-input":{"@type":"PropertyValueSpecification","valueRequired":true,"valueName":"search_term_string"}}],"inLanguage":"es"},{"@type":"Person","@id":"https:\/\/quehacerpolitico.mx\/#\/schema\/person\/496d8ad2d1d3f8036101dca7ee39e585","name":"Redacci\u00f3n QP","image":{"@type":"ImageObject","inLanguage":"es","@id":"https:\/\/secure.gravatar.com\/avatar\/c7164ed6fdec453195284ad24a5ae5b6e1eed2b848477fa2a4787ba9adf39a41?s=96&d=mm&r=g","url":"https:\/\/secure.gravatar.com\/avatar\/c7164ed6fdec453195284ad24a5ae5b6e1eed2b848477fa2a4787ba9adf39a41?s=96&d=mm&r=g","contentUrl":"https:\/\/secure.gravatar.com\/avatar\/c7164ed6fdec453195284ad24a5ae5b6e1eed2b848477fa2a4787ba9adf39a41?s=96&d=mm&r=g","caption":"Redacci\u00f3n QP"},"url":"https:\/\/quehacerpolitico.mx\/?author=2"}]}},"featured_image_urls":{"full":["https:\/\/quehacerpolitico.mx\/wp-content\/uploads\/2023\/01\/D0D8B49A-746F-4C91-9281-64BCA6A62828.jpeg",1284,699,false],"thumbnail":["https:\/\/quehacerpolitico.mx\/wp-content\/uploads\/2023\/01\/D0D8B49A-746F-4C91-9281-64BCA6A62828-150x150.jpeg",150,150,true],"medium":["https:\/\/quehacerpolitico.mx\/wp-content\/uploads\/2023\/01\/D0D8B49A-746F-4C91-9281-64BCA6A62828-300x163.jpeg",300,163,true],"medium_large":["https:\/\/quehacerpolitico.mx\/wp-content\/uploads\/2023\/01\/D0D8B49A-746F-4C91-9281-64BCA6A62828-768x418.jpeg",640,348,true],"large":["https:\/\/quehacerpolitico.mx\/wp-content\/uploads\/2023\/01\/D0D8B49A-746F-4C91-9281-64BCA6A62828-1024x557.jpeg",640,348,true],"1536x1536":["https:\/\/quehacerpolitico.mx\/wp-content\/uploads\/2023\/01\/D0D8B49A-746F-4C91-9281-64BCA6A62828.jpeg",1284,699,false],"2048x2048":["https:\/\/quehacerpolitico.mx\/wp-content\/uploads\/2023\/01\/D0D8B49A-746F-4C91-9281-64BCA6A62828.jpeg",1284,699,false],"covernews-featured":["https:\/\/quehacerpolitico.mx\/wp-content\/uploads\/2023\/01\/D0D8B49A-746F-4C91-9281-64BCA6A62828.jpeg",1024,557,false],"covernews-medium":["https:\/\/quehacerpolitico.mx\/wp-content\/uploads\/2023\/01\/D0D8B49A-746F-4C91-9281-64BCA6A62828.jpeg",540,294,false]},"author_info":{"display_name":"Redacci\u00f3n QP","author_link":"https:\/\/quehacerpolitico.mx\/?author=2"},"category_info":"<a href=\"https:\/\/quehacerpolitico.mx\/?cat=2\" rel=\"category\">Noticias<\/a>","tag_info":"Noticias","comment_count":"0","_links":{"self":[{"href":"https:\/\/quehacerpolitico.mx\/index.php?rest_route=\/wp\/v2\/posts\/98404","targetHints":{"allow":["GET"]}}],"collection":[{"href":"https:\/\/quehacerpolitico.mx\/index.php?rest_route=\/wp\/v2\/posts"}],"about":[{"href":"https:\/\/quehacerpolitico.mx\/index.php?rest_route=\/wp\/v2\/types\/post"}],"author":[{"embeddable":true,"href":"https:\/\/quehacerpolitico.mx\/index.php?rest_route=\/wp\/v2\/users\/2"}],"replies":[{"embeddable":true,"href":"https:\/\/quehacerpolitico.mx\/index.php?rest_route=%2Fwp%2Fv2%2Fcomments&post=98404"}],"version-history":[{"count":1,"href":"https:\/\/quehacerpolitico.mx\/index.php?rest_route=\/wp\/v2\/posts\/98404\/revisions"}],"predecessor-version":[{"id":98406,"href":"https:\/\/quehacerpolitico.mx\/index.php?rest_route=\/wp\/v2\/posts\/98404\/revisions\/98406"}],"wp:featuredmedia":[{"embeddable":true,"href":"https:\/\/quehacerpolitico.mx\/index.php?rest_route=\/wp\/v2\/media\/98405"}],"wp:attachment":[{"href":"https:\/\/quehacerpolitico.mx\/index.php?rest_route=%2Fwp%2Fv2%2Fmedia&parent=98404"}],"wp:term":[{"taxonomy":"category","embeddable":true,"href":"https:\/\/quehacerpolitico.mx\/index.php?rest_route=%2Fwp%2Fv2%2Fcategories&post=98404"},{"taxonomy":"post_tag","embeddable":true,"href":"https:\/\/quehacerpolitico.mx\/index.php?rest_route=%2Fwp%2Fv2%2Ftags&post=98404"}],"curies":[{"name":"wp","href":"https:\/\/api.w.org\/{rel}","templated":true}]}}