{"id":98367,"date":"2023-01-26T20:02:22","date_gmt":"2023-01-26T20:02:22","guid":{"rendered":"https:\/\/quehacerpolitico.mx\/?p=98367"},"modified":"2023-01-26T20:02:25","modified_gmt":"2023-01-26T20:02:25","slug":"lamentable-que-el-presidente-lopez-obrador-utilice-la-estigmatizacion-para-responder-articulo-19","status":"publish","type":"post","link":"https:\/\/quehacerpolitico.mx\/?p=98367","title":{"rendered":"Lamentable que el presidente Lopez Obrador utilice la estigmatizaci\u00f3n para responder: Art\u00edculo 19"},"content":{"rendered":"\n<p>Por Redacci\u00f3n QP<\/p>\n\n\n\n<p>Articulo 19 critic\u00f3 la respuesta de L\u00f3pez Obrador ante la petici\u00f3n de reunirse con familiares de periodistas asesinados en Veracruz<\/p>\n\n\n\n<p>La\u00a0organizaci\u00f3n <strong>Art\u00edculo 19<\/strong>\u00a0lament\u00f3 que el presidente\u00a0<strong>Andr\u00e9s Manuel L\u00f3pez Obrador<\/strong>\u00a0\u201ccontin\u00fae utilizando la\u00a0<strong>estigmatizaci\u00f3n<\/strong> para responder a un cuestionamiento leg\u00edtimo de parte de\u00a0<strong>v\u00edctimas<\/strong>\u00a0de\u00a0<strong>violaciones graves<\/strong>\u00a0a los\u00a0<strong>derechos humanos<\/strong>\u201c.<\/p>\n\n\n\n<figure class=\"wp-block-embed is-type-rich is-provider-twitter wp-block-embed-twitter\"><div class=\"wp-block-embed__wrapper\">\n<blockquote class=\"twitter-tweet\" data-width=\"550\" data-dnt=\"true\"><p lang=\"es\" dir=\"ltr\">\ud83d\udde3\ufe0f Es lamentable que el presidente contin\u00fae utilizando la estigmatizaci\u00f3n para responder a un cuestionamiento leg\u00edtimo de parte de v\u00edctimas de violaciones graves a DDHH, en este caso del hijo de Mois\u00e9s S\u00e1nchez.<br><br>\ud83d\udcf2 Aqu\u00ed nuestro posicionamiento al respecto: <a href=\"https:\/\/t.co\/h7xHhnaWJI\">https:\/\/t.co\/h7xHhnaWJI<\/a> <a href=\"https:\/\/t.co\/VM9adPfUaE\">pic.twitter.com\/VM9adPfUaE<\/a><\/p>&mdash; ARTICLE 19 MX-CA (@article19mex) <a href=\"https:\/\/twitter.com\/article19mex\/status\/1618668606715469824?ref_src=twsrc%5Etfw\">January 26, 2023<\/a><\/blockquote><script async src=\"https:\/\/platform.twitter.com\/widgets.js\" charset=\"utf-8\"><\/script>\n<\/div><\/figure>\n\n\n\n<p>La\u00a0<strong>ONG<\/strong>\u00a0hizo referencia lo ocurrido con\u00a0<strong>Jorge S\u00e1nchez<\/strong>, hijo del periodista asesinado\u00a0<strong>Mois\u00e9s S\u00e1nchez<\/strong>, quien acudi\u00f3 a la conferencia matutina en dos ocasiones para pedir al mandatario mexicano que preste atenci\u00f3n en el caso de su padre y que escuchara las exigencias de los familiares de los m\u00e1s de 30 periodistas que han sido asesinados en Veracruz.<\/p>\n\n\n\n<p>\u201cDespu\u00e9s de que el presidente lo invit\u00f3 a volver a la conferencia del d\u00eda de hoy, la respuesta a Jorge S\u00e1nchez fue la\u00a0<strong>descalificaci\u00f3n, la revictimizaci\u00f3n y la desinformaci\u00f3n<\/strong>\u201c, dijo.<\/p>\n\n\n\n<p>Articulo 19 lamenta que el presidente contin\u00fae utilizando la estigmatizaci\u00f3n para responder a un cuestionamiento leg\u00edtimo de parte de v\u00edctimas de violaciones graves a derechos humanos, en este caso del hijo de Mois\u00e9s S\u00e1nchez\u201d, puntualiz\u00f3.<\/p>\n\n\n\n<p>Enfatiz\u00f3 que la familia S\u00e1nchez, desde la desaparici\u00f3n y posterior asesinato de Mois\u00e9s en enero de 2015, vive bajo riesgo a consecuencia de su exigencia de justicia.<\/p>\n\n\n\n<p>El discurso del Ejecutivo federal contra los cuestionamientos puede agudizar o incrementar el contexto adverso en el que se encuentra la familia, dado el poder y alcance que tiene la voz del presidente en el pa\u00eds\u201d, refiri\u00f3.<\/p>\n\n\n\n<p>\u201cPor m\u00e1s de 8 a\u00f1os la familia S\u00e1nchez y Article 19 hemos pedido a las autoridades estatales y federales que se garantice justicia, reparaci\u00f3n y verdad en el caso. Sin embargo, la Fiscal\u00eda General del Estado de Veracruz y la Fiscal\u00eda General de la Rep\u00fablica han incumplido en su labor de investigar con debida diligencia a fin de llegar con la totalidad de los autores materiales y otros posibles autores intelectuales del hecho\u201d, puntualiz\u00f3.<\/p>\n\n\n\n<p>\u201cPor ello, Art\u00edculo 19 junto con la familia S\u00e1nchez ingresamos este caso ante la Comisi\u00f3n Interamericana de Derechos Humanos (CIDH) con el objetivo de incidir para que el Estado mexicano act\u00fae a favor de la justicia y genere cambios estructurales que prevenga m\u00e1s asesinatos de periodistas, as\u00ed como est\u00e1ndares en la procuraci\u00f3n de justicia\u201d, subray\u00f3.<\/p>\n\n\n\n<p>Art\u00edculo 19 dej\u00f3 en claro que las omisiones en la investigaci\u00f3n del asesinato de Mois\u00e9s S\u00e1nchez, la ausencia de garant\u00edas para ejercer un periodismo libre y seguro en Veracruz, as\u00ed como las desafortunadas declaraciones del presidente L\u00f3pez Obrador, \u201cson muestra del contexto de abandono a las v\u00edctimas.<\/p>\n\n\n\n<p>\u201cPor \u00faltimo, recordamos que es obligaci\u00f3n de quienes ostentan cargos p\u00fablicos tolerar la cr\u00edtica y que es el Estado la entidad obligada de garantizar seguridad y combatir la impunidad\u201d, finaliz\u00f3.<\/p>\n\n\n\n<h3 class=\"wp-block-heading\">\u00bfQu\u00e9 sucedi\u00f3 en la ma\u00f1anera?<\/h3>\n\n\n\n<p><strong>Jorge S\u00e1nchez<\/strong>, hijo del periodista asesinado\u00a0<strong>Mois\u00e9s S\u00e1nchez<\/strong>, pidi\u00f3 a\u00a0<strong>L\u00f3pez Obrador<\/strong>\u00a0reunirse con familiares de\u00a0<strong>periodistas asesinados<\/strong>\u00a0en\u00a0<strong>Veracruz<\/strong>\u00a0para conocer sus casos: \u201cyo s\u00e9 que a lo mejor no somos tan importantes, no est\u00e1 aqu\u00ed la mam\u00e1 del\u00a0<strong><em>Chapo<\/em>\u00a0(Joaqu\u00edn Guzm\u00e1n Loera)\u201d.<\/strong><\/p>\n\n\n\n<figure class=\"wp-block-embed is-type-rich is-provider-twitter wp-block-embed-twitter\"><div class=\"wp-block-embed__wrapper\">\n<blockquote class=\"twitter-tweet\" data-width=\"550\" data-dnt=\"true\"><p lang=\"es\" dir=\"ltr\">&quot;A lo mejor no somos tan importantes para usted, que no est\u00e1 aqu\u00ed la mam\u00e1 del Chapo&quot; <br><br>Familiares de periodistas asesinados reclaman impunidad. Solicitaron audiencia con Fiscal\u00edas y con el presidente. <a href=\"https:\/\/t.co\/wbWcrRt3wI\">pic.twitter.com\/wbWcrRt3wI<\/a><\/p>&mdash; Ruido en la Red (@RuidoEnLaRed) <a href=\"https:\/\/twitter.com\/RuidoEnLaRed\/status\/1618630336833007616?ref_src=twsrc%5Etfw\">January 26, 2023<\/a><\/blockquote><script async src=\"https:\/\/platform.twitter.com\/widgets.js\" charset=\"utf-8\"><\/script>\n<\/div><\/figure>\n\n\n\n<p>El jefe del Ejecutivo mexicano, respondi\u00f3 que el argument\u00f3 de&nbsp;<strong>S\u00e1nchez<\/strong>&nbsp;era \u201cpropio de los&nbsp;<strong>conservadores\u201d,<\/strong>&nbsp;y que \u201cno somos farsantes, actuamos con humanismo\u201d.<\/p>\n\n\n\n<p>Adem\u00e1s, le pidi\u00f3 que se reunieran con la titular de Seguridad y Protecci\u00f3n Ciudadana (<strong>SSPC<\/strong>),\u00a0<strong>Rosa Icela Rodr\u00edguez<\/strong>.<\/p>\n\n\n\n<p>Cuando hablas de la mam\u00e1 del\u00a0<em>Chapo<\/em>\u2026 Esos son los argumentos de los adversarios\u201d, lanz\u00f3.<\/p>\n\n\n\n<p>\u201cRecibo siempre, todos los d\u00edas me dedico a que se imparta justicia, desde hace 40 a\u00f1os a\u00f1os, no de ahora, no soy fifi yo vengo de la lucha social. Yo defend\u00eda derechos humanos antes de que existiera la oficia de derechos humanos que por cierto cre\u00f3 (Fernando) Guti\u00e9rrez Barrios\u201d, agreg\u00f3.<\/p>\n","protected":false},"excerpt":{"rendered":"<p>Por Redacci\u00f3n QP Articulo 19 critic\u00f3 la respuesta de L\u00f3pez Obrador ante la petici\u00f3n de&#8230;<\/p>\n","protected":false},"author":2,"featured_media":98368,"comment_status":"open","ping_status":"open","sticky":false,"template":"","format":"standard","meta":{"_monsterinsights_skip_tracking":false,"_monsterinsights_sitenote_active":false,"_monsterinsights_sitenote_note":"","_monsterinsights_sitenote_category":0,"footnotes":""},"categories":[2],"tags":[],"class_list":["post-98367","post","type-post","status-publish","format-standard","has-post-thumbnail","hentry","category-noticias"],"yoast_head":"<!-- This site is optimized with the Yoast SEO plugin v27.3 - https:\/\/yoast.com\/product\/yoast-seo-wordpress\/ -->\n<title>Lamentable que el presidente Lopez Obrador utilice la estigmatizaci\u00f3n para responder: Art\u00edculo 19 -<\/title>\n<meta name=\"robots\" content=\"index, follow, max-snippet:-1, max-image-preview:large, max-video-preview:-1\" \/>\n<link rel=\"canonical\" href=\"https:\/\/quehacerpolitico.mx\/?p=98367\" \/>\n<meta property=\"og:locale\" content=\"es_MX\" \/>\n<meta property=\"og:type\" content=\"article\" \/>\n<meta property=\"og:title\" content=\"Lamentable que el presidente Lopez Obrador utilice la estigmatizaci\u00f3n para responder: Art\u00edculo 19 -\" \/>\n<meta property=\"og:description\" content=\"Por Redacci\u00f3n QP Articulo 19 critic\u00f3 la respuesta de L\u00f3pez Obrador ante la petici\u00f3n de...\" \/>\n<meta property=\"og:url\" content=\"https:\/\/quehacerpolitico.mx\/?p=98367\" \/>\n<meta property=\"article:published_time\" content=\"2023-01-26T20:02:22+00:00\" \/>\n<meta property=\"article:modified_time\" content=\"2023-01-26T20:02:25+00:00\" \/>\n<meta property=\"og:image\" content=\"https:\/\/quehacerpolitico.mx\/wp-content\/uploads\/2023\/01\/1E46C09F-F118-4B7A-ABA0-05921C151182.jpeg\" \/>\n\t<meta property=\"og:image:width\" content=\"1284\" \/>\n\t<meta property=\"og:image:height\" content=\"699\" \/>\n\t<meta property=\"og:image:type\" content=\"image\/jpeg\" \/>\n<meta name=\"author\" content=\"Redacci\u00f3n QP\" \/>\n<meta name=\"twitter:card\" content=\"summary_large_image\" \/>\n<meta name=\"twitter:label1\" content=\"Escrito por\" \/>\n\t<meta name=\"twitter:data1\" content=\"Redacci\u00f3n QP\" \/>\n\t<meta name=\"twitter:label2\" content=\"Tiempo de lectura\" \/>\n\t<meta name=\"twitter:data2\" content=\"3 minutos\" \/>\n<script type=\"application\/ld+json\" class=\"yoast-schema-graph\">{\"@context\":\"https:\\\/\\\/schema.org\",\"@graph\":[{\"@type\":\"Article\",\"@id\":\"https:\\\/\\\/quehacerpolitico.mx\\\/?p=98367#article\",\"isPartOf\":{\"@id\":\"https:\\\/\\\/quehacerpolitico.mx\\\/?p=98367\"},\"author\":{\"name\":\"Redacci\u00f3n QP\",\"@id\":\"https:\\\/\\\/quehacerpolitico.mx\\\/#\\\/schema\\\/person\\\/496d8ad2d1d3f8036101dca7ee39e585\"},\"headline\":\"Lamentable que el presidente Lopez Obrador utilice la estigmatizaci\u00f3n para responder: Art\u00edculo 19\",\"datePublished\":\"2023-01-26T20:02:22+00:00\",\"dateModified\":\"2023-01-26T20:02:25+00:00\",\"mainEntityOfPage\":{\"@id\":\"https:\\\/\\\/quehacerpolitico.mx\\\/?p=98367\"},\"wordCount\":708,\"commentCount\":0,\"image\":{\"@id\":\"https:\\\/\\\/quehacerpolitico.mx\\\/?p=98367#primaryimage\"},\"thumbnailUrl\":\"https:\\\/\\\/quehacerpolitico.mx\\\/wp-content\\\/uploads\\\/2023\\\/01\\\/1E46C09F-F118-4B7A-ABA0-05921C151182.jpeg\",\"articleSection\":[\"Noticias\"],\"inLanguage\":\"es\",\"potentialAction\":[{\"@type\":\"CommentAction\",\"name\":\"Comment\",\"target\":[\"https:\\\/\\\/quehacerpolitico.mx\\\/?p=98367#respond\"]}]},{\"@type\":\"WebPage\",\"@id\":\"https:\\\/\\\/quehacerpolitico.mx\\\/?p=98367\",\"url\":\"https:\\\/\\\/quehacerpolitico.mx\\\/?p=98367\",\"name\":\"Lamentable que el presidente Lopez Obrador utilice la estigmatizaci\u00f3n para responder: Art\u00edculo 19 -\",\"isPartOf\":{\"@id\":\"https:\\\/\\\/quehacerpolitico.mx\\\/#website\"},\"primaryImageOfPage\":{\"@id\":\"https:\\\/\\\/quehacerpolitico.mx\\\/?p=98367#primaryimage\"},\"image\":{\"@id\":\"https:\\\/\\\/quehacerpolitico.mx\\\/?p=98367#primaryimage\"},\"thumbnailUrl\":\"https:\\\/\\\/quehacerpolitico.mx\\\/wp-content\\\/uploads\\\/2023\\\/01\\\/1E46C09F-F118-4B7A-ABA0-05921C151182.jpeg\",\"datePublished\":\"2023-01-26T20:02:22+00:00\",\"dateModified\":\"2023-01-26T20:02:25+00:00\",\"author\":{\"@id\":\"https:\\\/\\\/quehacerpolitico.mx\\\/#\\\/schema\\\/person\\\/496d8ad2d1d3f8036101dca7ee39e585\"},\"breadcrumb\":{\"@id\":\"https:\\\/\\\/quehacerpolitico.mx\\\/?p=98367#breadcrumb\"},\"inLanguage\":\"es\",\"potentialAction\":[{\"@type\":\"ReadAction\",\"target\":[\"https:\\\/\\\/quehacerpolitico.mx\\\/?p=98367\"]}]},{\"@type\":\"ImageObject\",\"inLanguage\":\"es\",\"@id\":\"https:\\\/\\\/quehacerpolitico.mx\\\/?p=98367#primaryimage\",\"url\":\"https:\\\/\\\/quehacerpolitico.mx\\\/wp-content\\\/uploads\\\/2023\\\/01\\\/1E46C09F-F118-4B7A-ABA0-05921C151182.jpeg\",\"contentUrl\":\"https:\\\/\\\/quehacerpolitico.mx\\\/wp-content\\\/uploads\\\/2023\\\/01\\\/1E46C09F-F118-4B7A-ABA0-05921C151182.jpeg\",\"width\":1284,\"height\":699},{\"@type\":\"BreadcrumbList\",\"@id\":\"https:\\\/\\\/quehacerpolitico.mx\\\/?p=98367#breadcrumb\",\"itemListElement\":[{\"@type\":\"ListItem\",\"position\":1,\"name\":\"Inicio\",\"item\":\"https:\\\/\\\/quehacerpolitico.mx\\\/\"},{\"@type\":\"ListItem\",\"position\":2,\"name\":\"Lamentable que el presidente Lopez Obrador utilice la estigmatizaci\u00f3n para responder: Art\u00edculo 19\"}]},{\"@type\":\"WebSite\",\"@id\":\"https:\\\/\\\/quehacerpolitico.mx\\\/#website\",\"url\":\"https:\\\/\\\/quehacerpolitico.mx\\\/\",\"name\":\"\",\"description\":\"\",\"potentialAction\":[{\"@type\":\"SearchAction\",\"target\":{\"@type\":\"EntryPoint\",\"urlTemplate\":\"https:\\\/\\\/quehacerpolitico.mx\\\/?s={search_term_string}\"},\"query-input\":{\"@type\":\"PropertyValueSpecification\",\"valueRequired\":true,\"valueName\":\"search_term_string\"}}],\"inLanguage\":\"es\"},{\"@type\":\"Person\",\"@id\":\"https:\\\/\\\/quehacerpolitico.mx\\\/#\\\/schema\\\/person\\\/496d8ad2d1d3f8036101dca7ee39e585\",\"name\":\"Redacci\u00f3n QP\",\"image\":{\"@type\":\"ImageObject\",\"inLanguage\":\"es\",\"@id\":\"https:\\\/\\\/secure.gravatar.com\\\/avatar\\\/c7164ed6fdec453195284ad24a5ae5b6e1eed2b848477fa2a4787ba9adf39a41?s=96&d=mm&r=g\",\"url\":\"https:\\\/\\\/secure.gravatar.com\\\/avatar\\\/c7164ed6fdec453195284ad24a5ae5b6e1eed2b848477fa2a4787ba9adf39a41?s=96&d=mm&r=g\",\"contentUrl\":\"https:\\\/\\\/secure.gravatar.com\\\/avatar\\\/c7164ed6fdec453195284ad24a5ae5b6e1eed2b848477fa2a4787ba9adf39a41?s=96&d=mm&r=g\",\"caption\":\"Redacci\u00f3n QP\"},\"url\":\"https:\\\/\\\/quehacerpolitico.mx\\\/?author=2\"}]}<\/script>\n<!-- \/ Yoast SEO plugin. -->","yoast_head_json":{"title":"Lamentable que el presidente Lopez Obrador utilice la estigmatizaci\u00f3n para responder: Art\u00edculo 19 -","robots":{"index":"index","follow":"follow","max-snippet":"max-snippet:-1","max-image-preview":"max-image-preview:large","max-video-preview":"max-video-preview:-1"},"canonical":"https:\/\/quehacerpolitico.mx\/?p=98367","og_locale":"es_MX","og_type":"article","og_title":"Lamentable que el presidente Lopez Obrador utilice la estigmatizaci\u00f3n para responder: Art\u00edculo 19 -","og_description":"Por Redacci\u00f3n QP Articulo 19 critic\u00f3 la respuesta de L\u00f3pez Obrador ante la petici\u00f3n de...","og_url":"https:\/\/quehacerpolitico.mx\/?p=98367","article_published_time":"2023-01-26T20:02:22+00:00","article_modified_time":"2023-01-26T20:02:25+00:00","og_image":[{"width":1284,"height":699,"url":"https:\/\/quehacerpolitico.mx\/wp-content\/uploads\/2023\/01\/1E46C09F-F118-4B7A-ABA0-05921C151182.jpeg","type":"image\/jpeg"}],"author":"Redacci\u00f3n QP","twitter_card":"summary_large_image","twitter_misc":{"Escrito por":"Redacci\u00f3n QP","Tiempo de lectura":"3 minutos"},"schema":{"@context":"https:\/\/schema.org","@graph":[{"@type":"Article","@id":"https:\/\/quehacerpolitico.mx\/?p=98367#article","isPartOf":{"@id":"https:\/\/quehacerpolitico.mx\/?p=98367"},"author":{"name":"Redacci\u00f3n QP","@id":"https:\/\/quehacerpolitico.mx\/#\/schema\/person\/496d8ad2d1d3f8036101dca7ee39e585"},"headline":"Lamentable que el presidente Lopez Obrador utilice la estigmatizaci\u00f3n para responder: Art\u00edculo 19","datePublished":"2023-01-26T20:02:22+00:00","dateModified":"2023-01-26T20:02:25+00:00","mainEntityOfPage":{"@id":"https:\/\/quehacerpolitico.mx\/?p=98367"},"wordCount":708,"commentCount":0,"image":{"@id":"https:\/\/quehacerpolitico.mx\/?p=98367#primaryimage"},"thumbnailUrl":"https:\/\/quehacerpolitico.mx\/wp-content\/uploads\/2023\/01\/1E46C09F-F118-4B7A-ABA0-05921C151182.jpeg","articleSection":["Noticias"],"inLanguage":"es","potentialAction":[{"@type":"CommentAction","name":"Comment","target":["https:\/\/quehacerpolitico.mx\/?p=98367#respond"]}]},{"@type":"WebPage","@id":"https:\/\/quehacerpolitico.mx\/?p=98367","url":"https:\/\/quehacerpolitico.mx\/?p=98367","name":"Lamentable que el presidente Lopez Obrador utilice la estigmatizaci\u00f3n para responder: Art\u00edculo 19 -","isPartOf":{"@id":"https:\/\/quehacerpolitico.mx\/#website"},"primaryImageOfPage":{"@id":"https:\/\/quehacerpolitico.mx\/?p=98367#primaryimage"},"image":{"@id":"https:\/\/quehacerpolitico.mx\/?p=98367#primaryimage"},"thumbnailUrl":"https:\/\/quehacerpolitico.mx\/wp-content\/uploads\/2023\/01\/1E46C09F-F118-4B7A-ABA0-05921C151182.jpeg","datePublished":"2023-01-26T20:02:22+00:00","dateModified":"2023-01-26T20:02:25+00:00","author":{"@id":"https:\/\/quehacerpolitico.mx\/#\/schema\/person\/496d8ad2d1d3f8036101dca7ee39e585"},"breadcrumb":{"@id":"https:\/\/quehacerpolitico.mx\/?p=98367#breadcrumb"},"inLanguage":"es","potentialAction":[{"@type":"ReadAction","target":["https:\/\/quehacerpolitico.mx\/?p=98367"]}]},{"@type":"ImageObject","inLanguage":"es","@id":"https:\/\/quehacerpolitico.mx\/?p=98367#primaryimage","url":"https:\/\/quehacerpolitico.mx\/wp-content\/uploads\/2023\/01\/1E46C09F-F118-4B7A-ABA0-05921C151182.jpeg","contentUrl":"https:\/\/quehacerpolitico.mx\/wp-content\/uploads\/2023\/01\/1E46C09F-F118-4B7A-ABA0-05921C151182.jpeg","width":1284,"height":699},{"@type":"BreadcrumbList","@id":"https:\/\/quehacerpolitico.mx\/?p=98367#breadcrumb","itemListElement":[{"@type":"ListItem","position":1,"name":"Inicio","item":"https:\/\/quehacerpolitico.mx\/"},{"@type":"ListItem","position":2,"name":"Lamentable que el presidente Lopez Obrador utilice la estigmatizaci\u00f3n para responder: Art\u00edculo 19"}]},{"@type":"WebSite","@id":"https:\/\/quehacerpolitico.mx\/#website","url":"https:\/\/quehacerpolitico.mx\/","name":"","description":"","potentialAction":[{"@type":"SearchAction","target":{"@type":"EntryPoint","urlTemplate":"https:\/\/quehacerpolitico.mx\/?s={search_term_string}"},"query-input":{"@type":"PropertyValueSpecification","valueRequired":true,"valueName":"search_term_string"}}],"inLanguage":"es"},{"@type":"Person","@id":"https:\/\/quehacerpolitico.mx\/#\/schema\/person\/496d8ad2d1d3f8036101dca7ee39e585","name":"Redacci\u00f3n QP","image":{"@type":"ImageObject","inLanguage":"es","@id":"https:\/\/secure.gravatar.com\/avatar\/c7164ed6fdec453195284ad24a5ae5b6e1eed2b848477fa2a4787ba9adf39a41?s=96&d=mm&r=g","url":"https:\/\/secure.gravatar.com\/avatar\/c7164ed6fdec453195284ad24a5ae5b6e1eed2b848477fa2a4787ba9adf39a41?s=96&d=mm&r=g","contentUrl":"https:\/\/secure.gravatar.com\/avatar\/c7164ed6fdec453195284ad24a5ae5b6e1eed2b848477fa2a4787ba9adf39a41?s=96&d=mm&r=g","caption":"Redacci\u00f3n QP"},"url":"https:\/\/quehacerpolitico.mx\/?author=2"}]}},"featured_image_urls":{"full":["https:\/\/quehacerpolitico.mx\/wp-content\/uploads\/2023\/01\/1E46C09F-F118-4B7A-ABA0-05921C151182.jpeg",1284,699,false],"thumbnail":["https:\/\/quehacerpolitico.mx\/wp-content\/uploads\/2023\/01\/1E46C09F-F118-4B7A-ABA0-05921C151182-150x150.jpeg",150,150,true],"medium":["https:\/\/quehacerpolitico.mx\/wp-content\/uploads\/2023\/01\/1E46C09F-F118-4B7A-ABA0-05921C151182-300x163.jpeg",300,163,true],"medium_large":["https:\/\/quehacerpolitico.mx\/wp-content\/uploads\/2023\/01\/1E46C09F-F118-4B7A-ABA0-05921C151182-768x418.jpeg",640,348,true],"large":["https:\/\/quehacerpolitico.mx\/wp-content\/uploads\/2023\/01\/1E46C09F-F118-4B7A-ABA0-05921C151182-1024x557.jpeg",640,348,true],"1536x1536":["https:\/\/quehacerpolitico.mx\/wp-content\/uploads\/2023\/01\/1E46C09F-F118-4B7A-ABA0-05921C151182.jpeg",1284,699,false],"2048x2048":["https:\/\/quehacerpolitico.mx\/wp-content\/uploads\/2023\/01\/1E46C09F-F118-4B7A-ABA0-05921C151182.jpeg",1284,699,false],"covernews-featured":["https:\/\/quehacerpolitico.mx\/wp-content\/uploads\/2023\/01\/1E46C09F-F118-4B7A-ABA0-05921C151182.jpeg",1024,557,false],"covernews-medium":["https:\/\/quehacerpolitico.mx\/wp-content\/uploads\/2023\/01\/1E46C09F-F118-4B7A-ABA0-05921C151182.jpeg",540,294,false]},"author_info":{"display_name":"Redacci\u00f3n QP","author_link":"https:\/\/quehacerpolitico.mx\/?author=2"},"category_info":"<a href=\"https:\/\/quehacerpolitico.mx\/?cat=2\" rel=\"category\">Noticias<\/a>","tag_info":"Noticias","comment_count":"0","_links":{"self":[{"href":"https:\/\/quehacerpolitico.mx\/index.php?rest_route=\/wp\/v2\/posts\/98367","targetHints":{"allow":["GET"]}}],"collection":[{"href":"https:\/\/quehacerpolitico.mx\/index.php?rest_route=\/wp\/v2\/posts"}],"about":[{"href":"https:\/\/quehacerpolitico.mx\/index.php?rest_route=\/wp\/v2\/types\/post"}],"author":[{"embeddable":true,"href":"https:\/\/quehacerpolitico.mx\/index.php?rest_route=\/wp\/v2\/users\/2"}],"replies":[{"embeddable":true,"href":"https:\/\/quehacerpolitico.mx\/index.php?rest_route=%2Fwp%2Fv2%2Fcomments&post=98367"}],"version-history":[{"count":1,"href":"https:\/\/quehacerpolitico.mx\/index.php?rest_route=\/wp\/v2\/posts\/98367\/revisions"}],"predecessor-version":[{"id":98369,"href":"https:\/\/quehacerpolitico.mx\/index.php?rest_route=\/wp\/v2\/posts\/98367\/revisions\/98369"}],"wp:featuredmedia":[{"embeddable":true,"href":"https:\/\/quehacerpolitico.mx\/index.php?rest_route=\/wp\/v2\/media\/98368"}],"wp:attachment":[{"href":"https:\/\/quehacerpolitico.mx\/index.php?rest_route=%2Fwp%2Fv2%2Fmedia&parent=98367"}],"wp:term":[{"taxonomy":"category","embeddable":true,"href":"https:\/\/quehacerpolitico.mx\/index.php?rest_route=%2Fwp%2Fv2%2Fcategories&post=98367"},{"taxonomy":"post_tag","embeddable":true,"href":"https:\/\/quehacerpolitico.mx\/index.php?rest_route=%2Fwp%2Fv2%2Ftags&post=98367"}],"curies":[{"name":"wp","href":"https:\/\/api.w.org\/{rel}","templated":true}]}}