{"id":98364,"date":"2023-01-26T19:34:46","date_gmt":"2023-01-26T19:34:46","guid":{"rendered":"https:\/\/quehacerpolitico.mx\/?p=98364"},"modified":"2023-01-26T19:34:49","modified_gmt":"2023-01-26T19:34:49","slug":"lopez-obrador-explica-si-su-esposa-trabaja-en-el-gobierno","status":"publish","type":"post","link":"https:\/\/quehacerpolitico.mx\/?p=98364","title":{"rendered":"L\u00f3pez Obrador explica si su esposa trabaja en el gobierno"},"content":{"rendered":"\n<p>Por Redacci\u00f3n QP<\/p>\n\n\n\n<p>Fue en su conferencia de prensa matutina que el jefe del Ejecutivo inform\u00f3 sin haber sido cuestionado sobre la situaci\u00f3n laboral de Guti\u00e9rrez M\u00fcller<\/p>\n\n\n\n<p>El Presidente\u00a0Andres Manuel Lopez Obrador aclar\u00f3 que su esposa,\u00a0<strong>la doctora<strong> Beatriz Gutierrez Muller no trabaja en el gobierno, que lo ayuda voluntariamente<\/strong>\u00a0y que la Coordinaci\u00f3n de Memoria Hist\u00f3rica y Cultural de M\u00e9xico, la cual fue derogada por decreto presidencial, era un trabajo voluntario de intelectuales y artistas que ayudaban en recuperar la memoria hist\u00f3rica de M\u00e9xico.<\/strong><\/p>\n\n\n\n<p>En conferencia de prensa matutina y&nbsp;<strong>sin pregunta de por medio, el jefe del Ejecutivo federal se\u00f1al\u00f3 que su esposa trabaja como acad\u00e9mica en la Universidad de Puebla.<\/strong><\/p>\n\n\n\n<p><strong>&#8220;Acaban de dar a conocer que ya hab\u00eda yo dejado sin trabajo a mi esposa,<\/strong>\u00a0porque hab\u00eda yo cancelado la Oficina de la Memoria Hist\u00f3rica;\u00a0<strong>para empezar no hab\u00eda una instituci\u00f3n como tal, todo era a partir de la presencia y el apoyo voluntario de intelectuales,<\/strong>\u00a0artistas que ayudaban en lo de la Memoria Hist\u00f3rica, en recuperar nuestra memoria hist\u00f3rica.<\/p>\n\n\n\n<p>&#8220;Beatriz desde el principio dijo que<strong>&nbsp;no iba a ser primera dama, ni trabaja en el gobierno, ella me ayuda voluntariamente, ella tiene su trabajo, a veces que la voy a ver, me dice &#8216;estoy en mi trabajo&#8217;,<\/strong>&nbsp;o sea en su computadora, en lo que trabaja que es en la Universidad de Puebla y atendiendo a sus alumnos, porque dirige tesis. Entonces es su trabajo&#8221;, coment\u00f3.<\/p>\n\n\n\n<p>El pasado 20 de enero, se public\u00f3 en el Diario Oficial de la Federaci\u00f3n (DOF) que el Presidente L\u00f3pez Obrador orden\u00f3 derogar el art\u00edculo del Reglamento de la Oficina de la Presidencia de la Rep\u00fablica, que\u00a0<strong>daba sustento a la existencia de la Coordinaci\u00f3n de Memoria Hist\u00f3rica y Cultural de M\u00e9xico, donde su esposa, Beatriz Guti\u00e9rrez M\u00fcller, fung\u00eda como presidenta de su Consejo Asesor Honorario.<\/strong><\/p>\n\n\n\n<p><strong>El decreto derog\u00f3 las fracciones III y X del art\u00edculo 3, y los art\u00edculos 24 y 37, todos del Reglamento de la Oficina de la Presidencia de la Rep\u00fablica,<\/strong>&nbsp;entre los cuales se encontraba la Coordinaci\u00f3n de Memoria Hist\u00f3rica y Cultural de M\u00e9xico.<\/p>\n\n\n\n<p>La Coordinaci\u00f3n de Memoria Hist\u00f3rica y Cultural de M\u00e9xico, hasta este viernes, era parte de la Oficina de la Presidencia de la Rep\u00fablica y&nbsp;<strong>se encargaba de desarrollar las estrategias para difundir, proyectar y garantizar el derecho a la memoria de la Naci\u00f3n a nivel nacional e internacional.<\/strong><\/p>\n\n\n\n<p>Hasta el pasado 3 de agosto, Eduardo Villegas fungi\u00f3 como titular de esta coordinaci\u00f3n.\u00a0<strong>Fue ratificado en esa fecha como embajador de M\u00e9xico en Rusia.<\/strong><\/p>\n\n\n\n<p>Con Informaci\u00f3n de SUN <\/p>\n","protected":false},"excerpt":{"rendered":"<p>Por Redacci\u00f3n QP Fue en su conferencia de prensa matutina que el jefe del Ejecutivo&#8230;<\/p>\n","protected":false},"author":2,"featured_media":98365,"comment_status":"open","ping_status":"open","sticky":false,"template":"","format":"standard","meta":{"_monsterinsights_skip_tracking":false,"_monsterinsights_sitenote_active":false,"_monsterinsights_sitenote_note":"","_monsterinsights_sitenote_category":0,"footnotes":""},"categories":[2],"tags":[],"class_list":["post-98364","post","type-post","status-publish","format-standard","has-post-thumbnail","hentry","category-noticias"],"yoast_head":"<!-- This site is optimized with the Yoast SEO plugin v27.3 - https:\/\/yoast.com\/product\/yoast-seo-wordpress\/ -->\n<title>L\u00f3pez Obrador explica si su esposa trabaja en el gobierno -<\/title>\n<meta name=\"robots\" content=\"index, follow, max-snippet:-1, max-image-preview:large, max-video-preview:-1\" \/>\n<link rel=\"canonical\" href=\"https:\/\/quehacerpolitico.mx\/?p=98364\" \/>\n<meta property=\"og:locale\" content=\"es_MX\" \/>\n<meta property=\"og:type\" content=\"article\" \/>\n<meta property=\"og:title\" content=\"L\u00f3pez Obrador explica si su esposa trabaja en el gobierno -\" \/>\n<meta property=\"og:description\" content=\"Por Redacci\u00f3n QP Fue en su conferencia de prensa matutina que el jefe del Ejecutivo...\" \/>\n<meta property=\"og:url\" content=\"https:\/\/quehacerpolitico.mx\/?p=98364\" \/>\n<meta property=\"article:published_time\" content=\"2023-01-26T19:34:46+00:00\" \/>\n<meta property=\"article:modified_time\" content=\"2023-01-26T19:34:49+00:00\" \/>\n<meta property=\"og:image\" content=\"https:\/\/quehacerpolitico.mx\/wp-content\/uploads\/2023\/01\/D720F032-5037-419B-A480-17FFF80BE72A.jpeg\" \/>\n\t<meta property=\"og:image:width\" content=\"669\" \/>\n\t<meta property=\"og:image:height\" content=\"458\" \/>\n\t<meta property=\"og:image:type\" content=\"image\/jpeg\" \/>\n<meta name=\"author\" content=\"Redacci\u00f3n QP\" \/>\n<meta name=\"twitter:card\" content=\"summary_large_image\" \/>\n<meta name=\"twitter:label1\" content=\"Escrito por\" \/>\n\t<meta name=\"twitter:data1\" content=\"Redacci\u00f3n QP\" \/>\n\t<meta name=\"twitter:label2\" content=\"Tiempo de lectura\" \/>\n\t<meta name=\"twitter:data2\" content=\"2 minutos\" \/>\n<script type=\"application\/ld+json\" class=\"yoast-schema-graph\">{\"@context\":\"https:\\\/\\\/schema.org\",\"@graph\":[{\"@type\":\"Article\",\"@id\":\"https:\\\/\\\/quehacerpolitico.mx\\\/?p=98364#article\",\"isPartOf\":{\"@id\":\"https:\\\/\\\/quehacerpolitico.mx\\\/?p=98364\"},\"author\":{\"name\":\"Redacci\u00f3n QP\",\"@id\":\"https:\\\/\\\/quehacerpolitico.mx\\\/#\\\/schema\\\/person\\\/496d8ad2d1d3f8036101dca7ee39e585\"},\"headline\":\"L\u00f3pez Obrador explica si su esposa trabaja en el gobierno\",\"datePublished\":\"2023-01-26T19:34:46+00:00\",\"dateModified\":\"2023-01-26T19:34:49+00:00\",\"mainEntityOfPage\":{\"@id\":\"https:\\\/\\\/quehacerpolitico.mx\\\/?p=98364\"},\"wordCount\":479,\"commentCount\":0,\"image\":{\"@id\":\"https:\\\/\\\/quehacerpolitico.mx\\\/?p=98364#primaryimage\"},\"thumbnailUrl\":\"https:\\\/\\\/quehacerpolitico.mx\\\/wp-content\\\/uploads\\\/2023\\\/01\\\/D720F032-5037-419B-A480-17FFF80BE72A.jpeg\",\"articleSection\":[\"Noticias\"],\"inLanguage\":\"es\",\"potentialAction\":[{\"@type\":\"CommentAction\",\"name\":\"Comment\",\"target\":[\"https:\\\/\\\/quehacerpolitico.mx\\\/?p=98364#respond\"]}]},{\"@type\":\"WebPage\",\"@id\":\"https:\\\/\\\/quehacerpolitico.mx\\\/?p=98364\",\"url\":\"https:\\\/\\\/quehacerpolitico.mx\\\/?p=98364\",\"name\":\"L\u00f3pez Obrador explica si su esposa trabaja en el gobierno -\",\"isPartOf\":{\"@id\":\"https:\\\/\\\/quehacerpolitico.mx\\\/#website\"},\"primaryImageOfPage\":{\"@id\":\"https:\\\/\\\/quehacerpolitico.mx\\\/?p=98364#primaryimage\"},\"image\":{\"@id\":\"https:\\\/\\\/quehacerpolitico.mx\\\/?p=98364#primaryimage\"},\"thumbnailUrl\":\"https:\\\/\\\/quehacerpolitico.mx\\\/wp-content\\\/uploads\\\/2023\\\/01\\\/D720F032-5037-419B-A480-17FFF80BE72A.jpeg\",\"datePublished\":\"2023-01-26T19:34:46+00:00\",\"dateModified\":\"2023-01-26T19:34:49+00:00\",\"author\":{\"@id\":\"https:\\\/\\\/quehacerpolitico.mx\\\/#\\\/schema\\\/person\\\/496d8ad2d1d3f8036101dca7ee39e585\"},\"breadcrumb\":{\"@id\":\"https:\\\/\\\/quehacerpolitico.mx\\\/?p=98364#breadcrumb\"},\"inLanguage\":\"es\",\"potentialAction\":[{\"@type\":\"ReadAction\",\"target\":[\"https:\\\/\\\/quehacerpolitico.mx\\\/?p=98364\"]}]},{\"@type\":\"ImageObject\",\"inLanguage\":\"es\",\"@id\":\"https:\\\/\\\/quehacerpolitico.mx\\\/?p=98364#primaryimage\",\"url\":\"https:\\\/\\\/quehacerpolitico.mx\\\/wp-content\\\/uploads\\\/2023\\\/01\\\/D720F032-5037-419B-A480-17FFF80BE72A.jpeg\",\"contentUrl\":\"https:\\\/\\\/quehacerpolitico.mx\\\/wp-content\\\/uploads\\\/2023\\\/01\\\/D720F032-5037-419B-A480-17FFF80BE72A.jpeg\",\"width\":669,\"height\":458},{\"@type\":\"BreadcrumbList\",\"@id\":\"https:\\\/\\\/quehacerpolitico.mx\\\/?p=98364#breadcrumb\",\"itemListElement\":[{\"@type\":\"ListItem\",\"position\":1,\"name\":\"Inicio\",\"item\":\"https:\\\/\\\/quehacerpolitico.mx\\\/\"},{\"@type\":\"ListItem\",\"position\":2,\"name\":\"L\u00f3pez Obrador explica si su esposa trabaja en el gobierno\"}]},{\"@type\":\"WebSite\",\"@id\":\"https:\\\/\\\/quehacerpolitico.mx\\\/#website\",\"url\":\"https:\\\/\\\/quehacerpolitico.mx\\\/\",\"name\":\"\",\"description\":\"\",\"potentialAction\":[{\"@type\":\"SearchAction\",\"target\":{\"@type\":\"EntryPoint\",\"urlTemplate\":\"https:\\\/\\\/quehacerpolitico.mx\\\/?s={search_term_string}\"},\"query-input\":{\"@type\":\"PropertyValueSpecification\",\"valueRequired\":true,\"valueName\":\"search_term_string\"}}],\"inLanguage\":\"es\"},{\"@type\":\"Person\",\"@id\":\"https:\\\/\\\/quehacerpolitico.mx\\\/#\\\/schema\\\/person\\\/496d8ad2d1d3f8036101dca7ee39e585\",\"name\":\"Redacci\u00f3n QP\",\"image\":{\"@type\":\"ImageObject\",\"inLanguage\":\"es\",\"@id\":\"https:\\\/\\\/secure.gravatar.com\\\/avatar\\\/c7164ed6fdec453195284ad24a5ae5b6e1eed2b848477fa2a4787ba9adf39a41?s=96&d=mm&r=g\",\"url\":\"https:\\\/\\\/secure.gravatar.com\\\/avatar\\\/c7164ed6fdec453195284ad24a5ae5b6e1eed2b848477fa2a4787ba9adf39a41?s=96&d=mm&r=g\",\"contentUrl\":\"https:\\\/\\\/secure.gravatar.com\\\/avatar\\\/c7164ed6fdec453195284ad24a5ae5b6e1eed2b848477fa2a4787ba9adf39a41?s=96&d=mm&r=g\",\"caption\":\"Redacci\u00f3n QP\"},\"url\":\"https:\\\/\\\/quehacerpolitico.mx\\\/?author=2\"}]}<\/script>\n<!-- \/ Yoast SEO plugin. -->","yoast_head_json":{"title":"L\u00f3pez Obrador explica si su esposa trabaja en el gobierno -","robots":{"index":"index","follow":"follow","max-snippet":"max-snippet:-1","max-image-preview":"max-image-preview:large","max-video-preview":"max-video-preview:-1"},"canonical":"https:\/\/quehacerpolitico.mx\/?p=98364","og_locale":"es_MX","og_type":"article","og_title":"L\u00f3pez Obrador explica si su esposa trabaja en el gobierno -","og_description":"Por Redacci\u00f3n QP Fue en su conferencia de prensa matutina que el jefe del Ejecutivo...","og_url":"https:\/\/quehacerpolitico.mx\/?p=98364","article_published_time":"2023-01-26T19:34:46+00:00","article_modified_time":"2023-01-26T19:34:49+00:00","og_image":[{"width":669,"height":458,"url":"https:\/\/quehacerpolitico.mx\/wp-content\/uploads\/2023\/01\/D720F032-5037-419B-A480-17FFF80BE72A.jpeg","type":"image\/jpeg"}],"author":"Redacci\u00f3n QP","twitter_card":"summary_large_image","twitter_misc":{"Escrito por":"Redacci\u00f3n QP","Tiempo de lectura":"2 minutos"},"schema":{"@context":"https:\/\/schema.org","@graph":[{"@type":"Article","@id":"https:\/\/quehacerpolitico.mx\/?p=98364#article","isPartOf":{"@id":"https:\/\/quehacerpolitico.mx\/?p=98364"},"author":{"name":"Redacci\u00f3n QP","@id":"https:\/\/quehacerpolitico.mx\/#\/schema\/person\/496d8ad2d1d3f8036101dca7ee39e585"},"headline":"L\u00f3pez Obrador explica si su esposa trabaja en el gobierno","datePublished":"2023-01-26T19:34:46+00:00","dateModified":"2023-01-26T19:34:49+00:00","mainEntityOfPage":{"@id":"https:\/\/quehacerpolitico.mx\/?p=98364"},"wordCount":479,"commentCount":0,"image":{"@id":"https:\/\/quehacerpolitico.mx\/?p=98364#primaryimage"},"thumbnailUrl":"https:\/\/quehacerpolitico.mx\/wp-content\/uploads\/2023\/01\/D720F032-5037-419B-A480-17FFF80BE72A.jpeg","articleSection":["Noticias"],"inLanguage":"es","potentialAction":[{"@type":"CommentAction","name":"Comment","target":["https:\/\/quehacerpolitico.mx\/?p=98364#respond"]}]},{"@type":"WebPage","@id":"https:\/\/quehacerpolitico.mx\/?p=98364","url":"https:\/\/quehacerpolitico.mx\/?p=98364","name":"L\u00f3pez Obrador explica si su esposa trabaja en el gobierno -","isPartOf":{"@id":"https:\/\/quehacerpolitico.mx\/#website"},"primaryImageOfPage":{"@id":"https:\/\/quehacerpolitico.mx\/?p=98364#primaryimage"},"image":{"@id":"https:\/\/quehacerpolitico.mx\/?p=98364#primaryimage"},"thumbnailUrl":"https:\/\/quehacerpolitico.mx\/wp-content\/uploads\/2023\/01\/D720F032-5037-419B-A480-17FFF80BE72A.jpeg","datePublished":"2023-01-26T19:34:46+00:00","dateModified":"2023-01-26T19:34:49+00:00","author":{"@id":"https:\/\/quehacerpolitico.mx\/#\/schema\/person\/496d8ad2d1d3f8036101dca7ee39e585"},"breadcrumb":{"@id":"https:\/\/quehacerpolitico.mx\/?p=98364#breadcrumb"},"inLanguage":"es","potentialAction":[{"@type":"ReadAction","target":["https:\/\/quehacerpolitico.mx\/?p=98364"]}]},{"@type":"ImageObject","inLanguage":"es","@id":"https:\/\/quehacerpolitico.mx\/?p=98364#primaryimage","url":"https:\/\/quehacerpolitico.mx\/wp-content\/uploads\/2023\/01\/D720F032-5037-419B-A480-17FFF80BE72A.jpeg","contentUrl":"https:\/\/quehacerpolitico.mx\/wp-content\/uploads\/2023\/01\/D720F032-5037-419B-A480-17FFF80BE72A.jpeg","width":669,"height":458},{"@type":"BreadcrumbList","@id":"https:\/\/quehacerpolitico.mx\/?p=98364#breadcrumb","itemListElement":[{"@type":"ListItem","position":1,"name":"Inicio","item":"https:\/\/quehacerpolitico.mx\/"},{"@type":"ListItem","position":2,"name":"L\u00f3pez Obrador explica si su esposa trabaja en el gobierno"}]},{"@type":"WebSite","@id":"https:\/\/quehacerpolitico.mx\/#website","url":"https:\/\/quehacerpolitico.mx\/","name":"","description":"","potentialAction":[{"@type":"SearchAction","target":{"@type":"EntryPoint","urlTemplate":"https:\/\/quehacerpolitico.mx\/?s={search_term_string}"},"query-input":{"@type":"PropertyValueSpecification","valueRequired":true,"valueName":"search_term_string"}}],"inLanguage":"es"},{"@type":"Person","@id":"https:\/\/quehacerpolitico.mx\/#\/schema\/person\/496d8ad2d1d3f8036101dca7ee39e585","name":"Redacci\u00f3n QP","image":{"@type":"ImageObject","inLanguage":"es","@id":"https:\/\/secure.gravatar.com\/avatar\/c7164ed6fdec453195284ad24a5ae5b6e1eed2b848477fa2a4787ba9adf39a41?s=96&d=mm&r=g","url":"https:\/\/secure.gravatar.com\/avatar\/c7164ed6fdec453195284ad24a5ae5b6e1eed2b848477fa2a4787ba9adf39a41?s=96&d=mm&r=g","contentUrl":"https:\/\/secure.gravatar.com\/avatar\/c7164ed6fdec453195284ad24a5ae5b6e1eed2b848477fa2a4787ba9adf39a41?s=96&d=mm&r=g","caption":"Redacci\u00f3n QP"},"url":"https:\/\/quehacerpolitico.mx\/?author=2"}]}},"featured_image_urls":{"full":["https:\/\/quehacerpolitico.mx\/wp-content\/uploads\/2023\/01\/D720F032-5037-419B-A480-17FFF80BE72A.jpeg",669,458,false],"thumbnail":["https:\/\/quehacerpolitico.mx\/wp-content\/uploads\/2023\/01\/D720F032-5037-419B-A480-17FFF80BE72A-150x150.jpeg",150,150,true],"medium":["https:\/\/quehacerpolitico.mx\/wp-content\/uploads\/2023\/01\/D720F032-5037-419B-A480-17FFF80BE72A-300x205.jpeg",300,205,true],"medium_large":["https:\/\/quehacerpolitico.mx\/wp-content\/uploads\/2023\/01\/D720F032-5037-419B-A480-17FFF80BE72A.jpeg",640,438,false],"large":["https:\/\/quehacerpolitico.mx\/wp-content\/uploads\/2023\/01\/D720F032-5037-419B-A480-17FFF80BE72A.jpeg",640,438,false],"1536x1536":["https:\/\/quehacerpolitico.mx\/wp-content\/uploads\/2023\/01\/D720F032-5037-419B-A480-17FFF80BE72A.jpeg",669,458,false],"2048x2048":["https:\/\/quehacerpolitico.mx\/wp-content\/uploads\/2023\/01\/D720F032-5037-419B-A480-17FFF80BE72A.jpeg",669,458,false],"covernews-featured":["https:\/\/quehacerpolitico.mx\/wp-content\/uploads\/2023\/01\/D720F032-5037-419B-A480-17FFF80BE72A.jpeg",669,458,false],"covernews-medium":["https:\/\/quehacerpolitico.mx\/wp-content\/uploads\/2023\/01\/D720F032-5037-419B-A480-17FFF80BE72A.jpeg",497,340,false]},"author_info":{"display_name":"Redacci\u00f3n QP","author_link":"https:\/\/quehacerpolitico.mx\/?author=2"},"category_info":"<a href=\"https:\/\/quehacerpolitico.mx\/?cat=2\" rel=\"category\">Noticias<\/a>","tag_info":"Noticias","comment_count":"0","_links":{"self":[{"href":"https:\/\/quehacerpolitico.mx\/index.php?rest_route=\/wp\/v2\/posts\/98364","targetHints":{"allow":["GET"]}}],"collection":[{"href":"https:\/\/quehacerpolitico.mx\/index.php?rest_route=\/wp\/v2\/posts"}],"about":[{"href":"https:\/\/quehacerpolitico.mx\/index.php?rest_route=\/wp\/v2\/types\/post"}],"author":[{"embeddable":true,"href":"https:\/\/quehacerpolitico.mx\/index.php?rest_route=\/wp\/v2\/users\/2"}],"replies":[{"embeddable":true,"href":"https:\/\/quehacerpolitico.mx\/index.php?rest_route=%2Fwp%2Fv2%2Fcomments&post=98364"}],"version-history":[{"count":1,"href":"https:\/\/quehacerpolitico.mx\/index.php?rest_route=\/wp\/v2\/posts\/98364\/revisions"}],"predecessor-version":[{"id":98366,"href":"https:\/\/quehacerpolitico.mx\/index.php?rest_route=\/wp\/v2\/posts\/98364\/revisions\/98366"}],"wp:featuredmedia":[{"embeddable":true,"href":"https:\/\/quehacerpolitico.mx\/index.php?rest_route=\/wp\/v2\/media\/98365"}],"wp:attachment":[{"href":"https:\/\/quehacerpolitico.mx\/index.php?rest_route=%2Fwp%2Fv2%2Fmedia&parent=98364"}],"wp:term":[{"taxonomy":"category","embeddable":true,"href":"https:\/\/quehacerpolitico.mx\/index.php?rest_route=%2Fwp%2Fv2%2Fcategories&post=98364"},{"taxonomy":"post_tag","embeddable":true,"href":"https:\/\/quehacerpolitico.mx\/index.php?rest_route=%2Fwp%2Fv2%2Ftags&post=98364"}],"curies":[{"name":"wp","href":"https:\/\/api.w.org\/{rel}","templated":true}]}}