{"id":98361,"date":"2023-01-26T19:09:32","date_gmt":"2023-01-26T19:09:32","guid":{"rendered":"https:\/\/quehacerpolitico.mx\/?p=98361"},"modified":"2023-01-26T19:09:36","modified_gmt":"2023-01-26T19:09:36","slug":"el-ine-usa-el-plan-b-de-reforma-electoral-para-hacer-politiqueria-lopez-obrador","status":"publish","type":"post","link":"https:\/\/quehacerpolitico.mx\/?p=98361","title":{"rendered":"El INE usa el Plan B de reforma electoral para hacer &#8220;politiquer\u00eda&#8221;: L\u00f3pez Obrador"},"content":{"rendered":"\n<p>Por Redacci\u00f3n QP<\/p>\n\n\n\n<p>En su conferencia de prensa ma\u00f1anera, el Presidente arreci\u00f3 sus cr\u00edticas al organismo; \u201cque se vayan a enga\u00f1ar a otra parte&#8221;<\/p>\n\n\n\n<p>El Presidente Andr\u00e9s Manuel L\u00f3pez Obrador\u00a0<strong>neg\u00f3 este jueves que existan riesgos para la organizaci\u00f3n de las elecciones presidenciales de 2024 tras su reforma electoral,<\/strong>\u00a0conocida como el &#8220;Plan B&#8221;, cuestionada por el Instituto Nacional Electoral (INE).<\/p>\n\n\n\n<p>&#8220;\u00bfC\u00f3mo se va a poner en riesgo una elecci\u00f3n, si quien ha hecho valer la democracia en el pa\u00eds ha sido el pueblo? Los que ponen en riesgo la elecci\u00f3n son ellos&#8221;<\/p>\n\n\n\n<p><strong>El Mandatario rechaz\u00f3 las acusaciones de los consejeros del INE,\u00a0<\/strong>organismo aut\u00f3nomo que el mi\u00e9rcoles anunci\u00f3 que Impugnara la reforma ante la Suprema Corte de Justicia de la Naci\u00f3n (SCJN) porque &#8220;dinamitar\u00e1&#8221; la democracia.<\/p>\n\n\n\n<p>&#8220;Est\u00e1n usando esto de bandera para hacer politiquer\u00eda porque no hay ning\u00fan problema&#8221;, declar\u00f3 L\u00f3pez Obrador en su rueda de prensa diaria.<\/p>\n\n\n\n<figure class=\"wp-block-embed is-type-video is-provider-youtube wp-block-embed-youtube wp-embed-aspect-16-9 wp-has-aspect-ratio\"><div class=\"wp-block-embed__wrapper\">\n<iframe loading=\"lazy\" title=\"\u201cQue se vayan a enga\u00f1ar a otra parte\u201d, dice AMLO a consejeros electorales\" width=\"640\" height=\"360\" src=\"https:\/\/www.youtube.com\/embed\/BtHkIszMlNI?feature=oembed\" frameborder=\"0\" allow=\"accelerometer; autoplay; clipboard-write; encrypted-media; gyroscope; picture-in-picture; web-share\" referrerpolicy=\"strict-origin-when-cross-origin\" allowfullscreen><\/iframe>\n<\/div><\/figure>\n\n\n\n<p>L\u00f3pez Obrador defendi\u00f3 su proyecto, con el que el Gobierno promete ahorrar tres mil 500 millones de pesos\u00a0 y eliminar prestaciones para trabajadores del INE, el Programa de Resultados Electorales Preliminares (PREP), y facultades para sancionar a partidos y funcionarios que violen leyes electorales.<\/p>\n\n\n\n<p>El Presidente hab\u00eda presentado una reforma constitucional que fracas\u00f3 en diciembre por no alcanzar los dos tercios necesarios del Congreso para cambiar la Constituci\u00f3n; pero envi\u00f3 entonces una reforma legal, conocida como el &#8220;Plan B&#8221;,\u00a0<strong>que s\u00f3lo requiere mayor\u00eda simple y est\u00e1 pendiente de aprobarse por completo en el Senado.<\/strong><\/p>\n\n\n\n<blockquote class=\"wp-block-quote is-layout-flow wp-block-quote-is-layout-flow\">\n<p>&#8220;Est\u00e1n usando esto de bandera para hacer politiquer\u00eda porque no hay ning\u00fan problema&#8221;<\/p>\n<\/blockquote>\n\n\n\n<p>&#8220;Se present\u00f3 una ley que no tiene alcances mayores,&nbsp;<strong>nada m\u00e1s es bajarles el sueldo porque ganan much\u00edsimo dinero y derrochan dinero p\u00fablico, tambi\u00e9n eso les molesta<\/strong>&#8220;, critic\u00f3 ahora L\u00f3pez Obrador.<\/p>\n\n\n\n<p>Los consejeros del INE han alertado de riesgos para las elecciones de 2024 porque la reforma&nbsp;<strong>reducir\u00e1 su plantilla laboral en un 85 %, se eliminar\u00edan 300 juntas distritales y se afectar\u00eda la operaci\u00f3n de m\u00f3dulos de atenci\u00f3n&nbsp;<\/strong>que reciben a 120 mil ciudadanos al d\u00eda.<\/p>\n\n\n\n<p>Ante estas denuncias, L\u00f3pez Obrador&nbsp;<strong>acus\u00f3 al INE, sin pruebas, de permitir el relleno de urnas, la falsificaci\u00f3n de actas, el hurto de paquetes electorales y la compra del voto.<\/strong><\/p>\n\n\n\n<p>&#8220;\u00bfC\u00f3mo se va a poner en riesgo una elecci\u00f3n, si quien ha hecho valer la democracia en el pa\u00eds ha sido el pueblo, no ellos? Los que ponen en riesgo la elecci\u00f3n son ellos siempre&#8221;, manifest\u00f3.<\/p>\n\n\n\n<p>Con Informaci\u00f3n de EFE<\/p>\n","protected":false},"excerpt":{"rendered":"<p>Por Redacci\u00f3n QP En su conferencia de prensa ma\u00f1anera, el Presidente arreci\u00f3 sus cr\u00edticas al&#8230;<\/p>\n","protected":false},"author":2,"featured_media":98362,"comment_status":"open","ping_status":"open","sticky":false,"template":"","format":"standard","meta":{"_monsterinsights_skip_tracking":false,"_monsterinsights_sitenote_active":false,"_monsterinsights_sitenote_note":"","_monsterinsights_sitenote_category":0,"footnotes":""},"categories":[2],"tags":[],"class_list":["post-98361","post","type-post","status-publish","format-standard","has-post-thumbnail","hentry","category-noticias"],"yoast_head":"<!-- This site is optimized with the Yoast SEO plugin v27.3 - https:\/\/yoast.com\/product\/yoast-seo-wordpress\/ -->\n<title>El INE usa el Plan B de reforma electoral para hacer &quot;politiquer\u00eda&quot;: L\u00f3pez Obrador -<\/title>\n<meta name=\"robots\" content=\"index, follow, max-snippet:-1, max-image-preview:large, max-video-preview:-1\" \/>\n<link rel=\"canonical\" href=\"https:\/\/quehacerpolitico.mx\/?p=98361\" \/>\n<meta property=\"og:locale\" content=\"es_MX\" \/>\n<meta property=\"og:type\" content=\"article\" \/>\n<meta property=\"og:title\" content=\"El INE usa el Plan B de reforma electoral para hacer &quot;politiquer\u00eda&quot;: L\u00f3pez Obrador -\" \/>\n<meta property=\"og:description\" content=\"Por Redacci\u00f3n QP En su conferencia de prensa ma\u00f1anera, el Presidente arreci\u00f3 sus cr\u00edticas al...\" \/>\n<meta property=\"og:url\" content=\"https:\/\/quehacerpolitico.mx\/?p=98361\" \/>\n<meta property=\"article:published_time\" content=\"2023-01-26T19:09:32+00:00\" \/>\n<meta property=\"article:modified_time\" content=\"2023-01-26T19:09:36+00:00\" \/>\n<meta property=\"og:image\" content=\"https:\/\/quehacerpolitico.mx\/wp-content\/uploads\/2023\/01\/527A1A2D-7E53-41EF-A223-5AB1B7CAAF23.jpeg\" \/>\n\t<meta property=\"og:image:width\" content=\"990\" \/>\n\t<meta property=\"og:image:height\" content=\"709\" \/>\n\t<meta property=\"og:image:type\" content=\"image\/jpeg\" \/>\n<meta name=\"author\" content=\"Redacci\u00f3n QP\" \/>\n<meta name=\"twitter:card\" content=\"summary_large_image\" \/>\n<meta name=\"twitter:label1\" content=\"Escrito por\" \/>\n\t<meta name=\"twitter:data1\" content=\"Redacci\u00f3n QP\" \/>\n\t<meta name=\"twitter:label2\" content=\"Tiempo de lectura\" \/>\n\t<meta name=\"twitter:data2\" content=\"2 minutos\" \/>\n<script type=\"application\/ld+json\" class=\"yoast-schema-graph\">{\"@context\":\"https:\\\/\\\/schema.org\",\"@graph\":[{\"@type\":\"Article\",\"@id\":\"https:\\\/\\\/quehacerpolitico.mx\\\/?p=98361#article\",\"isPartOf\":{\"@id\":\"https:\\\/\\\/quehacerpolitico.mx\\\/?p=98361\"},\"author\":{\"name\":\"Redacci\u00f3n QP\",\"@id\":\"https:\\\/\\\/quehacerpolitico.mx\\\/#\\\/schema\\\/person\\\/496d8ad2d1d3f8036101dca7ee39e585\"},\"headline\":\"El INE usa el Plan B de reforma electoral para hacer &#8220;politiquer\u00eda&#8221;: L\u00f3pez Obrador\",\"datePublished\":\"2023-01-26T19:09:32+00:00\",\"dateModified\":\"2023-01-26T19:09:36+00:00\",\"mainEntityOfPage\":{\"@id\":\"https:\\\/\\\/quehacerpolitico.mx\\\/?p=98361\"},\"wordCount\":464,\"commentCount\":0,\"image\":{\"@id\":\"https:\\\/\\\/quehacerpolitico.mx\\\/?p=98361#primaryimage\"},\"thumbnailUrl\":\"https:\\\/\\\/quehacerpolitico.mx\\\/wp-content\\\/uploads\\\/2023\\\/01\\\/527A1A2D-7E53-41EF-A223-5AB1B7CAAF23.jpeg\",\"articleSection\":[\"Noticias\"],\"inLanguage\":\"es\",\"potentialAction\":[{\"@type\":\"CommentAction\",\"name\":\"Comment\",\"target\":[\"https:\\\/\\\/quehacerpolitico.mx\\\/?p=98361#respond\"]}]},{\"@type\":\"WebPage\",\"@id\":\"https:\\\/\\\/quehacerpolitico.mx\\\/?p=98361\",\"url\":\"https:\\\/\\\/quehacerpolitico.mx\\\/?p=98361\",\"name\":\"El INE usa el Plan B de reforma electoral para hacer \\\"politiquer\u00eda\\\": L\u00f3pez Obrador -\",\"isPartOf\":{\"@id\":\"https:\\\/\\\/quehacerpolitico.mx\\\/#website\"},\"primaryImageOfPage\":{\"@id\":\"https:\\\/\\\/quehacerpolitico.mx\\\/?p=98361#primaryimage\"},\"image\":{\"@id\":\"https:\\\/\\\/quehacerpolitico.mx\\\/?p=98361#primaryimage\"},\"thumbnailUrl\":\"https:\\\/\\\/quehacerpolitico.mx\\\/wp-content\\\/uploads\\\/2023\\\/01\\\/527A1A2D-7E53-41EF-A223-5AB1B7CAAF23.jpeg\",\"datePublished\":\"2023-01-26T19:09:32+00:00\",\"dateModified\":\"2023-01-26T19:09:36+00:00\",\"author\":{\"@id\":\"https:\\\/\\\/quehacerpolitico.mx\\\/#\\\/schema\\\/person\\\/496d8ad2d1d3f8036101dca7ee39e585\"},\"breadcrumb\":{\"@id\":\"https:\\\/\\\/quehacerpolitico.mx\\\/?p=98361#breadcrumb\"},\"inLanguage\":\"es\",\"potentialAction\":[{\"@type\":\"ReadAction\",\"target\":[\"https:\\\/\\\/quehacerpolitico.mx\\\/?p=98361\"]}]},{\"@type\":\"ImageObject\",\"inLanguage\":\"es\",\"@id\":\"https:\\\/\\\/quehacerpolitico.mx\\\/?p=98361#primaryimage\",\"url\":\"https:\\\/\\\/quehacerpolitico.mx\\\/wp-content\\\/uploads\\\/2023\\\/01\\\/527A1A2D-7E53-41EF-A223-5AB1B7CAAF23.jpeg\",\"contentUrl\":\"https:\\\/\\\/quehacerpolitico.mx\\\/wp-content\\\/uploads\\\/2023\\\/01\\\/527A1A2D-7E53-41EF-A223-5AB1B7CAAF23.jpeg\",\"width\":990,\"height\":709},{\"@type\":\"BreadcrumbList\",\"@id\":\"https:\\\/\\\/quehacerpolitico.mx\\\/?p=98361#breadcrumb\",\"itemListElement\":[{\"@type\":\"ListItem\",\"position\":1,\"name\":\"Inicio\",\"item\":\"https:\\\/\\\/quehacerpolitico.mx\\\/\"},{\"@type\":\"ListItem\",\"position\":2,\"name\":\"El INE usa el Plan B de reforma electoral para hacer &#8220;politiquer\u00eda&#8221;: L\u00f3pez Obrador\"}]},{\"@type\":\"WebSite\",\"@id\":\"https:\\\/\\\/quehacerpolitico.mx\\\/#website\",\"url\":\"https:\\\/\\\/quehacerpolitico.mx\\\/\",\"name\":\"\",\"description\":\"\",\"potentialAction\":[{\"@type\":\"SearchAction\",\"target\":{\"@type\":\"EntryPoint\",\"urlTemplate\":\"https:\\\/\\\/quehacerpolitico.mx\\\/?s={search_term_string}\"},\"query-input\":{\"@type\":\"PropertyValueSpecification\",\"valueRequired\":true,\"valueName\":\"search_term_string\"}}],\"inLanguage\":\"es\"},{\"@type\":\"Person\",\"@id\":\"https:\\\/\\\/quehacerpolitico.mx\\\/#\\\/schema\\\/person\\\/496d8ad2d1d3f8036101dca7ee39e585\",\"name\":\"Redacci\u00f3n QP\",\"image\":{\"@type\":\"ImageObject\",\"inLanguage\":\"es\",\"@id\":\"https:\\\/\\\/secure.gravatar.com\\\/avatar\\\/c7164ed6fdec453195284ad24a5ae5b6e1eed2b848477fa2a4787ba9adf39a41?s=96&d=mm&r=g\",\"url\":\"https:\\\/\\\/secure.gravatar.com\\\/avatar\\\/c7164ed6fdec453195284ad24a5ae5b6e1eed2b848477fa2a4787ba9adf39a41?s=96&d=mm&r=g\",\"contentUrl\":\"https:\\\/\\\/secure.gravatar.com\\\/avatar\\\/c7164ed6fdec453195284ad24a5ae5b6e1eed2b848477fa2a4787ba9adf39a41?s=96&d=mm&r=g\",\"caption\":\"Redacci\u00f3n QP\"},\"url\":\"https:\\\/\\\/quehacerpolitico.mx\\\/?author=2\"}]}<\/script>\n<!-- \/ Yoast SEO plugin. -->","yoast_head_json":{"title":"El INE usa el Plan B de reforma electoral para hacer \"politiquer\u00eda\": L\u00f3pez Obrador -","robots":{"index":"index","follow":"follow","max-snippet":"max-snippet:-1","max-image-preview":"max-image-preview:large","max-video-preview":"max-video-preview:-1"},"canonical":"https:\/\/quehacerpolitico.mx\/?p=98361","og_locale":"es_MX","og_type":"article","og_title":"El INE usa el Plan B de reforma electoral para hacer \"politiquer\u00eda\": L\u00f3pez Obrador -","og_description":"Por Redacci\u00f3n QP En su conferencia de prensa ma\u00f1anera, el Presidente arreci\u00f3 sus cr\u00edticas al...","og_url":"https:\/\/quehacerpolitico.mx\/?p=98361","article_published_time":"2023-01-26T19:09:32+00:00","article_modified_time":"2023-01-26T19:09:36+00:00","og_image":[{"width":990,"height":709,"url":"https:\/\/quehacerpolitico.mx\/wp-content\/uploads\/2023\/01\/527A1A2D-7E53-41EF-A223-5AB1B7CAAF23.jpeg","type":"image\/jpeg"}],"author":"Redacci\u00f3n QP","twitter_card":"summary_large_image","twitter_misc":{"Escrito por":"Redacci\u00f3n QP","Tiempo de lectura":"2 minutos"},"schema":{"@context":"https:\/\/schema.org","@graph":[{"@type":"Article","@id":"https:\/\/quehacerpolitico.mx\/?p=98361#article","isPartOf":{"@id":"https:\/\/quehacerpolitico.mx\/?p=98361"},"author":{"name":"Redacci\u00f3n QP","@id":"https:\/\/quehacerpolitico.mx\/#\/schema\/person\/496d8ad2d1d3f8036101dca7ee39e585"},"headline":"El INE usa el Plan B de reforma electoral para hacer &#8220;politiquer\u00eda&#8221;: L\u00f3pez Obrador","datePublished":"2023-01-26T19:09:32+00:00","dateModified":"2023-01-26T19:09:36+00:00","mainEntityOfPage":{"@id":"https:\/\/quehacerpolitico.mx\/?p=98361"},"wordCount":464,"commentCount":0,"image":{"@id":"https:\/\/quehacerpolitico.mx\/?p=98361#primaryimage"},"thumbnailUrl":"https:\/\/quehacerpolitico.mx\/wp-content\/uploads\/2023\/01\/527A1A2D-7E53-41EF-A223-5AB1B7CAAF23.jpeg","articleSection":["Noticias"],"inLanguage":"es","potentialAction":[{"@type":"CommentAction","name":"Comment","target":["https:\/\/quehacerpolitico.mx\/?p=98361#respond"]}]},{"@type":"WebPage","@id":"https:\/\/quehacerpolitico.mx\/?p=98361","url":"https:\/\/quehacerpolitico.mx\/?p=98361","name":"El INE usa el Plan B de reforma electoral para hacer \"politiquer\u00eda\": L\u00f3pez Obrador -","isPartOf":{"@id":"https:\/\/quehacerpolitico.mx\/#website"},"primaryImageOfPage":{"@id":"https:\/\/quehacerpolitico.mx\/?p=98361#primaryimage"},"image":{"@id":"https:\/\/quehacerpolitico.mx\/?p=98361#primaryimage"},"thumbnailUrl":"https:\/\/quehacerpolitico.mx\/wp-content\/uploads\/2023\/01\/527A1A2D-7E53-41EF-A223-5AB1B7CAAF23.jpeg","datePublished":"2023-01-26T19:09:32+00:00","dateModified":"2023-01-26T19:09:36+00:00","author":{"@id":"https:\/\/quehacerpolitico.mx\/#\/schema\/person\/496d8ad2d1d3f8036101dca7ee39e585"},"breadcrumb":{"@id":"https:\/\/quehacerpolitico.mx\/?p=98361#breadcrumb"},"inLanguage":"es","potentialAction":[{"@type":"ReadAction","target":["https:\/\/quehacerpolitico.mx\/?p=98361"]}]},{"@type":"ImageObject","inLanguage":"es","@id":"https:\/\/quehacerpolitico.mx\/?p=98361#primaryimage","url":"https:\/\/quehacerpolitico.mx\/wp-content\/uploads\/2023\/01\/527A1A2D-7E53-41EF-A223-5AB1B7CAAF23.jpeg","contentUrl":"https:\/\/quehacerpolitico.mx\/wp-content\/uploads\/2023\/01\/527A1A2D-7E53-41EF-A223-5AB1B7CAAF23.jpeg","width":990,"height":709},{"@type":"BreadcrumbList","@id":"https:\/\/quehacerpolitico.mx\/?p=98361#breadcrumb","itemListElement":[{"@type":"ListItem","position":1,"name":"Inicio","item":"https:\/\/quehacerpolitico.mx\/"},{"@type":"ListItem","position":2,"name":"El INE usa el Plan B de reforma electoral para hacer &#8220;politiquer\u00eda&#8221;: L\u00f3pez Obrador"}]},{"@type":"WebSite","@id":"https:\/\/quehacerpolitico.mx\/#website","url":"https:\/\/quehacerpolitico.mx\/","name":"","description":"","potentialAction":[{"@type":"SearchAction","target":{"@type":"EntryPoint","urlTemplate":"https:\/\/quehacerpolitico.mx\/?s={search_term_string}"},"query-input":{"@type":"PropertyValueSpecification","valueRequired":true,"valueName":"search_term_string"}}],"inLanguage":"es"},{"@type":"Person","@id":"https:\/\/quehacerpolitico.mx\/#\/schema\/person\/496d8ad2d1d3f8036101dca7ee39e585","name":"Redacci\u00f3n QP","image":{"@type":"ImageObject","inLanguage":"es","@id":"https:\/\/secure.gravatar.com\/avatar\/c7164ed6fdec453195284ad24a5ae5b6e1eed2b848477fa2a4787ba9adf39a41?s=96&d=mm&r=g","url":"https:\/\/secure.gravatar.com\/avatar\/c7164ed6fdec453195284ad24a5ae5b6e1eed2b848477fa2a4787ba9adf39a41?s=96&d=mm&r=g","contentUrl":"https:\/\/secure.gravatar.com\/avatar\/c7164ed6fdec453195284ad24a5ae5b6e1eed2b848477fa2a4787ba9adf39a41?s=96&d=mm&r=g","caption":"Redacci\u00f3n QP"},"url":"https:\/\/quehacerpolitico.mx\/?author=2"}]}},"featured_image_urls":{"full":["https:\/\/quehacerpolitico.mx\/wp-content\/uploads\/2023\/01\/527A1A2D-7E53-41EF-A223-5AB1B7CAAF23.jpeg",990,709,false],"thumbnail":["https:\/\/quehacerpolitico.mx\/wp-content\/uploads\/2023\/01\/527A1A2D-7E53-41EF-A223-5AB1B7CAAF23-150x150.jpeg",150,150,true],"medium":["https:\/\/quehacerpolitico.mx\/wp-content\/uploads\/2023\/01\/527A1A2D-7E53-41EF-A223-5AB1B7CAAF23-300x215.jpeg",300,215,true],"medium_large":["https:\/\/quehacerpolitico.mx\/wp-content\/uploads\/2023\/01\/527A1A2D-7E53-41EF-A223-5AB1B7CAAF23-768x550.jpeg",640,458,true],"large":["https:\/\/quehacerpolitico.mx\/wp-content\/uploads\/2023\/01\/527A1A2D-7E53-41EF-A223-5AB1B7CAAF23.jpeg",640,458,false],"1536x1536":["https:\/\/quehacerpolitico.mx\/wp-content\/uploads\/2023\/01\/527A1A2D-7E53-41EF-A223-5AB1B7CAAF23.jpeg",990,709,false],"2048x2048":["https:\/\/quehacerpolitico.mx\/wp-content\/uploads\/2023\/01\/527A1A2D-7E53-41EF-A223-5AB1B7CAAF23.jpeg",990,709,false],"covernews-featured":["https:\/\/quehacerpolitico.mx\/wp-content\/uploads\/2023\/01\/527A1A2D-7E53-41EF-A223-5AB1B7CAAF23.jpeg",990,709,false],"covernews-medium":["https:\/\/quehacerpolitico.mx\/wp-content\/uploads\/2023\/01\/527A1A2D-7E53-41EF-A223-5AB1B7CAAF23.jpeg",475,340,false]},"author_info":{"display_name":"Redacci\u00f3n QP","author_link":"https:\/\/quehacerpolitico.mx\/?author=2"},"category_info":"<a href=\"https:\/\/quehacerpolitico.mx\/?cat=2\" rel=\"category\">Noticias<\/a>","tag_info":"Noticias","comment_count":"0","_links":{"self":[{"href":"https:\/\/quehacerpolitico.mx\/index.php?rest_route=\/wp\/v2\/posts\/98361","targetHints":{"allow":["GET"]}}],"collection":[{"href":"https:\/\/quehacerpolitico.mx\/index.php?rest_route=\/wp\/v2\/posts"}],"about":[{"href":"https:\/\/quehacerpolitico.mx\/index.php?rest_route=\/wp\/v2\/types\/post"}],"author":[{"embeddable":true,"href":"https:\/\/quehacerpolitico.mx\/index.php?rest_route=\/wp\/v2\/users\/2"}],"replies":[{"embeddable":true,"href":"https:\/\/quehacerpolitico.mx\/index.php?rest_route=%2Fwp%2Fv2%2Fcomments&post=98361"}],"version-history":[{"count":1,"href":"https:\/\/quehacerpolitico.mx\/index.php?rest_route=\/wp\/v2\/posts\/98361\/revisions"}],"predecessor-version":[{"id":98363,"href":"https:\/\/quehacerpolitico.mx\/index.php?rest_route=\/wp\/v2\/posts\/98361\/revisions\/98363"}],"wp:featuredmedia":[{"embeddable":true,"href":"https:\/\/quehacerpolitico.mx\/index.php?rest_route=\/wp\/v2\/media\/98362"}],"wp:attachment":[{"href":"https:\/\/quehacerpolitico.mx\/index.php?rest_route=%2Fwp%2Fv2%2Fmedia&parent=98361"}],"wp:term":[{"taxonomy":"category","embeddable":true,"href":"https:\/\/quehacerpolitico.mx\/index.php?rest_route=%2Fwp%2Fv2%2Fcategories&post=98361"},{"taxonomy":"post_tag","embeddable":true,"href":"https:\/\/quehacerpolitico.mx\/index.php?rest_route=%2Fwp%2Fv2%2Ftags&post=98361"}],"curies":[{"name":"wp","href":"https:\/\/api.w.org\/{rel}","templated":true}]}}