{"id":98352,"date":"2023-01-26T15:33:36","date_gmt":"2023-01-26T15:33:36","guid":{"rendered":"https:\/\/quehacerpolitico.mx\/?p=98352"},"modified":"2023-01-26T15:33:40","modified_gmt":"2023-01-26T15:33:40","slug":"maria-elena-rios-confirma-que-liberacion-de-vera-carrizal-fue-suspendida-temporalmente","status":"publish","type":"post","link":"https:\/\/quehacerpolitico.mx\/?p=98352","title":{"rendered":"Mar\u00eda Elena R\u00edos confirma que liberaci\u00f3n de Vera Carrizal fue suspendida &#8220;temporalmente&#8221;"},"content":{"rendered":"\n<p>Por Redacci\u00f3n QP<\/p>\n\n\n\n<p>La joven, v\u00edctima de un ataque con \u00e1cido, advirti\u00f3 no obstante que a\u00fan hay un alto riesgo de que su agresor sea liberado<\/p>\n\n\n\n<p>La ma\u00f1ana de este 26 de enero, la saxofonista Mar\u00eda Elena R\u00edos confirm\u00f3 que la liberaci\u00f3n del expriista Juan Antonio Vera Carrizal, presunto autor intelectual de la tentativa de feminicidio en su contra,<strong>\u00a0fue suspendida de manera temporal.<\/strong><\/p>\n\n\n\n<p>Luego de que R\u00edos denunciara una serie de irregularidades en su caso,\u00a0<strong>fue notificada v\u00eda correo electr\u00f3nico sobre la revisi\u00f3n de un recurso de impugnaci\u00f3n que present\u00f3.<\/strong><\/p>\n\n\n\n<p>&#8220;La jueza Martha Santiago S\u00e1nchez resolvi\u00f3 un recurso de apelaci\u00f3n tras la resoluci\u00f3n de arbitrariedades y corrupci\u00f3n por parte de Te\u00f3dulo Pacheco Pacheco al otorgarle prisi\u00f3n domiciliaria a Vera Carrizal.\u00a0<strong>La resoluci\u00f3n fue que por el momento no existen las condiciones adecuadas para un arraigo domiciliario, no es definitivo<\/strong>&#8220;, dijo la joven en un video colgado en su cuenta de Twitter.<\/p>\n\n\n\n<figure class=\"wp-block-embed is-type-rich is-provider-twitter wp-block-embed-twitter\"><div class=\"wp-block-embed__wrapper\">\n<blockquote class=\"twitter-tweet\" data-width=\"550\" data-dnt=\"true\"><p lang=\"es\" dir=\"ltr\">\u203c\ufe0fATENCI\u00d3N\u203c\ufe0f<br><br>\ud83d\udccc La suspensi\u00f3n de la medida de excarcelaci\u00f3n de mi agresor, es temporal. Mientras se revisa la impugnaci\u00f3n de la audiencia.<br><br>\ud83d\udccc A\u00fan existe un riesgo muy alto de que mi agresor sea trasladado a su casa.<a href=\"https:\/\/twitter.com\/hashtag\/PorFavor?src=hash&amp;ref_src=twsrc%5Etfw\">#PorFavor<\/a> no me dejan sola<br>\ud83d\ude4f\ud83c\udffe\ud83d\udc9c <a href=\"https:\/\/t.co\/RXtmR55fiH\">pic.twitter.com\/RXtmR55fiH<\/a><\/p>&mdash; \u2022 \ud835\udc04\ud835\udc25\ud835\udc1e\ud835\udc27\ud835\udc1a \ud835\udc11i\u0301\ud835\udc28\ud835\udc2c \ud83c\udfb7 (@_ElenaRios) <a href=\"https:\/\/twitter.com\/_ElenaRios\/status\/1618580531947638785?ref_src=twsrc%5Etfw\">January 26, 2023<\/a><\/blockquote><script async src=\"https:\/\/platform.twitter.com\/widgets.js\" charset=\"utf-8\"><\/script>\n<\/div><\/figure>\n\n\n\n<p>Adem\u00e1s inform\u00f3 que ya solicit\u00f3 una impugnaci\u00f3n y continuar\u00e1 pendiente para revisar a los magistrados de su caso para que no otorgue la prisi\u00f3n domiciliaria a Vera Carrizal.<\/p>\n\n\n\n<h2 class=\"wp-block-heading\">Mar\u00eda Elena agradece el apoyo<\/h2>\n\n\n\n<p>De igual forma la saxofonista oaxaque\u00f1a agradeci\u00f3 el apoyo de todas las personas que han estado pendientes de su caso y pidi\u00f3 que &#8220;no la dejen sola&#8221;.<\/p>\n\n\n\n<p>&#8220;<strong>No me suelten, no me dejen, existe una alta probabilidad de que Vera Carrizal pueda regresar a su casa<\/strong>&nbsp;y con el poder adquisitivo que tiene en un pa\u00eds con un 95% de impunidad es sin\u00f3nimo de libertad&#8221;, dijo finalmente.<\/p>\n\n\n\n<h2 class=\"wp-block-heading\">Autor intelectual de agresi\u00f3n a saxofonista seguir\u00e1 en prisi\u00f3n: SSPC<\/h2>\n\n\n\n<p>Rosa Icela Rodr\u00edguez Vel\u00e1zquez, titular de Seguridad y Protecci\u00f3n Ciudadana (SSPC), inform\u00f3 que Juan Antonio Vera Carrizal, acusado de ser el autor intelectual de la agresi\u00f3n con \u00e1cido de la saxofonista Mar\u00eda Elena R\u00edos,&nbsp;<strong>seguir\u00e1 en prisi\u00f3n y no se le otorgar\u00e1 la medida de prisi\u00f3n domiciliaria como hab\u00eda ordenado un juez&nbsp;<\/strong>debido a que no se cuenta con las condiciones m\u00ednimas de seguridad que garanticen que no se evada a la acci\u00f3n de la justicia.<\/p>\n\n\n\n<p>En la conferencia de prensa &#8220;ma\u00f1anera&#8221; de L\u00f3pez Obrador, la secretaria inform\u00f3 que el pasado s\u00e1bado 21 de enero, el juez de control Te\u00f3dulo Pacheco Pacheco orden\u00f3 el cambio de medida cautelar a prisi\u00f3n domiciliaria en favor de Vera Carrizal.<\/p>\n\n\n\n<p>Sin embargo, la saxofonista denunci\u00f3 p\u00fablicamente el nivel de vulnerabilidad al que quedaba sometida ante la decisi\u00f3n del juez. Tras esto, el gobernador de Oaxaca, Salom\u00f3n Jara, a trav\u00e9s de la Secretar\u00eda de Seguridad y Protecci\u00f3n Ciudadana de Oaxaca,<strong>&nbsp;realizaron un an\u00e1lisis del riesgo en poner en prisi\u00f3n domiciliaria a Juan Antonio Vera con las siguientes consideraciones.<\/strong><\/p>\n\n\n\n<p>&#8220;El domicilio particular de ninguna manera cuenta con las condiciones m\u00ednimas de seguridad que garanticen que al procesado no se evada a la acci\u00f3n de la justicia, por lo que dicha situaci\u00f3n debi\u00f3 ser prevista al momento de realizar la modificaci\u00f3n de la medida cautelar. Es inviable que la instituci\u00f3n policial brinde seguridad permanente al inculpado m\u00e1xime que el juez solicita cuatro elementos por turno para llevar a cabo la vigilancia&#8221;.<\/p>\n\n\n\n<p>En Palacio Nacional, Rodr\u00edguez Vel\u00e1zquez se\u00f1al\u00f3 que con estos argumentos, el 24 de enero, la juez de control de Circuito Judicial, Martha Santiago S\u00e1nchez, notific\u00f3 al director del Centro de Internamiento Varonil de Tanivet, Oaxaca, que al no existir las condiciones para realizar el traslado y la vigilancia de Juan Antonio Vera Carrizal\u00a0<strong>deber\u00e1 continuar cumpliendo con la medida impuesta inicialmente en ese centro penitenciario.<\/strong><\/p>\n\n\n\n<p>Con Informaci\u00f3n de SUN <\/p>\n","protected":false},"excerpt":{"rendered":"<p>Por Redacci\u00f3n QP La joven, v\u00edctima de un ataque con \u00e1cido, advirti\u00f3 no obstante que&#8230;<\/p>\n","protected":false},"author":2,"featured_media":98353,"comment_status":"open","ping_status":"open","sticky":false,"template":"","format":"standard","meta":{"_monsterinsights_skip_tracking":false,"_monsterinsights_sitenote_active":false,"_monsterinsights_sitenote_note":"","_monsterinsights_sitenote_category":0,"footnotes":""},"categories":[2],"tags":[],"class_list":["post-98352","post","type-post","status-publish","format-standard","has-post-thumbnail","hentry","category-noticias"],"yoast_head":"<!-- This site is optimized with the Yoast SEO plugin v27.3 - https:\/\/yoast.com\/product\/yoast-seo-wordpress\/ -->\n<title>Mar\u00eda Elena R\u00edos confirma que liberaci\u00f3n de Vera Carrizal fue suspendida &quot;temporalmente&quot; -<\/title>\n<meta name=\"robots\" content=\"index, follow, max-snippet:-1, max-image-preview:large, max-video-preview:-1\" \/>\n<link rel=\"canonical\" href=\"https:\/\/quehacerpolitico.mx\/?p=98352\" \/>\n<meta property=\"og:locale\" content=\"es_MX\" \/>\n<meta property=\"og:type\" content=\"article\" \/>\n<meta property=\"og:title\" content=\"Mar\u00eda Elena R\u00edos confirma que liberaci\u00f3n de Vera Carrizal fue suspendida &quot;temporalmente&quot; -\" \/>\n<meta property=\"og:description\" content=\"Por Redacci\u00f3n QP La joven, v\u00edctima de un ataque con \u00e1cido, advirti\u00f3 no obstante que...\" \/>\n<meta property=\"og:url\" content=\"https:\/\/quehacerpolitico.mx\/?p=98352\" \/>\n<meta property=\"article:published_time\" content=\"2023-01-26T15:33:36+00:00\" \/>\n<meta property=\"article:modified_time\" content=\"2023-01-26T15:33:40+00:00\" \/>\n<meta property=\"og:image\" content=\"https:\/\/quehacerpolitico.mx\/wp-content\/uploads\/2023\/01\/61E40CD8-5DAD-4217-ACBA-ECC9CCC384C9.jpeg\" \/>\n\t<meta property=\"og:image:width\" content=\"1284\" \/>\n\t<meta property=\"og:image:height\" content=\"708\" \/>\n\t<meta property=\"og:image:type\" content=\"image\/jpeg\" \/>\n<meta name=\"author\" content=\"Redacci\u00f3n QP\" \/>\n<meta name=\"twitter:card\" content=\"summary_large_image\" \/>\n<meta name=\"twitter:label1\" content=\"Escrito por\" \/>\n\t<meta name=\"twitter:data1\" content=\"Redacci\u00f3n QP\" \/>\n\t<meta name=\"twitter:label2\" content=\"Tiempo de lectura\" \/>\n\t<meta name=\"twitter:data2\" content=\"3 minutos\" \/>\n<script type=\"application\/ld+json\" class=\"yoast-schema-graph\">{\"@context\":\"https:\\\/\\\/schema.org\",\"@graph\":[{\"@type\":\"Article\",\"@id\":\"https:\\\/\\\/quehacerpolitico.mx\\\/?p=98352#article\",\"isPartOf\":{\"@id\":\"https:\\\/\\\/quehacerpolitico.mx\\\/?p=98352\"},\"author\":{\"name\":\"Redacci\u00f3n QP\",\"@id\":\"https:\\\/\\\/quehacerpolitico.mx\\\/#\\\/schema\\\/person\\\/496d8ad2d1d3f8036101dca7ee39e585\"},\"headline\":\"Mar\u00eda Elena R\u00edos confirma que liberaci\u00f3n de Vera Carrizal fue suspendida &#8220;temporalmente&#8221;\",\"datePublished\":\"2023-01-26T15:33:36+00:00\",\"dateModified\":\"2023-01-26T15:33:40+00:00\",\"mainEntityOfPage\":{\"@id\":\"https:\\\/\\\/quehacerpolitico.mx\\\/?p=98352\"},\"wordCount\":665,\"commentCount\":0,\"image\":{\"@id\":\"https:\\\/\\\/quehacerpolitico.mx\\\/?p=98352#primaryimage\"},\"thumbnailUrl\":\"https:\\\/\\\/quehacerpolitico.mx\\\/wp-content\\\/uploads\\\/2023\\\/01\\\/61E40CD8-5DAD-4217-ACBA-ECC9CCC384C9.jpeg\",\"articleSection\":[\"Noticias\"],\"inLanguage\":\"es\",\"potentialAction\":[{\"@type\":\"CommentAction\",\"name\":\"Comment\",\"target\":[\"https:\\\/\\\/quehacerpolitico.mx\\\/?p=98352#respond\"]}]},{\"@type\":\"WebPage\",\"@id\":\"https:\\\/\\\/quehacerpolitico.mx\\\/?p=98352\",\"url\":\"https:\\\/\\\/quehacerpolitico.mx\\\/?p=98352\",\"name\":\"Mar\u00eda Elena R\u00edos confirma que liberaci\u00f3n de Vera Carrizal fue suspendida \\\"temporalmente\\\" -\",\"isPartOf\":{\"@id\":\"https:\\\/\\\/quehacerpolitico.mx\\\/#website\"},\"primaryImageOfPage\":{\"@id\":\"https:\\\/\\\/quehacerpolitico.mx\\\/?p=98352#primaryimage\"},\"image\":{\"@id\":\"https:\\\/\\\/quehacerpolitico.mx\\\/?p=98352#primaryimage\"},\"thumbnailUrl\":\"https:\\\/\\\/quehacerpolitico.mx\\\/wp-content\\\/uploads\\\/2023\\\/01\\\/61E40CD8-5DAD-4217-ACBA-ECC9CCC384C9.jpeg\",\"datePublished\":\"2023-01-26T15:33:36+00:00\",\"dateModified\":\"2023-01-26T15:33:40+00:00\",\"author\":{\"@id\":\"https:\\\/\\\/quehacerpolitico.mx\\\/#\\\/schema\\\/person\\\/496d8ad2d1d3f8036101dca7ee39e585\"},\"breadcrumb\":{\"@id\":\"https:\\\/\\\/quehacerpolitico.mx\\\/?p=98352#breadcrumb\"},\"inLanguage\":\"es\",\"potentialAction\":[{\"@type\":\"ReadAction\",\"target\":[\"https:\\\/\\\/quehacerpolitico.mx\\\/?p=98352\"]}]},{\"@type\":\"ImageObject\",\"inLanguage\":\"es\",\"@id\":\"https:\\\/\\\/quehacerpolitico.mx\\\/?p=98352#primaryimage\",\"url\":\"https:\\\/\\\/quehacerpolitico.mx\\\/wp-content\\\/uploads\\\/2023\\\/01\\\/61E40CD8-5DAD-4217-ACBA-ECC9CCC384C9.jpeg\",\"contentUrl\":\"https:\\\/\\\/quehacerpolitico.mx\\\/wp-content\\\/uploads\\\/2023\\\/01\\\/61E40CD8-5DAD-4217-ACBA-ECC9CCC384C9.jpeg\",\"width\":1284,\"height\":708},{\"@type\":\"BreadcrumbList\",\"@id\":\"https:\\\/\\\/quehacerpolitico.mx\\\/?p=98352#breadcrumb\",\"itemListElement\":[{\"@type\":\"ListItem\",\"position\":1,\"name\":\"Inicio\",\"item\":\"https:\\\/\\\/quehacerpolitico.mx\\\/\"},{\"@type\":\"ListItem\",\"position\":2,\"name\":\"Mar\u00eda Elena R\u00edos confirma que liberaci\u00f3n de Vera Carrizal fue suspendida &#8220;temporalmente&#8221;\"}]},{\"@type\":\"WebSite\",\"@id\":\"https:\\\/\\\/quehacerpolitico.mx\\\/#website\",\"url\":\"https:\\\/\\\/quehacerpolitico.mx\\\/\",\"name\":\"\",\"description\":\"\",\"potentialAction\":[{\"@type\":\"SearchAction\",\"target\":{\"@type\":\"EntryPoint\",\"urlTemplate\":\"https:\\\/\\\/quehacerpolitico.mx\\\/?s={search_term_string}\"},\"query-input\":{\"@type\":\"PropertyValueSpecification\",\"valueRequired\":true,\"valueName\":\"search_term_string\"}}],\"inLanguage\":\"es\"},{\"@type\":\"Person\",\"@id\":\"https:\\\/\\\/quehacerpolitico.mx\\\/#\\\/schema\\\/person\\\/496d8ad2d1d3f8036101dca7ee39e585\",\"name\":\"Redacci\u00f3n QP\",\"image\":{\"@type\":\"ImageObject\",\"inLanguage\":\"es\",\"@id\":\"https:\\\/\\\/secure.gravatar.com\\\/avatar\\\/c7164ed6fdec453195284ad24a5ae5b6e1eed2b848477fa2a4787ba9adf39a41?s=96&d=mm&r=g\",\"url\":\"https:\\\/\\\/secure.gravatar.com\\\/avatar\\\/c7164ed6fdec453195284ad24a5ae5b6e1eed2b848477fa2a4787ba9adf39a41?s=96&d=mm&r=g\",\"contentUrl\":\"https:\\\/\\\/secure.gravatar.com\\\/avatar\\\/c7164ed6fdec453195284ad24a5ae5b6e1eed2b848477fa2a4787ba9adf39a41?s=96&d=mm&r=g\",\"caption\":\"Redacci\u00f3n QP\"},\"url\":\"https:\\\/\\\/quehacerpolitico.mx\\\/?author=2\"}]}<\/script>\n<!-- \/ Yoast SEO plugin. -->","yoast_head_json":{"title":"Mar\u00eda Elena R\u00edos confirma que liberaci\u00f3n de Vera Carrizal fue suspendida \"temporalmente\" -","robots":{"index":"index","follow":"follow","max-snippet":"max-snippet:-1","max-image-preview":"max-image-preview:large","max-video-preview":"max-video-preview:-1"},"canonical":"https:\/\/quehacerpolitico.mx\/?p=98352","og_locale":"es_MX","og_type":"article","og_title":"Mar\u00eda Elena R\u00edos confirma que liberaci\u00f3n de Vera Carrizal fue suspendida \"temporalmente\" -","og_description":"Por Redacci\u00f3n QP La joven, v\u00edctima de un ataque con \u00e1cido, advirti\u00f3 no obstante que...","og_url":"https:\/\/quehacerpolitico.mx\/?p=98352","article_published_time":"2023-01-26T15:33:36+00:00","article_modified_time":"2023-01-26T15:33:40+00:00","og_image":[{"width":1284,"height":708,"url":"https:\/\/quehacerpolitico.mx\/wp-content\/uploads\/2023\/01\/61E40CD8-5DAD-4217-ACBA-ECC9CCC384C9.jpeg","type":"image\/jpeg"}],"author":"Redacci\u00f3n QP","twitter_card":"summary_large_image","twitter_misc":{"Escrito por":"Redacci\u00f3n QP","Tiempo de lectura":"3 minutos"},"schema":{"@context":"https:\/\/schema.org","@graph":[{"@type":"Article","@id":"https:\/\/quehacerpolitico.mx\/?p=98352#article","isPartOf":{"@id":"https:\/\/quehacerpolitico.mx\/?p=98352"},"author":{"name":"Redacci\u00f3n QP","@id":"https:\/\/quehacerpolitico.mx\/#\/schema\/person\/496d8ad2d1d3f8036101dca7ee39e585"},"headline":"Mar\u00eda Elena R\u00edos confirma que liberaci\u00f3n de Vera Carrizal fue suspendida &#8220;temporalmente&#8221;","datePublished":"2023-01-26T15:33:36+00:00","dateModified":"2023-01-26T15:33:40+00:00","mainEntityOfPage":{"@id":"https:\/\/quehacerpolitico.mx\/?p=98352"},"wordCount":665,"commentCount":0,"image":{"@id":"https:\/\/quehacerpolitico.mx\/?p=98352#primaryimage"},"thumbnailUrl":"https:\/\/quehacerpolitico.mx\/wp-content\/uploads\/2023\/01\/61E40CD8-5DAD-4217-ACBA-ECC9CCC384C9.jpeg","articleSection":["Noticias"],"inLanguage":"es","potentialAction":[{"@type":"CommentAction","name":"Comment","target":["https:\/\/quehacerpolitico.mx\/?p=98352#respond"]}]},{"@type":"WebPage","@id":"https:\/\/quehacerpolitico.mx\/?p=98352","url":"https:\/\/quehacerpolitico.mx\/?p=98352","name":"Mar\u00eda Elena R\u00edos confirma que liberaci\u00f3n de Vera Carrizal fue suspendida \"temporalmente\" -","isPartOf":{"@id":"https:\/\/quehacerpolitico.mx\/#website"},"primaryImageOfPage":{"@id":"https:\/\/quehacerpolitico.mx\/?p=98352#primaryimage"},"image":{"@id":"https:\/\/quehacerpolitico.mx\/?p=98352#primaryimage"},"thumbnailUrl":"https:\/\/quehacerpolitico.mx\/wp-content\/uploads\/2023\/01\/61E40CD8-5DAD-4217-ACBA-ECC9CCC384C9.jpeg","datePublished":"2023-01-26T15:33:36+00:00","dateModified":"2023-01-26T15:33:40+00:00","author":{"@id":"https:\/\/quehacerpolitico.mx\/#\/schema\/person\/496d8ad2d1d3f8036101dca7ee39e585"},"breadcrumb":{"@id":"https:\/\/quehacerpolitico.mx\/?p=98352#breadcrumb"},"inLanguage":"es","potentialAction":[{"@type":"ReadAction","target":["https:\/\/quehacerpolitico.mx\/?p=98352"]}]},{"@type":"ImageObject","inLanguage":"es","@id":"https:\/\/quehacerpolitico.mx\/?p=98352#primaryimage","url":"https:\/\/quehacerpolitico.mx\/wp-content\/uploads\/2023\/01\/61E40CD8-5DAD-4217-ACBA-ECC9CCC384C9.jpeg","contentUrl":"https:\/\/quehacerpolitico.mx\/wp-content\/uploads\/2023\/01\/61E40CD8-5DAD-4217-ACBA-ECC9CCC384C9.jpeg","width":1284,"height":708},{"@type":"BreadcrumbList","@id":"https:\/\/quehacerpolitico.mx\/?p=98352#breadcrumb","itemListElement":[{"@type":"ListItem","position":1,"name":"Inicio","item":"https:\/\/quehacerpolitico.mx\/"},{"@type":"ListItem","position":2,"name":"Mar\u00eda Elena R\u00edos confirma que liberaci\u00f3n de Vera Carrizal fue suspendida &#8220;temporalmente&#8221;"}]},{"@type":"WebSite","@id":"https:\/\/quehacerpolitico.mx\/#website","url":"https:\/\/quehacerpolitico.mx\/","name":"","description":"","potentialAction":[{"@type":"SearchAction","target":{"@type":"EntryPoint","urlTemplate":"https:\/\/quehacerpolitico.mx\/?s={search_term_string}"},"query-input":{"@type":"PropertyValueSpecification","valueRequired":true,"valueName":"search_term_string"}}],"inLanguage":"es"},{"@type":"Person","@id":"https:\/\/quehacerpolitico.mx\/#\/schema\/person\/496d8ad2d1d3f8036101dca7ee39e585","name":"Redacci\u00f3n QP","image":{"@type":"ImageObject","inLanguage":"es","@id":"https:\/\/secure.gravatar.com\/avatar\/c7164ed6fdec453195284ad24a5ae5b6e1eed2b848477fa2a4787ba9adf39a41?s=96&d=mm&r=g","url":"https:\/\/secure.gravatar.com\/avatar\/c7164ed6fdec453195284ad24a5ae5b6e1eed2b848477fa2a4787ba9adf39a41?s=96&d=mm&r=g","contentUrl":"https:\/\/secure.gravatar.com\/avatar\/c7164ed6fdec453195284ad24a5ae5b6e1eed2b848477fa2a4787ba9adf39a41?s=96&d=mm&r=g","caption":"Redacci\u00f3n QP"},"url":"https:\/\/quehacerpolitico.mx\/?author=2"}]}},"featured_image_urls":{"full":["https:\/\/quehacerpolitico.mx\/wp-content\/uploads\/2023\/01\/61E40CD8-5DAD-4217-ACBA-ECC9CCC384C9.jpeg",1284,708,false],"thumbnail":["https:\/\/quehacerpolitico.mx\/wp-content\/uploads\/2023\/01\/61E40CD8-5DAD-4217-ACBA-ECC9CCC384C9-150x150.jpeg",150,150,true],"medium":["https:\/\/quehacerpolitico.mx\/wp-content\/uploads\/2023\/01\/61E40CD8-5DAD-4217-ACBA-ECC9CCC384C9-300x165.jpeg",300,165,true],"medium_large":["https:\/\/quehacerpolitico.mx\/wp-content\/uploads\/2023\/01\/61E40CD8-5DAD-4217-ACBA-ECC9CCC384C9-768x423.jpeg",640,353,true],"large":["https:\/\/quehacerpolitico.mx\/wp-content\/uploads\/2023\/01\/61E40CD8-5DAD-4217-ACBA-ECC9CCC384C9-1024x565.jpeg",640,353,true],"1536x1536":["https:\/\/quehacerpolitico.mx\/wp-content\/uploads\/2023\/01\/61E40CD8-5DAD-4217-ACBA-ECC9CCC384C9.jpeg",1284,708,false],"2048x2048":["https:\/\/quehacerpolitico.mx\/wp-content\/uploads\/2023\/01\/61E40CD8-5DAD-4217-ACBA-ECC9CCC384C9.jpeg",1284,708,false],"covernews-featured":["https:\/\/quehacerpolitico.mx\/wp-content\/uploads\/2023\/01\/61E40CD8-5DAD-4217-ACBA-ECC9CCC384C9.jpeg",1024,565,false],"covernews-medium":["https:\/\/quehacerpolitico.mx\/wp-content\/uploads\/2023\/01\/61E40CD8-5DAD-4217-ACBA-ECC9CCC384C9.jpeg",540,298,false]},"author_info":{"display_name":"Redacci\u00f3n QP","author_link":"https:\/\/quehacerpolitico.mx\/?author=2"},"category_info":"<a href=\"https:\/\/quehacerpolitico.mx\/?cat=2\" rel=\"category\">Noticias<\/a>","tag_info":"Noticias","comment_count":"0","_links":{"self":[{"href":"https:\/\/quehacerpolitico.mx\/index.php?rest_route=\/wp\/v2\/posts\/98352","targetHints":{"allow":["GET"]}}],"collection":[{"href":"https:\/\/quehacerpolitico.mx\/index.php?rest_route=\/wp\/v2\/posts"}],"about":[{"href":"https:\/\/quehacerpolitico.mx\/index.php?rest_route=\/wp\/v2\/types\/post"}],"author":[{"embeddable":true,"href":"https:\/\/quehacerpolitico.mx\/index.php?rest_route=\/wp\/v2\/users\/2"}],"replies":[{"embeddable":true,"href":"https:\/\/quehacerpolitico.mx\/index.php?rest_route=%2Fwp%2Fv2%2Fcomments&post=98352"}],"version-history":[{"count":1,"href":"https:\/\/quehacerpolitico.mx\/index.php?rest_route=\/wp\/v2\/posts\/98352\/revisions"}],"predecessor-version":[{"id":98354,"href":"https:\/\/quehacerpolitico.mx\/index.php?rest_route=\/wp\/v2\/posts\/98352\/revisions\/98354"}],"wp:featuredmedia":[{"embeddable":true,"href":"https:\/\/quehacerpolitico.mx\/index.php?rest_route=\/wp\/v2\/media\/98353"}],"wp:attachment":[{"href":"https:\/\/quehacerpolitico.mx\/index.php?rest_route=%2Fwp%2Fv2%2Fmedia&parent=98352"}],"wp:term":[{"taxonomy":"category","embeddable":true,"href":"https:\/\/quehacerpolitico.mx\/index.php?rest_route=%2Fwp%2Fv2%2Fcategories&post=98352"},{"taxonomy":"post_tag","embeddable":true,"href":"https:\/\/quehacerpolitico.mx\/index.php?rest_route=%2Fwp%2Fv2%2Ftags&post=98352"}],"curies":[{"name":"wp","href":"https:\/\/api.w.org\/{rel}","templated":true}]}}