{"id":98319,"date":"2023-01-25T18:23:09","date_gmt":"2023-01-25T18:23:09","guid":{"rendered":"https:\/\/quehacerpolitico.mx\/?p=98319"},"modified":"2023-01-25T18:23:13","modified_gmt":"2023-01-25T18:23:13","slug":"suprema-corte-avala-que-fuerzas-armadas-registren-detenciones-sin-aviso","status":"publish","type":"post","link":"https:\/\/quehacerpolitico.mx\/?p=98319","title":{"rendered":"Suprema Corte avala que Fuerzas Armadas registren detenciones sin aviso"},"content":{"rendered":"\n<p>Por Redacci\u00f3n QP<\/p>\n\n\n\n<p>La Suprema Corte de Justicia aprob\u00f3 que las Fuerzas Armadas ya no tengan\u00a0que informar a la polic\u00eda civil cuando cometan un arresto en sus labores de seguridad p\u00fablica, medida que ha generado controversia<\/p>\n\n\n\n<p><strong>La Suprema Corte de Justicia de la Naci\u00f3n (SCJN) declar\u00f3 constitucional que las Fuerzas Armadas registren directamente ante el sistema nacional de detenciones las capturas que realicen en apoyo a las tareas de seguridad p\u00fablica en el pa\u00eds, sin dar aviso a las autoridades policiales competentes.<\/strong><\/p>\n\n\n\n<p>Por mayor\u00eda de ocho votos, el pleno del m\u00e1ximo tribunal declar\u00f3 infundada la acci\u00f3n de inconstitucional presentada en 2019 por la Comisi\u00f3n Nacional de los Derechos Humanos (CNDH) contra el art\u00edculo 19 de la Ley Nacional del Registro de Detenciones, que exenta al<strong>\u00a0Ej\u00e9rcito, Marina y Fuerza A\u00e9rea de avisar inmediatamente a las autoridades competentes sobre una detenci\u00f3n a su cargo<\/strong>, derivado de una disposici\u00f3n establecida en el 5 transitorio de la misma norma.<\/p>\n\n\n\n<p>La CNDH, encabezada entonces por Luis Ra\u00fal Gonz\u00e1lez P\u00e9rez, se quej\u00f3 de que la disposici\u00f3n mencionaba vulneraba el derecho a la seguridad jur\u00eddica de los detenidos.\u00a0<strong>Sin embargo, la mayor\u00eda de ministros determinaron que es posible que se interprete que las Fuerzas Armadas no est\u00e1n obligadas a informar, pero eso no implica que el registro no se pueda llevar a cabo\u00a0<\/strong>en el sistema a cargo de la Secretar\u00eda de Seguridad y Protecci\u00f3n Ciudadana, ya que ser\u00e1n ellas mismas las que lo hagan directamente durante las labores de apoyo a la seguridad p\u00fablica.<\/p>\n\n\n\n<p>El ministro Javier Laynez Potisek afirm\u00f3 que la excepci\u00f3n en la obligaci\u00f3n de aplicar el art\u00edculo 19 de la Ley Nacional del Registro de Detenciones a las Fuerzas Armadas<strong>, tiene como prop\u00f3sito que sean las propias Fuerzas Armadas quienes realicen el registro porque est\u00e1n facultadas para realizar labores de seguridad p\u00fablica,<\/strong>&nbsp;esto conforme al art\u00edculo quinto constitucional.<\/p>\n\n\n\n<p>&#8220;La interpretaci\u00f3n correcta del quinto transitorio conlleva que la Fuerza Armada permanente, que realice tareas de seguridad p\u00fablica, est\u00e1 sujeta a la ley, y<strong>\u00a0que no deba dar aviso en t\u00e9rminos del 19, sino que debe realizar directamente el registro inmediato<\/strong>&#8220;.<\/p>\n\n\n\n<p>&#8220;Analiz\u00e1ndose esta ley en su conjunto, tiene como sujetos obligados a las instituciones de seguridad p\u00fablica, donde no se encuentran las Fuerzas Armadas, precisamente por eso el quinto transitorio\u00a0<strong>dice que toda vez que en la Constituci\u00f3n se le autoriz\u00f3 al Ejecutivo a utilizar las Fuerzas Armadas para llevar a cabo funciones de seguridad, que se aplique esta ley\u00a0<\/strong>como lo har\u00eda cualquier instituci\u00f3n de seguridad, tienes que registrar directamente la detenci\u00f3n&#8221;, indic\u00f3.<\/p>\n\n\n\n<p>Con Informaci\u00f3n de SUN <\/p>\n","protected":false},"excerpt":{"rendered":"<p>Por Redacci\u00f3n QP La Suprema Corte de Justicia aprob\u00f3 que las Fuerzas Armadas ya no&#8230;<\/p>\n","protected":false},"author":2,"featured_media":98320,"comment_status":"open","ping_status":"open","sticky":false,"template":"","format":"standard","meta":{"_monsterinsights_skip_tracking":false,"_monsterinsights_sitenote_active":false,"_monsterinsights_sitenote_note":"","_monsterinsights_sitenote_category":0,"footnotes":""},"categories":[2],"tags":[],"class_list":["post-98319","post","type-post","status-publish","format-standard","has-post-thumbnail","hentry","category-noticias"],"yoast_head":"<!-- This site is optimized with the Yoast SEO plugin v27.3 - https:\/\/yoast.com\/product\/yoast-seo-wordpress\/ -->\n<title>Suprema Corte avala que Fuerzas Armadas registren detenciones sin aviso -<\/title>\n<meta name=\"robots\" content=\"index, follow, max-snippet:-1, max-image-preview:large, max-video-preview:-1\" \/>\n<link rel=\"canonical\" href=\"https:\/\/quehacerpolitico.mx\/?p=98319\" \/>\n<meta property=\"og:locale\" content=\"es_MX\" \/>\n<meta property=\"og:type\" content=\"article\" \/>\n<meta property=\"og:title\" content=\"Suprema Corte avala que Fuerzas Armadas registren detenciones sin aviso -\" \/>\n<meta property=\"og:description\" content=\"Por Redacci\u00f3n QP La Suprema Corte de Justicia aprob\u00f3 que las Fuerzas Armadas ya no...\" \/>\n<meta property=\"og:url\" content=\"https:\/\/quehacerpolitico.mx\/?p=98319\" \/>\n<meta property=\"article:published_time\" content=\"2023-01-25T18:23:09+00:00\" \/>\n<meta property=\"article:modified_time\" content=\"2023-01-25T18:23:13+00:00\" \/>\n<meta property=\"og:image\" content=\"https:\/\/quehacerpolitico.mx\/wp-content\/uploads\/2023\/01\/82D7AC32-2790-4CA7-A4F7-B4A59B569EAE.jpeg\" \/>\n\t<meta property=\"og:image:width\" content=\"739\" \/>\n\t<meta property=\"og:image:height\" content=\"415\" \/>\n\t<meta property=\"og:image:type\" content=\"image\/jpeg\" \/>\n<meta name=\"author\" content=\"Redacci\u00f3n QP\" \/>\n<meta name=\"twitter:card\" content=\"summary_large_image\" \/>\n<meta name=\"twitter:label1\" content=\"Escrito por\" \/>\n\t<meta name=\"twitter:data1\" content=\"Redacci\u00f3n QP\" \/>\n\t<meta name=\"twitter:label2\" content=\"Tiempo de lectura\" \/>\n\t<meta name=\"twitter:data2\" content=\"2 minutos\" \/>\n<script type=\"application\/ld+json\" class=\"yoast-schema-graph\">{\"@context\":\"https:\\\/\\\/schema.org\",\"@graph\":[{\"@type\":\"Article\",\"@id\":\"https:\\\/\\\/quehacerpolitico.mx\\\/?p=98319#article\",\"isPartOf\":{\"@id\":\"https:\\\/\\\/quehacerpolitico.mx\\\/?p=98319\"},\"author\":{\"name\":\"Redacci\u00f3n QP\",\"@id\":\"https:\\\/\\\/quehacerpolitico.mx\\\/#\\\/schema\\\/person\\\/496d8ad2d1d3f8036101dca7ee39e585\"},\"headline\":\"Suprema Corte avala que Fuerzas Armadas registren detenciones sin aviso\",\"datePublished\":\"2023-01-25T18:23:09+00:00\",\"dateModified\":\"2023-01-25T18:23:13+00:00\",\"mainEntityOfPage\":{\"@id\":\"https:\\\/\\\/quehacerpolitico.mx\\\/?p=98319\"},\"wordCount\":474,\"commentCount\":0,\"image\":{\"@id\":\"https:\\\/\\\/quehacerpolitico.mx\\\/?p=98319#primaryimage\"},\"thumbnailUrl\":\"https:\\\/\\\/quehacerpolitico.mx\\\/wp-content\\\/uploads\\\/2023\\\/01\\\/82D7AC32-2790-4CA7-A4F7-B4A59B569EAE.jpeg\",\"articleSection\":[\"Noticias\"],\"inLanguage\":\"es\",\"potentialAction\":[{\"@type\":\"CommentAction\",\"name\":\"Comment\",\"target\":[\"https:\\\/\\\/quehacerpolitico.mx\\\/?p=98319#respond\"]}]},{\"@type\":\"WebPage\",\"@id\":\"https:\\\/\\\/quehacerpolitico.mx\\\/?p=98319\",\"url\":\"https:\\\/\\\/quehacerpolitico.mx\\\/?p=98319\",\"name\":\"Suprema Corte avala que Fuerzas Armadas registren detenciones sin aviso -\",\"isPartOf\":{\"@id\":\"https:\\\/\\\/quehacerpolitico.mx\\\/#website\"},\"primaryImageOfPage\":{\"@id\":\"https:\\\/\\\/quehacerpolitico.mx\\\/?p=98319#primaryimage\"},\"image\":{\"@id\":\"https:\\\/\\\/quehacerpolitico.mx\\\/?p=98319#primaryimage\"},\"thumbnailUrl\":\"https:\\\/\\\/quehacerpolitico.mx\\\/wp-content\\\/uploads\\\/2023\\\/01\\\/82D7AC32-2790-4CA7-A4F7-B4A59B569EAE.jpeg\",\"datePublished\":\"2023-01-25T18:23:09+00:00\",\"dateModified\":\"2023-01-25T18:23:13+00:00\",\"author\":{\"@id\":\"https:\\\/\\\/quehacerpolitico.mx\\\/#\\\/schema\\\/person\\\/496d8ad2d1d3f8036101dca7ee39e585\"},\"breadcrumb\":{\"@id\":\"https:\\\/\\\/quehacerpolitico.mx\\\/?p=98319#breadcrumb\"},\"inLanguage\":\"es\",\"potentialAction\":[{\"@type\":\"ReadAction\",\"target\":[\"https:\\\/\\\/quehacerpolitico.mx\\\/?p=98319\"]}]},{\"@type\":\"ImageObject\",\"inLanguage\":\"es\",\"@id\":\"https:\\\/\\\/quehacerpolitico.mx\\\/?p=98319#primaryimage\",\"url\":\"https:\\\/\\\/quehacerpolitico.mx\\\/wp-content\\\/uploads\\\/2023\\\/01\\\/82D7AC32-2790-4CA7-A4F7-B4A59B569EAE.jpeg\",\"contentUrl\":\"https:\\\/\\\/quehacerpolitico.mx\\\/wp-content\\\/uploads\\\/2023\\\/01\\\/82D7AC32-2790-4CA7-A4F7-B4A59B569EAE.jpeg\",\"width\":739,\"height\":415},{\"@type\":\"BreadcrumbList\",\"@id\":\"https:\\\/\\\/quehacerpolitico.mx\\\/?p=98319#breadcrumb\",\"itemListElement\":[{\"@type\":\"ListItem\",\"position\":1,\"name\":\"Inicio\",\"item\":\"https:\\\/\\\/quehacerpolitico.mx\\\/\"},{\"@type\":\"ListItem\",\"position\":2,\"name\":\"Suprema Corte avala que Fuerzas Armadas registren detenciones sin aviso\"}]},{\"@type\":\"WebSite\",\"@id\":\"https:\\\/\\\/quehacerpolitico.mx\\\/#website\",\"url\":\"https:\\\/\\\/quehacerpolitico.mx\\\/\",\"name\":\"\",\"description\":\"\",\"potentialAction\":[{\"@type\":\"SearchAction\",\"target\":{\"@type\":\"EntryPoint\",\"urlTemplate\":\"https:\\\/\\\/quehacerpolitico.mx\\\/?s={search_term_string}\"},\"query-input\":{\"@type\":\"PropertyValueSpecification\",\"valueRequired\":true,\"valueName\":\"search_term_string\"}}],\"inLanguage\":\"es\"},{\"@type\":\"Person\",\"@id\":\"https:\\\/\\\/quehacerpolitico.mx\\\/#\\\/schema\\\/person\\\/496d8ad2d1d3f8036101dca7ee39e585\",\"name\":\"Redacci\u00f3n QP\",\"image\":{\"@type\":\"ImageObject\",\"inLanguage\":\"es\",\"@id\":\"https:\\\/\\\/secure.gravatar.com\\\/avatar\\\/c7164ed6fdec453195284ad24a5ae5b6e1eed2b848477fa2a4787ba9adf39a41?s=96&d=mm&r=g\",\"url\":\"https:\\\/\\\/secure.gravatar.com\\\/avatar\\\/c7164ed6fdec453195284ad24a5ae5b6e1eed2b848477fa2a4787ba9adf39a41?s=96&d=mm&r=g\",\"contentUrl\":\"https:\\\/\\\/secure.gravatar.com\\\/avatar\\\/c7164ed6fdec453195284ad24a5ae5b6e1eed2b848477fa2a4787ba9adf39a41?s=96&d=mm&r=g\",\"caption\":\"Redacci\u00f3n QP\"},\"url\":\"https:\\\/\\\/quehacerpolitico.mx\\\/?author=2\"}]}<\/script>\n<!-- \/ Yoast SEO plugin. -->","yoast_head_json":{"title":"Suprema Corte avala que Fuerzas Armadas registren detenciones sin aviso -","robots":{"index":"index","follow":"follow","max-snippet":"max-snippet:-1","max-image-preview":"max-image-preview:large","max-video-preview":"max-video-preview:-1"},"canonical":"https:\/\/quehacerpolitico.mx\/?p=98319","og_locale":"es_MX","og_type":"article","og_title":"Suprema Corte avala que Fuerzas Armadas registren detenciones sin aviso -","og_description":"Por Redacci\u00f3n QP La Suprema Corte de Justicia aprob\u00f3 que las Fuerzas Armadas ya no...","og_url":"https:\/\/quehacerpolitico.mx\/?p=98319","article_published_time":"2023-01-25T18:23:09+00:00","article_modified_time":"2023-01-25T18:23:13+00:00","og_image":[{"width":739,"height":415,"url":"https:\/\/quehacerpolitico.mx\/wp-content\/uploads\/2023\/01\/82D7AC32-2790-4CA7-A4F7-B4A59B569EAE.jpeg","type":"image\/jpeg"}],"author":"Redacci\u00f3n QP","twitter_card":"summary_large_image","twitter_misc":{"Escrito por":"Redacci\u00f3n QP","Tiempo de lectura":"2 minutos"},"schema":{"@context":"https:\/\/schema.org","@graph":[{"@type":"Article","@id":"https:\/\/quehacerpolitico.mx\/?p=98319#article","isPartOf":{"@id":"https:\/\/quehacerpolitico.mx\/?p=98319"},"author":{"name":"Redacci\u00f3n QP","@id":"https:\/\/quehacerpolitico.mx\/#\/schema\/person\/496d8ad2d1d3f8036101dca7ee39e585"},"headline":"Suprema Corte avala que Fuerzas Armadas registren detenciones sin aviso","datePublished":"2023-01-25T18:23:09+00:00","dateModified":"2023-01-25T18:23:13+00:00","mainEntityOfPage":{"@id":"https:\/\/quehacerpolitico.mx\/?p=98319"},"wordCount":474,"commentCount":0,"image":{"@id":"https:\/\/quehacerpolitico.mx\/?p=98319#primaryimage"},"thumbnailUrl":"https:\/\/quehacerpolitico.mx\/wp-content\/uploads\/2023\/01\/82D7AC32-2790-4CA7-A4F7-B4A59B569EAE.jpeg","articleSection":["Noticias"],"inLanguage":"es","potentialAction":[{"@type":"CommentAction","name":"Comment","target":["https:\/\/quehacerpolitico.mx\/?p=98319#respond"]}]},{"@type":"WebPage","@id":"https:\/\/quehacerpolitico.mx\/?p=98319","url":"https:\/\/quehacerpolitico.mx\/?p=98319","name":"Suprema Corte avala que Fuerzas Armadas registren detenciones sin aviso -","isPartOf":{"@id":"https:\/\/quehacerpolitico.mx\/#website"},"primaryImageOfPage":{"@id":"https:\/\/quehacerpolitico.mx\/?p=98319#primaryimage"},"image":{"@id":"https:\/\/quehacerpolitico.mx\/?p=98319#primaryimage"},"thumbnailUrl":"https:\/\/quehacerpolitico.mx\/wp-content\/uploads\/2023\/01\/82D7AC32-2790-4CA7-A4F7-B4A59B569EAE.jpeg","datePublished":"2023-01-25T18:23:09+00:00","dateModified":"2023-01-25T18:23:13+00:00","author":{"@id":"https:\/\/quehacerpolitico.mx\/#\/schema\/person\/496d8ad2d1d3f8036101dca7ee39e585"},"breadcrumb":{"@id":"https:\/\/quehacerpolitico.mx\/?p=98319#breadcrumb"},"inLanguage":"es","potentialAction":[{"@type":"ReadAction","target":["https:\/\/quehacerpolitico.mx\/?p=98319"]}]},{"@type":"ImageObject","inLanguage":"es","@id":"https:\/\/quehacerpolitico.mx\/?p=98319#primaryimage","url":"https:\/\/quehacerpolitico.mx\/wp-content\/uploads\/2023\/01\/82D7AC32-2790-4CA7-A4F7-B4A59B569EAE.jpeg","contentUrl":"https:\/\/quehacerpolitico.mx\/wp-content\/uploads\/2023\/01\/82D7AC32-2790-4CA7-A4F7-B4A59B569EAE.jpeg","width":739,"height":415},{"@type":"BreadcrumbList","@id":"https:\/\/quehacerpolitico.mx\/?p=98319#breadcrumb","itemListElement":[{"@type":"ListItem","position":1,"name":"Inicio","item":"https:\/\/quehacerpolitico.mx\/"},{"@type":"ListItem","position":2,"name":"Suprema Corte avala que Fuerzas Armadas registren detenciones sin aviso"}]},{"@type":"WebSite","@id":"https:\/\/quehacerpolitico.mx\/#website","url":"https:\/\/quehacerpolitico.mx\/","name":"","description":"","potentialAction":[{"@type":"SearchAction","target":{"@type":"EntryPoint","urlTemplate":"https:\/\/quehacerpolitico.mx\/?s={search_term_string}"},"query-input":{"@type":"PropertyValueSpecification","valueRequired":true,"valueName":"search_term_string"}}],"inLanguage":"es"},{"@type":"Person","@id":"https:\/\/quehacerpolitico.mx\/#\/schema\/person\/496d8ad2d1d3f8036101dca7ee39e585","name":"Redacci\u00f3n QP","image":{"@type":"ImageObject","inLanguage":"es","@id":"https:\/\/secure.gravatar.com\/avatar\/c7164ed6fdec453195284ad24a5ae5b6e1eed2b848477fa2a4787ba9adf39a41?s=96&d=mm&r=g","url":"https:\/\/secure.gravatar.com\/avatar\/c7164ed6fdec453195284ad24a5ae5b6e1eed2b848477fa2a4787ba9adf39a41?s=96&d=mm&r=g","contentUrl":"https:\/\/secure.gravatar.com\/avatar\/c7164ed6fdec453195284ad24a5ae5b6e1eed2b848477fa2a4787ba9adf39a41?s=96&d=mm&r=g","caption":"Redacci\u00f3n QP"},"url":"https:\/\/quehacerpolitico.mx\/?author=2"}]}},"featured_image_urls":{"full":["https:\/\/quehacerpolitico.mx\/wp-content\/uploads\/2023\/01\/82D7AC32-2790-4CA7-A4F7-B4A59B569EAE.jpeg",739,415,false],"thumbnail":["https:\/\/quehacerpolitico.mx\/wp-content\/uploads\/2023\/01\/82D7AC32-2790-4CA7-A4F7-B4A59B569EAE-150x150.jpeg",150,150,true],"medium":["https:\/\/quehacerpolitico.mx\/wp-content\/uploads\/2023\/01\/82D7AC32-2790-4CA7-A4F7-B4A59B569EAE-300x168.jpeg",300,168,true],"medium_large":["https:\/\/quehacerpolitico.mx\/wp-content\/uploads\/2023\/01\/82D7AC32-2790-4CA7-A4F7-B4A59B569EAE.jpeg",640,359,false],"large":["https:\/\/quehacerpolitico.mx\/wp-content\/uploads\/2023\/01\/82D7AC32-2790-4CA7-A4F7-B4A59B569EAE.jpeg",640,359,false],"1536x1536":["https:\/\/quehacerpolitico.mx\/wp-content\/uploads\/2023\/01\/82D7AC32-2790-4CA7-A4F7-B4A59B569EAE.jpeg",739,415,false],"2048x2048":["https:\/\/quehacerpolitico.mx\/wp-content\/uploads\/2023\/01\/82D7AC32-2790-4CA7-A4F7-B4A59B569EAE.jpeg",739,415,false],"covernews-featured":["https:\/\/quehacerpolitico.mx\/wp-content\/uploads\/2023\/01\/82D7AC32-2790-4CA7-A4F7-B4A59B569EAE.jpeg",739,415,false],"covernews-medium":["https:\/\/quehacerpolitico.mx\/wp-content\/uploads\/2023\/01\/82D7AC32-2790-4CA7-A4F7-B4A59B569EAE.jpeg",540,303,false]},"author_info":{"display_name":"Redacci\u00f3n QP","author_link":"https:\/\/quehacerpolitico.mx\/?author=2"},"category_info":"<a href=\"https:\/\/quehacerpolitico.mx\/?cat=2\" rel=\"category\">Noticias<\/a>","tag_info":"Noticias","comment_count":"0","_links":{"self":[{"href":"https:\/\/quehacerpolitico.mx\/index.php?rest_route=\/wp\/v2\/posts\/98319","targetHints":{"allow":["GET"]}}],"collection":[{"href":"https:\/\/quehacerpolitico.mx\/index.php?rest_route=\/wp\/v2\/posts"}],"about":[{"href":"https:\/\/quehacerpolitico.mx\/index.php?rest_route=\/wp\/v2\/types\/post"}],"author":[{"embeddable":true,"href":"https:\/\/quehacerpolitico.mx\/index.php?rest_route=\/wp\/v2\/users\/2"}],"replies":[{"embeddable":true,"href":"https:\/\/quehacerpolitico.mx\/index.php?rest_route=%2Fwp%2Fv2%2Fcomments&post=98319"}],"version-history":[{"count":1,"href":"https:\/\/quehacerpolitico.mx\/index.php?rest_route=\/wp\/v2\/posts\/98319\/revisions"}],"predecessor-version":[{"id":98321,"href":"https:\/\/quehacerpolitico.mx\/index.php?rest_route=\/wp\/v2\/posts\/98319\/revisions\/98321"}],"wp:featuredmedia":[{"embeddable":true,"href":"https:\/\/quehacerpolitico.mx\/index.php?rest_route=\/wp\/v2\/media\/98320"}],"wp:attachment":[{"href":"https:\/\/quehacerpolitico.mx\/index.php?rest_route=%2Fwp%2Fv2%2Fmedia&parent=98319"}],"wp:term":[{"taxonomy":"category","embeddable":true,"href":"https:\/\/quehacerpolitico.mx\/index.php?rest_route=%2Fwp%2Fv2%2Fcategories&post=98319"},{"taxonomy":"post_tag","embeddable":true,"href":"https:\/\/quehacerpolitico.mx\/index.php?rest_route=%2Fwp%2Fv2%2Ftags&post=98319"}],"curies":[{"name":"wp","href":"https:\/\/api.w.org\/{rel}","templated":true}]}}