{"id":98316,"date":"2023-01-25T18:13:33","date_gmt":"2023-01-25T18:13:33","guid":{"rendered":"https:\/\/quehacerpolitico.mx\/?p=98316"},"modified":"2023-01-25T18:13:36","modified_gmt":"2023-01-25T18:13:36","slug":"ovidio-guzman-obtiene-suspension-definitiva-contra-su-extradicion-a-eu","status":"publish","type":"post","link":"https:\/\/quehacerpolitico.mx\/?p=98316","title":{"rendered":"Ovidio Guzm\u00e1n obtiene suspensi\u00f3n definitiva contra su extradici\u00f3n a EU"},"content":{"rendered":"\n<p>Por Redacci\u00f3n QP<\/p>\n\n\n\n<p>La suspensi\u00f3n definitiva otorgada por un juez mexiquense no implica que el proceso de extradici\u00f3n se detenga<\/p>\n\n\n\n<p>El tercero al mando de &#8220;Los Chapitos&#8221; del C\u00e1rtel de Sinaloa, Ovidio Guzm\u00e1n L\u00f3pez,\u00a0<strong>obtuvo una suspensi\u00f3n definitiva en uno de los juicios que interpuso contra su entrega a los Estados Unidos<\/strong>, pa\u00eds que lo requiere para enfrentar acusaciones por tr\u00e1fico internacional de drogas.<\/p>\n\n\n\n<p>La medida cautelar concedida al hijo del capo Joaqu\u00edn &#8220;El Chapo&#8221; Guzm\u00e1n, por el Juzgado Quinto de Distrito en Materias de Amparo y Juicios Federales en el Estado de M\u00e9xico, es para el efecto\u00a0<strong>de que no sea extraditado y contin\u00fae a disposici\u00f3n de este \u00f3rgano jurisdiccional de amparo en el penal donde est\u00e1 preso.<\/strong><\/p>\n\n\n\n<p>La suspensi\u00f3n definitiva\u00a0<strong>no implica que el proceso de extradici\u00f3n se detenga.<\/strong><\/p>\n\n\n\n<p>No obstante, el juzgador neg\u00f3 a Guzm\u00e1n L\u00f3pez, detenido el 5 de enero en Culiac\u00e1n, la suspensi\u00f3n definitiva solicitada contra la orden de detenci\u00f3n con fines de extradici\u00f3n de 25 de septiembre de 2019; dado que le reviste el car\u00e1cter de consumados y produjo sus efectos de modo irreparable.<\/p>\n\n\n\n<p>Lo anterior, en raz\u00f3n de que el 5 de enero se llev\u00f3 a cabo su detenci\u00f3n por el Ej\u00e9rcito, y al d\u00eda siguiente se celebr\u00f3 la audiencia informativa de extradici\u00f3n, en la cual el juez de Control adscrito al Centro de Justicia Penal Federal en el Estado de M\u00e9xico, con residencia en Almoloya de Ju\u00e1rez, Estado de M\u00e9xico, decret\u00f3 su detenci\u00f3n formal de manera provisional.<\/p>\n\n\n\n<p>En ese sentido, se\u00f1al\u00f3 el juzgador, resulta imposible decretar la suspensi\u00f3n solicitada al ser actos consumados de manera irreparable.<\/p>\n\n\n\n<p>Cabe recordar que el 25 de septiembre de 2019, la Direcci\u00f3n de Procedimientos Internacionales de la Fiscal\u00eda General de la Rep\u00fablica (FGR), hizo llegar al Centro de Justicia Penal Federal con residencia en Almoloya de Ju\u00e1rez la solicitud de detenci\u00f3n provisional con fines de extradici\u00f3n internacional contra Ovidio Guzm\u00e1n L\u00f3pez, presentada por el gobierno de los Estados Unidos.<\/p>\n\n\n\n<p>Con Informaci\u00f3n de SUN <\/p>\n","protected":false},"excerpt":{"rendered":"<p>Por Redacci\u00f3n QP La suspensi\u00f3n definitiva otorgada por un juez mexiquense no implica que el&#8230;<\/p>\n","protected":false},"author":2,"featured_media":98317,"comment_status":"open","ping_status":"open","sticky":false,"template":"","format":"standard","meta":{"_monsterinsights_skip_tracking":false,"_monsterinsights_sitenote_active":false,"_monsterinsights_sitenote_note":"","_monsterinsights_sitenote_category":0,"footnotes":""},"categories":[2],"tags":[],"class_list":["post-98316","post","type-post","status-publish","format-standard","has-post-thumbnail","hentry","category-noticias"],"yoast_head":"<!-- This site is optimized with the Yoast SEO plugin v27.3 - https:\/\/yoast.com\/product\/yoast-seo-wordpress\/ -->\n<title>Ovidio Guzm\u00e1n obtiene suspensi\u00f3n definitiva contra su extradici\u00f3n a EU -<\/title>\n<meta name=\"robots\" content=\"index, follow, max-snippet:-1, max-image-preview:large, max-video-preview:-1\" \/>\n<link rel=\"canonical\" href=\"https:\/\/quehacerpolitico.mx\/?p=98316\" \/>\n<meta property=\"og:locale\" content=\"es_MX\" \/>\n<meta property=\"og:type\" content=\"article\" \/>\n<meta property=\"og:title\" content=\"Ovidio Guzm\u00e1n obtiene suspensi\u00f3n definitiva contra su extradici\u00f3n a EU -\" \/>\n<meta property=\"og:description\" content=\"Por Redacci\u00f3n QP La suspensi\u00f3n definitiva otorgada por un juez mexiquense no implica que el...\" \/>\n<meta property=\"og:url\" content=\"https:\/\/quehacerpolitico.mx\/?p=98316\" \/>\n<meta property=\"article:published_time\" content=\"2023-01-25T18:13:33+00:00\" \/>\n<meta property=\"article:modified_time\" content=\"2023-01-25T18:13:36+00:00\" \/>\n<meta property=\"og:image\" content=\"https:\/\/quehacerpolitico.mx\/wp-content\/uploads\/2023\/01\/D8F813E4-FC39-411F-B278-7A78BC0EA9D1.jpeg\" \/>\n\t<meta property=\"og:image:width\" content=\"1006\" \/>\n\t<meta property=\"og:image:height\" content=\"633\" \/>\n\t<meta property=\"og:image:type\" content=\"image\/jpeg\" \/>\n<meta name=\"author\" content=\"Redacci\u00f3n QP\" \/>\n<meta name=\"twitter:card\" content=\"summary_large_image\" \/>\n<meta name=\"twitter:label1\" content=\"Escrito por\" \/>\n\t<meta name=\"twitter:data1\" content=\"Redacci\u00f3n QP\" \/>\n\t<meta name=\"twitter:label2\" content=\"Tiempo de lectura\" \/>\n\t<meta name=\"twitter:data2\" content=\"2 minutos\" \/>\n<script type=\"application\/ld+json\" class=\"yoast-schema-graph\">{\"@context\":\"https:\\\/\\\/schema.org\",\"@graph\":[{\"@type\":\"Article\",\"@id\":\"https:\\\/\\\/quehacerpolitico.mx\\\/?p=98316#article\",\"isPartOf\":{\"@id\":\"https:\\\/\\\/quehacerpolitico.mx\\\/?p=98316\"},\"author\":{\"name\":\"Redacci\u00f3n QP\",\"@id\":\"https:\\\/\\\/quehacerpolitico.mx\\\/#\\\/schema\\\/person\\\/496d8ad2d1d3f8036101dca7ee39e585\"},\"headline\":\"Ovidio Guzm\u00e1n obtiene suspensi\u00f3n definitiva contra su extradici\u00f3n a EU\",\"datePublished\":\"2023-01-25T18:13:33+00:00\",\"dateModified\":\"2023-01-25T18:13:36+00:00\",\"mainEntityOfPage\":{\"@id\":\"https:\\\/\\\/quehacerpolitico.mx\\\/?p=98316\"},\"wordCount\":376,\"commentCount\":0,\"image\":{\"@id\":\"https:\\\/\\\/quehacerpolitico.mx\\\/?p=98316#primaryimage\"},\"thumbnailUrl\":\"https:\\\/\\\/quehacerpolitico.mx\\\/wp-content\\\/uploads\\\/2023\\\/01\\\/D8F813E4-FC39-411F-B278-7A78BC0EA9D1.jpeg\",\"articleSection\":[\"Noticias\"],\"inLanguage\":\"es\",\"potentialAction\":[{\"@type\":\"CommentAction\",\"name\":\"Comment\",\"target\":[\"https:\\\/\\\/quehacerpolitico.mx\\\/?p=98316#respond\"]}]},{\"@type\":\"WebPage\",\"@id\":\"https:\\\/\\\/quehacerpolitico.mx\\\/?p=98316\",\"url\":\"https:\\\/\\\/quehacerpolitico.mx\\\/?p=98316\",\"name\":\"Ovidio Guzm\u00e1n obtiene suspensi\u00f3n definitiva contra su extradici\u00f3n a EU -\",\"isPartOf\":{\"@id\":\"https:\\\/\\\/quehacerpolitico.mx\\\/#website\"},\"primaryImageOfPage\":{\"@id\":\"https:\\\/\\\/quehacerpolitico.mx\\\/?p=98316#primaryimage\"},\"image\":{\"@id\":\"https:\\\/\\\/quehacerpolitico.mx\\\/?p=98316#primaryimage\"},\"thumbnailUrl\":\"https:\\\/\\\/quehacerpolitico.mx\\\/wp-content\\\/uploads\\\/2023\\\/01\\\/D8F813E4-FC39-411F-B278-7A78BC0EA9D1.jpeg\",\"datePublished\":\"2023-01-25T18:13:33+00:00\",\"dateModified\":\"2023-01-25T18:13:36+00:00\",\"author\":{\"@id\":\"https:\\\/\\\/quehacerpolitico.mx\\\/#\\\/schema\\\/person\\\/496d8ad2d1d3f8036101dca7ee39e585\"},\"breadcrumb\":{\"@id\":\"https:\\\/\\\/quehacerpolitico.mx\\\/?p=98316#breadcrumb\"},\"inLanguage\":\"es\",\"potentialAction\":[{\"@type\":\"ReadAction\",\"target\":[\"https:\\\/\\\/quehacerpolitico.mx\\\/?p=98316\"]}]},{\"@type\":\"ImageObject\",\"inLanguage\":\"es\",\"@id\":\"https:\\\/\\\/quehacerpolitico.mx\\\/?p=98316#primaryimage\",\"url\":\"https:\\\/\\\/quehacerpolitico.mx\\\/wp-content\\\/uploads\\\/2023\\\/01\\\/D8F813E4-FC39-411F-B278-7A78BC0EA9D1.jpeg\",\"contentUrl\":\"https:\\\/\\\/quehacerpolitico.mx\\\/wp-content\\\/uploads\\\/2023\\\/01\\\/D8F813E4-FC39-411F-B278-7A78BC0EA9D1.jpeg\",\"width\":1006,\"height\":633},{\"@type\":\"BreadcrumbList\",\"@id\":\"https:\\\/\\\/quehacerpolitico.mx\\\/?p=98316#breadcrumb\",\"itemListElement\":[{\"@type\":\"ListItem\",\"position\":1,\"name\":\"Inicio\",\"item\":\"https:\\\/\\\/quehacerpolitico.mx\\\/\"},{\"@type\":\"ListItem\",\"position\":2,\"name\":\"Ovidio Guzm\u00e1n obtiene suspensi\u00f3n definitiva contra su extradici\u00f3n a EU\"}]},{\"@type\":\"WebSite\",\"@id\":\"https:\\\/\\\/quehacerpolitico.mx\\\/#website\",\"url\":\"https:\\\/\\\/quehacerpolitico.mx\\\/\",\"name\":\"\",\"description\":\"\",\"potentialAction\":[{\"@type\":\"SearchAction\",\"target\":{\"@type\":\"EntryPoint\",\"urlTemplate\":\"https:\\\/\\\/quehacerpolitico.mx\\\/?s={search_term_string}\"},\"query-input\":{\"@type\":\"PropertyValueSpecification\",\"valueRequired\":true,\"valueName\":\"search_term_string\"}}],\"inLanguage\":\"es\"},{\"@type\":\"Person\",\"@id\":\"https:\\\/\\\/quehacerpolitico.mx\\\/#\\\/schema\\\/person\\\/496d8ad2d1d3f8036101dca7ee39e585\",\"name\":\"Redacci\u00f3n QP\",\"image\":{\"@type\":\"ImageObject\",\"inLanguage\":\"es\",\"@id\":\"https:\\\/\\\/secure.gravatar.com\\\/avatar\\\/c7164ed6fdec453195284ad24a5ae5b6e1eed2b848477fa2a4787ba9adf39a41?s=96&d=mm&r=g\",\"url\":\"https:\\\/\\\/secure.gravatar.com\\\/avatar\\\/c7164ed6fdec453195284ad24a5ae5b6e1eed2b848477fa2a4787ba9adf39a41?s=96&d=mm&r=g\",\"contentUrl\":\"https:\\\/\\\/secure.gravatar.com\\\/avatar\\\/c7164ed6fdec453195284ad24a5ae5b6e1eed2b848477fa2a4787ba9adf39a41?s=96&d=mm&r=g\",\"caption\":\"Redacci\u00f3n QP\"},\"url\":\"https:\\\/\\\/quehacerpolitico.mx\\\/?author=2\"}]}<\/script>\n<!-- \/ Yoast SEO plugin. -->","yoast_head_json":{"title":"Ovidio Guzm\u00e1n obtiene suspensi\u00f3n definitiva contra su extradici\u00f3n a EU -","robots":{"index":"index","follow":"follow","max-snippet":"max-snippet:-1","max-image-preview":"max-image-preview:large","max-video-preview":"max-video-preview:-1"},"canonical":"https:\/\/quehacerpolitico.mx\/?p=98316","og_locale":"es_MX","og_type":"article","og_title":"Ovidio Guzm\u00e1n obtiene suspensi\u00f3n definitiva contra su extradici\u00f3n a EU -","og_description":"Por Redacci\u00f3n QP La suspensi\u00f3n definitiva otorgada por un juez mexiquense no implica que el...","og_url":"https:\/\/quehacerpolitico.mx\/?p=98316","article_published_time":"2023-01-25T18:13:33+00:00","article_modified_time":"2023-01-25T18:13:36+00:00","og_image":[{"width":1006,"height":633,"url":"https:\/\/quehacerpolitico.mx\/wp-content\/uploads\/2023\/01\/D8F813E4-FC39-411F-B278-7A78BC0EA9D1.jpeg","type":"image\/jpeg"}],"author":"Redacci\u00f3n QP","twitter_card":"summary_large_image","twitter_misc":{"Escrito por":"Redacci\u00f3n QP","Tiempo de lectura":"2 minutos"},"schema":{"@context":"https:\/\/schema.org","@graph":[{"@type":"Article","@id":"https:\/\/quehacerpolitico.mx\/?p=98316#article","isPartOf":{"@id":"https:\/\/quehacerpolitico.mx\/?p=98316"},"author":{"name":"Redacci\u00f3n QP","@id":"https:\/\/quehacerpolitico.mx\/#\/schema\/person\/496d8ad2d1d3f8036101dca7ee39e585"},"headline":"Ovidio Guzm\u00e1n obtiene suspensi\u00f3n definitiva contra su extradici\u00f3n a EU","datePublished":"2023-01-25T18:13:33+00:00","dateModified":"2023-01-25T18:13:36+00:00","mainEntityOfPage":{"@id":"https:\/\/quehacerpolitico.mx\/?p=98316"},"wordCount":376,"commentCount":0,"image":{"@id":"https:\/\/quehacerpolitico.mx\/?p=98316#primaryimage"},"thumbnailUrl":"https:\/\/quehacerpolitico.mx\/wp-content\/uploads\/2023\/01\/D8F813E4-FC39-411F-B278-7A78BC0EA9D1.jpeg","articleSection":["Noticias"],"inLanguage":"es","potentialAction":[{"@type":"CommentAction","name":"Comment","target":["https:\/\/quehacerpolitico.mx\/?p=98316#respond"]}]},{"@type":"WebPage","@id":"https:\/\/quehacerpolitico.mx\/?p=98316","url":"https:\/\/quehacerpolitico.mx\/?p=98316","name":"Ovidio Guzm\u00e1n obtiene suspensi\u00f3n definitiva contra su extradici\u00f3n a EU -","isPartOf":{"@id":"https:\/\/quehacerpolitico.mx\/#website"},"primaryImageOfPage":{"@id":"https:\/\/quehacerpolitico.mx\/?p=98316#primaryimage"},"image":{"@id":"https:\/\/quehacerpolitico.mx\/?p=98316#primaryimage"},"thumbnailUrl":"https:\/\/quehacerpolitico.mx\/wp-content\/uploads\/2023\/01\/D8F813E4-FC39-411F-B278-7A78BC0EA9D1.jpeg","datePublished":"2023-01-25T18:13:33+00:00","dateModified":"2023-01-25T18:13:36+00:00","author":{"@id":"https:\/\/quehacerpolitico.mx\/#\/schema\/person\/496d8ad2d1d3f8036101dca7ee39e585"},"breadcrumb":{"@id":"https:\/\/quehacerpolitico.mx\/?p=98316#breadcrumb"},"inLanguage":"es","potentialAction":[{"@type":"ReadAction","target":["https:\/\/quehacerpolitico.mx\/?p=98316"]}]},{"@type":"ImageObject","inLanguage":"es","@id":"https:\/\/quehacerpolitico.mx\/?p=98316#primaryimage","url":"https:\/\/quehacerpolitico.mx\/wp-content\/uploads\/2023\/01\/D8F813E4-FC39-411F-B278-7A78BC0EA9D1.jpeg","contentUrl":"https:\/\/quehacerpolitico.mx\/wp-content\/uploads\/2023\/01\/D8F813E4-FC39-411F-B278-7A78BC0EA9D1.jpeg","width":1006,"height":633},{"@type":"BreadcrumbList","@id":"https:\/\/quehacerpolitico.mx\/?p=98316#breadcrumb","itemListElement":[{"@type":"ListItem","position":1,"name":"Inicio","item":"https:\/\/quehacerpolitico.mx\/"},{"@type":"ListItem","position":2,"name":"Ovidio Guzm\u00e1n obtiene suspensi\u00f3n definitiva contra su extradici\u00f3n a EU"}]},{"@type":"WebSite","@id":"https:\/\/quehacerpolitico.mx\/#website","url":"https:\/\/quehacerpolitico.mx\/","name":"","description":"","potentialAction":[{"@type":"SearchAction","target":{"@type":"EntryPoint","urlTemplate":"https:\/\/quehacerpolitico.mx\/?s={search_term_string}"},"query-input":{"@type":"PropertyValueSpecification","valueRequired":true,"valueName":"search_term_string"}}],"inLanguage":"es"},{"@type":"Person","@id":"https:\/\/quehacerpolitico.mx\/#\/schema\/person\/496d8ad2d1d3f8036101dca7ee39e585","name":"Redacci\u00f3n QP","image":{"@type":"ImageObject","inLanguage":"es","@id":"https:\/\/secure.gravatar.com\/avatar\/c7164ed6fdec453195284ad24a5ae5b6e1eed2b848477fa2a4787ba9adf39a41?s=96&d=mm&r=g","url":"https:\/\/secure.gravatar.com\/avatar\/c7164ed6fdec453195284ad24a5ae5b6e1eed2b848477fa2a4787ba9adf39a41?s=96&d=mm&r=g","contentUrl":"https:\/\/secure.gravatar.com\/avatar\/c7164ed6fdec453195284ad24a5ae5b6e1eed2b848477fa2a4787ba9adf39a41?s=96&d=mm&r=g","caption":"Redacci\u00f3n QP"},"url":"https:\/\/quehacerpolitico.mx\/?author=2"}]}},"featured_image_urls":{"full":["https:\/\/quehacerpolitico.mx\/wp-content\/uploads\/2023\/01\/D8F813E4-FC39-411F-B278-7A78BC0EA9D1.jpeg",1006,633,false],"thumbnail":["https:\/\/quehacerpolitico.mx\/wp-content\/uploads\/2023\/01\/D8F813E4-FC39-411F-B278-7A78BC0EA9D1-150x150.jpeg",150,150,true],"medium":["https:\/\/quehacerpolitico.mx\/wp-content\/uploads\/2023\/01\/D8F813E4-FC39-411F-B278-7A78BC0EA9D1-300x189.jpeg",300,189,true],"medium_large":["https:\/\/quehacerpolitico.mx\/wp-content\/uploads\/2023\/01\/D8F813E4-FC39-411F-B278-7A78BC0EA9D1-768x483.jpeg",640,403,true],"large":["https:\/\/quehacerpolitico.mx\/wp-content\/uploads\/2023\/01\/D8F813E4-FC39-411F-B278-7A78BC0EA9D1.jpeg",640,403,false],"1536x1536":["https:\/\/quehacerpolitico.mx\/wp-content\/uploads\/2023\/01\/D8F813E4-FC39-411F-B278-7A78BC0EA9D1.jpeg",1006,633,false],"2048x2048":["https:\/\/quehacerpolitico.mx\/wp-content\/uploads\/2023\/01\/D8F813E4-FC39-411F-B278-7A78BC0EA9D1.jpeg",1006,633,false],"covernews-featured":["https:\/\/quehacerpolitico.mx\/wp-content\/uploads\/2023\/01\/D8F813E4-FC39-411F-B278-7A78BC0EA9D1.jpeg",1006,633,false],"covernews-medium":["https:\/\/quehacerpolitico.mx\/wp-content\/uploads\/2023\/01\/D8F813E4-FC39-411F-B278-7A78BC0EA9D1.jpeg",540,340,false]},"author_info":{"display_name":"Redacci\u00f3n QP","author_link":"https:\/\/quehacerpolitico.mx\/?author=2"},"category_info":"<a href=\"https:\/\/quehacerpolitico.mx\/?cat=2\" rel=\"category\">Noticias<\/a>","tag_info":"Noticias","comment_count":"0","_links":{"self":[{"href":"https:\/\/quehacerpolitico.mx\/index.php?rest_route=\/wp\/v2\/posts\/98316","targetHints":{"allow":["GET"]}}],"collection":[{"href":"https:\/\/quehacerpolitico.mx\/index.php?rest_route=\/wp\/v2\/posts"}],"about":[{"href":"https:\/\/quehacerpolitico.mx\/index.php?rest_route=\/wp\/v2\/types\/post"}],"author":[{"embeddable":true,"href":"https:\/\/quehacerpolitico.mx\/index.php?rest_route=\/wp\/v2\/users\/2"}],"replies":[{"embeddable":true,"href":"https:\/\/quehacerpolitico.mx\/index.php?rest_route=%2Fwp%2Fv2%2Fcomments&post=98316"}],"version-history":[{"count":1,"href":"https:\/\/quehacerpolitico.mx\/index.php?rest_route=\/wp\/v2\/posts\/98316\/revisions"}],"predecessor-version":[{"id":98318,"href":"https:\/\/quehacerpolitico.mx\/index.php?rest_route=\/wp\/v2\/posts\/98316\/revisions\/98318"}],"wp:featuredmedia":[{"embeddable":true,"href":"https:\/\/quehacerpolitico.mx\/index.php?rest_route=\/wp\/v2\/media\/98317"}],"wp:attachment":[{"href":"https:\/\/quehacerpolitico.mx\/index.php?rest_route=%2Fwp%2Fv2%2Fmedia&parent=98316"}],"wp:term":[{"taxonomy":"category","embeddable":true,"href":"https:\/\/quehacerpolitico.mx\/index.php?rest_route=%2Fwp%2Fv2%2Fcategories&post=98316"},{"taxonomy":"post_tag","embeddable":true,"href":"https:\/\/quehacerpolitico.mx\/index.php?rest_route=%2Fwp%2Fv2%2Ftags&post=98316"}],"curies":[{"name":"wp","href":"https:\/\/api.w.org\/{rel}","templated":true}]}}